{"id":43959,"date":"2024-05-31T09:13:19","date_gmt":"2024-05-31T09:13:19","guid":{"rendered":"https:\/\/kibrisdakik.com\/index.php\/2024\/05\/31\/istanbulda-17-yasindaki-cocuga-cinsel-istismar-iddiasi-is-yerinin-camlari-kirildi\/"},"modified":"2024-05-31T09:13:19","modified_gmt":"2024-05-31T09:13:19","slug":"istanbulda-17-yasindaki-cocuga-cinsel-istismar-iddiasi-is-yerinin-camlari-kirildi","status":"publish","type":"post","link":"https:\/\/kibrisdakik.com\/?p=43959","title":{"rendered":"\u0130stanbul\u2019da 17 ya\u015f\u0131ndaki \u00e7ocu\u011fa cinsel istismar iddias\u0131: \u0130\u015f yerinin camlar\u0131 k\u0131r\u0131ld\u0131"},"content":{"rendered":"<p><\/p>\n<p><img decoding=\"async\" alt=\"\u0130stanbul\u2019da 17 ya\u015f\u0131ndaki \u00e7ocu\u011fa cinsel\nistismar iddias\u0131: \u0130\u015f yerinin camlar\u0131 k\u0131r\u0131ld\u0131 - 1\" src=\"https:\/\/cdn1.ntv.com.tr\/gorsel\/i7oRWGkQrkW4fasQvmicaA.jpg?width=1000&amp;mode=both&amp;scale=both&amp;v=1717144544383\" style=\"height:575px;width:767px\" \/><\/p>\n<p>&nbsp;<\/p>\n<p>\u0130stanbul\u2019da bir ki\u015fi 17 ya\u015f\u0131ndaki engelli k\u0131z \u00e7ocu\u011funa istismar iddias\u0131yla g\u00f6zalt\u0131na al\u0131nd\u0131.<\/p>\n<p>G\u00f6zalt\u0131na al\u0131nan \u015f\u00fcphelinin, i\u015f yerinin camlar\u0131 ta\u015flanarak k\u0131r\u0131ld\u0131.<\/p>\n<p><img decoding=\"async\" alt=\"\u0130stanbul\u2019da 17 ya\u015f\u0131ndaki \u00e7ocu\u011fa cinsel\nistismar iddias\u0131: \u0130\u015f yerinin camlar\u0131 k\u0131r\u0131ld\u0131 - 2\" src=\"https:\/\/cdn1.ntv.com.tr\/gorsel\/x0Saj6-hu0-ad0z3UXpcsQ.jpg?width=1000&amp;mode=both&amp;scale=both&amp;v=1717144544383\" style=\"height:575px;width:767px\" \/><\/p>\n<p>&nbsp;<\/p>\n<p>Esenler\u2019e ba\u011fl\u0131 Yavuz Selim Mahallesi\u2019nde \u00e7al\u0131\u015fan 17 ya\u015f\u0131ndaki y\u00fczde 40 engelli k\u0131z \u00e7ocu\u011fu, 40 g\u00fcnd\u00fcr \u00e7al\u0131\u015ft\u0131\u011f\u0131 i\u015fyerinin sahibi taraf\u0131ndan cinsel istismara u\u011frad\u0131\u011f\u0131n\u0131 30 May\u0131s tarihinde ailesine anlatt\u0131.<\/p>\n<p>Ailenin \u015fikayeti \u00fczerine harekete ge\u00e7en ekipler Ali K. isimli \u015f\u00fcpheliyi Ba\u015fak\u015fehir\u2019de yakalad\u0131.<\/p>\n<p><img decoding=\"async\" alt=\"\u0130stanbul\u2019da 17 ya\u015f\u0131ndaki \u00e7ocu\u011fa cinsel\nistismar iddias\u0131: \u0130\u015f yerinin camlar\u0131 k\u0131r\u0131ld\u0131 - 3\" src=\"https:\/\/cdn1.ntv.com.tr\/gorsel\/HK5qYGojVUK5pMN7fjfIuA.jpg?width=1000&amp;mode=both&amp;scale=both&amp;v=1717144544383\" style=\"height:575px;width:767px\" \/><\/p>\n<p>G\u00f6zalt\u0131na al\u0131nan \u015f\u00fcpheli emniyetteki i\u015flemlerinin ard\u0131ndan adliyeye sevk edildi.<\/p>\n<p><img decoding=\"async\" alt=\"\u0130stanbul\u2019da 17 ya\u015f\u0131ndaki \u00e7ocu\u011fa cinsel\nistismar iddias\u0131: \u0130\u015f yerinin camlar\u0131 k\u0131r\u0131ld\u0131 - 4\" src=\"https:\/\/cdn1.ntv.com.tr\/gorsel\/x_UXyTUZJ0eoZOAxOfoHGQ.jpg?width=1000&amp;mode=both&amp;scale=both&amp;v=1717144544383\" style=\"height:575px;width:767px\" \/><\/p>\n<h2>\u0130\u015e YER\u0130N\u0130N CAMLARINI KIRDILAR<\/h2>\n<p>17 ya\u015f\u0131ndaki k\u0131z\u0131n yak\u0131nlar\u0131 olay\u0131 \u00f6\u011frendikten sonra Ali K\u2019n\u0131n i\u015fyerini ta\u015flayarak camlar\u0131n\u0131 k\u0131rd\u0131.<\/p>\n","protected":false},"excerpt":{"rendered":"<p>&nbsp; \u0130stanbul\u2019da bir ki\u015fi 17 ya\u015f\u0131ndaki engelli k\u0131z \u00e7ocu\u011funa istismar iddias\u0131yla g\u00f6zalt\u0131na al\u0131nd\u0131. G\u00f6zalt\u0131na al\u0131nan \u015f\u00fcphelinin, i\u015f yerinin camlar\u0131 ta\u015flanarak k\u0131r\u0131ld\u0131. &nbsp; Esenler\u2019e ba\u011fl\u0131 Yavuz Selim Mahallesi\u2019nde \u00e7al\u0131\u015fan 17 ya\u015f\u0131ndaki y\u00fczde 40 engelli k\u0131z \u00e7ocu\u011fu, 40 g\u00fcnd\u00fcr \u00e7al\u0131\u015ft\u0131\u011f\u0131 i\u015fyerinin sahibi taraf\u0131ndan cinsel istismara u\u011frad\u0131\u011f\u0131n\u0131 30 May\u0131s tarihinde ailesine anlatt\u0131. Ailenin \u015fikayeti \u00fczerine harekete ge\u00e7en ekipler<\/p>\n","protected":false},"author":1,"featured_media":43960,"comment_status":"open","ping_status":"open","sticky":false,"template":"","format":"standard","meta":{"footnotes":""},"categories":[85],"tags":[],"class_list":["post-43959","post","type-post","status-publish","format-standard","has-post-thumbnail","hentry","category-spor"],"yoast_head":"<!-- This site is optimized with the Yoast SEO plugin v27.4 - https:\/\/yoast.com\/product\/yoast-seo-wordpress\/ -->\n<title>\u0130stanbul\u2019da 17 ya\u015f\u0131ndaki \u00e7ocu\u011fa cinsel istismar iddias\u0131: \u0130\u015f yerinin camlar\u0131 k\u0131r\u0131ld\u0131 -<\/title>\n<meta name=\"robots\" content=\"index, follow, max-snippet:-1, max-image-preview:large, max-video-preview:-1\" \/>\n<link rel=\"canonical\" href=\"https:\/\/kibrisdakik.com\/?p=43959\" \/>\n<meta property=\"og:locale\" content=\"tr_TR\" \/>\n<meta property=\"og:type\" content=\"article\" \/>\n<meta property=\"og:title\" content=\"\u0130stanbul\u2019da 17 ya\u015f\u0131ndaki \u00e7ocu\u011fa cinsel istismar iddias\u0131: \u0130\u015f yerinin camlar\u0131 k\u0131r\u0131ld\u0131 -\" \/>\n<meta property=\"og:description\" content=\"&nbsp; \u0130stanbul\u2019da bir ki\u015fi 17 ya\u015f\u0131ndaki engelli k\u0131z \u00e7ocu\u011funa istismar iddias\u0131yla g\u00f6zalt\u0131na al\u0131nd\u0131. G\u00f6zalt\u0131na al\u0131nan \u015f\u00fcphelinin, i\u015f yerinin camlar\u0131 ta\u015flanarak k\u0131r\u0131ld\u0131. &nbsp; Esenler\u2019e ba\u011fl\u0131 Yavuz Selim Mahallesi\u2019nde \u00e7al\u0131\u015fan 17 ya\u015f\u0131ndaki y\u00fczde 40 engelli k\u0131z \u00e7ocu\u011fu, 40 g\u00fcnd\u00fcr \u00e7al\u0131\u015ft\u0131\u011f\u0131 i\u015fyerinin sahibi taraf\u0131ndan cinsel istismara u\u011frad\u0131\u011f\u0131n\u0131 30 May\u0131s tarihinde ailesine anlatt\u0131. Ailenin \u015fikayeti \u00fczerine harekete ge\u00e7en ekipler\" \/>\n<meta property=\"og:url\" content=\"https:\/\/kibrisdakik.com\/?p=43959\" \/>\n<meta property=\"article:published_time\" content=\"2024-05-31T09:13:19+00:00\" \/>\n<meta property=\"og:image\" content=\"https:\/\/kibrisdakik.com\/wp-content\/uploads\/2024\/05\/i7oRWGkQrkW4fasQvmicaA-740x420.jpg\" \/>\n\t<meta property=\"og:image:width\" content=\"1000\" \/>\n\t<meta property=\"og:image:height\" content=\"562\" \/>\n\t<meta property=\"og:image:type\" content=\"image\/jpeg\" \/>\n<meta name=\"author\" content=\"admin\" \/>\n<meta name=\"twitter:card\" content=\"summary_large_image\" \/>\n<meta name=\"twitter:label1\" content=\"Yazan:\" \/>\n\t<meta name=\"twitter:data1\" content=\"admin\" \/>\n\t<meta name=\"twitter:label2\" content=\"Tahmini okuma s\u00fcresi\" \/>\n\t<meta name=\"twitter:data2\" content=\"1 dakika\" \/>\n<script type=\"application\/ld+json\" class=\"yoast-schema-graph\">{\"@context\":\"https:\\\/\\\/schema.org\",\"@graph\":[{\"@type\":\"Article\",\"@id\":\"https:\\\/\\\/kibrisdakik.com\\\/?p=43959#article\",\"isPartOf\":{\"@id\":\"https:\\\/\\\/kibrisdakik.com\\\/?p=43959\"},\"author\":{\"name\":\"admin\",\"@id\":\"https:\\\/\\\/kibrisdakik.com\\\/#\\\/schema\\\/person\\\/9cd9d437bbb44f72b73ba127e06d8e79\"},\"headline\":\"\u0130stanbul\u2019da 17 ya\u015f\u0131ndaki \u00e7ocu\u011fa cinsel istismar iddias\u0131: \u0130\u015f yerinin camlar\u0131 k\u0131r\u0131ld\u0131\",\"datePublished\":\"2024-05-31T09:13:19+00:00\",\"mainEntityOfPage\":{\"@id\":\"https:\\\/\\\/kibrisdakik.com\\\/?p=43959\"},\"wordCount\":146,\"commentCount\":0,\"image\":{\"@id\":\"https:\\\/\\\/kibrisdakik.com\\\/?p=43959#primaryimage\"},\"thumbnailUrl\":\"https:\\\/\\\/kibrisdakik.com\\\/wp-content\\\/uploads\\\/2024\\\/05\\\/i7oRWGkQrkW4fasQvmicaA-740x420.jpg\",\"articleSection\":[\"Spor\"],\"inLanguage\":\"tr\",\"potentialAction\":[{\"@type\":\"CommentAction\",\"name\":\"Comment\",\"target\":[\"https:\\\/\\\/kibrisdakik.com\\\/?p=43959#respond\"]}]},{\"@type\":\"WebPage\",\"@id\":\"https:\\\/\\\/kibrisdakik.com\\\/?p=43959\",\"url\":\"https:\\\/\\\/kibrisdakik.com\\\/?p=43959\",\"name\":\"\u0130stanbul\u2019da 17 ya\u015f\u0131ndaki \u00e7ocu\u011fa cinsel istismar iddias\u0131: \u0130\u015f yerinin camlar\u0131 k\u0131r\u0131ld\u0131 -\",\"isPartOf\":{\"@id\":\"https:\\\/\\\/kibrisdakik.com\\\/#website\"},\"primaryImageOfPage\":{\"@id\":\"https:\\\/\\\/kibrisdakik.com\\\/?p=43959#primaryimage\"},\"image\":{\"@id\":\"https:\\\/\\\/kibrisdakik.com\\\/?p=43959#primaryimage\"},\"thumbnailUrl\":\"https:\\\/\\\/kibrisdakik.com\\\/wp-content\\\/uploads\\\/2024\\\/05\\\/i7oRWGkQrkW4fasQvmicaA-740x420.jpg\",\"datePublished\":\"2024-05-31T09:13:19+00:00\",\"author\":{\"@id\":\"https:\\\/\\\/kibrisdakik.com\\\/#\\\/schema\\\/person\\\/9cd9d437bbb44f72b73ba127e06d8e79\"},\"breadcrumb\":{\"@id\":\"https:\\\/\\\/kibrisdakik.com\\\/?p=43959#breadcrumb\"},\"inLanguage\":\"tr\",\"potentialAction\":[{\"@type\":\"ReadAction\",\"target\":[\"https:\\\/\\\/kibrisdakik.com\\\/?p=43959\"]}]},{\"@type\":\"ImageObject\",\"inLanguage\":\"tr\",\"@id\":\"https:\\\/\\\/kibrisdakik.com\\\/?p=43959#primaryimage\",\"url\":\"https:\\\/\\\/kibrisdakik.com\\\/wp-content\\\/uploads\\\/2024\\\/05\\\/i7oRWGkQrkW4fasQvmicaA-740x420.jpg\",\"contentUrl\":\"https:\\\/\\\/kibrisdakik.com\\\/wp-content\\\/uploads\\\/2024\\\/05\\\/i7oRWGkQrkW4fasQvmicaA-740x420.jpg\",\"width\":1000,\"height\":562},{\"@type\":\"BreadcrumbList\",\"@id\":\"https:\\\/\\\/kibrisdakik.com\\\/?p=43959#breadcrumb\",\"itemListElement\":[{\"@type\":\"ListItem\",\"position\":1,\"name\":\"Home\",\"item\":\"https:\\\/\\\/kibrisdakik.com\\\/\"},{\"@type\":\"ListItem\",\"position\":2,\"name\":\"\u0130stanbul\u2019da 17 ya\u015f\u0131ndaki \u00e7ocu\u011fa cinsel istismar iddias\u0131: \u0130\u015f yerinin camlar\u0131 k\u0131r\u0131ld\u0131\"}]},{\"@type\":\"WebSite\",\"@id\":\"https:\\\/\\\/kibrisdakik.com\\\/#website\",\"url\":\"https:\\\/\\\/kibrisdakik.com\\\/\",\"name\":\"\",\"description\":\"Tam vaktinde haber\",\"potentialAction\":[{\"@type\":\"SearchAction\",\"target\":{\"@type\":\"EntryPoint\",\"urlTemplate\":\"https:\\\/\\\/kibrisdakik.com\\\/?s={search_term_string}\"},\"query-input\":{\"@type\":\"PropertyValueSpecification\",\"valueRequired\":true,\"valueName\":\"search_term_string\"}}],\"inLanguage\":\"tr\"},{\"@type\":\"Person\",\"@id\":\"https:\\\/\\\/kibrisdakik.com\\\/#\\\/schema\\\/person\\\/9cd9d437bbb44f72b73ba127e06d8e79\",\"name\":\"admin\",\"image\":{\"@type\":\"ImageObject\",\"inLanguage\":\"tr\",\"@id\":\"https:\\\/\\\/secure.gravatar.com\\\/avatar\\\/ccc17943b9d660506c869530f897617f7cb1c21a4bf30023f252596d83e1f007?s=96&d=mm&r=g\",\"url\":\"https:\\\/\\\/secure.gravatar.com\\\/avatar\\\/ccc17943b9d660506c869530f897617f7cb1c21a4bf30023f252596d83e1f007?s=96&d=mm&r=g\",\"contentUrl\":\"https:\\\/\\\/secure.gravatar.com\\\/avatar\\\/ccc17943b9d660506c869530f897617f7cb1c21a4bf30023f252596d83e1f007?s=96&d=mm&r=g\",\"caption\":\"admin\"},\"sameAs\":[\"https:\\\/\\\/kibrisdakik.com\"],\"url\":\"https:\\\/\\\/kibrisdakik.com\\\/?author=1\"}]}<\/script>\n<!-- \/ Yoast SEO plugin. -->","yoast_head_json":{"title":"\u0130stanbul\u2019da 17 ya\u015f\u0131ndaki \u00e7ocu\u011fa cinsel istismar iddias\u0131: \u0130\u015f yerinin camlar\u0131 k\u0131r\u0131ld\u0131 -","robots":{"index":"index","follow":"follow","max-snippet":"max-snippet:-1","max-image-preview":"max-image-preview:large","max-video-preview":"max-video-preview:-1"},"canonical":"https:\/\/kibrisdakik.com\/?p=43959","og_locale":"tr_TR","og_type":"article","og_title":"\u0130stanbul\u2019da 17 ya\u015f\u0131ndaki \u00e7ocu\u011fa cinsel istismar iddias\u0131: \u0130\u015f yerinin camlar\u0131 k\u0131r\u0131ld\u0131 -","og_description":"&nbsp; \u0130stanbul\u2019da bir ki\u015fi 17 ya\u015f\u0131ndaki engelli k\u0131z \u00e7ocu\u011funa istismar iddias\u0131yla g\u00f6zalt\u0131na al\u0131nd\u0131. G\u00f6zalt\u0131na al\u0131nan \u015f\u00fcphelinin, i\u015f yerinin camlar\u0131 ta\u015flanarak k\u0131r\u0131ld\u0131. &nbsp; Esenler\u2019e ba\u011fl\u0131 Yavuz Selim Mahallesi\u2019nde \u00e7al\u0131\u015fan 17 ya\u015f\u0131ndaki y\u00fczde 40 engelli k\u0131z \u00e7ocu\u011fu, 40 g\u00fcnd\u00fcr \u00e7al\u0131\u015ft\u0131\u011f\u0131 i\u015fyerinin sahibi taraf\u0131ndan cinsel istismara u\u011frad\u0131\u011f\u0131n\u0131 30 May\u0131s tarihinde ailesine anlatt\u0131. Ailenin \u015fikayeti \u00fczerine harekete ge\u00e7en ekipler","og_url":"https:\/\/kibrisdakik.com\/?p=43959","article_published_time":"2024-05-31T09:13:19+00:00","og_image":[{"width":1000,"height":562,"url":"https:\/\/kibrisdakik.com\/wp-content\/uploads\/2024\/05\/i7oRWGkQrkW4fasQvmicaA-740x420.jpg","type":"image\/jpeg"}],"author":"admin","twitter_card":"summary_large_image","twitter_misc":{"Yazan:":"admin","Tahmini okuma s\u00fcresi":"1 dakika"},"schema":{"@context":"https:\/\/schema.org","@graph":[{"@type":"Article","@id":"https:\/\/kibrisdakik.com\/?p=43959#article","isPartOf":{"@id":"https:\/\/kibrisdakik.com\/?p=43959"},"author":{"name":"admin","@id":"https:\/\/kibrisdakik.com\/#\/schema\/person\/9cd9d437bbb44f72b73ba127e06d8e79"},"headline":"\u0130stanbul\u2019da 17 ya\u015f\u0131ndaki \u00e7ocu\u011fa cinsel istismar iddias\u0131: \u0130\u015f yerinin camlar\u0131 k\u0131r\u0131ld\u0131","datePublished":"2024-05-31T09:13:19+00:00","mainEntityOfPage":{"@id":"https:\/\/kibrisdakik.com\/?p=43959"},"wordCount":146,"commentCount":0,"image":{"@id":"https:\/\/kibrisdakik.com\/?p=43959#primaryimage"},"thumbnailUrl":"https:\/\/kibrisdakik.com\/wp-content\/uploads\/2024\/05\/i7oRWGkQrkW4fasQvmicaA-740x420.jpg","articleSection":["Spor"],"inLanguage":"tr","potentialAction":[{"@type":"CommentAction","name":"Comment","target":["https:\/\/kibrisdakik.com\/?p=43959#respond"]}]},{"@type":"WebPage","@id":"https:\/\/kibrisdakik.com\/?p=43959","url":"https:\/\/kibrisdakik.com\/?p=43959","name":"\u0130stanbul\u2019da 17 ya\u015f\u0131ndaki \u00e7ocu\u011fa cinsel istismar iddias\u0131: \u0130\u015f yerinin camlar\u0131 k\u0131r\u0131ld\u0131 -","isPartOf":{"@id":"https:\/\/kibrisdakik.com\/#website"},"primaryImageOfPage":{"@id":"https:\/\/kibrisdakik.com\/?p=43959#primaryimage"},"image":{"@id":"https:\/\/kibrisdakik.com\/?p=43959#primaryimage"},"thumbnailUrl":"https:\/\/kibrisdakik.com\/wp-content\/uploads\/2024\/05\/i7oRWGkQrkW4fasQvmicaA-740x420.jpg","datePublished":"2024-05-31T09:13:19+00:00","author":{"@id":"https:\/\/kibrisdakik.com\/#\/schema\/person\/9cd9d437bbb44f72b73ba127e06d8e79"},"breadcrumb":{"@id":"https:\/\/kibrisdakik.com\/?p=43959#breadcrumb"},"inLanguage":"tr","potentialAction":[{"@type":"ReadAction","target":["https:\/\/kibrisdakik.com\/?p=43959"]}]},{"@type":"ImageObject","inLanguage":"tr","@id":"https:\/\/kibrisdakik.com\/?p=43959#primaryimage","url":"https:\/\/kibrisdakik.com\/wp-content\/uploads\/2024\/05\/i7oRWGkQrkW4fasQvmicaA-740x420.jpg","contentUrl":"https:\/\/kibrisdakik.com\/wp-content\/uploads\/2024\/05\/i7oRWGkQrkW4fasQvmicaA-740x420.jpg","width":1000,"height":562},{"@type":"BreadcrumbList","@id":"https:\/\/kibrisdakik.com\/?p=43959#breadcrumb","itemListElement":[{"@type":"ListItem","position":1,"name":"Home","item":"https:\/\/kibrisdakik.com\/"},{"@type":"ListItem","position":2,"name":"\u0130stanbul\u2019da 17 ya\u015f\u0131ndaki \u00e7ocu\u011fa cinsel istismar iddias\u0131: \u0130\u015f yerinin camlar\u0131 k\u0131r\u0131ld\u0131"}]},{"@type":"WebSite","@id":"https:\/\/kibrisdakik.com\/#website","url":"https:\/\/kibrisdakik.com\/","name":"","description":"Tam vaktinde haber","potentialAction":[{"@type":"SearchAction","target":{"@type":"EntryPoint","urlTemplate":"https:\/\/kibrisdakik.com\/?s={search_term_string}"},"query-input":{"@type":"PropertyValueSpecification","valueRequired":true,"valueName":"search_term_string"}}],"inLanguage":"tr"},{"@type":"Person","@id":"https:\/\/kibrisdakik.com\/#\/schema\/person\/9cd9d437bbb44f72b73ba127e06d8e79","name":"admin","image":{"@type":"ImageObject","inLanguage":"tr","@id":"https:\/\/secure.gravatar.com\/avatar\/ccc17943b9d660506c869530f897617f7cb1c21a4bf30023f252596d83e1f007?s=96&d=mm&r=g","url":"https:\/\/secure.gravatar.com\/avatar\/ccc17943b9d660506c869530f897617f7cb1c21a4bf30023f252596d83e1f007?s=96&d=mm&r=g","contentUrl":"https:\/\/secure.gravatar.com\/avatar\/ccc17943b9d660506c869530f897617f7cb1c21a4bf30023f252596d83e1f007?s=96&d=mm&r=g","caption":"admin"},"sameAs":["https:\/\/kibrisdakik.com"],"url":"https:\/\/kibrisdakik.com\/?author=1"}]}},"_links":{"self":[{"href":"https:\/\/kibrisdakik.com\/index.php?rest_route=\/wp\/v2\/posts\/43959","targetHints":{"allow":["GET"]}}],"collection":[{"href":"https:\/\/kibrisdakik.com\/index.php?rest_route=\/wp\/v2\/posts"}],"about":[{"href":"https:\/\/kibrisdakik.com\/index.php?rest_route=\/wp\/v2\/types\/post"}],"author":[{"embeddable":true,"href":"https:\/\/kibrisdakik.com\/index.php?rest_route=\/wp\/v2\/users\/1"}],"replies":[{"embeddable":true,"href":"https:\/\/kibrisdakik.com\/index.php?rest_route=%2Fwp%2Fv2%2Fcomments&post=43959"}],"version-history":[{"count":0,"href":"https:\/\/kibrisdakik.com\/index.php?rest_route=\/wp\/v2\/posts\/43959\/revisions"}],"wp:featuredmedia":[{"embeddable":true,"href":"https:\/\/kibrisdakik.com\/index.php?rest_route=\/wp\/v2\/media\/43960"}],"wp:attachment":[{"href":"https:\/\/kibrisdakik.com\/index.php?rest_route=%2Fwp%2Fv2%2Fmedia&parent=43959"}],"wp:term":[{"taxonomy":"category","embeddable":true,"href":"https:\/\/kibrisdakik.com\/index.php?rest_route=%2Fwp%2Fv2%2Fcategories&post=43959"},{"taxonomy":"post_tag","embeddable":true,"href":"https:\/\/kibrisdakik.com\/index.php?rest_route=%2Fwp%2Fv2%2Ftags&post=43959"}],"curies":[{"name":"wp","href":"https:\/\/api.w.org\/{rel}","templated":true}]}}