{"id":44005,"date":"2024-05-31T15:20:56","date_gmt":"2024-05-31T15:20:56","guid":{"rendered":"https:\/\/kibrisdakik.com\/index.php\/2024\/05\/31\/basbakan-ustel-hayvancilar-birligi-heyetiyle-yeniden-bir-araya-geldi\/"},"modified":"2024-05-31T15:20:56","modified_gmt":"2024-05-31T15:20:56","slug":"basbakan-ustel-hayvancilar-birligi-heyetiyle-yeniden-bir-araya-geldi","status":"publish","type":"post","link":"https:\/\/kibrisdakik.com\/?p=44005","title":{"rendered":"Ba\u015fbakan \u00dcstel, Hayvanc\u0131lar Birli\u011fi heyetiyle yeniden bir araya geldi&#8230;."},"content":{"rendered":"<p><img decoding=\"async\" src=\"https:\/\/www.kibristurk.com\/images\/haberler\/2024\/05\/basbakan-ustel-hayvancilar-birligi-heyetiyle-yeniden-bir-araya-geldi-1717165978.webp\" \/><\/p>\n<p style=\"text-align:left\"><span style=\"font-size:16px\"><span style=\"font-family:Merriweather,serif !important\"><span style=\"color:#000000\"><span style=\"background-color:#ffffff\">Hayvan \u00dcreticileri ve Yeti\u015ftiricileri Birli\u011fi Ba\u015fkan\u0131 Mustafa Naimo\u011fullar\u0131, ithal et konusuyla ilgili Ba\u015fbakan \u00dcnal \u00dcstel ile g\u00f6r\u00fc\u015fmelerinin \u0131l\u0131ml\u0131 ge\u00e7ti\u011fini belirterek \u201c\u0130thal et konusunda ilerleme var. Umudumuz \u00e7\u00f6z\u00fcme varmak\u201d diye konu\u015ftu.<\/span><\/span><\/span><\/span><\/p>\n<p style=\"text-align:left\"><span style=\"font-size:16px\"><span style=\"font-family:Merriweather,serif !important\"><span style=\"color:#000000\"><span style=\"background-color:#ffffff\">G\u00f6r\u00fc\u015fme sonras\u0131 a\u00e7\u0131klama yapan Naimo\u011fullar\u0131, 4 Haziran Sal\u0131 g\u00fcn\u00fc Ba\u015fbakan ile yeniden bir araya geleceklerini ifade etti.<\/span><\/span><\/span><\/span><\/p>\n<p style=\"text-align:left\">&nbsp;<\/p>\n<p style=\"text-align:left\"><span style=\"font-size:16px\"><span style=\"font-family:Merriweather,serif !important\"><span style=\"color:#000000\"><span style=\"background-color:#ffffff\">-\u201cDerdimiz \u00e7\u00f6z\u00fcm bulmak\u201d<\/span><\/span><\/span><\/span><\/p>\n<p style=\"text-align:left\">&nbsp;<\/p>\n<p style=\"text-align:left\">&nbsp;<\/p>\n<p style=\"text-align:left\"><span style=\"font-size:16px\"><span style=\"font-family:Merriweather,serif !important\"><span style=\"color:#000000\"><span style=\"background-color:#ffffff\">G\u00f6r\u00fc\u015fmede ba\u015fta ithal et konusu olmak \u00fczere bir\u00e7ok a\u00e7\u0131l\u0131m\u0131n ele al\u0131nd\u0131\u011f\u0131n\u0131 ifade eden Naimo\u011fullar\u0131, s\u00fct konusunda paritenin ocak ay\u0131nda 1.65 oldu\u011funu \u015fimdi ise 1.48\u2019e d\u00fc\u015f\u00fcr\u00fcld\u00fc\u011f\u00fcn\u00fc de dile getirdiklerini kaydetti.<\/span><\/span><\/span><\/span><\/p>\n<p style=\"text-align:left\"><span style=\"font-size:16px\"><span style=\"font-family:Merriweather,serif !important\"><span style=\"color:#000000\"><span style=\"background-color:#ffffff\">Hayvan \u00fcreticilerinin eyleminin devam etti\u011fini vurgulayan Naimo\u011fullar\u0131, \u201cBenim a\u011fz\u0131mdan \u00e7\u0131kmadan eylem sonlanmayacak\u201d diye konu\u015ftu.<\/span><\/span><\/span><\/span><\/p>\n<p style=\"text-align:left\"><span style=\"font-size:16px\"><span style=\"font-family:Merriweather,serif !important\"><span style=\"color:#000000\"><span style=\"background-color:#ffffff\">\u201cBiz buraya her g\u00fcn gelip eylem yapma d\u00fc\u015f\u00fcncesinde de\u011filiz. Derdimiz \u00e7\u00f6z\u00fcm bulmak\u201d ifadelerine yer veren Naimo\u011fullar\u0131, h\u00fck\u00fcmetten anlay\u0131\u015f ve \u00e7\u00f6z\u00fcm beklediklerini dile getirdi.<\/span><\/span><\/span><\/span><\/p>\n<p style=\"text-align:left\"><span style=\"font-size:16px\"><span style=\"font-family:Merriweather,serif !important\"><span style=\"color:#000000\"><span style=\"background-color:#ffffff\">Naimo\u011fullar\u0131, 19 Haziran\u2019dan sonraki s\u00fcre\u00e7te et konusunda herhangi bir a\u00e7\u0131l\u0131m olmas\u0131 durumunda Hayvan \u00dcreticileri ve Yeti\u015ftiricileri Birli\u011fi\u2019nin de komisyonda g\u00f6r\u00fc\u015f\u00fcn\u00fcn al\u0131naca\u011f\u0131n\u0131 belirtti.<\/span><\/span><\/span><\/span><\/p>\n<p style=\"text-align:left\"><span style=\"font-size:16px\"><span style=\"font-family:Merriweather,serif !important\"><span style=\"color:#000000\"><span style=\"background-color:#ffffff\">Gelecek olan 40 ton ithal etin 19 Haziran\u2019dan \u00f6nce sadece 20 tonunun piyasaya s\u00fcr\u00fclmesini talep ettiklerini ifade eden Naimo\u011fullar\u0131, geri kalan 20 tonun da s\u00fcrece yay\u0131lmas\u0131n\u0131 istediklerini ifade etti.<\/span><\/span><\/span><\/span><\/p>\n","protected":false},"excerpt":{"rendered":"<p>Hayvan \u00dcreticileri ve Yeti\u015ftiricileri Birli\u011fi Ba\u015fkan\u0131 Mustafa Naimo\u011fullar\u0131, ithal et konusuyla ilgili Ba\u015fbakan \u00dcnal \u00dcstel ile g\u00f6r\u00fc\u015fmelerinin \u0131l\u0131ml\u0131 ge\u00e7ti\u011fini belirterek \u201c\u0130thal et konusunda ilerleme var. Umudumuz \u00e7\u00f6z\u00fcme varmak\u201d diye konu\u015ftu. G\u00f6r\u00fc\u015fme sonras\u0131 a\u00e7\u0131klama yapan Naimo\u011fullar\u0131, 4 Haziran Sal\u0131 g\u00fcn\u00fc Ba\u015fbakan ile yeniden bir araya geleceklerini ifade etti. &nbsp; -\u201cDerdimiz \u00e7\u00f6z\u00fcm bulmak\u201d &nbsp; &nbsp; G\u00f6r\u00fc\u015fmede ba\u015fta<\/p>\n","protected":false},"author":1,"featured_media":44006,"comment_status":"open","ping_status":"open","sticky":false,"template":"","format":"standard","meta":{"footnotes":""},"categories":[79],"tags":[],"class_list":["post-44005","post","type-post","status-publish","format-standard","has-post-thumbnail","hentry","category-ekonomi"],"yoast_head":"<!-- This site is optimized with the Yoast SEO plugin v28.4 - https:\/\/yoast.com\/product\/yoast-seo-wordpress\/ -->\n<title>Ba\u015fbakan \u00dcstel, Hayvanc\u0131lar Birli\u011fi heyetiyle yeniden bir araya geldi.... -<\/title>\n<meta name=\"robots\" content=\"index, follow, max-snippet:-1, max-image-preview:large, max-video-preview:-1\" \/>\n<link rel=\"canonical\" href=\"https:\/\/kibrisdakik.com\/?p=44005\" \/>\n<meta property=\"og:locale\" content=\"tr_TR\" \/>\n<meta property=\"og:type\" content=\"article\" \/>\n<meta property=\"og:title\" content=\"Ba\u015fbakan \u00dcstel, Hayvanc\u0131lar Birli\u011fi heyetiyle yeniden bir araya geldi.... -\" \/>\n<meta property=\"og:description\" content=\"Hayvan \u00dcreticileri ve Yeti\u015ftiricileri Birli\u011fi Ba\u015fkan\u0131 Mustafa Naimo\u011fullar\u0131, ithal et konusuyla ilgili Ba\u015fbakan \u00dcnal \u00dcstel ile g\u00f6r\u00fc\u015fmelerinin \u0131l\u0131ml\u0131 ge\u00e7ti\u011fini belirterek \u201c\u0130thal et konusunda ilerleme var. Umudumuz \u00e7\u00f6z\u00fcme varmak\u201d diye konu\u015ftu. G\u00f6r\u00fc\u015fme sonras\u0131 a\u00e7\u0131klama yapan Naimo\u011fullar\u0131, 4 Haziran Sal\u0131 g\u00fcn\u00fc Ba\u015fbakan ile yeniden bir araya geleceklerini ifade etti. &nbsp; -\u201cDerdimiz \u00e7\u00f6z\u00fcm bulmak\u201d &nbsp; &nbsp; G\u00f6r\u00fc\u015fmede ba\u015fta\" \/>\n<meta property=\"og:url\" content=\"https:\/\/kibrisdakik.com\/?p=44005\" \/>\n<meta property=\"article:published_time\" content=\"2024-05-31T15:20:56+00:00\" \/>\n<meta property=\"og:image\" content=\"https:\/\/kibrisdakik.com\/wp-content\/uploads\/2024\/05\/basbakan-ustel-hayvancilar-birligi-heyetiyle-yeniden-bir-araya-geldi-1717165978.webp.webp\" \/>\n\t<meta property=\"og:image:width\" content=\"710\" \/>\n\t<meta property=\"og:image:height\" content=\"370\" \/>\n\t<meta property=\"og:image:type\" content=\"image\/webp\" \/>\n<meta name=\"author\" content=\"admin\" \/>\n<meta name=\"twitter:card\" content=\"summary_large_image\" \/>\n<meta name=\"twitter:label1\" content=\"Yazan:\" \/>\n\t<meta name=\"twitter:data1\" content=\"admin\" \/>\n\t<meta name=\"twitter:label2\" content=\"Tahmini okuma s\u00fcresi\" \/>\n\t<meta name=\"twitter:data2\" content=\"1 dakika\" \/>\n<script type=\"application\/ld+json\" class=\"yoast-schema-graph\">{\"@context\":\"https:\\\/\\\/schema.org\",\"@graph\":[{\"@type\":\"Article\",\"@id\":\"https:\\\/\\\/kibrisdakik.com\\\/?p=44005#article\",\"isPartOf\":{\"@id\":\"https:\\\/\\\/kibrisdakik.com\\\/?p=44005\"},\"author\":{\"name\":\"admin\",\"@id\":\"https:\\\/\\\/kibrisdakik.com\\\/#\\\/schema\\\/person\\\/9cd9d437bbb44f72b73ba127e06d8e79\"},\"headline\":\"Ba\u015fbakan \u00dcstel, Hayvanc\u0131lar Birli\u011fi heyetiyle yeniden bir araya geldi&#8230;.\",\"datePublished\":\"2024-05-31T15:20:56+00:00\",\"mainEntityOfPage\":{\"@id\":\"https:\\\/\\\/kibrisdakik.com\\\/?p=44005\"},\"wordCount\":245,\"commentCount\":0,\"publisher\":{\"@id\":\"https:\\\/\\\/kibrisdakik.com\\\/#organization\"},\"image\":{\"@id\":\"https:\\\/\\\/kibrisdakik.com\\\/?p=44005#primaryimage\"},\"thumbnailUrl\":\"https:\\\/\\\/kibrisdakik.com\\\/wp-content\\\/uploads\\\/2024\\\/05\\\/basbakan-ustel-hayvancilar-birligi-heyetiyle-yeniden-bir-araya-geldi-1717165978.webp.webp\",\"articleSection\":[\"Ekonomi\"],\"inLanguage\":\"tr\",\"potentialAction\":[{\"@type\":\"CommentAction\",\"name\":\"Comment\",\"target\":[\"https:\\\/\\\/kibrisdakik.com\\\/?p=44005#respond\"]}]},{\"@type\":\"WebPage\",\"@id\":\"https:\\\/\\\/kibrisdakik.com\\\/?p=44005\",\"url\":\"https:\\\/\\\/kibrisdakik.com\\\/?p=44005\",\"name\":\"Ba\u015fbakan \u00dcstel, Hayvanc\u0131lar Birli\u011fi heyetiyle yeniden bir araya geldi.... -\",\"isPartOf\":{\"@id\":\"https:\\\/\\\/kibrisdakik.com\\\/#website\"},\"primaryImageOfPage\":{\"@id\":\"https:\\\/\\\/kibrisdakik.com\\\/?p=44005#primaryimage\"},\"image\":{\"@id\":\"https:\\\/\\\/kibrisdakik.com\\\/?p=44005#primaryimage\"},\"thumbnailUrl\":\"https:\\\/\\\/kibrisdakik.com\\\/wp-content\\\/uploads\\\/2024\\\/05\\\/basbakan-ustel-hayvancilar-birligi-heyetiyle-yeniden-bir-araya-geldi-1717165978.webp.webp\",\"datePublished\":\"2024-05-31T15:20:56+00:00\",\"breadcrumb\":{\"@id\":\"https:\\\/\\\/kibrisdakik.com\\\/?p=44005#breadcrumb\"},\"inLanguage\":\"tr\",\"potentialAction\":[{\"@type\":\"ReadAction\",\"target\":[\"https:\\\/\\\/kibrisdakik.com\\\/?p=44005\"]}]},{\"@type\":\"ImageObject\",\"inLanguage\":\"tr\",\"@id\":\"https:\\\/\\\/kibrisdakik.com\\\/?p=44005#primaryimage\",\"url\":\"https:\\\/\\\/kibrisdakik.com\\\/wp-content\\\/uploads\\\/2024\\\/05\\\/basbakan-ustel-hayvancilar-birligi-heyetiyle-yeniden-bir-araya-geldi-1717165978.webp.webp\",\"contentUrl\":\"https:\\\/\\\/kibrisdakik.com\\\/wp-content\\\/uploads\\\/2024\\\/05\\\/basbakan-ustel-hayvancilar-birligi-heyetiyle-yeniden-bir-araya-geldi-1717165978.webp.webp\",\"width\":710,\"height\":370},{\"@type\":\"BreadcrumbList\",\"@id\":\"https:\\\/\\\/kibrisdakik.com\\\/?p=44005#breadcrumb\",\"itemListElement\":[{\"@type\":\"ListItem\",\"position\":1,\"name\":\"Home\",\"item\":\"https:\\\/\\\/kibrisdakik.com\\\/\"},{\"@type\":\"ListItem\",\"position\":2,\"name\":\"Ba\u015fbakan \u00dcstel, Hayvanc\u0131lar Birli\u011fi heyetiyle yeniden bir araya geldi&#8230;.\"}]},{\"@type\":\"WebSite\",\"@id\":\"https:\\\/\\\/kibrisdakik.com\\\/#website\",\"url\":\"https:\\\/\\\/kibrisdakik.com\\\/\",\"name\":\"K\u0131br\u0131s Dakik\",\"description\":\"Tam vaktinde haber\",\"publisher\":{\"@id\":\"https:\\\/\\\/kibrisdakik.com\\\/#organization\"},\"potentialAction\":[{\"@type\":\"SearchAction\",\"target\":{\"@type\":\"EntryPoint\",\"urlTemplate\":\"https:\\\/\\\/kibrisdakik.com\\\/?s={search_term_string}\"},\"query-input\":{\"@type\":\"PropertyValueSpecification\",\"valueRequired\":true,\"valueName\":\"search_term_string\"}}],\"inLanguage\":\"tr\"},{\"@type\":\"Organization\",\"@id\":\"https:\\\/\\\/kibrisdakik.com\\\/#organization\",\"name\":\"K\u0131br\u0131s Dakik\",\"url\":\"https:\\\/\\\/kibrisdakik.com\\\/\",\"logo\":{\"@type\":\"ImageObject\",\"inLanguage\":\"tr\",\"@id\":\"https:\\\/\\\/kibrisdakik.com\\\/#\\\/schema\\\/logo\\\/image\\\/\",\"url\":\"https:\\\/\\\/kibrisdakik.com\\\/wp-content\\\/uploads\\\/2025\\\/10\\\/cropped-WhatsApp-Image-2025-10-02-at-12.58.31.jpeg\",\"contentUrl\":\"https:\\\/\\\/kibrisdakik.com\\\/wp-content\\\/uploads\\\/2025\\\/10\\\/cropped-WhatsApp-Image-2025-10-02-at-12.58.31.jpeg\",\"width\":1237,\"height\":190,\"caption\":\"K\u0131br\u0131s Dakik\"},\"image\":{\"@id\":\"https:\\\/\\\/kibrisdakik.com\\\/#\\\/schema\\\/logo\\\/image\\\/\"}},{\"@type\":\"Person\",\"@id\":\"https:\\\/\\\/kibrisdakik.com\\\/#\\\/schema\\\/person\\\/9cd9d437bbb44f72b73ba127e06d8e79\",\"name\":\"admin\",\"image\":{\"@type\":\"ImageObject\",\"inLanguage\":\"tr\",\"@id\":\"https:\\\/\\\/secure.gravatar.com\\\/avatar\\\/ccc17943b9d660506c869530f897617f7cb1c21a4bf30023f252596d83e1f007?s=96&d=mm&r=g\",\"url\":\"https:\\\/\\\/secure.gravatar.com\\\/avatar\\\/ccc17943b9d660506c869530f897617f7cb1c21a4bf30023f252596d83e1f007?s=96&d=mm&r=g\",\"contentUrl\":\"https:\\\/\\\/secure.gravatar.com\\\/avatar\\\/ccc17943b9d660506c869530f897617f7cb1c21a4bf30023f252596d83e1f007?s=96&d=mm&r=g\",\"caption\":\"admin\"},\"sameAs\":[\"https:\\\/\\\/kibrisdakik.com\"],\"url\":\"https:\\\/\\\/kibrisdakik.com\\\/?author=1\"}]}<\/script>\n<!-- \/ Yoast SEO plugin. -->","yoast_head_json":{"title":"Ba\u015fbakan \u00dcstel, Hayvanc\u0131lar Birli\u011fi heyetiyle yeniden bir araya geldi.... -","robots":{"index":"index","follow":"follow","max-snippet":"max-snippet:-1","max-image-preview":"max-image-preview:large","max-video-preview":"max-video-preview:-1"},"canonical":"https:\/\/kibrisdakik.com\/?p=44005","og_locale":"tr_TR","og_type":"article","og_title":"Ba\u015fbakan \u00dcstel, Hayvanc\u0131lar Birli\u011fi heyetiyle yeniden bir araya geldi.... -","og_description":"Hayvan \u00dcreticileri ve Yeti\u015ftiricileri Birli\u011fi Ba\u015fkan\u0131 Mustafa Naimo\u011fullar\u0131, ithal et konusuyla ilgili Ba\u015fbakan \u00dcnal \u00dcstel ile g\u00f6r\u00fc\u015fmelerinin \u0131l\u0131ml\u0131 ge\u00e7ti\u011fini belirterek \u201c\u0130thal et konusunda ilerleme var. Umudumuz \u00e7\u00f6z\u00fcme varmak\u201d diye konu\u015ftu. G\u00f6r\u00fc\u015fme sonras\u0131 a\u00e7\u0131klama yapan Naimo\u011fullar\u0131, 4 Haziran Sal\u0131 g\u00fcn\u00fc Ba\u015fbakan ile yeniden bir araya geleceklerini ifade etti. &nbsp; -\u201cDerdimiz \u00e7\u00f6z\u00fcm bulmak\u201d &nbsp; &nbsp; G\u00f6r\u00fc\u015fmede ba\u015fta","og_url":"https:\/\/kibrisdakik.com\/?p=44005","article_published_time":"2024-05-31T15:20:56+00:00","og_image":[{"width":710,"height":370,"url":"https:\/\/kibrisdakik.com\/wp-content\/uploads\/2024\/05\/basbakan-ustel-hayvancilar-birligi-heyetiyle-yeniden-bir-araya-geldi-1717165978.webp.webp","type":"image\/webp"}],"author":"admin","twitter_card":"summary_large_image","twitter_misc":{"Yazan:":"admin","Tahmini okuma s\u00fcresi":"1 dakika"},"schema":{"@context":"https:\/\/schema.org","@graph":[{"@type":"Article","@id":"https:\/\/kibrisdakik.com\/?p=44005#article","isPartOf":{"@id":"https:\/\/kibrisdakik.com\/?p=44005"},"author":{"name":"admin","@id":"https:\/\/kibrisdakik.com\/#\/schema\/person\/9cd9d437bbb44f72b73ba127e06d8e79"},"headline":"Ba\u015fbakan \u00dcstel, Hayvanc\u0131lar Birli\u011fi heyetiyle yeniden bir araya geldi&#8230;.","datePublished":"2024-05-31T15:20:56+00:00","mainEntityOfPage":{"@id":"https:\/\/kibrisdakik.com\/?p=44005"},"wordCount":245,"commentCount":0,"publisher":{"@id":"https:\/\/kibrisdakik.com\/#organization"},"image":{"@id":"https:\/\/kibrisdakik.com\/?p=44005#primaryimage"},"thumbnailUrl":"https:\/\/kibrisdakik.com\/wp-content\/uploads\/2024\/05\/basbakan-ustel-hayvancilar-birligi-heyetiyle-yeniden-bir-araya-geldi-1717165978.webp.webp","articleSection":["Ekonomi"],"inLanguage":"tr","potentialAction":[{"@type":"CommentAction","name":"Comment","target":["https:\/\/kibrisdakik.com\/?p=44005#respond"]}]},{"@type":"WebPage","@id":"https:\/\/kibrisdakik.com\/?p=44005","url":"https:\/\/kibrisdakik.com\/?p=44005","name":"Ba\u015fbakan \u00dcstel, Hayvanc\u0131lar Birli\u011fi heyetiyle yeniden bir araya geldi.... -","isPartOf":{"@id":"https:\/\/kibrisdakik.com\/#website"},"primaryImageOfPage":{"@id":"https:\/\/kibrisdakik.com\/?p=44005#primaryimage"},"image":{"@id":"https:\/\/kibrisdakik.com\/?p=44005#primaryimage"},"thumbnailUrl":"https:\/\/kibrisdakik.com\/wp-content\/uploads\/2024\/05\/basbakan-ustel-hayvancilar-birligi-heyetiyle-yeniden-bir-araya-geldi-1717165978.webp.webp","datePublished":"2024-05-31T15:20:56+00:00","breadcrumb":{"@id":"https:\/\/kibrisdakik.com\/?p=44005#breadcrumb"},"inLanguage":"tr","potentialAction":[{"@type":"ReadAction","target":["https:\/\/kibrisdakik.com\/?p=44005"]}]},{"@type":"ImageObject","inLanguage":"tr","@id":"https:\/\/kibrisdakik.com\/?p=44005#primaryimage","url":"https:\/\/kibrisdakik.com\/wp-content\/uploads\/2024\/05\/basbakan-ustel-hayvancilar-birligi-heyetiyle-yeniden-bir-araya-geldi-1717165978.webp.webp","contentUrl":"https:\/\/kibrisdakik.com\/wp-content\/uploads\/2024\/05\/basbakan-ustel-hayvancilar-birligi-heyetiyle-yeniden-bir-araya-geldi-1717165978.webp.webp","width":710,"height":370},{"@type":"BreadcrumbList","@id":"https:\/\/kibrisdakik.com\/?p=44005#breadcrumb","itemListElement":[{"@type":"ListItem","position":1,"name":"Home","item":"https:\/\/kibrisdakik.com\/"},{"@type":"ListItem","position":2,"name":"Ba\u015fbakan \u00dcstel, Hayvanc\u0131lar Birli\u011fi heyetiyle yeniden bir araya geldi&#8230;."}]},{"@type":"WebSite","@id":"https:\/\/kibrisdakik.com\/#website","url":"https:\/\/kibrisdakik.com\/","name":"K\u0131br\u0131s Dakik","description":"Tam vaktinde haber","publisher":{"@id":"https:\/\/kibrisdakik.com\/#organization"},"potentialAction":[{"@type":"SearchAction","target":{"@type":"EntryPoint","urlTemplate":"https:\/\/kibrisdakik.com\/?s={search_term_string}"},"query-input":{"@type":"PropertyValueSpecification","valueRequired":true,"valueName":"search_term_string"}}],"inLanguage":"tr"},{"@type":"Organization","@id":"https:\/\/kibrisdakik.com\/#organization","name":"K\u0131br\u0131s Dakik","url":"https:\/\/kibrisdakik.com\/","logo":{"@type":"ImageObject","inLanguage":"tr","@id":"https:\/\/kibrisdakik.com\/#\/schema\/logo\/image\/","url":"https:\/\/kibrisdakik.com\/wp-content\/uploads\/2025\/10\/cropped-WhatsApp-Image-2025-10-02-at-12.58.31.jpeg","contentUrl":"https:\/\/kibrisdakik.com\/wp-content\/uploads\/2025\/10\/cropped-WhatsApp-Image-2025-10-02-at-12.58.31.jpeg","width":1237,"height":190,"caption":"K\u0131br\u0131s Dakik"},"image":{"@id":"https:\/\/kibrisdakik.com\/#\/schema\/logo\/image\/"}},{"@type":"Person","@id":"https:\/\/kibrisdakik.com\/#\/schema\/person\/9cd9d437bbb44f72b73ba127e06d8e79","name":"admin","image":{"@type":"ImageObject","inLanguage":"tr","@id":"https:\/\/secure.gravatar.com\/avatar\/ccc17943b9d660506c869530f897617f7cb1c21a4bf30023f252596d83e1f007?s=96&d=mm&r=g","url":"https:\/\/secure.gravatar.com\/avatar\/ccc17943b9d660506c869530f897617f7cb1c21a4bf30023f252596d83e1f007?s=96&d=mm&r=g","contentUrl":"https:\/\/secure.gravatar.com\/avatar\/ccc17943b9d660506c869530f897617f7cb1c21a4bf30023f252596d83e1f007?s=96&d=mm&r=g","caption":"admin"},"sameAs":["https:\/\/kibrisdakik.com"],"url":"https:\/\/kibrisdakik.com\/?author=1"}]}},"_links":{"self":[{"href":"https:\/\/kibrisdakik.com\/index.php?rest_route=\/wp\/v2\/posts\/44005","targetHints":{"allow":["GET"]}}],"collection":[{"href":"https:\/\/kibrisdakik.com\/index.php?rest_route=\/wp\/v2\/posts"}],"about":[{"href":"https:\/\/kibrisdakik.com\/index.php?rest_route=\/wp\/v2\/types\/post"}],"author":[{"embeddable":true,"href":"https:\/\/kibrisdakik.com\/index.php?rest_route=\/wp\/v2\/users\/1"}],"replies":[{"embeddable":true,"href":"https:\/\/kibrisdakik.com\/index.php?rest_route=%2Fwp%2Fv2%2Fcomments&post=44005"}],"version-history":[{"count":0,"href":"https:\/\/kibrisdakik.com\/index.php?rest_route=\/wp\/v2\/posts\/44005\/revisions"}],"wp:featuredmedia":[{"embeddable":true,"href":"https:\/\/kibrisdakik.com\/index.php?rest_route=\/wp\/v2\/media\/44006"}],"wp:attachment":[{"href":"https:\/\/kibrisdakik.com\/index.php?rest_route=%2Fwp%2Fv2%2Fmedia&parent=44005"}],"wp:term":[{"taxonomy":"category","embeddable":true,"href":"https:\/\/kibrisdakik.com\/index.php?rest_route=%2Fwp%2Fv2%2Fcategories&post=44005"},{"taxonomy":"post_tag","embeddable":true,"href":"https:\/\/kibrisdakik.com\/index.php?rest_route=%2Fwp%2Fv2%2Ftags&post=44005"}],"curies":[{"name":"wp","href":"https:\/\/api.w.org\/{rel}","templated":true}]}}