{"id":44029,"date":"2024-05-31T19:23:38","date_gmt":"2024-05-31T19:23:38","guid":{"rendered":"https:\/\/kibrisdakik.com\/index.php\/2024\/05\/31\/gora-4-gora-filminden-ilk-fotograflar-yayinlandi\/"},"modified":"2024-05-31T19:23:38","modified_gmt":"2024-05-31T19:23:38","slug":"gora-4-gora-filminden-ilk-fotograflar-yayinlandi","status":"publish","type":"post","link":"https:\/\/kibrisdakik.com\/?p=44029","title":{"rendered":"Gora 4 Gora filminden ilk foto\u011fraflar yay\u0131nland\u0131"},"content":{"rendered":"<p><\/p>\n<p>T\u00fcrk komedisinin efsanevi ismi Cem Y\u0131lmaz, G.O.R.A serisinin d\u00f6rd\u00fcnc\u00fc filmi i\u00e7in duyuruda bulunmu\u015ftu.<\/p>\n<p>\u00dcnl\u00fc komedyen, X hesab\u0131ndan yapt\u0131\u011f\u0131 a\u00e7\u0131klamada, G.O.R.A 4 G.O.R.A filminden, iki yeni foto\u011fraf payla\u015ft\u0131.&nbsp;<\/p>\n<p><img decoding=\"async\" alt=\"Gora 4 Gora filminden ilk foto\u011fraflar yay\u0131nland\u0131, filmin 2025 y\u0131l\u0131nda Netflix'te \u00e7\u0131kmas\u0131 bekleniyor - 1. Resim\" src=\"https:\/\/i.tgrthaber.com\/images\/haberler\/24-05\/31\/gora-4-gora-filminden-ilk-fotograflar-yayinlandi-filmin-2025-yilinda-netflixte-cikmasi-bekleniyor-17171786684923_1.jpg\" title=\"Gora 4 Gora filminden ilk foto\u011fraflar yay\u0131nland\u0131, filmin 2025 y\u0131l\u0131nda Netflix'te \u00e7\u0131kmas\u0131 bekleniyor\" \/><\/p>\n<p>2004 y\u0131l\u0131nda vizyona giren ve b\u00fcy\u00fck bir hayran kitlesi kazanan G.O.R.A, Cem Y\u0131lmaz, \u015eafak Sezer, Ozan G\u00fcven, \u00d6zkan U\u011fur, \u00d6zge \u00d6zberk, Rasim \u00d6ztekin ve Erdal Tosun gibi \u00f6nemli isimlerle unutulmaz bir yap\u0131m olmu\u015ftu.<\/p>\n<p>G.O.R.A 4 G.O.R.A&#8217;n\u0131n \u00e7ok yak\u0131nda Netflix&#8217;te yay\u0131nlanaca\u011f\u0131 a\u00e7\u0131kland\u0131.<\/p>\n<p>Hayranlar, uzun zamand\u0131r bekledikleri bu yap\u0131m i\u00e7in olduk\u00e7a heyecanl\u0131.<\/p>\n","protected":false},"excerpt":{"rendered":"<p>T\u00fcrk komedisinin efsanevi ismi Cem Y\u0131lmaz, G.O.R.A serisinin d\u00f6rd\u00fcnc\u00fc filmi i\u00e7in duyuruda bulunmu\u015ftu. \u00dcnl\u00fc komedyen, X hesab\u0131ndan yapt\u0131\u011f\u0131 a\u00e7\u0131klamada, G.O.R.A 4 G.O.R.A filminden, iki yeni foto\u011fraf payla\u015ft\u0131.&nbsp; 2004 y\u0131l\u0131nda vizyona giren ve b\u00fcy\u00fck bir hayran kitlesi kazanan G.O.R.A, Cem Y\u0131lmaz, \u015eafak Sezer, Ozan G\u00fcven, \u00d6zkan U\u011fur, \u00d6zge \u00d6zberk, Rasim \u00d6ztekin ve Erdal Tosun gibi \u00f6nemli<\/p>\n","protected":false},"author":1,"featured_media":44030,"comment_status":"open","ping_status":"open","sticky":false,"template":"","format":"standard","meta":{"footnotes":""},"categories":[85],"tags":[],"class_list":["post-44029","post","type-post","status-publish","format-standard","has-post-thumbnail","hentry","category-spor"],"yoast_head":"<!-- This site is optimized with the Yoast SEO plugin v27.5 - https:\/\/yoast.com\/product\/yoast-seo-wordpress\/ -->\n<title>Gora 4 Gora filminden ilk foto\u011fraflar yay\u0131nland\u0131 -<\/title>\n<meta name=\"robots\" content=\"index, follow, max-snippet:-1, max-image-preview:large, max-video-preview:-1\" \/>\n<link rel=\"canonical\" href=\"https:\/\/kibrisdakik.com\/?p=44029\" \/>\n<meta property=\"og:locale\" content=\"tr_TR\" \/>\n<meta property=\"og:type\" content=\"article\" \/>\n<meta property=\"og:title\" content=\"Gora 4 Gora filminden ilk foto\u011fraflar yay\u0131nland\u0131 -\" \/>\n<meta property=\"og:description\" content=\"T\u00fcrk komedisinin efsanevi ismi Cem Y\u0131lmaz, G.O.R.A serisinin d\u00f6rd\u00fcnc\u00fc filmi i\u00e7in duyuruda bulunmu\u015ftu. \u00dcnl\u00fc komedyen, X hesab\u0131ndan yapt\u0131\u011f\u0131 a\u00e7\u0131klamada, G.O.R.A 4 G.O.R.A filminden, iki yeni foto\u011fraf payla\u015ft\u0131.&nbsp; 2004 y\u0131l\u0131nda vizyona giren ve b\u00fcy\u00fck bir hayran kitlesi kazanan G.O.R.A, Cem Y\u0131lmaz, \u015eafak Sezer, Ozan G\u00fcven, \u00d6zkan U\u011fur, \u00d6zge \u00d6zberk, Rasim \u00d6ztekin ve Erdal Tosun gibi \u00f6nemli\" \/>\n<meta property=\"og:url\" content=\"https:\/\/kibrisdakik.com\/?p=44029\" \/>\n<meta property=\"article:published_time\" content=\"2024-05-31T19:23:38+00:00\" \/>\n<meta property=\"og:image\" content=\"https:\/\/kibrisdakik.com\/wp-content\/uploads\/2024\/05\/gora-4-gora-filminden-ilk-fotograflar-yayinlandi-filmin-2025-yilinda-netflixte-cikmasi-bekleniyor-17171786684923_1-740x420.jpg\" \/>\n\t<meta property=\"og:image:width\" content=\"1280\" \/>\n\t<meta property=\"og:image:height\" content=\"746\" \/>\n\t<meta property=\"og:image:type\" content=\"image\/jpeg\" \/>\n<meta name=\"author\" content=\"admin\" \/>\n<meta name=\"twitter:card\" content=\"summary_large_image\" \/>\n<meta name=\"twitter:label1\" content=\"Yazan:\" \/>\n\t<meta name=\"twitter:data1\" content=\"admin\" \/>\n\t<meta name=\"twitter:label2\" content=\"Tahmini okuma s\u00fcresi\" \/>\n\t<meta name=\"twitter:data2\" content=\"1 dakika\" \/>\n<script type=\"application\/ld+json\" class=\"yoast-schema-graph\">{\"@context\":\"https:\\\/\\\/schema.org\",\"@graph\":[{\"@type\":\"Article\",\"@id\":\"https:\\\/\\\/kibrisdakik.com\\\/?p=44029#article\",\"isPartOf\":{\"@id\":\"https:\\\/\\\/kibrisdakik.com\\\/?p=44029\"},\"author\":{\"name\":\"admin\",\"@id\":\"https:\\\/\\\/kibrisdakik.com\\\/#\\\/schema\\\/person\\\/9cd9d437bbb44f72b73ba127e06d8e79\"},\"headline\":\"Gora 4 Gora filminden ilk foto\u011fraflar yay\u0131nland\u0131\",\"datePublished\":\"2024-05-31T19:23:38+00:00\",\"mainEntityOfPage\":{\"@id\":\"https:\\\/\\\/kibrisdakik.com\\\/?p=44029\"},\"wordCount\":128,\"commentCount\":0,\"image\":{\"@id\":\"https:\\\/\\\/kibrisdakik.com\\\/?p=44029#primaryimage\"},\"thumbnailUrl\":\"https:\\\/\\\/kibrisdakik.com\\\/wp-content\\\/uploads\\\/2024\\\/05\\\/gora-4-gora-filminden-ilk-fotograflar-yayinlandi-filmin-2025-yilinda-netflixte-cikmasi-bekleniyor-17171786684923_1-740x420.jpg\",\"articleSection\":[\"Spor\"],\"inLanguage\":\"tr\",\"potentialAction\":[{\"@type\":\"CommentAction\",\"name\":\"Comment\",\"target\":[\"https:\\\/\\\/kibrisdakik.com\\\/?p=44029#respond\"]}]},{\"@type\":\"WebPage\",\"@id\":\"https:\\\/\\\/kibrisdakik.com\\\/?p=44029\",\"url\":\"https:\\\/\\\/kibrisdakik.com\\\/?p=44029\",\"name\":\"Gora 4 Gora filminden ilk foto\u011fraflar yay\u0131nland\u0131 -\",\"isPartOf\":{\"@id\":\"https:\\\/\\\/kibrisdakik.com\\\/#website\"},\"primaryImageOfPage\":{\"@id\":\"https:\\\/\\\/kibrisdakik.com\\\/?p=44029#primaryimage\"},\"image\":{\"@id\":\"https:\\\/\\\/kibrisdakik.com\\\/?p=44029#primaryimage\"},\"thumbnailUrl\":\"https:\\\/\\\/kibrisdakik.com\\\/wp-content\\\/uploads\\\/2024\\\/05\\\/gora-4-gora-filminden-ilk-fotograflar-yayinlandi-filmin-2025-yilinda-netflixte-cikmasi-bekleniyor-17171786684923_1-740x420.jpg\",\"datePublished\":\"2024-05-31T19:23:38+00:00\",\"author\":{\"@id\":\"https:\\\/\\\/kibrisdakik.com\\\/#\\\/schema\\\/person\\\/9cd9d437bbb44f72b73ba127e06d8e79\"},\"breadcrumb\":{\"@id\":\"https:\\\/\\\/kibrisdakik.com\\\/?p=44029#breadcrumb\"},\"inLanguage\":\"tr\",\"potentialAction\":[{\"@type\":\"ReadAction\",\"target\":[\"https:\\\/\\\/kibrisdakik.com\\\/?p=44029\"]}]},{\"@type\":\"ImageObject\",\"inLanguage\":\"tr\",\"@id\":\"https:\\\/\\\/kibrisdakik.com\\\/?p=44029#primaryimage\",\"url\":\"https:\\\/\\\/kibrisdakik.com\\\/wp-content\\\/uploads\\\/2024\\\/05\\\/gora-4-gora-filminden-ilk-fotograflar-yayinlandi-filmin-2025-yilinda-netflixte-cikmasi-bekleniyor-17171786684923_1-740x420.jpg\",\"contentUrl\":\"https:\\\/\\\/kibrisdakik.com\\\/wp-content\\\/uploads\\\/2024\\\/05\\\/gora-4-gora-filminden-ilk-fotograflar-yayinlandi-filmin-2025-yilinda-netflixte-cikmasi-bekleniyor-17171786684923_1-740x420.jpg\",\"width\":1280,\"height\":746},{\"@type\":\"BreadcrumbList\",\"@id\":\"https:\\\/\\\/kibrisdakik.com\\\/?p=44029#breadcrumb\",\"itemListElement\":[{\"@type\":\"ListItem\",\"position\":1,\"name\":\"Home\",\"item\":\"https:\\\/\\\/kibrisdakik.com\\\/\"},{\"@type\":\"ListItem\",\"position\":2,\"name\":\"Gora 4 Gora filminden ilk foto\u011fraflar yay\u0131nland\u0131\"}]},{\"@type\":\"WebSite\",\"@id\":\"https:\\\/\\\/kibrisdakik.com\\\/#website\",\"url\":\"https:\\\/\\\/kibrisdakik.com\\\/\",\"name\":\"\",\"description\":\"Tam vaktinde haber\",\"potentialAction\":[{\"@type\":\"SearchAction\",\"target\":{\"@type\":\"EntryPoint\",\"urlTemplate\":\"https:\\\/\\\/kibrisdakik.com\\\/?s={search_term_string}\"},\"query-input\":{\"@type\":\"PropertyValueSpecification\",\"valueRequired\":true,\"valueName\":\"search_term_string\"}}],\"inLanguage\":\"tr\"},{\"@type\":\"Person\",\"@id\":\"https:\\\/\\\/kibrisdakik.com\\\/#\\\/schema\\\/person\\\/9cd9d437bbb44f72b73ba127e06d8e79\",\"name\":\"admin\",\"image\":{\"@type\":\"ImageObject\",\"inLanguage\":\"tr\",\"@id\":\"https:\\\/\\\/secure.gravatar.com\\\/avatar\\\/ccc17943b9d660506c869530f897617f7cb1c21a4bf30023f252596d83e1f007?s=96&d=mm&r=g\",\"url\":\"https:\\\/\\\/secure.gravatar.com\\\/avatar\\\/ccc17943b9d660506c869530f897617f7cb1c21a4bf30023f252596d83e1f007?s=96&d=mm&r=g\",\"contentUrl\":\"https:\\\/\\\/secure.gravatar.com\\\/avatar\\\/ccc17943b9d660506c869530f897617f7cb1c21a4bf30023f252596d83e1f007?s=96&d=mm&r=g\",\"caption\":\"admin\"},\"sameAs\":[\"https:\\\/\\\/kibrisdakik.com\"],\"url\":\"https:\\\/\\\/kibrisdakik.com\\\/?author=1\"}]}<\/script>\n<!-- \/ Yoast SEO plugin. -->","yoast_head_json":{"title":"Gora 4 Gora filminden ilk foto\u011fraflar yay\u0131nland\u0131 -","robots":{"index":"index","follow":"follow","max-snippet":"max-snippet:-1","max-image-preview":"max-image-preview:large","max-video-preview":"max-video-preview:-1"},"canonical":"https:\/\/kibrisdakik.com\/?p=44029","og_locale":"tr_TR","og_type":"article","og_title":"Gora 4 Gora filminden ilk foto\u011fraflar yay\u0131nland\u0131 -","og_description":"T\u00fcrk komedisinin efsanevi ismi Cem Y\u0131lmaz, G.O.R.A serisinin d\u00f6rd\u00fcnc\u00fc filmi i\u00e7in duyuruda bulunmu\u015ftu. \u00dcnl\u00fc komedyen, X hesab\u0131ndan yapt\u0131\u011f\u0131 a\u00e7\u0131klamada, G.O.R.A 4 G.O.R.A filminden, iki yeni foto\u011fraf payla\u015ft\u0131.&nbsp; 2004 y\u0131l\u0131nda vizyona giren ve b\u00fcy\u00fck bir hayran kitlesi kazanan G.O.R.A, Cem Y\u0131lmaz, \u015eafak Sezer, Ozan G\u00fcven, \u00d6zkan U\u011fur, \u00d6zge \u00d6zberk, Rasim \u00d6ztekin ve Erdal Tosun gibi \u00f6nemli","og_url":"https:\/\/kibrisdakik.com\/?p=44029","article_published_time":"2024-05-31T19:23:38+00:00","og_image":[{"width":1280,"height":746,"url":"https:\/\/kibrisdakik.com\/wp-content\/uploads\/2024\/05\/gora-4-gora-filminden-ilk-fotograflar-yayinlandi-filmin-2025-yilinda-netflixte-cikmasi-bekleniyor-17171786684923_1-740x420.jpg","type":"image\/jpeg"}],"author":"admin","twitter_card":"summary_large_image","twitter_misc":{"Yazan:":"admin","Tahmini okuma s\u00fcresi":"1 dakika"},"schema":{"@context":"https:\/\/schema.org","@graph":[{"@type":"Article","@id":"https:\/\/kibrisdakik.com\/?p=44029#article","isPartOf":{"@id":"https:\/\/kibrisdakik.com\/?p=44029"},"author":{"name":"admin","@id":"https:\/\/kibrisdakik.com\/#\/schema\/person\/9cd9d437bbb44f72b73ba127e06d8e79"},"headline":"Gora 4 Gora filminden ilk foto\u011fraflar yay\u0131nland\u0131","datePublished":"2024-05-31T19:23:38+00:00","mainEntityOfPage":{"@id":"https:\/\/kibrisdakik.com\/?p=44029"},"wordCount":128,"commentCount":0,"image":{"@id":"https:\/\/kibrisdakik.com\/?p=44029#primaryimage"},"thumbnailUrl":"https:\/\/kibrisdakik.com\/wp-content\/uploads\/2024\/05\/gora-4-gora-filminden-ilk-fotograflar-yayinlandi-filmin-2025-yilinda-netflixte-cikmasi-bekleniyor-17171786684923_1-740x420.jpg","articleSection":["Spor"],"inLanguage":"tr","potentialAction":[{"@type":"CommentAction","name":"Comment","target":["https:\/\/kibrisdakik.com\/?p=44029#respond"]}]},{"@type":"WebPage","@id":"https:\/\/kibrisdakik.com\/?p=44029","url":"https:\/\/kibrisdakik.com\/?p=44029","name":"Gora 4 Gora filminden ilk foto\u011fraflar yay\u0131nland\u0131 -","isPartOf":{"@id":"https:\/\/kibrisdakik.com\/#website"},"primaryImageOfPage":{"@id":"https:\/\/kibrisdakik.com\/?p=44029#primaryimage"},"image":{"@id":"https:\/\/kibrisdakik.com\/?p=44029#primaryimage"},"thumbnailUrl":"https:\/\/kibrisdakik.com\/wp-content\/uploads\/2024\/05\/gora-4-gora-filminden-ilk-fotograflar-yayinlandi-filmin-2025-yilinda-netflixte-cikmasi-bekleniyor-17171786684923_1-740x420.jpg","datePublished":"2024-05-31T19:23:38+00:00","author":{"@id":"https:\/\/kibrisdakik.com\/#\/schema\/person\/9cd9d437bbb44f72b73ba127e06d8e79"},"breadcrumb":{"@id":"https:\/\/kibrisdakik.com\/?p=44029#breadcrumb"},"inLanguage":"tr","potentialAction":[{"@type":"ReadAction","target":["https:\/\/kibrisdakik.com\/?p=44029"]}]},{"@type":"ImageObject","inLanguage":"tr","@id":"https:\/\/kibrisdakik.com\/?p=44029#primaryimage","url":"https:\/\/kibrisdakik.com\/wp-content\/uploads\/2024\/05\/gora-4-gora-filminden-ilk-fotograflar-yayinlandi-filmin-2025-yilinda-netflixte-cikmasi-bekleniyor-17171786684923_1-740x420.jpg","contentUrl":"https:\/\/kibrisdakik.com\/wp-content\/uploads\/2024\/05\/gora-4-gora-filminden-ilk-fotograflar-yayinlandi-filmin-2025-yilinda-netflixte-cikmasi-bekleniyor-17171786684923_1-740x420.jpg","width":1280,"height":746},{"@type":"BreadcrumbList","@id":"https:\/\/kibrisdakik.com\/?p=44029#breadcrumb","itemListElement":[{"@type":"ListItem","position":1,"name":"Home","item":"https:\/\/kibrisdakik.com\/"},{"@type":"ListItem","position":2,"name":"Gora 4 Gora filminden ilk foto\u011fraflar yay\u0131nland\u0131"}]},{"@type":"WebSite","@id":"https:\/\/kibrisdakik.com\/#website","url":"https:\/\/kibrisdakik.com\/","name":"","description":"Tam vaktinde haber","potentialAction":[{"@type":"SearchAction","target":{"@type":"EntryPoint","urlTemplate":"https:\/\/kibrisdakik.com\/?s={search_term_string}"},"query-input":{"@type":"PropertyValueSpecification","valueRequired":true,"valueName":"search_term_string"}}],"inLanguage":"tr"},{"@type":"Person","@id":"https:\/\/kibrisdakik.com\/#\/schema\/person\/9cd9d437bbb44f72b73ba127e06d8e79","name":"admin","image":{"@type":"ImageObject","inLanguage":"tr","@id":"https:\/\/secure.gravatar.com\/avatar\/ccc17943b9d660506c869530f897617f7cb1c21a4bf30023f252596d83e1f007?s=96&d=mm&r=g","url":"https:\/\/secure.gravatar.com\/avatar\/ccc17943b9d660506c869530f897617f7cb1c21a4bf30023f252596d83e1f007?s=96&d=mm&r=g","contentUrl":"https:\/\/secure.gravatar.com\/avatar\/ccc17943b9d660506c869530f897617f7cb1c21a4bf30023f252596d83e1f007?s=96&d=mm&r=g","caption":"admin"},"sameAs":["https:\/\/kibrisdakik.com"],"url":"https:\/\/kibrisdakik.com\/?author=1"}]}},"_links":{"self":[{"href":"https:\/\/kibrisdakik.com\/index.php?rest_route=\/wp\/v2\/posts\/44029","targetHints":{"allow":["GET"]}}],"collection":[{"href":"https:\/\/kibrisdakik.com\/index.php?rest_route=\/wp\/v2\/posts"}],"about":[{"href":"https:\/\/kibrisdakik.com\/index.php?rest_route=\/wp\/v2\/types\/post"}],"author":[{"embeddable":true,"href":"https:\/\/kibrisdakik.com\/index.php?rest_route=\/wp\/v2\/users\/1"}],"replies":[{"embeddable":true,"href":"https:\/\/kibrisdakik.com\/index.php?rest_route=%2Fwp%2Fv2%2Fcomments&post=44029"}],"version-history":[{"count":0,"href":"https:\/\/kibrisdakik.com\/index.php?rest_route=\/wp\/v2\/posts\/44029\/revisions"}],"wp:featuredmedia":[{"embeddable":true,"href":"https:\/\/kibrisdakik.com\/index.php?rest_route=\/wp\/v2\/media\/44030"}],"wp:attachment":[{"href":"https:\/\/kibrisdakik.com\/index.php?rest_route=%2Fwp%2Fv2%2Fmedia&parent=44029"}],"wp:term":[{"taxonomy":"category","embeddable":true,"href":"https:\/\/kibrisdakik.com\/index.php?rest_route=%2Fwp%2Fv2%2Fcategories&post=44029"},{"taxonomy":"post_tag","embeddable":true,"href":"https:\/\/kibrisdakik.com\/index.php?rest_route=%2Fwp%2Fv2%2Ftags&post=44029"}],"curies":[{"name":"wp","href":"https:\/\/api.w.org\/{rel}","templated":true}]}}