{"id":44169,"date":"2024-06-01T23:09:02","date_gmt":"2024-06-01T23:09:02","guid":{"rendered":"https:\/\/kibrisdakik.com\/index.php\/2024\/06\/01\/cumhurbaskani-tatar-1-gecitkale-serdarli-belediyesi-kultur-ve-sanat-festivali-acilisina-katildi-2\/"},"modified":"2024-06-01T23:09:02","modified_gmt":"2024-06-01T23:09:02","slug":"cumhurbaskani-tatar-1-gecitkale-serdarli-belediyesi-kultur-ve-sanat-festivali-acilisina-katildi-2","status":"publish","type":"post","link":"https:\/\/kibrisdakik.com\/?p=44169","title":{"rendered":"Cumhurba\u015fkan\u0131 Tatar, 1.Ge\u00e7itkale-Serdarl\u0131 Belediyesi \u201cK\u00fclt\u00fcr ve Sanat Festivali\u201d a\u00e7\u0131l\u0131\u015f\u0131na kat\u0131ld\u0131"},"content":{"rendered":"<p><\/p>\n<div>\n<div class=\"mariselle-image-container center\">\n                <img loading=\"lazy\" decoding=\"async\" width=\"1599\" height=\"1088\" class=\"lazy-image\" alt=\"\" sizes=\"auto, (max-width: 1599px) 100vw, 1599px\" src=\"https:\/\/brtk.net\/wp-content\/uploads\/2024\/06\/01\/tatar-gecitkale-serdarli-belediyesi-senlik-2-.jpg?ver=46833c40389abf61e9cd6f020040c578\" srcset=\"https:\/\/brtk.net\/wp-content\/uploads\/2024\/06\/01\/tatar-gecitkale-serdarli-belediyesi-senlik-2-.jpg?ver=46833c40389abf61e9cd6f020040c578 1599w, https:\/\/brtk.net\/wp-content\/uploads\/2024\/06\/01\/tatar-gecitkale-serdarli-belediyesi-senlik-2--300x204.jpg?ver=46833c40389abf61e9cd6f020040c578 300w, https:\/\/brtk.net\/wp-content\/uploads\/2024\/06\/01\/tatar-gecitkale-serdarli-belediyesi-senlik-2--1024x697.jpg?ver=a403d7f63eeccfff0134a63755858ad6 1024w, https:\/\/brtk.net\/wp-content\/uploads\/2024\/06\/01\/tatar-gecitkale-serdarli-belediyesi-senlik-2--768x523.jpg?ver=a403d7f63eeccfff0134a63755858ad6 768w, https:\/\/brtk.net\/wp-content\/uploads\/2024\/06\/01\/tatar-gecitkale-serdarli-belediyesi-senlik-2--1536x1045.jpg?ver=7997f888d19ef65b3a4ec8360568e552 1536w\"\/>                            <\/div>\n<p>Cumhurba\u015fkan\u0131 <a href=\"https:\/\/brtk.net\/\" target=\"_blank\" rel=\"noopener\"><a href=\"https:\/\/brtk.net\/\" target=\"_blank\" rel=\"noopener\">Ersin <\/a><a href=\"https:\/\/brtk.net\/\"\/><a href=\"https:\/\/brtk.net\/\"\/><a href=\"https:\/\/brtk.net\/\"\/><a href=\"https:\/\/brtk.net\/\"\/><a href=\"https:\/\/brtk.net\/\"\/><a href=\"https:\/\/brtk.net\/\">Tatar<\/a>, Ge\u00e7itkale-Serdarl\u0131 Belediyesi taraf\u0131ndan Ge\u00e7itkale\u2019de d\u00fczenlenen 1.K\u00fclt\u00fcr ve Sanat Festivali\u2019nin a\u00e7\u0131l\u0131\u015f\u0131na kat\u0131ld\u0131.<\/p>\n<p>Cumhurba\u015fkan\u0131 <a href=\"https:\/\/brtk.net\/\" target=\"_blank\" rel=\"noopener\"><a href=\"https:\/\/brtk.net\/\" target=\"_blank\" rel=\"noopener\">Ersin <\/a><a href=\"https:\/\/brtk.net\/\"\/><a href=\"https:\/\/brtk.net\/\"\/><a href=\"https:\/\/brtk.net\/\"\/><a href=\"https:\/\/brtk.net\/\"\/><a href=\"https:\/\/brtk.net\/\"\/><a href=\"https:\/\/brtk.net\/\">Tatar<\/a>, festivalde yapt\u0131\u011f\u0131 konu\u015fmada, Avustralya ziyaretinden bahsederek orada ya\u015fayan K\u0131br\u0131s T\u00fcrklerinin selamlar\u0131n\u0131 getirdi\u011fini s\u00f6yledi.<\/p>\n<p><a href=\"https:\/\/brtk.net\/\"\/><a href=\"https:\/\/brtk.net\/\"\/><a href=\"https:\/\/brtk.net\/\"\/><a href=\"https:\/\/brtk.net\/\"\/><a href=\"https:\/\/brtk.net\/\"\/><a href=\"https:\/\/brtk.net\/\">Tatar<\/a>, K\u0131br\u0131s T\u00fcrklerinin 1940\u2019l\u0131 y\u0131llardan itibaren 14 bin kilometre uzakl\u0131\u011fa giderek yerle\u015fti\u011fine ve d\u00f6rd\u00fcnc\u00fc ku\u015fakla beraber \u00f6nemli i\u015flere imza att\u0131klar\u0131na i\u015faret ederek, \u201cOrada kendi \u00f6rf, adet, gelenekleri ve k\u00fclt\u00fcr\u00fcyle ya\u015famlar\u0131n\u0131 s\u00fcrd\u00fcr\u00fcyorlar ama ak\u0131llar\u0131 ve y\u00fcrekleri hep burada, vatanlar\u0131nda\u2026\u201d dedi.<\/p>\n<div class=\"mariselle-image-container center\">\n                <img loading=\"lazy\" decoding=\"async\" width=\"1600\" height=\"1066\" class=\"lazy-image\" alt=\"\" sizes=\"auto, (max-width: 1600px) 100vw, 1600px\" src=\"https:\/\/brtk.net\/wp-content\/uploads\/2024\/06\/01\/tatar-gecitkale-serdarli-belediyesi-senlik-3-.jpg?ver=37dee75118d383062318488829199412\" srcset=\"https:\/\/brtk.net\/wp-content\/uploads\/2024\/06\/01\/tatar-gecitkale-serdarli-belediyesi-senlik-3-.jpg?ver=37dee75118d383062318488829199412 1600w, https:\/\/brtk.net\/wp-content\/uploads\/2024\/06\/01\/tatar-gecitkale-serdarli-belediyesi-senlik-3--300x200.jpg?ver=14f3fecb201fdc32a601e178c01e72e1 300w, https:\/\/brtk.net\/wp-content\/uploads\/2024\/06\/01\/tatar-gecitkale-serdarli-belediyesi-senlik-3--1024x682.jpg?ver=14f3fecb201fdc32a601e178c01e72e1 1024w, https:\/\/brtk.net\/wp-content\/uploads\/2024\/06\/01\/tatar-gecitkale-serdarli-belediyesi-senlik-3--768x512.jpg?ver=14f3fecb201fdc32a601e178c01e72e1 768w, https:\/\/brtk.net\/wp-content\/uploads\/2024\/06\/01\/tatar-gecitkale-serdarli-belediyesi-senlik-3--1536x1023.jpg?ver=45876268bfe836f0e5e80ee90b086bae 1536w\"\/>                            <\/div>\n<p>K\u0131br\u0131s T\u00fcrk\u00fc\u2019n\u00fcn k\u00fclt\u00fcr\u00fcn\u00fc ve geleneklerini ya\u015fatmaya devam etti\u011fini, k\u00fclt\u00fcrel zenginliklerin gelecek ku\u015faklara aktar\u0131ld\u0131\u011f\u0131n\u0131 dile getiren <a href=\"https:\/\/brtk.net\/\"\/><a href=\"https:\/\/brtk.net\/\"\/><a href=\"https:\/\/brtk.net\/\"\/><a href=\"https:\/\/brtk.net\/\"\/><a href=\"https:\/\/brtk.net\/\"\/><a href=\"https:\/\/brtk.net\/\">Tatar<\/a>, \u201cManeviyat\u0131m\u0131z, k\u00fclt\u00fcr\u00fcm\u00fcz ve de\u011ferimizle T\u00fcrk milletinin ayr\u0131lmaz bir par\u00e7as\u0131 olarak bu topraklarda var olaca\u011f\u0131z.\u201d dedi.<\/p>\n<p>Cumhurba\u015fkan\u0131 <a href=\"https:\/\/brtk.net\/\"\/><a href=\"https:\/\/brtk.net\/\"\/><a href=\"https:\/\/brtk.net\/\"\/><a href=\"https:\/\/brtk.net\/\"\/><a href=\"https:\/\/brtk.net\/\"\/><a href=\"https:\/\/brtk.net\/\">Tatar<\/a>, d\u00fcnyada \u00e7at\u0131\u015fmalar ya\u015fan\u0131rken, \u00fclkede ekonominin ve refah\u0131n art\u0131r\u0131lmas\u0131 i\u00e7in \u00e7al\u0131\u015fmalar\u0131n s\u00fcrd\u00fc\u011f\u00fcn\u00fc de kaydetti.<\/p>\n<p>Ge\u00e7itkale\u2019nin geli\u015fen bir b\u00f6lge oldu\u011funu ve projelerin hayata ge\u00e7ti\u011fini anlatan <a href=\"https:\/\/brtk.net\/\"\/><a href=\"https:\/\/brtk.net\/\"\/><a href=\"https:\/\/brtk.net\/\"\/><a href=\"https:\/\/brtk.net\/\"\/><a href=\"https:\/\/brtk.net\/\"\/><a href=\"https:\/\/brtk.net\/\">Tatar<\/a>, gerek yurt i\u00e7inde gerekse yurt d\u0131\u015f\u0131nda ba\u015far\u0131l\u0131 olan insanlar\u0131n \u00fclkesine d\u00f6n\u00fcp yat\u0131r\u0131m yapt\u0131\u011f\u0131n\u0131 ifade etti.<\/p>\n<p>Cumhurba\u015fkan\u0131 <a href=\"https:\/\/brtk.net\/\"\/><a href=\"https:\/\/brtk.net\/\"\/><a href=\"https:\/\/brtk.net\/\"\/><a href=\"https:\/\/brtk.net\/\"\/><a href=\"https:\/\/brtk.net\/\"\/><a href=\"https:\/\/brtk.net\/\">Tatar<\/a>, Ge\u00e7itkale-Serdar\u2019la Belediyesi taraf\u0131ndan ilk kez d\u00fczenlenen festivalde eme\u011fi ge\u00e7en belediye ba\u015fkan\u0131, meclis \u00fcyeleri, belediye \u00e7al\u0131\u015fanlar\u0131 ve vatanda\u015flar\u0131 tebrik de etti.<\/p>\n<p>-Festivalde bug\u00fcnk\u00fc etkinlikler 16.00\u2019da ba\u015flayacak<\/p>\n<p>1.Ge\u00e7itkale-Serdarl\u0131 Belediyesi \u201cK\u00fclt\u00fcr ve Sanat Festivali\u201d d\u00fcn \u00f6\u011fleden sonra kortej y\u00fcr\u00fcy\u00fc\u015f\u00fcyle ba\u015flad\u0131. Ge\u00e7itkale D\u00fc\u011f\u00fcn Salonu \u00f6n\u00fcnden ba\u015flayarak k\u00f6y meydan\u0131nda sona eren kortej y\u00fcr\u00fcy\u00fc\u015f\u00fcne Ge\u00e7itkale Serdarl\u0131 Belediye Ba\u015fkan\u0131 Halil Kas\u0131m, bakanlar ve k\u00f6y halk\u0131 kat\u0131ld\u0131.<\/p>\n<p>D\u00fcn Festival kapsam\u0131nda, Grup Five Stars ve Do\u011fan Baybora Murat Mermer sahne al\u0131rken, bug\u00fcnk\u00fc etkinlikler saat 16.00\u2019da ba\u015flayacak.<\/p>\n<p>Bug\u00fcn 16.00-19.00 saatleri aras\u0131nda Ge\u00e7itkale G\u00fcnay Spor Kul\u00fcb\u00fc Futbol sahas\u0131nda \u201c1 Haziran D\u00fcnya \u00c7ocuk G\u00fcn\u00fc \u015eenli\u011fi\u201dnin yer alaca\u011f\u0131 Festival\u2019de, Ge\u00e7itkale k\u00f6y meydan\u0131nda saat 19.30\u2019da Ge\u00e7itkale-Serdarl\u0131 Belediyesi Ge\u00e7itkale minikler halk danslar\u0131 g\u00f6sterisi, saat 20.30 G\u00f6nendere K\u00fclt\u00fcr ve Sanat Derne\u011fi Master Halk Danslar\u0131 Toplulu\u011fu, saat 21.00\u2019de de Akare Dans Grubu g\u00f6steriler sunacak. Ard\u0131ndan saat 21.30\u2019da Grup Salt konser verecek ve ikinci g\u00fcn etkinlikleri tombala \u00e7ekili\u015finin ard\u0131ndan sona erecek.<\/p>\n<p>-Yar\u0131n K\u0131ra\u00e7 konseri var<\/p>\n<p>Festival\u2019in \u00fc\u00e7\u00fcnc\u00fc ve son g\u00fcn\u00fc olan yar\u0131n ise saat 19.30\u2019da dans grubu g\u00f6sterisi, saat 20.00\u2019de Grup SOS konseri ve saat 21.30\u2019da T\u00fcrkiye\u2019nin \u00fcnl\u00fc sanat\u00e7\u0131s\u0131 K\u0131ra\u00e7 konseri yer alacak.<\/p>\n<\/p><\/div>\n<p><script async\n                    defer\n                    crossorigin=\"anonymous\"\n                    src=\"https:\/\/connect.facebook.net\/tr_TR\/sdk.js#xfbml=1&#038;version=v3.3\"\n            ><\/script><\/p>\n","protected":false},"excerpt":{"rendered":"<p>Cumhurba\u015fkan\u0131 Ersin Tatar, Ge\u00e7itkale-Serdarl\u0131 Belediyesi taraf\u0131ndan Ge\u00e7itkale\u2019de d\u00fczenlenen 1.K\u00fclt\u00fcr ve Sanat Festivali\u2019nin a\u00e7\u0131l\u0131\u015f\u0131na kat\u0131ld\u0131. Cumhurba\u015fkan\u0131 Ersin Tatar, festivalde yapt\u0131\u011f\u0131 konu\u015fmada, Avustralya ziyaretinden bahsederek orada ya\u015fayan K\u0131br\u0131s T\u00fcrklerinin selamlar\u0131n\u0131 getirdi\u011fini s\u00f6yledi. Tatar, K\u0131br\u0131s T\u00fcrklerinin 1940\u2019l\u0131 y\u0131llardan itibaren 14 bin kilometre uzakl\u0131\u011fa giderek yerle\u015fti\u011fine ve d\u00f6rd\u00fcnc\u00fc ku\u015fakla beraber \u00f6nemli i\u015flere imza att\u0131klar\u0131na i\u015faret ederek, \u201cOrada kendi \u00f6rf,<\/p>\n","protected":false},"author":1,"featured_media":44170,"comment_status":"open","ping_status":"open","sticky":false,"template":"","format":"standard","meta":{"footnotes":""},"categories":[1],"tags":[],"class_list":["post-44169","post","type-post","status-publish","format-standard","has-post-thumbnail","hentry","category-gundem"],"yoast_head":"<!-- This site is optimized with the Yoast SEO plugin v27.5 - https:\/\/yoast.com\/product\/yoast-seo-wordpress\/ -->\n<title>Cumhurba\u015fkan\u0131 Tatar, 1.Ge\u00e7itkale-Serdarl\u0131 Belediyesi \u201cK\u00fclt\u00fcr ve Sanat Festivali\u201d a\u00e7\u0131l\u0131\u015f\u0131na kat\u0131ld\u0131 -<\/title>\n<meta name=\"robots\" content=\"index, follow, max-snippet:-1, max-image-preview:large, max-video-preview:-1\" \/>\n<link rel=\"canonical\" href=\"https:\/\/kibrisdakik.com\/?p=44169\" \/>\n<meta property=\"og:locale\" content=\"tr_TR\" \/>\n<meta property=\"og:type\" content=\"article\" \/>\n<meta property=\"og:title\" content=\"Cumhurba\u015fkan\u0131 Tatar, 1.Ge\u00e7itkale-Serdarl\u0131 Belediyesi \u201cK\u00fclt\u00fcr ve Sanat Festivali\u201d a\u00e7\u0131l\u0131\u015f\u0131na kat\u0131ld\u0131 -\" \/>\n<meta property=\"og:description\" content=\"Cumhurba\u015fkan\u0131 Ersin Tatar, Ge\u00e7itkale-Serdarl\u0131 Belediyesi taraf\u0131ndan Ge\u00e7itkale\u2019de d\u00fczenlenen 1.K\u00fclt\u00fcr ve Sanat Festivali\u2019nin a\u00e7\u0131l\u0131\u015f\u0131na kat\u0131ld\u0131. Cumhurba\u015fkan\u0131 Ersin Tatar, festivalde yapt\u0131\u011f\u0131 konu\u015fmada, Avustralya ziyaretinden bahsederek orada ya\u015fayan K\u0131br\u0131s T\u00fcrklerinin selamlar\u0131n\u0131 getirdi\u011fini s\u00f6yledi. Tatar, K\u0131br\u0131s T\u00fcrklerinin 1940\u2019l\u0131 y\u0131llardan itibaren 14 bin kilometre uzakl\u0131\u011fa giderek yerle\u015fti\u011fine ve d\u00f6rd\u00fcnc\u00fc ku\u015fakla beraber \u00f6nemli i\u015flere imza att\u0131klar\u0131na i\u015faret ederek, \u201cOrada kendi \u00f6rf,\" \/>\n<meta property=\"og:url\" content=\"https:\/\/kibrisdakik.com\/?p=44169\" \/>\n<meta property=\"article:published_time\" content=\"2024-06-01T23:09:02+00:00\" \/>\n<meta property=\"og:image\" content=\"https:\/\/kibrisdakik.com\/wp-content\/uploads\/2024\/06\/tatar-gecitkale-serdarli-belediyesi-senlik-1--740x420.jpg\" \/>\n\t<meta property=\"og:image:width\" content=\"1599\" \/>\n\t<meta property=\"og:image:height\" content=\"1066\" \/>\n\t<meta property=\"og:image:type\" content=\"image\/jpeg\" \/>\n<meta name=\"author\" content=\"admin\" \/>\n<meta name=\"twitter:card\" content=\"summary_large_image\" \/>\n<meta name=\"twitter:label1\" content=\"Yazan:\" \/>\n\t<meta name=\"twitter:data1\" content=\"admin\" \/>\n\t<meta name=\"twitter:label2\" content=\"Tahmini okuma s\u00fcresi\" \/>\n\t<meta name=\"twitter:data2\" content=\"2 dakika\" \/>\n<script type=\"application\/ld+json\" class=\"yoast-schema-graph\">{\"@context\":\"https:\\\/\\\/schema.org\",\"@graph\":[{\"@type\":\"Article\",\"@id\":\"https:\\\/\\\/kibrisdakik.com\\\/?p=44169#article\",\"isPartOf\":{\"@id\":\"https:\\\/\\\/kibrisdakik.com\\\/?p=44169\"},\"author\":{\"name\":\"admin\",\"@id\":\"https:\\\/\\\/kibrisdakik.com\\\/#\\\/schema\\\/person\\\/9cd9d437bbb44f72b73ba127e06d8e79\"},\"headline\":\"Cumhurba\u015fkan\u0131 Tatar, 1.Ge\u00e7itkale-Serdarl\u0131 Belediyesi \u201cK\u00fclt\u00fcr ve Sanat Festivali\u201d a\u00e7\u0131l\u0131\u015f\u0131na kat\u0131ld\u0131\",\"datePublished\":\"2024-06-01T23:09:02+00:00\",\"mainEntityOfPage\":{\"@id\":\"https:\\\/\\\/kibrisdakik.com\\\/?p=44169\"},\"wordCount\":511,\"commentCount\":0,\"image\":{\"@id\":\"https:\\\/\\\/kibrisdakik.com\\\/?p=44169#primaryimage\"},\"thumbnailUrl\":\"https:\\\/\\\/kibrisdakik.com\\\/wp-content\\\/uploads\\\/2024\\\/06\\\/tatar-gecitkale-serdarli-belediyesi-senlik-1--740x420.jpg\",\"articleSection\":[\"G\u00fcndem\"],\"inLanguage\":\"tr\",\"potentialAction\":[{\"@type\":\"CommentAction\",\"name\":\"Comment\",\"target\":[\"https:\\\/\\\/kibrisdakik.com\\\/?p=44169#respond\"]}]},{\"@type\":\"WebPage\",\"@id\":\"https:\\\/\\\/kibrisdakik.com\\\/?p=44169\",\"url\":\"https:\\\/\\\/kibrisdakik.com\\\/?p=44169\",\"name\":\"Cumhurba\u015fkan\u0131 Tatar, 1.Ge\u00e7itkale-Serdarl\u0131 Belediyesi \u201cK\u00fclt\u00fcr ve Sanat Festivali\u201d a\u00e7\u0131l\u0131\u015f\u0131na kat\u0131ld\u0131 -\",\"isPartOf\":{\"@id\":\"https:\\\/\\\/kibrisdakik.com\\\/#website\"},\"primaryImageOfPage\":{\"@id\":\"https:\\\/\\\/kibrisdakik.com\\\/?p=44169#primaryimage\"},\"image\":{\"@id\":\"https:\\\/\\\/kibrisdakik.com\\\/?p=44169#primaryimage\"},\"thumbnailUrl\":\"https:\\\/\\\/kibrisdakik.com\\\/wp-content\\\/uploads\\\/2024\\\/06\\\/tatar-gecitkale-serdarli-belediyesi-senlik-1--740x420.jpg\",\"datePublished\":\"2024-06-01T23:09:02+00:00\",\"author\":{\"@id\":\"https:\\\/\\\/kibrisdakik.com\\\/#\\\/schema\\\/person\\\/9cd9d437bbb44f72b73ba127e06d8e79\"},\"breadcrumb\":{\"@id\":\"https:\\\/\\\/kibrisdakik.com\\\/?p=44169#breadcrumb\"},\"inLanguage\":\"tr\",\"potentialAction\":[{\"@type\":\"ReadAction\",\"target\":[\"https:\\\/\\\/kibrisdakik.com\\\/?p=44169\"]}]},{\"@type\":\"ImageObject\",\"inLanguage\":\"tr\",\"@id\":\"https:\\\/\\\/kibrisdakik.com\\\/?p=44169#primaryimage\",\"url\":\"https:\\\/\\\/kibrisdakik.com\\\/wp-content\\\/uploads\\\/2024\\\/06\\\/tatar-gecitkale-serdarli-belediyesi-senlik-1--740x420.jpg\",\"contentUrl\":\"https:\\\/\\\/kibrisdakik.com\\\/wp-content\\\/uploads\\\/2024\\\/06\\\/tatar-gecitkale-serdarli-belediyesi-senlik-1--740x420.jpg\",\"width\":1599,\"height\":1066},{\"@type\":\"BreadcrumbList\",\"@id\":\"https:\\\/\\\/kibrisdakik.com\\\/?p=44169#breadcrumb\",\"itemListElement\":[{\"@type\":\"ListItem\",\"position\":1,\"name\":\"Home\",\"item\":\"https:\\\/\\\/kibrisdakik.com\\\/\"},{\"@type\":\"ListItem\",\"position\":2,\"name\":\"Cumhurba\u015fkan\u0131 Tatar, 1.Ge\u00e7itkale-Serdarl\u0131 Belediyesi \u201cK\u00fclt\u00fcr ve Sanat Festivali\u201d a\u00e7\u0131l\u0131\u015f\u0131na kat\u0131ld\u0131\"}]},{\"@type\":\"WebSite\",\"@id\":\"https:\\\/\\\/kibrisdakik.com\\\/#website\",\"url\":\"https:\\\/\\\/kibrisdakik.com\\\/\",\"name\":\"\",\"description\":\"Tam vaktinde haber\",\"potentialAction\":[{\"@type\":\"SearchAction\",\"target\":{\"@type\":\"EntryPoint\",\"urlTemplate\":\"https:\\\/\\\/kibrisdakik.com\\\/?s={search_term_string}\"},\"query-input\":{\"@type\":\"PropertyValueSpecification\",\"valueRequired\":true,\"valueName\":\"search_term_string\"}}],\"inLanguage\":\"tr\"},{\"@type\":\"Person\",\"@id\":\"https:\\\/\\\/kibrisdakik.com\\\/#\\\/schema\\\/person\\\/9cd9d437bbb44f72b73ba127e06d8e79\",\"name\":\"admin\",\"image\":{\"@type\":\"ImageObject\",\"inLanguage\":\"tr\",\"@id\":\"https:\\\/\\\/secure.gravatar.com\\\/avatar\\\/ccc17943b9d660506c869530f897617f7cb1c21a4bf30023f252596d83e1f007?s=96&d=mm&r=g\",\"url\":\"https:\\\/\\\/secure.gravatar.com\\\/avatar\\\/ccc17943b9d660506c869530f897617f7cb1c21a4bf30023f252596d83e1f007?s=96&d=mm&r=g\",\"contentUrl\":\"https:\\\/\\\/secure.gravatar.com\\\/avatar\\\/ccc17943b9d660506c869530f897617f7cb1c21a4bf30023f252596d83e1f007?s=96&d=mm&r=g\",\"caption\":\"admin\"},\"sameAs\":[\"https:\\\/\\\/kibrisdakik.com\"],\"url\":\"https:\\\/\\\/kibrisdakik.com\\\/?author=1\"}]}<\/script>\n<!-- \/ Yoast SEO plugin. -->","yoast_head_json":{"title":"Cumhurba\u015fkan\u0131 Tatar, 1.Ge\u00e7itkale-Serdarl\u0131 Belediyesi \u201cK\u00fclt\u00fcr ve Sanat Festivali\u201d a\u00e7\u0131l\u0131\u015f\u0131na kat\u0131ld\u0131 -","robots":{"index":"index","follow":"follow","max-snippet":"max-snippet:-1","max-image-preview":"max-image-preview:large","max-video-preview":"max-video-preview:-1"},"canonical":"https:\/\/kibrisdakik.com\/?p=44169","og_locale":"tr_TR","og_type":"article","og_title":"Cumhurba\u015fkan\u0131 Tatar, 1.Ge\u00e7itkale-Serdarl\u0131 Belediyesi \u201cK\u00fclt\u00fcr ve Sanat Festivali\u201d a\u00e7\u0131l\u0131\u015f\u0131na kat\u0131ld\u0131 -","og_description":"Cumhurba\u015fkan\u0131 Ersin Tatar, Ge\u00e7itkale-Serdarl\u0131 Belediyesi taraf\u0131ndan Ge\u00e7itkale\u2019de d\u00fczenlenen 1.K\u00fclt\u00fcr ve Sanat Festivali\u2019nin a\u00e7\u0131l\u0131\u015f\u0131na kat\u0131ld\u0131. Cumhurba\u015fkan\u0131 Ersin Tatar, festivalde yapt\u0131\u011f\u0131 konu\u015fmada, Avustralya ziyaretinden bahsederek orada ya\u015fayan K\u0131br\u0131s T\u00fcrklerinin selamlar\u0131n\u0131 getirdi\u011fini s\u00f6yledi. Tatar, K\u0131br\u0131s T\u00fcrklerinin 1940\u2019l\u0131 y\u0131llardan itibaren 14 bin kilometre uzakl\u0131\u011fa giderek yerle\u015fti\u011fine ve d\u00f6rd\u00fcnc\u00fc ku\u015fakla beraber \u00f6nemli i\u015flere imza att\u0131klar\u0131na i\u015faret ederek, \u201cOrada kendi \u00f6rf,","og_url":"https:\/\/kibrisdakik.com\/?p=44169","article_published_time":"2024-06-01T23:09:02+00:00","og_image":[{"width":1599,"height":1066,"url":"https:\/\/kibrisdakik.com\/wp-content\/uploads\/2024\/06\/tatar-gecitkale-serdarli-belediyesi-senlik-1--740x420.jpg","type":"image\/jpeg"}],"author":"admin","twitter_card":"summary_large_image","twitter_misc":{"Yazan:":"admin","Tahmini okuma s\u00fcresi":"2 dakika"},"schema":{"@context":"https:\/\/schema.org","@graph":[{"@type":"Article","@id":"https:\/\/kibrisdakik.com\/?p=44169#article","isPartOf":{"@id":"https:\/\/kibrisdakik.com\/?p=44169"},"author":{"name":"admin","@id":"https:\/\/kibrisdakik.com\/#\/schema\/person\/9cd9d437bbb44f72b73ba127e06d8e79"},"headline":"Cumhurba\u015fkan\u0131 Tatar, 1.Ge\u00e7itkale-Serdarl\u0131 Belediyesi \u201cK\u00fclt\u00fcr ve Sanat Festivali\u201d a\u00e7\u0131l\u0131\u015f\u0131na kat\u0131ld\u0131","datePublished":"2024-06-01T23:09:02+00:00","mainEntityOfPage":{"@id":"https:\/\/kibrisdakik.com\/?p=44169"},"wordCount":511,"commentCount":0,"image":{"@id":"https:\/\/kibrisdakik.com\/?p=44169#primaryimage"},"thumbnailUrl":"https:\/\/kibrisdakik.com\/wp-content\/uploads\/2024\/06\/tatar-gecitkale-serdarli-belediyesi-senlik-1--740x420.jpg","articleSection":["G\u00fcndem"],"inLanguage":"tr","potentialAction":[{"@type":"CommentAction","name":"Comment","target":["https:\/\/kibrisdakik.com\/?p=44169#respond"]}]},{"@type":"WebPage","@id":"https:\/\/kibrisdakik.com\/?p=44169","url":"https:\/\/kibrisdakik.com\/?p=44169","name":"Cumhurba\u015fkan\u0131 Tatar, 1.Ge\u00e7itkale-Serdarl\u0131 Belediyesi \u201cK\u00fclt\u00fcr ve Sanat Festivali\u201d a\u00e7\u0131l\u0131\u015f\u0131na kat\u0131ld\u0131 -","isPartOf":{"@id":"https:\/\/kibrisdakik.com\/#website"},"primaryImageOfPage":{"@id":"https:\/\/kibrisdakik.com\/?p=44169#primaryimage"},"image":{"@id":"https:\/\/kibrisdakik.com\/?p=44169#primaryimage"},"thumbnailUrl":"https:\/\/kibrisdakik.com\/wp-content\/uploads\/2024\/06\/tatar-gecitkale-serdarli-belediyesi-senlik-1--740x420.jpg","datePublished":"2024-06-01T23:09:02+00:00","author":{"@id":"https:\/\/kibrisdakik.com\/#\/schema\/person\/9cd9d437bbb44f72b73ba127e06d8e79"},"breadcrumb":{"@id":"https:\/\/kibrisdakik.com\/?p=44169#breadcrumb"},"inLanguage":"tr","potentialAction":[{"@type":"ReadAction","target":["https:\/\/kibrisdakik.com\/?p=44169"]}]},{"@type":"ImageObject","inLanguage":"tr","@id":"https:\/\/kibrisdakik.com\/?p=44169#primaryimage","url":"https:\/\/kibrisdakik.com\/wp-content\/uploads\/2024\/06\/tatar-gecitkale-serdarli-belediyesi-senlik-1--740x420.jpg","contentUrl":"https:\/\/kibrisdakik.com\/wp-content\/uploads\/2024\/06\/tatar-gecitkale-serdarli-belediyesi-senlik-1--740x420.jpg","width":1599,"height":1066},{"@type":"BreadcrumbList","@id":"https:\/\/kibrisdakik.com\/?p=44169#breadcrumb","itemListElement":[{"@type":"ListItem","position":1,"name":"Home","item":"https:\/\/kibrisdakik.com\/"},{"@type":"ListItem","position":2,"name":"Cumhurba\u015fkan\u0131 Tatar, 1.Ge\u00e7itkale-Serdarl\u0131 Belediyesi \u201cK\u00fclt\u00fcr ve Sanat Festivali\u201d a\u00e7\u0131l\u0131\u015f\u0131na kat\u0131ld\u0131"}]},{"@type":"WebSite","@id":"https:\/\/kibrisdakik.com\/#website","url":"https:\/\/kibrisdakik.com\/","name":"","description":"Tam vaktinde haber","potentialAction":[{"@type":"SearchAction","target":{"@type":"EntryPoint","urlTemplate":"https:\/\/kibrisdakik.com\/?s={search_term_string}"},"query-input":{"@type":"PropertyValueSpecification","valueRequired":true,"valueName":"search_term_string"}}],"inLanguage":"tr"},{"@type":"Person","@id":"https:\/\/kibrisdakik.com\/#\/schema\/person\/9cd9d437bbb44f72b73ba127e06d8e79","name":"admin","image":{"@type":"ImageObject","inLanguage":"tr","@id":"https:\/\/secure.gravatar.com\/avatar\/ccc17943b9d660506c869530f897617f7cb1c21a4bf30023f252596d83e1f007?s=96&d=mm&r=g","url":"https:\/\/secure.gravatar.com\/avatar\/ccc17943b9d660506c869530f897617f7cb1c21a4bf30023f252596d83e1f007?s=96&d=mm&r=g","contentUrl":"https:\/\/secure.gravatar.com\/avatar\/ccc17943b9d660506c869530f897617f7cb1c21a4bf30023f252596d83e1f007?s=96&d=mm&r=g","caption":"admin"},"sameAs":["https:\/\/kibrisdakik.com"],"url":"https:\/\/kibrisdakik.com\/?author=1"}]}},"_links":{"self":[{"href":"https:\/\/kibrisdakik.com\/index.php?rest_route=\/wp\/v2\/posts\/44169","targetHints":{"allow":["GET"]}}],"collection":[{"href":"https:\/\/kibrisdakik.com\/index.php?rest_route=\/wp\/v2\/posts"}],"about":[{"href":"https:\/\/kibrisdakik.com\/index.php?rest_route=\/wp\/v2\/types\/post"}],"author":[{"embeddable":true,"href":"https:\/\/kibrisdakik.com\/index.php?rest_route=\/wp\/v2\/users\/1"}],"replies":[{"embeddable":true,"href":"https:\/\/kibrisdakik.com\/index.php?rest_route=%2Fwp%2Fv2%2Fcomments&post=44169"}],"version-history":[{"count":0,"href":"https:\/\/kibrisdakik.com\/index.php?rest_route=\/wp\/v2\/posts\/44169\/revisions"}],"wp:featuredmedia":[{"embeddable":true,"href":"https:\/\/kibrisdakik.com\/index.php?rest_route=\/wp\/v2\/media\/44170"}],"wp:attachment":[{"href":"https:\/\/kibrisdakik.com\/index.php?rest_route=%2Fwp%2Fv2%2Fmedia&parent=44169"}],"wp:term":[{"taxonomy":"category","embeddable":true,"href":"https:\/\/kibrisdakik.com\/index.php?rest_route=%2Fwp%2Fv2%2Fcategories&post=44169"},{"taxonomy":"post_tag","embeddable":true,"href":"https:\/\/kibrisdakik.com\/index.php?rest_route=%2Fwp%2Fv2%2Ftags&post=44169"}],"curies":[{"name":"wp","href":"https:\/\/api.w.org\/{rel}","templated":true}]}}