{"id":44205,"date":"2024-06-02T06:21:17","date_gmt":"2024-06-02T06:21:17","guid":{"rendered":"https:\/\/kibrisdakik.com\/index.php\/2024\/06\/02\/egitim-alip-is-kuran-kadinlara-prim-destegi-saglanacak\/"},"modified":"2024-06-02T06:21:17","modified_gmt":"2024-06-02T06:21:17","slug":"egitim-alip-is-kuran-kadinlara-prim-destegi-saglanacak","status":"publish","type":"post","link":"https:\/\/kibrisdakik.com\/?p=44205","title":{"rendered":"E\u011fitim al\u0131p i\u015f kuran kad\u0131nlara prim deste\u011fi sa\u011flanacak"},"content":{"rendered":"<p><img decoding=\"async\" src=\"https:\/\/www.kibristurk.com\/images\/haberler\/2024\/06\/egitim-alip-is-kuran-kadinlara-prim-destegi-saglanacak-1717232417.webp\" \/><\/p>\n<p style=\"text-align:left\"><span style=\"font-size:16px\"><span style=\"font-family:Merriweather,serif !important\"><span style=\"color:#000000\"><span style=\"background-color:#ffffff\">Kararnameler, Cumhuriyet Meclisi\u2019ne sunulacak.<\/span><\/span><\/span><\/span><\/p>\n<p style=\"text-align:left\">&nbsp;<\/p>\n<p style=\"text-align:left\"><span style=\"font-size:16px\"><span style=\"font-family:Merriweather,serif !important\"><span style=\"color:#000000\"><span style=\"background-color:#ffffff\">&#8220;Sosyal G\u00fcvenlik Yasas\u0131 Kapsam\u0131nda Sigortal\u0131 Olup Sosyal Hizmetler Dairesi Taraf\u0131ndan D\u00fczenlenen Kad\u0131na Y\u00f6nelik Meslek E\u011fitimi ve Sosyal Destek Projesi Program\u0131n\u0131 Tamamlayan Kat\u0131l\u0131mc\u0131lara Uygulanacak Prim Deste\u011fi Hakk\u0131nda Yasa G\u00fcc\u00fcnde Kararname&#8221; ve \u201cK\u0131br\u0131s T\u00fcrk Sosyal Sigortalar Yasas\u0131 Kapsam\u0131nda Sigortal\u0131 Olup Sosyal Hizmetler Dairesi Taraf\u0131ndan D\u00fczenlenen Kad\u0131na Y\u00f6nelik Meslek E\u011fitimi ve Sosyal Destek Projesi Program\u0131n\u0131 Tamamlayan Kat\u0131l\u0131mc\u0131lara Uygulanacak Prim Deste\u011fi Hakk\u0131nda Yasa G\u00fcc\u00fcnde Kararname&#8221; isimli kararnameler, d\u00fcnk\u00fc Resmi Gazete\u2019de yer ald\u0131.<\/span><\/span><\/span><\/span><\/p>\n<p style=\"text-align:left\">&nbsp;<\/p>\n<p style=\"text-align:left\"><span style=\"font-size:16px\"><span style=\"font-family:Merriweather,serif !important\"><span style=\"color:#000000\"><span style=\"background-color:#ffffff\">Kararnamelerin genel gerek\u00e7esinde,&#8221;Kad\u0131na Y\u00f6nelik Meslek E\u011fitimi ve Sosyal Destek Projesi Program\u0131\u2019n\u0131 tamamlayan kat\u0131l\u0131mc\u0131lar\u0131n \u00e7al\u0131\u015fma hayat\u0131na kazand\u0131r\u0131lmas\u0131 ve \u00fcretime destek olmalar\u0131n\u0131n sa\u011flanmas\u0131&#8221; amac\u0131 ortaya kondu.<\/span><\/span><\/span><\/span><\/p>\n<p style=\"text-align:left\"><span style=\"font-size:16px\"><span style=\"font-family:Merriweather,serif !important\"><span style=\"color:#000000\"><span style=\"background-color:#ffffff\">Ba\u015fvurular\u0131 \u0130htiyat Sand\u0131\u011f\u0131 Dairesi\u2019nce onaylananlar, 60 ay boyunca bahse konu kararnamelerden yararlanabilecek.<\/span><\/span><\/span><\/span><\/p>\n","protected":false},"excerpt":{"rendered":"<p>Kararnameler, Cumhuriyet Meclisi\u2019ne sunulacak. &nbsp; &#8220;Sosyal G\u00fcvenlik Yasas\u0131 Kapsam\u0131nda Sigortal\u0131 Olup Sosyal Hizmetler Dairesi Taraf\u0131ndan D\u00fczenlenen Kad\u0131na Y\u00f6nelik Meslek E\u011fitimi ve Sosyal Destek Projesi Program\u0131n\u0131 Tamamlayan Kat\u0131l\u0131mc\u0131lara Uygulanacak Prim Deste\u011fi Hakk\u0131nda Yasa G\u00fcc\u00fcnde Kararname&#8221; ve \u201cK\u0131br\u0131s T\u00fcrk Sosyal Sigortalar Yasas\u0131 Kapsam\u0131nda Sigortal\u0131 Olup Sosyal Hizmetler Dairesi Taraf\u0131ndan D\u00fczenlenen Kad\u0131na Y\u00f6nelik Meslek E\u011fitimi ve Sosyal Destek<\/p>\n","protected":false},"author":1,"featured_media":44206,"comment_status":"open","ping_status":"open","sticky":false,"template":"","format":"standard","meta":{"footnotes":""},"categories":[79],"tags":[],"class_list":["post-44205","post","type-post","status-publish","format-standard","has-post-thumbnail","hentry","category-ekonomi"],"yoast_head":"<!-- This site is optimized with the Yoast SEO plugin v27.4 - https:\/\/yoast.com\/product\/yoast-seo-wordpress\/ -->\n<title>E\u011fitim al\u0131p i\u015f kuran kad\u0131nlara prim deste\u011fi sa\u011flanacak -<\/title>\n<meta name=\"robots\" content=\"index, follow, max-snippet:-1, max-image-preview:large, max-video-preview:-1\" \/>\n<link rel=\"canonical\" href=\"https:\/\/kibrisdakik.com\/?p=44205\" \/>\n<meta property=\"og:locale\" content=\"tr_TR\" \/>\n<meta property=\"og:type\" content=\"article\" \/>\n<meta property=\"og:title\" content=\"E\u011fitim al\u0131p i\u015f kuran kad\u0131nlara prim deste\u011fi sa\u011flanacak -\" \/>\n<meta property=\"og:description\" content=\"Kararnameler, Cumhuriyet Meclisi\u2019ne sunulacak. &nbsp; &#8220;Sosyal G\u00fcvenlik Yasas\u0131 Kapsam\u0131nda Sigortal\u0131 Olup Sosyal Hizmetler Dairesi Taraf\u0131ndan D\u00fczenlenen Kad\u0131na Y\u00f6nelik Meslek E\u011fitimi ve Sosyal Destek Projesi Program\u0131n\u0131 Tamamlayan Kat\u0131l\u0131mc\u0131lara Uygulanacak Prim Deste\u011fi Hakk\u0131nda Yasa G\u00fcc\u00fcnde Kararname&#8221; ve \u201cK\u0131br\u0131s T\u00fcrk Sosyal Sigortalar Yasas\u0131 Kapsam\u0131nda Sigortal\u0131 Olup Sosyal Hizmetler Dairesi Taraf\u0131ndan D\u00fczenlenen Kad\u0131na Y\u00f6nelik Meslek E\u011fitimi ve Sosyal Destek\" \/>\n<meta property=\"og:url\" content=\"https:\/\/kibrisdakik.com\/?p=44205\" \/>\n<meta property=\"article:published_time\" content=\"2024-06-02T06:21:17+00:00\" \/>\n<meta property=\"og:image\" content=\"https:\/\/kibrisdakik.com\/wp-content\/uploads\/2024\/06\/egitim-alip-is-kuran-kadinlara-prim-destegi-saglanacak-1717232417.webp.webp\" \/>\n\t<meta property=\"og:image:width\" content=\"710\" \/>\n\t<meta property=\"og:image:height\" content=\"370\" \/>\n\t<meta property=\"og:image:type\" content=\"image\/webp\" \/>\n<meta name=\"author\" content=\"admin\" \/>\n<meta name=\"twitter:card\" content=\"summary_large_image\" \/>\n<meta name=\"twitter:label1\" content=\"Yazan:\" \/>\n\t<meta name=\"twitter:data1\" content=\"admin\" \/>\n\t<meta name=\"twitter:label2\" content=\"Tahmini okuma s\u00fcresi\" \/>\n\t<meta name=\"twitter:data2\" content=\"1 dakika\" \/>\n<script type=\"application\/ld+json\" class=\"yoast-schema-graph\">{\"@context\":\"https:\\\/\\\/schema.org\",\"@graph\":[{\"@type\":\"Article\",\"@id\":\"https:\\\/\\\/kibrisdakik.com\\\/?p=44205#article\",\"isPartOf\":{\"@id\":\"https:\\\/\\\/kibrisdakik.com\\\/?p=44205\"},\"author\":{\"name\":\"admin\",\"@id\":\"https:\\\/\\\/kibrisdakik.com\\\/#\\\/schema\\\/person\\\/9cd9d437bbb44f72b73ba127e06d8e79\"},\"headline\":\"E\u011fitim al\u0131p i\u015f kuran kad\u0131nlara prim deste\u011fi sa\u011flanacak\",\"datePublished\":\"2024-06-02T06:21:17+00:00\",\"mainEntityOfPage\":{\"@id\":\"https:\\\/\\\/kibrisdakik.com\\\/?p=44205\"},\"wordCount\":176,\"commentCount\":0,\"image\":{\"@id\":\"https:\\\/\\\/kibrisdakik.com\\\/?p=44205#primaryimage\"},\"thumbnailUrl\":\"https:\\\/\\\/kibrisdakik.com\\\/wp-content\\\/uploads\\\/2024\\\/06\\\/egitim-alip-is-kuran-kadinlara-prim-destegi-saglanacak-1717232417.webp.webp\",\"articleSection\":[\"Ekonomi\"],\"inLanguage\":\"tr\",\"potentialAction\":[{\"@type\":\"CommentAction\",\"name\":\"Comment\",\"target\":[\"https:\\\/\\\/kibrisdakik.com\\\/?p=44205#respond\"]}]},{\"@type\":\"WebPage\",\"@id\":\"https:\\\/\\\/kibrisdakik.com\\\/?p=44205\",\"url\":\"https:\\\/\\\/kibrisdakik.com\\\/?p=44205\",\"name\":\"E\u011fitim al\u0131p i\u015f kuran kad\u0131nlara prim deste\u011fi sa\u011flanacak -\",\"isPartOf\":{\"@id\":\"https:\\\/\\\/kibrisdakik.com\\\/#website\"},\"primaryImageOfPage\":{\"@id\":\"https:\\\/\\\/kibrisdakik.com\\\/?p=44205#primaryimage\"},\"image\":{\"@id\":\"https:\\\/\\\/kibrisdakik.com\\\/?p=44205#primaryimage\"},\"thumbnailUrl\":\"https:\\\/\\\/kibrisdakik.com\\\/wp-content\\\/uploads\\\/2024\\\/06\\\/egitim-alip-is-kuran-kadinlara-prim-destegi-saglanacak-1717232417.webp.webp\",\"datePublished\":\"2024-06-02T06:21:17+00:00\",\"author\":{\"@id\":\"https:\\\/\\\/kibrisdakik.com\\\/#\\\/schema\\\/person\\\/9cd9d437bbb44f72b73ba127e06d8e79\"},\"breadcrumb\":{\"@id\":\"https:\\\/\\\/kibrisdakik.com\\\/?p=44205#breadcrumb\"},\"inLanguage\":\"tr\",\"potentialAction\":[{\"@type\":\"ReadAction\",\"target\":[\"https:\\\/\\\/kibrisdakik.com\\\/?p=44205\"]}]},{\"@type\":\"ImageObject\",\"inLanguage\":\"tr\",\"@id\":\"https:\\\/\\\/kibrisdakik.com\\\/?p=44205#primaryimage\",\"url\":\"https:\\\/\\\/kibrisdakik.com\\\/wp-content\\\/uploads\\\/2024\\\/06\\\/egitim-alip-is-kuran-kadinlara-prim-destegi-saglanacak-1717232417.webp.webp\",\"contentUrl\":\"https:\\\/\\\/kibrisdakik.com\\\/wp-content\\\/uploads\\\/2024\\\/06\\\/egitim-alip-is-kuran-kadinlara-prim-destegi-saglanacak-1717232417.webp.webp\",\"width\":710,\"height\":370},{\"@type\":\"BreadcrumbList\",\"@id\":\"https:\\\/\\\/kibrisdakik.com\\\/?p=44205#breadcrumb\",\"itemListElement\":[{\"@type\":\"ListItem\",\"position\":1,\"name\":\"Home\",\"item\":\"https:\\\/\\\/kibrisdakik.com\\\/\"},{\"@type\":\"ListItem\",\"position\":2,\"name\":\"E\u011fitim al\u0131p i\u015f kuran kad\u0131nlara prim deste\u011fi sa\u011flanacak\"}]},{\"@type\":\"WebSite\",\"@id\":\"https:\\\/\\\/kibrisdakik.com\\\/#website\",\"url\":\"https:\\\/\\\/kibrisdakik.com\\\/\",\"name\":\"\",\"description\":\"Tam vaktinde haber\",\"potentialAction\":[{\"@type\":\"SearchAction\",\"target\":{\"@type\":\"EntryPoint\",\"urlTemplate\":\"https:\\\/\\\/kibrisdakik.com\\\/?s={search_term_string}\"},\"query-input\":{\"@type\":\"PropertyValueSpecification\",\"valueRequired\":true,\"valueName\":\"search_term_string\"}}],\"inLanguage\":\"tr\"},{\"@type\":\"Person\",\"@id\":\"https:\\\/\\\/kibrisdakik.com\\\/#\\\/schema\\\/person\\\/9cd9d437bbb44f72b73ba127e06d8e79\",\"name\":\"admin\",\"image\":{\"@type\":\"ImageObject\",\"inLanguage\":\"tr\",\"@id\":\"https:\\\/\\\/secure.gravatar.com\\\/avatar\\\/ccc17943b9d660506c869530f897617f7cb1c21a4bf30023f252596d83e1f007?s=96&d=mm&r=g\",\"url\":\"https:\\\/\\\/secure.gravatar.com\\\/avatar\\\/ccc17943b9d660506c869530f897617f7cb1c21a4bf30023f252596d83e1f007?s=96&d=mm&r=g\",\"contentUrl\":\"https:\\\/\\\/secure.gravatar.com\\\/avatar\\\/ccc17943b9d660506c869530f897617f7cb1c21a4bf30023f252596d83e1f007?s=96&d=mm&r=g\",\"caption\":\"admin\"},\"sameAs\":[\"https:\\\/\\\/kibrisdakik.com\"],\"url\":\"https:\\\/\\\/kibrisdakik.com\\\/?author=1\"}]}<\/script>\n<!-- \/ Yoast SEO plugin. -->","yoast_head_json":{"title":"E\u011fitim al\u0131p i\u015f kuran kad\u0131nlara prim deste\u011fi sa\u011flanacak -","robots":{"index":"index","follow":"follow","max-snippet":"max-snippet:-1","max-image-preview":"max-image-preview:large","max-video-preview":"max-video-preview:-1"},"canonical":"https:\/\/kibrisdakik.com\/?p=44205","og_locale":"tr_TR","og_type":"article","og_title":"E\u011fitim al\u0131p i\u015f kuran kad\u0131nlara prim deste\u011fi sa\u011flanacak -","og_description":"Kararnameler, Cumhuriyet Meclisi\u2019ne sunulacak. &nbsp; &#8220;Sosyal G\u00fcvenlik Yasas\u0131 Kapsam\u0131nda Sigortal\u0131 Olup Sosyal Hizmetler Dairesi Taraf\u0131ndan D\u00fczenlenen Kad\u0131na Y\u00f6nelik Meslek E\u011fitimi ve Sosyal Destek Projesi Program\u0131n\u0131 Tamamlayan Kat\u0131l\u0131mc\u0131lara Uygulanacak Prim Deste\u011fi Hakk\u0131nda Yasa G\u00fcc\u00fcnde Kararname&#8221; ve \u201cK\u0131br\u0131s T\u00fcrk Sosyal Sigortalar Yasas\u0131 Kapsam\u0131nda Sigortal\u0131 Olup Sosyal Hizmetler Dairesi Taraf\u0131ndan D\u00fczenlenen Kad\u0131na Y\u00f6nelik Meslek E\u011fitimi ve Sosyal Destek","og_url":"https:\/\/kibrisdakik.com\/?p=44205","article_published_time":"2024-06-02T06:21:17+00:00","og_image":[{"width":710,"height":370,"url":"https:\/\/kibrisdakik.com\/wp-content\/uploads\/2024\/06\/egitim-alip-is-kuran-kadinlara-prim-destegi-saglanacak-1717232417.webp.webp","type":"image\/webp"}],"author":"admin","twitter_card":"summary_large_image","twitter_misc":{"Yazan:":"admin","Tahmini okuma s\u00fcresi":"1 dakika"},"schema":{"@context":"https:\/\/schema.org","@graph":[{"@type":"Article","@id":"https:\/\/kibrisdakik.com\/?p=44205#article","isPartOf":{"@id":"https:\/\/kibrisdakik.com\/?p=44205"},"author":{"name":"admin","@id":"https:\/\/kibrisdakik.com\/#\/schema\/person\/9cd9d437bbb44f72b73ba127e06d8e79"},"headline":"E\u011fitim al\u0131p i\u015f kuran kad\u0131nlara prim deste\u011fi sa\u011flanacak","datePublished":"2024-06-02T06:21:17+00:00","mainEntityOfPage":{"@id":"https:\/\/kibrisdakik.com\/?p=44205"},"wordCount":176,"commentCount":0,"image":{"@id":"https:\/\/kibrisdakik.com\/?p=44205#primaryimage"},"thumbnailUrl":"https:\/\/kibrisdakik.com\/wp-content\/uploads\/2024\/06\/egitim-alip-is-kuran-kadinlara-prim-destegi-saglanacak-1717232417.webp.webp","articleSection":["Ekonomi"],"inLanguage":"tr","potentialAction":[{"@type":"CommentAction","name":"Comment","target":["https:\/\/kibrisdakik.com\/?p=44205#respond"]}]},{"@type":"WebPage","@id":"https:\/\/kibrisdakik.com\/?p=44205","url":"https:\/\/kibrisdakik.com\/?p=44205","name":"E\u011fitim al\u0131p i\u015f kuran kad\u0131nlara prim deste\u011fi sa\u011flanacak -","isPartOf":{"@id":"https:\/\/kibrisdakik.com\/#website"},"primaryImageOfPage":{"@id":"https:\/\/kibrisdakik.com\/?p=44205#primaryimage"},"image":{"@id":"https:\/\/kibrisdakik.com\/?p=44205#primaryimage"},"thumbnailUrl":"https:\/\/kibrisdakik.com\/wp-content\/uploads\/2024\/06\/egitim-alip-is-kuran-kadinlara-prim-destegi-saglanacak-1717232417.webp.webp","datePublished":"2024-06-02T06:21:17+00:00","author":{"@id":"https:\/\/kibrisdakik.com\/#\/schema\/person\/9cd9d437bbb44f72b73ba127e06d8e79"},"breadcrumb":{"@id":"https:\/\/kibrisdakik.com\/?p=44205#breadcrumb"},"inLanguage":"tr","potentialAction":[{"@type":"ReadAction","target":["https:\/\/kibrisdakik.com\/?p=44205"]}]},{"@type":"ImageObject","inLanguage":"tr","@id":"https:\/\/kibrisdakik.com\/?p=44205#primaryimage","url":"https:\/\/kibrisdakik.com\/wp-content\/uploads\/2024\/06\/egitim-alip-is-kuran-kadinlara-prim-destegi-saglanacak-1717232417.webp.webp","contentUrl":"https:\/\/kibrisdakik.com\/wp-content\/uploads\/2024\/06\/egitim-alip-is-kuran-kadinlara-prim-destegi-saglanacak-1717232417.webp.webp","width":710,"height":370},{"@type":"BreadcrumbList","@id":"https:\/\/kibrisdakik.com\/?p=44205#breadcrumb","itemListElement":[{"@type":"ListItem","position":1,"name":"Home","item":"https:\/\/kibrisdakik.com\/"},{"@type":"ListItem","position":2,"name":"E\u011fitim al\u0131p i\u015f kuran kad\u0131nlara prim deste\u011fi sa\u011flanacak"}]},{"@type":"WebSite","@id":"https:\/\/kibrisdakik.com\/#website","url":"https:\/\/kibrisdakik.com\/","name":"","description":"Tam vaktinde haber","potentialAction":[{"@type":"SearchAction","target":{"@type":"EntryPoint","urlTemplate":"https:\/\/kibrisdakik.com\/?s={search_term_string}"},"query-input":{"@type":"PropertyValueSpecification","valueRequired":true,"valueName":"search_term_string"}}],"inLanguage":"tr"},{"@type":"Person","@id":"https:\/\/kibrisdakik.com\/#\/schema\/person\/9cd9d437bbb44f72b73ba127e06d8e79","name":"admin","image":{"@type":"ImageObject","inLanguage":"tr","@id":"https:\/\/secure.gravatar.com\/avatar\/ccc17943b9d660506c869530f897617f7cb1c21a4bf30023f252596d83e1f007?s=96&d=mm&r=g","url":"https:\/\/secure.gravatar.com\/avatar\/ccc17943b9d660506c869530f897617f7cb1c21a4bf30023f252596d83e1f007?s=96&d=mm&r=g","contentUrl":"https:\/\/secure.gravatar.com\/avatar\/ccc17943b9d660506c869530f897617f7cb1c21a4bf30023f252596d83e1f007?s=96&d=mm&r=g","caption":"admin"},"sameAs":["https:\/\/kibrisdakik.com"],"url":"https:\/\/kibrisdakik.com\/?author=1"}]}},"_links":{"self":[{"href":"https:\/\/kibrisdakik.com\/index.php?rest_route=\/wp\/v2\/posts\/44205","targetHints":{"allow":["GET"]}}],"collection":[{"href":"https:\/\/kibrisdakik.com\/index.php?rest_route=\/wp\/v2\/posts"}],"about":[{"href":"https:\/\/kibrisdakik.com\/index.php?rest_route=\/wp\/v2\/types\/post"}],"author":[{"embeddable":true,"href":"https:\/\/kibrisdakik.com\/index.php?rest_route=\/wp\/v2\/users\/1"}],"replies":[{"embeddable":true,"href":"https:\/\/kibrisdakik.com\/index.php?rest_route=%2Fwp%2Fv2%2Fcomments&post=44205"}],"version-history":[{"count":0,"href":"https:\/\/kibrisdakik.com\/index.php?rest_route=\/wp\/v2\/posts\/44205\/revisions"}],"wp:featuredmedia":[{"embeddable":true,"href":"https:\/\/kibrisdakik.com\/index.php?rest_route=\/wp\/v2\/media\/44206"}],"wp:attachment":[{"href":"https:\/\/kibrisdakik.com\/index.php?rest_route=%2Fwp%2Fv2%2Fmedia&parent=44205"}],"wp:term":[{"taxonomy":"category","embeddable":true,"href":"https:\/\/kibrisdakik.com\/index.php?rest_route=%2Fwp%2Fv2%2Fcategories&post=44205"},{"taxonomy":"post_tag","embeddable":true,"href":"https:\/\/kibrisdakik.com\/index.php?rest_route=%2Fwp%2Fv2%2Ftags&post=44205"}],"curies":[{"name":"wp","href":"https:\/\/api.w.org\/{rel}","templated":true}]}}