{"id":44213,"date":"2024-06-01T07:53:00","date_gmt":"2024-06-01T07:53:00","guid":{"rendered":"https:\/\/kibrisdakik.com\/index.php\/2024\/06\/01\/lbodan-dunya-cocuk-gunu-ozel-konseri\/"},"modified":"2024-06-01T07:53:00","modified_gmt":"2024-06-01T07:53:00","slug":"lbodan-dunya-cocuk-gunu-ozel-konseri","status":"publish","type":"post","link":"https:\/\/kibrisdakik.com\/?p=44213","title":{"rendered":"LBO\u2019dan D\u00fcnya \u00c7ocuk G\u00fcn\u00fc \u00d6zel Konseri"},"content":{"rendered":"<p><img decoding=\"async\" src=\"https:\/\/www.kibristurk.com\/images\/haberler\/2024\/06\/lbodan-dunya-cocuk-gunu-ozel-konseri-1717228616.webp\" \/><\/p>\n<p style=\"text-align:left\"><span style=\"font-size:16px\"><span style=\"font-family:Merriweather,serif !important\"><span style=\"color:#000000\"><span style=\"background-color:#ffffff\">Belediye\u2019den yap\u0131lan a\u00e7\u0131klamaya g\u00f6re konser, Rauf Denkta\u015f \u00dcniversitesi K\u00fclt\u00fcr Merkezi\u2019nde verildi.<\/span><\/span><\/span><\/span><\/p>\n<p style=\"text-align:left\"><span style=\"font-size:16px\"><span style=\"font-family:Merriweather,serif !important\"><span style=\"color:#000000\"><span style=\"background-color:#ffffff\">Orkestra \u015eefli\u011fini Oskay Hoca\u2019n\u0131n, Koro \u015eefli\u011fini Hare Yakula\u2019n\u0131n \u00fcstlendi\u011fi konserde Minikler Korosu, Y\u0131ld\u0131zlar Korosu ve \u00c7ok Sesli Gen\u00e7lik Korosu, Lefko\u015fa Belediye Orkestras\u0131 ile ayn\u0131 sahneyi payla\u015ft\u0131. Konserde, final \u015fark\u0131s\u0131 olan \u201c\u00c7ocuklar Bar\u0131\u015fla Do\u011fsun\u201d par\u00e7as\u0131nda konuk \u00e7ocuk koristler de LBO \u00e7ocuk korolar\u0131na e\u015flik etti.<\/span><\/span><\/span><\/span><\/p>\n<p style=\"text-align:left\">&nbsp;<\/p>\n<p style=\"text-align:left\"><span style=\"font-size:16px\"><span style=\"font-family:Merriweather,serif !important\"><span style=\"color:#000000\"><span style=\"background-color:#ffffff\">-Harmanc\u0131<\/span><\/span><\/span><\/span><\/p>\n<p style=\"text-align:left\"><span style=\"font-size:16px\"><span style=\"font-family:Merriweather,serif !important\"><span style=\"color:#000000\"><span style=\"background-color:#ffffff\">Lefko\u015fa T\u00fcrk Belediyesi Ba\u015fkan\u0131 Mehmet yapt\u0131\u011f\u0131 konu\u015fmada, \u00e7ocuklar\u0131n herkesi \u00e7ok gururland\u0131ran bir performans ortaya koydu\u011funu ifade ederek, en b\u00fcy\u00fck alk\u0131\u015f\u0131n D\u00fcnya \u00c7ocuk G\u00fcn\u00fc\u2019nde onlar\u0131n hakk\u0131 oldu\u011funu s\u00f6yledi.<\/span><\/span><\/span><\/span><\/p>\n<p style=\"text-align:left\"><span style=\"font-size:16px\"><span style=\"font-family:Merriweather,serif !important\"><span style=\"color:#000000\"><span style=\"background-color:#ffffff\">LBO \u00c7ocuk Korosu\u2019nun 80\u2019in \u00fczerinde kat\u0131l\u0131mc\u0131ya ula\u015fmas\u0131n\u0131n \u00f6nemine at\u0131fta bulunan Ba\u015fkan Harmanc\u0131, koro \u015fefi Hare Yakula\u2019n\u0131n t\u00fcm \u00e7ocuklarla tek tek ilgilendi\u011finin ve yola \u00e7\u0131kt\u0131klar\u0131 g\u00fcnden beri b\u00fcy\u00fck gurur ya\u015fatt\u0131\u011f\u0131n\u0131n alt\u0131n\u0131 \u00e7izdi. Ba\u015fkan Harmanc\u0131, \u015eef Oskay Hoca ve orkestra yan\u0131nda di\u011fer bir te\u015fekk\u00fcr\u00fc de bu gecenin d\u00fczenlenmesinde b\u00fcy\u00fck eme\u011fi olan LBO Sorumlusu Diren\u00e7 Sar\u0131ca\u2019n\u0131n hak etti\u011fini dile getirdi.<\/span><\/span><\/span><\/span><\/p>\n<p style=\"text-align:left\"><span style=\"font-size:16px\"><span style=\"font-family:Merriweather,serif !important\"><span style=\"color:#000000\"><span style=\"background-color:#ffffff\">LTB Ba\u015fkan\u0131 Mehmet Harmanc\u0131 s\u00f6zlerini \u201cUmar\u0131m d\u00fcnyadaki t\u00fcm \u00e7ocuklar bu ak\u015famki gibi \u015fark\u0131 s\u00f6yleyebilir, g\u00fclebilir ve e\u011flenebilir; Gazze\u2019deki, Refah\u2019taki \u00e7ocuklar da g\u00fclebilir, e\u011flenebilir\u201d diyerek noktalad\u0131.<\/span><\/span><\/span><\/span><\/p>\n","protected":false},"excerpt":{"rendered":"<p>Belediye\u2019den yap\u0131lan a\u00e7\u0131klamaya g\u00f6re konser, Rauf Denkta\u015f \u00dcniversitesi K\u00fclt\u00fcr Merkezi\u2019nde verildi. Orkestra \u015eefli\u011fini Oskay Hoca\u2019n\u0131n, Koro \u015eefli\u011fini Hare Yakula\u2019n\u0131n \u00fcstlendi\u011fi konserde Minikler Korosu, Y\u0131ld\u0131zlar Korosu ve \u00c7ok Sesli Gen\u00e7lik Korosu, Lefko\u015fa Belediye Orkestras\u0131 ile ayn\u0131 sahneyi payla\u015ft\u0131. Konserde, final \u015fark\u0131s\u0131 olan \u201c\u00c7ocuklar Bar\u0131\u015fla Do\u011fsun\u201d par\u00e7as\u0131nda konuk \u00e7ocuk koristler de LBO \u00e7ocuk korolar\u0131na e\u015flik etti. &nbsp;<\/p>\n","protected":false},"author":1,"featured_media":44214,"comment_status":"open","ping_status":"open","sticky":false,"template":"","format":"standard","meta":{"footnotes":""},"categories":[1],"tags":[],"class_list":["post-44213","post","type-post","status-publish","format-standard","has-post-thumbnail","hentry","category-gundem"],"yoast_head":"<!-- This site is optimized with the Yoast SEO plugin v27.5 - https:\/\/yoast.com\/product\/yoast-seo-wordpress\/ -->\n<title>LBO\u2019dan D\u00fcnya \u00c7ocuk G\u00fcn\u00fc \u00d6zel Konseri -<\/title>\n<meta name=\"robots\" content=\"index, follow, max-snippet:-1, max-image-preview:large, max-video-preview:-1\" \/>\n<link rel=\"canonical\" href=\"https:\/\/kibrisdakik.com\/?p=44213\" \/>\n<meta property=\"og:locale\" content=\"tr_TR\" \/>\n<meta property=\"og:type\" content=\"article\" \/>\n<meta property=\"og:title\" content=\"LBO\u2019dan D\u00fcnya \u00c7ocuk G\u00fcn\u00fc \u00d6zel Konseri -\" \/>\n<meta property=\"og:description\" content=\"Belediye\u2019den yap\u0131lan a\u00e7\u0131klamaya g\u00f6re konser, Rauf Denkta\u015f \u00dcniversitesi K\u00fclt\u00fcr Merkezi\u2019nde verildi. Orkestra \u015eefli\u011fini Oskay Hoca\u2019n\u0131n, Koro \u015eefli\u011fini Hare Yakula\u2019n\u0131n \u00fcstlendi\u011fi konserde Minikler Korosu, Y\u0131ld\u0131zlar Korosu ve \u00c7ok Sesli Gen\u00e7lik Korosu, Lefko\u015fa Belediye Orkestras\u0131 ile ayn\u0131 sahneyi payla\u015ft\u0131. Konserde, final \u015fark\u0131s\u0131 olan \u201c\u00c7ocuklar Bar\u0131\u015fla Do\u011fsun\u201d par\u00e7as\u0131nda konuk \u00e7ocuk koristler de LBO \u00e7ocuk korolar\u0131na e\u015flik etti. &nbsp;\" \/>\n<meta property=\"og:url\" content=\"https:\/\/kibrisdakik.com\/?p=44213\" \/>\n<meta property=\"article:published_time\" content=\"2024-06-01T07:53:00+00:00\" \/>\n<meta property=\"og:image\" content=\"https:\/\/kibrisdakik.com\/wp-content\/uploads\/2024\/06\/lbodan-dunya-cocuk-gunu-ozel-konseri-1717228616.webp.webp\" \/>\n\t<meta property=\"og:image:width\" content=\"710\" \/>\n\t<meta property=\"og:image:height\" content=\"370\" \/>\n\t<meta property=\"og:image:type\" content=\"image\/webp\" \/>\n<meta name=\"author\" content=\"admin\" \/>\n<meta name=\"twitter:card\" content=\"summary_large_image\" \/>\n<meta name=\"twitter:label1\" content=\"Yazan:\" \/>\n\t<meta name=\"twitter:data1\" content=\"admin\" \/>\n\t<meta name=\"twitter:label2\" content=\"Tahmini okuma s\u00fcresi\" \/>\n\t<meta name=\"twitter:data2\" content=\"1 dakika\" \/>\n<script type=\"application\/ld+json\" class=\"yoast-schema-graph\">{\"@context\":\"https:\\\/\\\/schema.org\",\"@graph\":[{\"@type\":\"Article\",\"@id\":\"https:\\\/\\\/kibrisdakik.com\\\/?p=44213#article\",\"isPartOf\":{\"@id\":\"https:\\\/\\\/kibrisdakik.com\\\/?p=44213\"},\"author\":{\"name\":\"admin\",\"@id\":\"https:\\\/\\\/kibrisdakik.com\\\/#\\\/schema\\\/person\\\/9cd9d437bbb44f72b73ba127e06d8e79\"},\"headline\":\"LBO\u2019dan D\u00fcnya \u00c7ocuk G\u00fcn\u00fc \u00d6zel Konseri\",\"datePublished\":\"2024-06-01T07:53:00+00:00\",\"mainEntityOfPage\":{\"@id\":\"https:\\\/\\\/kibrisdakik.com\\\/?p=44213\"},\"wordCount\":263,\"commentCount\":0,\"image\":{\"@id\":\"https:\\\/\\\/kibrisdakik.com\\\/?p=44213#primaryimage\"},\"thumbnailUrl\":\"https:\\\/\\\/kibrisdakik.com\\\/wp-content\\\/uploads\\\/2024\\\/06\\\/lbodan-dunya-cocuk-gunu-ozel-konseri-1717228616.webp.webp\",\"articleSection\":[\"G\u00fcndem\"],\"inLanguage\":\"tr\",\"potentialAction\":[{\"@type\":\"CommentAction\",\"name\":\"Comment\",\"target\":[\"https:\\\/\\\/kibrisdakik.com\\\/?p=44213#respond\"]}]},{\"@type\":\"WebPage\",\"@id\":\"https:\\\/\\\/kibrisdakik.com\\\/?p=44213\",\"url\":\"https:\\\/\\\/kibrisdakik.com\\\/?p=44213\",\"name\":\"LBO\u2019dan D\u00fcnya \u00c7ocuk G\u00fcn\u00fc \u00d6zel Konseri -\",\"isPartOf\":{\"@id\":\"https:\\\/\\\/kibrisdakik.com\\\/#website\"},\"primaryImageOfPage\":{\"@id\":\"https:\\\/\\\/kibrisdakik.com\\\/?p=44213#primaryimage\"},\"image\":{\"@id\":\"https:\\\/\\\/kibrisdakik.com\\\/?p=44213#primaryimage\"},\"thumbnailUrl\":\"https:\\\/\\\/kibrisdakik.com\\\/wp-content\\\/uploads\\\/2024\\\/06\\\/lbodan-dunya-cocuk-gunu-ozel-konseri-1717228616.webp.webp\",\"datePublished\":\"2024-06-01T07:53:00+00:00\",\"author\":{\"@id\":\"https:\\\/\\\/kibrisdakik.com\\\/#\\\/schema\\\/person\\\/9cd9d437bbb44f72b73ba127e06d8e79\"},\"breadcrumb\":{\"@id\":\"https:\\\/\\\/kibrisdakik.com\\\/?p=44213#breadcrumb\"},\"inLanguage\":\"tr\",\"potentialAction\":[{\"@type\":\"ReadAction\",\"target\":[\"https:\\\/\\\/kibrisdakik.com\\\/?p=44213\"]}]},{\"@type\":\"ImageObject\",\"inLanguage\":\"tr\",\"@id\":\"https:\\\/\\\/kibrisdakik.com\\\/?p=44213#primaryimage\",\"url\":\"https:\\\/\\\/kibrisdakik.com\\\/wp-content\\\/uploads\\\/2024\\\/06\\\/lbodan-dunya-cocuk-gunu-ozel-konseri-1717228616.webp.webp\",\"contentUrl\":\"https:\\\/\\\/kibrisdakik.com\\\/wp-content\\\/uploads\\\/2024\\\/06\\\/lbodan-dunya-cocuk-gunu-ozel-konseri-1717228616.webp.webp\",\"width\":710,\"height\":370},{\"@type\":\"BreadcrumbList\",\"@id\":\"https:\\\/\\\/kibrisdakik.com\\\/?p=44213#breadcrumb\",\"itemListElement\":[{\"@type\":\"ListItem\",\"position\":1,\"name\":\"Home\",\"item\":\"https:\\\/\\\/kibrisdakik.com\\\/\"},{\"@type\":\"ListItem\",\"position\":2,\"name\":\"LBO\u2019dan D\u00fcnya \u00c7ocuk G\u00fcn\u00fc \u00d6zel Konseri\"}]},{\"@type\":\"WebSite\",\"@id\":\"https:\\\/\\\/kibrisdakik.com\\\/#website\",\"url\":\"https:\\\/\\\/kibrisdakik.com\\\/\",\"name\":\"\",\"description\":\"Tam vaktinde haber\",\"potentialAction\":[{\"@type\":\"SearchAction\",\"target\":{\"@type\":\"EntryPoint\",\"urlTemplate\":\"https:\\\/\\\/kibrisdakik.com\\\/?s={search_term_string}\"},\"query-input\":{\"@type\":\"PropertyValueSpecification\",\"valueRequired\":true,\"valueName\":\"search_term_string\"}}],\"inLanguage\":\"tr\"},{\"@type\":\"Person\",\"@id\":\"https:\\\/\\\/kibrisdakik.com\\\/#\\\/schema\\\/person\\\/9cd9d437bbb44f72b73ba127e06d8e79\",\"name\":\"admin\",\"image\":{\"@type\":\"ImageObject\",\"inLanguage\":\"tr\",\"@id\":\"https:\\\/\\\/secure.gravatar.com\\\/avatar\\\/ccc17943b9d660506c869530f897617f7cb1c21a4bf30023f252596d83e1f007?s=96&d=mm&r=g\",\"url\":\"https:\\\/\\\/secure.gravatar.com\\\/avatar\\\/ccc17943b9d660506c869530f897617f7cb1c21a4bf30023f252596d83e1f007?s=96&d=mm&r=g\",\"contentUrl\":\"https:\\\/\\\/secure.gravatar.com\\\/avatar\\\/ccc17943b9d660506c869530f897617f7cb1c21a4bf30023f252596d83e1f007?s=96&d=mm&r=g\",\"caption\":\"admin\"},\"sameAs\":[\"https:\\\/\\\/kibrisdakik.com\"],\"url\":\"https:\\\/\\\/kibrisdakik.com\\\/?author=1\"}]}<\/script>\n<!-- \/ Yoast SEO plugin. -->","yoast_head_json":{"title":"LBO\u2019dan D\u00fcnya \u00c7ocuk G\u00fcn\u00fc \u00d6zel Konseri -","robots":{"index":"index","follow":"follow","max-snippet":"max-snippet:-1","max-image-preview":"max-image-preview:large","max-video-preview":"max-video-preview:-1"},"canonical":"https:\/\/kibrisdakik.com\/?p=44213","og_locale":"tr_TR","og_type":"article","og_title":"LBO\u2019dan D\u00fcnya \u00c7ocuk G\u00fcn\u00fc \u00d6zel Konseri -","og_description":"Belediye\u2019den yap\u0131lan a\u00e7\u0131klamaya g\u00f6re konser, Rauf Denkta\u015f \u00dcniversitesi K\u00fclt\u00fcr Merkezi\u2019nde verildi. Orkestra \u015eefli\u011fini Oskay Hoca\u2019n\u0131n, Koro \u015eefli\u011fini Hare Yakula\u2019n\u0131n \u00fcstlendi\u011fi konserde Minikler Korosu, Y\u0131ld\u0131zlar Korosu ve \u00c7ok Sesli Gen\u00e7lik Korosu, Lefko\u015fa Belediye Orkestras\u0131 ile ayn\u0131 sahneyi payla\u015ft\u0131. Konserde, final \u015fark\u0131s\u0131 olan \u201c\u00c7ocuklar Bar\u0131\u015fla Do\u011fsun\u201d par\u00e7as\u0131nda konuk \u00e7ocuk koristler de LBO \u00e7ocuk korolar\u0131na e\u015flik etti. &nbsp;","og_url":"https:\/\/kibrisdakik.com\/?p=44213","article_published_time":"2024-06-01T07:53:00+00:00","og_image":[{"width":710,"height":370,"url":"https:\/\/kibrisdakik.com\/wp-content\/uploads\/2024\/06\/lbodan-dunya-cocuk-gunu-ozel-konseri-1717228616.webp.webp","type":"image\/webp"}],"author":"admin","twitter_card":"summary_large_image","twitter_misc":{"Yazan:":"admin","Tahmini okuma s\u00fcresi":"1 dakika"},"schema":{"@context":"https:\/\/schema.org","@graph":[{"@type":"Article","@id":"https:\/\/kibrisdakik.com\/?p=44213#article","isPartOf":{"@id":"https:\/\/kibrisdakik.com\/?p=44213"},"author":{"name":"admin","@id":"https:\/\/kibrisdakik.com\/#\/schema\/person\/9cd9d437bbb44f72b73ba127e06d8e79"},"headline":"LBO\u2019dan D\u00fcnya \u00c7ocuk G\u00fcn\u00fc \u00d6zel Konseri","datePublished":"2024-06-01T07:53:00+00:00","mainEntityOfPage":{"@id":"https:\/\/kibrisdakik.com\/?p=44213"},"wordCount":263,"commentCount":0,"image":{"@id":"https:\/\/kibrisdakik.com\/?p=44213#primaryimage"},"thumbnailUrl":"https:\/\/kibrisdakik.com\/wp-content\/uploads\/2024\/06\/lbodan-dunya-cocuk-gunu-ozel-konseri-1717228616.webp.webp","articleSection":["G\u00fcndem"],"inLanguage":"tr","potentialAction":[{"@type":"CommentAction","name":"Comment","target":["https:\/\/kibrisdakik.com\/?p=44213#respond"]}]},{"@type":"WebPage","@id":"https:\/\/kibrisdakik.com\/?p=44213","url":"https:\/\/kibrisdakik.com\/?p=44213","name":"LBO\u2019dan D\u00fcnya \u00c7ocuk G\u00fcn\u00fc \u00d6zel Konseri -","isPartOf":{"@id":"https:\/\/kibrisdakik.com\/#website"},"primaryImageOfPage":{"@id":"https:\/\/kibrisdakik.com\/?p=44213#primaryimage"},"image":{"@id":"https:\/\/kibrisdakik.com\/?p=44213#primaryimage"},"thumbnailUrl":"https:\/\/kibrisdakik.com\/wp-content\/uploads\/2024\/06\/lbodan-dunya-cocuk-gunu-ozel-konseri-1717228616.webp.webp","datePublished":"2024-06-01T07:53:00+00:00","author":{"@id":"https:\/\/kibrisdakik.com\/#\/schema\/person\/9cd9d437bbb44f72b73ba127e06d8e79"},"breadcrumb":{"@id":"https:\/\/kibrisdakik.com\/?p=44213#breadcrumb"},"inLanguage":"tr","potentialAction":[{"@type":"ReadAction","target":["https:\/\/kibrisdakik.com\/?p=44213"]}]},{"@type":"ImageObject","inLanguage":"tr","@id":"https:\/\/kibrisdakik.com\/?p=44213#primaryimage","url":"https:\/\/kibrisdakik.com\/wp-content\/uploads\/2024\/06\/lbodan-dunya-cocuk-gunu-ozel-konseri-1717228616.webp.webp","contentUrl":"https:\/\/kibrisdakik.com\/wp-content\/uploads\/2024\/06\/lbodan-dunya-cocuk-gunu-ozel-konseri-1717228616.webp.webp","width":710,"height":370},{"@type":"BreadcrumbList","@id":"https:\/\/kibrisdakik.com\/?p=44213#breadcrumb","itemListElement":[{"@type":"ListItem","position":1,"name":"Home","item":"https:\/\/kibrisdakik.com\/"},{"@type":"ListItem","position":2,"name":"LBO\u2019dan D\u00fcnya \u00c7ocuk G\u00fcn\u00fc \u00d6zel Konseri"}]},{"@type":"WebSite","@id":"https:\/\/kibrisdakik.com\/#website","url":"https:\/\/kibrisdakik.com\/","name":"","description":"Tam vaktinde haber","potentialAction":[{"@type":"SearchAction","target":{"@type":"EntryPoint","urlTemplate":"https:\/\/kibrisdakik.com\/?s={search_term_string}"},"query-input":{"@type":"PropertyValueSpecification","valueRequired":true,"valueName":"search_term_string"}}],"inLanguage":"tr"},{"@type":"Person","@id":"https:\/\/kibrisdakik.com\/#\/schema\/person\/9cd9d437bbb44f72b73ba127e06d8e79","name":"admin","image":{"@type":"ImageObject","inLanguage":"tr","@id":"https:\/\/secure.gravatar.com\/avatar\/ccc17943b9d660506c869530f897617f7cb1c21a4bf30023f252596d83e1f007?s=96&d=mm&r=g","url":"https:\/\/secure.gravatar.com\/avatar\/ccc17943b9d660506c869530f897617f7cb1c21a4bf30023f252596d83e1f007?s=96&d=mm&r=g","contentUrl":"https:\/\/secure.gravatar.com\/avatar\/ccc17943b9d660506c869530f897617f7cb1c21a4bf30023f252596d83e1f007?s=96&d=mm&r=g","caption":"admin"},"sameAs":["https:\/\/kibrisdakik.com"],"url":"https:\/\/kibrisdakik.com\/?author=1"}]}},"_links":{"self":[{"href":"https:\/\/kibrisdakik.com\/index.php?rest_route=\/wp\/v2\/posts\/44213","targetHints":{"allow":["GET"]}}],"collection":[{"href":"https:\/\/kibrisdakik.com\/index.php?rest_route=\/wp\/v2\/posts"}],"about":[{"href":"https:\/\/kibrisdakik.com\/index.php?rest_route=\/wp\/v2\/types\/post"}],"author":[{"embeddable":true,"href":"https:\/\/kibrisdakik.com\/index.php?rest_route=\/wp\/v2\/users\/1"}],"replies":[{"embeddable":true,"href":"https:\/\/kibrisdakik.com\/index.php?rest_route=%2Fwp%2Fv2%2Fcomments&post=44213"}],"version-history":[{"count":0,"href":"https:\/\/kibrisdakik.com\/index.php?rest_route=\/wp\/v2\/posts\/44213\/revisions"}],"wp:featuredmedia":[{"embeddable":true,"href":"https:\/\/kibrisdakik.com\/index.php?rest_route=\/wp\/v2\/media\/44214"}],"wp:attachment":[{"href":"https:\/\/kibrisdakik.com\/index.php?rest_route=%2Fwp%2Fv2%2Fmedia&parent=44213"}],"wp:term":[{"taxonomy":"category","embeddable":true,"href":"https:\/\/kibrisdakik.com\/index.php?rest_route=%2Fwp%2Fv2%2Fcategories&post=44213"},{"taxonomy":"post_tag","embeddable":true,"href":"https:\/\/kibrisdakik.com\/index.php?rest_route=%2Fwp%2Fv2%2Ftags&post=44213"}],"curies":[{"name":"wp","href":"https:\/\/api.w.org\/{rel}","templated":true}]}}