{"id":4422,"date":"2023-04-02T14:15:34","date_gmt":"2023-04-02T14:15:34","guid":{"rendered":"https:\/\/kibrisdakik.com\/index.php\/2023\/04\/02\/tore-malatyalilar-kultur-dernegi-5-genel-kuruluna-katildi\/"},"modified":"2023-04-02T14:15:34","modified_gmt":"2023-04-02T14:15:34","slug":"tore-malatyalilar-kultur-dernegi-5-genel-kuruluna-katildi","status":"publish","type":"post","link":"https:\/\/kibrisdakik.com\/?p=4422","title":{"rendered":"T\u00f6re, Malatyal\u0131lar K\u00fclt\u00fcr Derne\u011fi 5.Genel Kuruluna kat\u0131ld\u0131"},"content":{"rendered":"<p><\/p>\n<div>\n<div class=\"mariselle-image-container center\">\n                <img width=\"1600\" height=\"1066\" class=\"lazy-image\" alt=\"\" decoding=\"async\" loading=\"lazy\" sizes=\"auto, (max-width: 1600px) 100vw, 1600px\" src=\"https:\/\/brtk.net\/wp-content\/uploads\/2023\/04\/02\/IMG-20230402-WA0012.jpg?ver=736db41beae8fa04a9f66ab2b80ae201\" srcset=\"https:\/\/brtk.net\/wp-content\/uploads\/2023\/04\/02\/IMG-20230402-WA0012.jpg?ver=736db41beae8fa04a9f66ab2b80ae201 1600w, https:\/\/brtk.net\/wp-content\/uploads\/2023\/04\/02\/IMG-20230402-WA0012-300x200.jpg?ver=736db41beae8fa04a9f66ab2b80ae201 300w, https:\/\/brtk.net\/wp-content\/uploads\/2023\/04\/02\/IMG-20230402-WA0012-1024x682.jpg?ver=736db41beae8fa04a9f66ab2b80ae201 1024w, https:\/\/brtk.net\/wp-content\/uploads\/2023\/04\/02\/IMG-20230402-WA0012-768x512.jpg?ver=8a2562a534a508ae47afb46cdc48b5be 768w, https:\/\/brtk.net\/wp-content\/uploads\/2023\/04\/02\/IMG-20230402-WA0012-1536x1023.jpg?ver=8a2562a534a508ae47afb46cdc48b5be 1536w\"\/>                            <\/div>\n<p>Cumhuriyet Meclisi Ba\u015fkan\u0131 Zorlu T\u00f6re, Malatyal\u0131lar K\u00fclt\u00fcr Derne\u011fi 5. Genel Kuruluna kat\u0131ld\u0131.<\/p>\n<p>T\u00f6re burada kat\u0131l\u0131mc\u0131lara hitaben yapt\u0131\u011f\u0131 konu\u015fmada herkesin bu adaya Anadolu\u2019nun farkl\u0131 b\u00f6lgelerinden farkl\u0131 tarihler aral\u0131\u011f\u0131nda geldi\u011fini ifade ederek, hepimizi birle\u015ftirenin T\u00fcrk Milleti olmak oldu\u011funu s\u00f6yledi.<\/p>\n<p>Ba\u015fkan T\u00f6re, T\u00fcrk Milleti\u2019nin mensubu olmakla  her zaman \u015feref duyduklar\u0131n\u0131 kaydederek <a href=\"https:\/\/brtk.net\/\">KKTC<\/a>\u2019nin kendileri i\u00e7in milli bir devlet oldu\u011funu belirtti.<\/p>\n<p>Atat\u00fcrk\u2019\u00fcn \u201cBa\u011f\u0131ms\u0131zl\u0131k benim kaderimdir\u201d s\u00f6z\u00fcn\u00fc an\u0131msatan T\u00f6re, milli davan\u0131n b\u00f6yle savunulabilece\u011fini vurgulad\u0131 ve \u201cBinlerce \u015fehidin arkas\u0131ndan y\u00fcr\u00fcmeye biz daima haz\u0131r\u0131z. Bizim can\u0131m\u0131z o aziz \u015fehitlerin canlar\u0131ndan daha k\u0131ymetli de\u011fildir. Onun i\u00e7in davam\u0131z boyunca gerekirse yeniden can vermeye haz\u0131r\u0131z\u201d dedi.<\/p>\n<p>T\u00f6re, <a href=\"https:\/\/brtk.net\/\">KKTC<\/a>\u2019den hi\u00e7bir zaman vazge\u00e7meyeceklerini belirterek  T\u00fcrkiye Cumhurba\u015fkan\u0131 Recep Tayyip Erdo\u011fan\u2019\u0131n giri\u015fimleri ile adan\u0131n suya kavu\u015ftu\u011funu an\u0131msatt\u0131 ve yak\u0131n zamanda da elektik hatt\u0131 i\u00e7in \u00e7al\u0131\u015fmalar\u0131n devam etti\u011fini kaydetti.<\/p>\n<p>Baz\u0131 kesimlerin T\u00fcrkiye i\u00e7in \u201cAnavatan\u201d demeye \u00e7ekindi\u011fini dile getiren T\u00f6re:  \u201c\u0130yi ki anam\u0131z var. Anavatan\u0131m\u0131z var. \u0130yi ki bizde T\u00fcrk milletinin \u015ferefli mensuplar\u0131y\u0131z. Ne mutlu T\u00fcrk\u00fcm diyene\u201d diyerek s\u00f6zlerini tamamlad\u0131.<\/p>\n<\/p><\/div>\n<p><script async\n                    defer\n                    crossorigin=\"anonymous\"\n                    src=\"https:\/\/connect.facebook.net\/tr_TR\/sdk.js#xfbml=1&#038;version=v3.3\"\n            ><\/script><\/p>\n","protected":false},"excerpt":{"rendered":"<p>Cumhuriyet Meclisi Ba\u015fkan\u0131 Zorlu T\u00f6re, Malatyal\u0131lar K\u00fclt\u00fcr Derne\u011fi 5. Genel Kuruluna kat\u0131ld\u0131. T\u00f6re burada kat\u0131l\u0131mc\u0131lara hitaben yapt\u0131\u011f\u0131 konu\u015fmada herkesin bu adaya Anadolu\u2019nun farkl\u0131 b\u00f6lgelerinden farkl\u0131 tarihler aral\u0131\u011f\u0131nda geldi\u011fini ifade ederek, hepimizi birle\u015ftirenin T\u00fcrk Milleti olmak oldu\u011funu s\u00f6yledi. Ba\u015fkan T\u00f6re, T\u00fcrk Milleti\u2019nin mensubu olmakla her zaman \u015feref duyduklar\u0131n\u0131 kaydederek KKTC\u2019nin kendileri i\u00e7in milli bir devlet oldu\u011funu<\/p>\n","protected":false},"author":1,"featured_media":4423,"comment_status":"open","ping_status":"open","sticky":false,"template":"","format":"standard","meta":{"footnotes":""},"categories":[1],"tags":[],"class_list":["post-4422","post","type-post","status-publish","format-standard","has-post-thumbnail","hentry","category-gundem"],"yoast_head":"<!-- This site is optimized with the Yoast SEO plugin v27.4 - https:\/\/yoast.com\/product\/yoast-seo-wordpress\/ -->\n<title>T\u00f6re, Malatyal\u0131lar K\u00fclt\u00fcr Derne\u011fi 5.Genel Kuruluna kat\u0131ld\u0131 -<\/title>\n<meta name=\"robots\" content=\"index, follow, max-snippet:-1, max-image-preview:large, max-video-preview:-1\" \/>\n<link rel=\"canonical\" href=\"https:\/\/kibrisdakik.com\/?p=4422\" \/>\n<meta property=\"og:locale\" content=\"tr_TR\" \/>\n<meta property=\"og:type\" content=\"article\" \/>\n<meta property=\"og:title\" content=\"T\u00f6re, Malatyal\u0131lar K\u00fclt\u00fcr Derne\u011fi 5.Genel Kuruluna kat\u0131ld\u0131 -\" \/>\n<meta property=\"og:description\" content=\"Cumhuriyet Meclisi Ba\u015fkan\u0131 Zorlu T\u00f6re, Malatyal\u0131lar K\u00fclt\u00fcr Derne\u011fi 5. Genel Kuruluna kat\u0131ld\u0131. T\u00f6re burada kat\u0131l\u0131mc\u0131lara hitaben yapt\u0131\u011f\u0131 konu\u015fmada herkesin bu adaya Anadolu\u2019nun farkl\u0131 b\u00f6lgelerinden farkl\u0131 tarihler aral\u0131\u011f\u0131nda geldi\u011fini ifade ederek, hepimizi birle\u015ftirenin T\u00fcrk Milleti olmak oldu\u011funu s\u00f6yledi. Ba\u015fkan T\u00f6re, T\u00fcrk Milleti\u2019nin mensubu olmakla her zaman \u015feref duyduklar\u0131n\u0131 kaydederek KKTC\u2019nin kendileri i\u00e7in milli bir devlet oldu\u011funu\" \/>\n<meta property=\"og:url\" content=\"https:\/\/kibrisdakik.com\/?p=4422\" \/>\n<meta property=\"article:published_time\" content=\"2023-04-02T14:15:34+00:00\" \/>\n<meta property=\"og:image\" content=\"https:\/\/kibrisdakik.com\/wp-content\/uploads\/2023\/04\/IMG-20230402-WA0012-740x420.jpg\" \/>\n\t<meta property=\"og:image:width\" content=\"1600\" \/>\n\t<meta property=\"og:image:height\" content=\"1066\" \/>\n\t<meta property=\"og:image:type\" content=\"image\/jpeg\" \/>\n<meta name=\"author\" content=\"admin\" \/>\n<meta name=\"twitter:card\" content=\"summary_large_image\" \/>\n<meta name=\"twitter:label1\" content=\"Yazan:\" \/>\n\t<meta name=\"twitter:data1\" content=\"admin\" \/>\n\t<meta name=\"twitter:label2\" content=\"Tahmini okuma s\u00fcresi\" \/>\n\t<meta name=\"twitter:data2\" content=\"1 dakika\" \/>\n<script type=\"application\/ld+json\" class=\"yoast-schema-graph\">{\"@context\":\"https:\\\/\\\/schema.org\",\"@graph\":[{\"@type\":\"Article\",\"@id\":\"https:\\\/\\\/kibrisdakik.com\\\/?p=4422#article\",\"isPartOf\":{\"@id\":\"https:\\\/\\\/kibrisdakik.com\\\/?p=4422\"},\"author\":{\"name\":\"admin\",\"@id\":\"https:\\\/\\\/kibrisdakik.com\\\/#\\\/schema\\\/person\\\/9cd9d437bbb44f72b73ba127e06d8e79\"},\"headline\":\"T\u00f6re, Malatyal\u0131lar K\u00fclt\u00fcr Derne\u011fi 5.Genel Kuruluna kat\u0131ld\u0131\",\"datePublished\":\"2023-04-02T14:15:34+00:00\",\"mainEntityOfPage\":{\"@id\":\"https:\\\/\\\/kibrisdakik.com\\\/?p=4422\"},\"wordCount\":250,\"commentCount\":0,\"image\":{\"@id\":\"https:\\\/\\\/kibrisdakik.com\\\/?p=4422#primaryimage\"},\"thumbnailUrl\":\"https:\\\/\\\/kibrisdakik.com\\\/wp-content\\\/uploads\\\/2023\\\/04\\\/IMG-20230402-WA0012-740x420.jpg\",\"articleSection\":[\"G\u00fcndem\"],\"inLanguage\":\"tr\",\"potentialAction\":[{\"@type\":\"CommentAction\",\"name\":\"Comment\",\"target\":[\"https:\\\/\\\/kibrisdakik.com\\\/?p=4422#respond\"]}]},{\"@type\":\"WebPage\",\"@id\":\"https:\\\/\\\/kibrisdakik.com\\\/?p=4422\",\"url\":\"https:\\\/\\\/kibrisdakik.com\\\/?p=4422\",\"name\":\"T\u00f6re, Malatyal\u0131lar K\u00fclt\u00fcr Derne\u011fi 5.Genel Kuruluna kat\u0131ld\u0131 -\",\"isPartOf\":{\"@id\":\"https:\\\/\\\/kibrisdakik.com\\\/#website\"},\"primaryImageOfPage\":{\"@id\":\"https:\\\/\\\/kibrisdakik.com\\\/?p=4422#primaryimage\"},\"image\":{\"@id\":\"https:\\\/\\\/kibrisdakik.com\\\/?p=4422#primaryimage\"},\"thumbnailUrl\":\"https:\\\/\\\/kibrisdakik.com\\\/wp-content\\\/uploads\\\/2023\\\/04\\\/IMG-20230402-WA0012-740x420.jpg\",\"datePublished\":\"2023-04-02T14:15:34+00:00\",\"author\":{\"@id\":\"https:\\\/\\\/kibrisdakik.com\\\/#\\\/schema\\\/person\\\/9cd9d437bbb44f72b73ba127e06d8e79\"},\"breadcrumb\":{\"@id\":\"https:\\\/\\\/kibrisdakik.com\\\/?p=4422#breadcrumb\"},\"inLanguage\":\"tr\",\"potentialAction\":[{\"@type\":\"ReadAction\",\"target\":[\"https:\\\/\\\/kibrisdakik.com\\\/?p=4422\"]}]},{\"@type\":\"ImageObject\",\"inLanguage\":\"tr\",\"@id\":\"https:\\\/\\\/kibrisdakik.com\\\/?p=4422#primaryimage\",\"url\":\"https:\\\/\\\/kibrisdakik.com\\\/wp-content\\\/uploads\\\/2023\\\/04\\\/IMG-20230402-WA0012-740x420.jpg\",\"contentUrl\":\"https:\\\/\\\/kibrisdakik.com\\\/wp-content\\\/uploads\\\/2023\\\/04\\\/IMG-20230402-WA0012-740x420.jpg\",\"width\":1600,\"height\":1066},{\"@type\":\"BreadcrumbList\",\"@id\":\"https:\\\/\\\/kibrisdakik.com\\\/?p=4422#breadcrumb\",\"itemListElement\":[{\"@type\":\"ListItem\",\"position\":1,\"name\":\"Home\",\"item\":\"https:\\\/\\\/kibrisdakik.com\\\/\"},{\"@type\":\"ListItem\",\"position\":2,\"name\":\"T\u00f6re, Malatyal\u0131lar K\u00fclt\u00fcr Derne\u011fi 5.Genel Kuruluna kat\u0131ld\u0131\"}]},{\"@type\":\"WebSite\",\"@id\":\"https:\\\/\\\/kibrisdakik.com\\\/#website\",\"url\":\"https:\\\/\\\/kibrisdakik.com\\\/\",\"name\":\"\",\"description\":\"Tam vaktinde haber\",\"potentialAction\":[{\"@type\":\"SearchAction\",\"target\":{\"@type\":\"EntryPoint\",\"urlTemplate\":\"https:\\\/\\\/kibrisdakik.com\\\/?s={search_term_string}\"},\"query-input\":{\"@type\":\"PropertyValueSpecification\",\"valueRequired\":true,\"valueName\":\"search_term_string\"}}],\"inLanguage\":\"tr\"},{\"@type\":\"Person\",\"@id\":\"https:\\\/\\\/kibrisdakik.com\\\/#\\\/schema\\\/person\\\/9cd9d437bbb44f72b73ba127e06d8e79\",\"name\":\"admin\",\"image\":{\"@type\":\"ImageObject\",\"inLanguage\":\"tr\",\"@id\":\"https:\\\/\\\/secure.gravatar.com\\\/avatar\\\/ccc17943b9d660506c869530f897617f7cb1c21a4bf30023f252596d83e1f007?s=96&d=mm&r=g\",\"url\":\"https:\\\/\\\/secure.gravatar.com\\\/avatar\\\/ccc17943b9d660506c869530f897617f7cb1c21a4bf30023f252596d83e1f007?s=96&d=mm&r=g\",\"contentUrl\":\"https:\\\/\\\/secure.gravatar.com\\\/avatar\\\/ccc17943b9d660506c869530f897617f7cb1c21a4bf30023f252596d83e1f007?s=96&d=mm&r=g\",\"caption\":\"admin\"},\"sameAs\":[\"https:\\\/\\\/kibrisdakik.com\"],\"url\":\"https:\\\/\\\/kibrisdakik.com\\\/?author=1\"}]}<\/script>\n<!-- \/ Yoast SEO plugin. -->","yoast_head_json":{"title":"T\u00f6re, Malatyal\u0131lar K\u00fclt\u00fcr Derne\u011fi 5.Genel Kuruluna kat\u0131ld\u0131 -","robots":{"index":"index","follow":"follow","max-snippet":"max-snippet:-1","max-image-preview":"max-image-preview:large","max-video-preview":"max-video-preview:-1"},"canonical":"https:\/\/kibrisdakik.com\/?p=4422","og_locale":"tr_TR","og_type":"article","og_title":"T\u00f6re, Malatyal\u0131lar K\u00fclt\u00fcr Derne\u011fi 5.Genel Kuruluna kat\u0131ld\u0131 -","og_description":"Cumhuriyet Meclisi Ba\u015fkan\u0131 Zorlu T\u00f6re, Malatyal\u0131lar K\u00fclt\u00fcr Derne\u011fi 5. Genel Kuruluna kat\u0131ld\u0131. T\u00f6re burada kat\u0131l\u0131mc\u0131lara hitaben yapt\u0131\u011f\u0131 konu\u015fmada herkesin bu adaya Anadolu\u2019nun farkl\u0131 b\u00f6lgelerinden farkl\u0131 tarihler aral\u0131\u011f\u0131nda geldi\u011fini ifade ederek, hepimizi birle\u015ftirenin T\u00fcrk Milleti olmak oldu\u011funu s\u00f6yledi. Ba\u015fkan T\u00f6re, T\u00fcrk Milleti\u2019nin mensubu olmakla her zaman \u015feref duyduklar\u0131n\u0131 kaydederek KKTC\u2019nin kendileri i\u00e7in milli bir devlet oldu\u011funu","og_url":"https:\/\/kibrisdakik.com\/?p=4422","article_published_time":"2023-04-02T14:15:34+00:00","og_image":[{"width":1600,"height":1066,"url":"https:\/\/kibrisdakik.com\/wp-content\/uploads\/2023\/04\/IMG-20230402-WA0012-740x420.jpg","type":"image\/jpeg"}],"author":"admin","twitter_card":"summary_large_image","twitter_misc":{"Yazan:":"admin","Tahmini okuma s\u00fcresi":"1 dakika"},"schema":{"@context":"https:\/\/schema.org","@graph":[{"@type":"Article","@id":"https:\/\/kibrisdakik.com\/?p=4422#article","isPartOf":{"@id":"https:\/\/kibrisdakik.com\/?p=4422"},"author":{"name":"admin","@id":"https:\/\/kibrisdakik.com\/#\/schema\/person\/9cd9d437bbb44f72b73ba127e06d8e79"},"headline":"T\u00f6re, Malatyal\u0131lar K\u00fclt\u00fcr Derne\u011fi 5.Genel Kuruluna kat\u0131ld\u0131","datePublished":"2023-04-02T14:15:34+00:00","mainEntityOfPage":{"@id":"https:\/\/kibrisdakik.com\/?p=4422"},"wordCount":250,"commentCount":0,"image":{"@id":"https:\/\/kibrisdakik.com\/?p=4422#primaryimage"},"thumbnailUrl":"https:\/\/kibrisdakik.com\/wp-content\/uploads\/2023\/04\/IMG-20230402-WA0012-740x420.jpg","articleSection":["G\u00fcndem"],"inLanguage":"tr","potentialAction":[{"@type":"CommentAction","name":"Comment","target":["https:\/\/kibrisdakik.com\/?p=4422#respond"]}]},{"@type":"WebPage","@id":"https:\/\/kibrisdakik.com\/?p=4422","url":"https:\/\/kibrisdakik.com\/?p=4422","name":"T\u00f6re, Malatyal\u0131lar K\u00fclt\u00fcr Derne\u011fi 5.Genel Kuruluna kat\u0131ld\u0131 -","isPartOf":{"@id":"https:\/\/kibrisdakik.com\/#website"},"primaryImageOfPage":{"@id":"https:\/\/kibrisdakik.com\/?p=4422#primaryimage"},"image":{"@id":"https:\/\/kibrisdakik.com\/?p=4422#primaryimage"},"thumbnailUrl":"https:\/\/kibrisdakik.com\/wp-content\/uploads\/2023\/04\/IMG-20230402-WA0012-740x420.jpg","datePublished":"2023-04-02T14:15:34+00:00","author":{"@id":"https:\/\/kibrisdakik.com\/#\/schema\/person\/9cd9d437bbb44f72b73ba127e06d8e79"},"breadcrumb":{"@id":"https:\/\/kibrisdakik.com\/?p=4422#breadcrumb"},"inLanguage":"tr","potentialAction":[{"@type":"ReadAction","target":["https:\/\/kibrisdakik.com\/?p=4422"]}]},{"@type":"ImageObject","inLanguage":"tr","@id":"https:\/\/kibrisdakik.com\/?p=4422#primaryimage","url":"https:\/\/kibrisdakik.com\/wp-content\/uploads\/2023\/04\/IMG-20230402-WA0012-740x420.jpg","contentUrl":"https:\/\/kibrisdakik.com\/wp-content\/uploads\/2023\/04\/IMG-20230402-WA0012-740x420.jpg","width":1600,"height":1066},{"@type":"BreadcrumbList","@id":"https:\/\/kibrisdakik.com\/?p=4422#breadcrumb","itemListElement":[{"@type":"ListItem","position":1,"name":"Home","item":"https:\/\/kibrisdakik.com\/"},{"@type":"ListItem","position":2,"name":"T\u00f6re, Malatyal\u0131lar K\u00fclt\u00fcr Derne\u011fi 5.Genel Kuruluna kat\u0131ld\u0131"}]},{"@type":"WebSite","@id":"https:\/\/kibrisdakik.com\/#website","url":"https:\/\/kibrisdakik.com\/","name":"","description":"Tam vaktinde haber","potentialAction":[{"@type":"SearchAction","target":{"@type":"EntryPoint","urlTemplate":"https:\/\/kibrisdakik.com\/?s={search_term_string}"},"query-input":{"@type":"PropertyValueSpecification","valueRequired":true,"valueName":"search_term_string"}}],"inLanguage":"tr"},{"@type":"Person","@id":"https:\/\/kibrisdakik.com\/#\/schema\/person\/9cd9d437bbb44f72b73ba127e06d8e79","name":"admin","image":{"@type":"ImageObject","inLanguage":"tr","@id":"https:\/\/secure.gravatar.com\/avatar\/ccc17943b9d660506c869530f897617f7cb1c21a4bf30023f252596d83e1f007?s=96&d=mm&r=g","url":"https:\/\/secure.gravatar.com\/avatar\/ccc17943b9d660506c869530f897617f7cb1c21a4bf30023f252596d83e1f007?s=96&d=mm&r=g","contentUrl":"https:\/\/secure.gravatar.com\/avatar\/ccc17943b9d660506c869530f897617f7cb1c21a4bf30023f252596d83e1f007?s=96&d=mm&r=g","caption":"admin"},"sameAs":["https:\/\/kibrisdakik.com"],"url":"https:\/\/kibrisdakik.com\/?author=1"}]}},"_links":{"self":[{"href":"https:\/\/kibrisdakik.com\/index.php?rest_route=\/wp\/v2\/posts\/4422","targetHints":{"allow":["GET"]}}],"collection":[{"href":"https:\/\/kibrisdakik.com\/index.php?rest_route=\/wp\/v2\/posts"}],"about":[{"href":"https:\/\/kibrisdakik.com\/index.php?rest_route=\/wp\/v2\/types\/post"}],"author":[{"embeddable":true,"href":"https:\/\/kibrisdakik.com\/index.php?rest_route=\/wp\/v2\/users\/1"}],"replies":[{"embeddable":true,"href":"https:\/\/kibrisdakik.com\/index.php?rest_route=%2Fwp%2Fv2%2Fcomments&post=4422"}],"version-history":[{"count":0,"href":"https:\/\/kibrisdakik.com\/index.php?rest_route=\/wp\/v2\/posts\/4422\/revisions"}],"wp:featuredmedia":[{"embeddable":true,"href":"https:\/\/kibrisdakik.com\/index.php?rest_route=\/wp\/v2\/media\/4423"}],"wp:attachment":[{"href":"https:\/\/kibrisdakik.com\/index.php?rest_route=%2Fwp%2Fv2%2Fmedia&parent=4422"}],"wp:term":[{"taxonomy":"category","embeddable":true,"href":"https:\/\/kibrisdakik.com\/index.php?rest_route=%2Fwp%2Fv2%2Fcategories&post=4422"},{"taxonomy":"post_tag","embeddable":true,"href":"https:\/\/kibrisdakik.com\/index.php?rest_route=%2Fwp%2Fv2%2Ftags&post=4422"}],"curies":[{"name":"wp","href":"https:\/\/api.w.org\/{rel}","templated":true}]}}