{"id":4424,"date":"2023-04-02T15:16:47","date_gmt":"2023-04-02T15:16:47","guid":{"rendered":"https:\/\/kibrisdakik.com\/index.php\/2023\/04\/02\/akansoydan-aoa-aciklamasi-akademinin-gelistirilmesi-olmazsa-olmazdi\/"},"modified":"2023-04-02T15:16:47","modified_gmt":"2023-04-02T15:16:47","slug":"akansoydan-aoa-aciklamasi-akademinin-gelistirilmesi-olmazsa-olmazdi","status":"publish","type":"post","link":"https:\/\/kibrisdakik.com\/?p=4424","title":{"rendered":"Akansoy\u2019dan A\u00d6A a\u00e7\u0131klamas\u0131 :Akademi\u2019nin geli\u015ftirilmesi olmazsa olmazd\u0131"},"content":{"rendered":"<p><\/p>\n<div>\n<div class=\"mariselle-image-container center\">\n                <img width=\"1024\" height=\"750\" class=\"lazy-image\" alt=\"\" decoding=\"async\" loading=\"lazy\" sizes=\"auto, (max-width: 1024px) 100vw, 1024px\" src=\"https:\/\/brtk.net\/wp-content\/uploads\/2023\/01\/31\/asim-akansoy1.jpg?ver=1349f99e098c97e4b16fc73fe1bc0a39\" srcset=\"https:\/\/brtk.net\/wp-content\/uploads\/2023\/01\/31\/asim-akansoy1.jpg?ver=1349f99e098c97e4b16fc73fe1bc0a39 1024w, https:\/\/brtk.net\/wp-content\/uploads\/2023\/01\/31\/asim-akansoy1-300x220.jpg?ver=1349f99e098c97e4b16fc73fe1bc0a39 300w, https:\/\/brtk.net\/wp-content\/uploads\/2023\/01\/31\/asim-akansoy1-768x563.jpg?ver=1349f99e098c97e4b16fc73fe1bc0a39 768w\"\/>                            <\/div>\n<p>Cumhuriyet\u00e7i T\u00fcrk Partisi (<a href=\"https:\/\/brtk.net\/\">CTP<\/a>) Genel Sekreteri As\u0131m Akansoy Atat\u00fcrk \u00d6\u011fretmen Akademisi Y\u00f6netim Kurulu\u2019nun g\u00f6revden al\u0131nmas\u0131 ile ilgili a\u00e7\u0131klama yaparak \u201c\u00dclkeyi y\u00f6netti\u011fini iddia edenler, Atat\u00fcrk \u00d6\u011fretmen Akademisi \u00fczerinden oynad\u0131\u011f\u0131 siyasi oyunlarla, bu \u00fclkenin temel e\u011fitim kademesine \u00f6\u011fretmen yeti\u015ftiren en \u00f6nemli kurumunu i\u015f yapamaz hale getirmi\u015ftir\u201d dedi.<\/p>\n<p>Akansoy  yapt\u0131\u011f\u0131 a\u00e7\u0131klamada h\u00fck\u00fcmeti akademiyi kapatma noktas\u0131na getiren bu uygulamalar\u0131ndan bir an \u00f6nce vazge\u00e7meye \u00e7a\u011f\u0131rd\u0131.<\/p>\n<\/p><\/div>\n<p><script async\n                    defer\n                    crossorigin=\"anonymous\"\n                    src=\"https:\/\/connect.facebook.net\/tr_TR\/sdk.js#xfbml=1&#038;version=v3.3\"\n            ><\/script><\/p>\n","protected":false},"excerpt":{"rendered":"<p>Cumhuriyet\u00e7i T\u00fcrk Partisi (CTP) Genel Sekreteri As\u0131m Akansoy Atat\u00fcrk \u00d6\u011fretmen Akademisi Y\u00f6netim Kurulu\u2019nun g\u00f6revden al\u0131nmas\u0131 ile ilgili a\u00e7\u0131klama yaparak \u201c\u00dclkeyi y\u00f6netti\u011fini iddia edenler, Atat\u00fcrk \u00d6\u011fretmen Akademisi \u00fczerinden oynad\u0131\u011f\u0131 siyasi oyunlarla, bu \u00fclkenin temel e\u011fitim kademesine \u00f6\u011fretmen yeti\u015ftiren en \u00f6nemli kurumunu i\u015f yapamaz hale getirmi\u015ftir\u201d dedi. Akansoy yapt\u0131\u011f\u0131 a\u00e7\u0131klamada h\u00fck\u00fcmeti akademiyi kapatma noktas\u0131na getiren bu uygulamalar\u0131ndan<\/p>\n","protected":false},"author":1,"featured_media":4425,"comment_status":"open","ping_status":"open","sticky":false,"template":"","format":"standard","meta":{"footnotes":""},"categories":[1],"tags":[],"class_list":["post-4424","post","type-post","status-publish","format-standard","has-post-thumbnail","hentry","category-gundem"],"yoast_head":"<!-- This site is optimized with the Yoast SEO plugin v27.5 - https:\/\/yoast.com\/product\/yoast-seo-wordpress\/ -->\n<title>Akansoy\u2019dan A\u00d6A a\u00e7\u0131klamas\u0131 :Akademi\u2019nin geli\u015ftirilmesi olmazsa olmazd\u0131 -<\/title>\n<meta name=\"robots\" content=\"index, follow, max-snippet:-1, max-image-preview:large, max-video-preview:-1\" \/>\n<link rel=\"canonical\" href=\"https:\/\/kibrisdakik.com\/?p=4424\" \/>\n<meta property=\"og:locale\" content=\"tr_TR\" \/>\n<meta property=\"og:type\" content=\"article\" \/>\n<meta property=\"og:title\" content=\"Akansoy\u2019dan A\u00d6A a\u00e7\u0131klamas\u0131 :Akademi\u2019nin geli\u015ftirilmesi olmazsa olmazd\u0131 -\" \/>\n<meta property=\"og:description\" content=\"Cumhuriyet\u00e7i T\u00fcrk Partisi (CTP) Genel Sekreteri As\u0131m Akansoy Atat\u00fcrk \u00d6\u011fretmen Akademisi Y\u00f6netim Kurulu\u2019nun g\u00f6revden al\u0131nmas\u0131 ile ilgili a\u00e7\u0131klama yaparak \u201c\u00dclkeyi y\u00f6netti\u011fini iddia edenler, Atat\u00fcrk \u00d6\u011fretmen Akademisi \u00fczerinden oynad\u0131\u011f\u0131 siyasi oyunlarla, bu \u00fclkenin temel e\u011fitim kademesine \u00f6\u011fretmen yeti\u015ftiren en \u00f6nemli kurumunu i\u015f yapamaz hale getirmi\u015ftir\u201d dedi. Akansoy yapt\u0131\u011f\u0131 a\u00e7\u0131klamada h\u00fck\u00fcmeti akademiyi kapatma noktas\u0131na getiren bu uygulamalar\u0131ndan\" \/>\n<meta property=\"og:url\" content=\"https:\/\/kibrisdakik.com\/?p=4424\" \/>\n<meta property=\"article:published_time\" content=\"2023-04-02T15:16:47+00:00\" \/>\n<meta property=\"og:image\" content=\"https:\/\/kibrisdakik.com\/wp-content\/uploads\/2023\/04\/ctp-asim-akansoy-740x420.jpg\" \/>\n\t<meta property=\"og:image:width\" content=\"1024\" \/>\n\t<meta property=\"og:image:height\" content=\"750\" \/>\n\t<meta property=\"og:image:type\" content=\"image\/jpeg\" \/>\n<meta name=\"author\" content=\"admin\" \/>\n<meta name=\"twitter:card\" content=\"summary_large_image\" \/>\n<meta name=\"twitter:label1\" content=\"Yazan:\" \/>\n\t<meta name=\"twitter:data1\" content=\"admin\" \/>\n<script type=\"application\/ld+json\" class=\"yoast-schema-graph\">{\"@context\":\"https:\\\/\\\/schema.org\",\"@graph\":[{\"@type\":\"Article\",\"@id\":\"https:\\\/\\\/kibrisdakik.com\\\/?p=4424#article\",\"isPartOf\":{\"@id\":\"https:\\\/\\\/kibrisdakik.com\\\/?p=4424\"},\"author\":{\"name\":\"admin\",\"@id\":\"https:\\\/\\\/kibrisdakik.com\\\/#\\\/schema\\\/person\\\/9cd9d437bbb44f72b73ba127e06d8e79\"},\"headline\":\"Akansoy\u2019dan A\u00d6A a\u00e7\u0131klamas\u0131 :Akademi\u2019nin geli\u015ftirilmesi olmazsa olmazd\u0131\",\"datePublished\":\"2023-04-02T15:16:47+00:00\",\"mainEntityOfPage\":{\"@id\":\"https:\\\/\\\/kibrisdakik.com\\\/?p=4424\"},\"wordCount\":94,\"commentCount\":0,\"image\":{\"@id\":\"https:\\\/\\\/kibrisdakik.com\\\/?p=4424#primaryimage\"},\"thumbnailUrl\":\"https:\\\/\\\/kibrisdakik.com\\\/wp-content\\\/uploads\\\/2023\\\/04\\\/ctp-asim-akansoy-740x420.jpg\",\"articleSection\":[\"G\u00fcndem\"],\"inLanguage\":\"tr\",\"potentialAction\":[{\"@type\":\"CommentAction\",\"name\":\"Comment\",\"target\":[\"https:\\\/\\\/kibrisdakik.com\\\/?p=4424#respond\"]}]},{\"@type\":\"WebPage\",\"@id\":\"https:\\\/\\\/kibrisdakik.com\\\/?p=4424\",\"url\":\"https:\\\/\\\/kibrisdakik.com\\\/?p=4424\",\"name\":\"Akansoy\u2019dan A\u00d6A a\u00e7\u0131klamas\u0131 :Akademi\u2019nin geli\u015ftirilmesi olmazsa olmazd\u0131 -\",\"isPartOf\":{\"@id\":\"https:\\\/\\\/kibrisdakik.com\\\/#website\"},\"primaryImageOfPage\":{\"@id\":\"https:\\\/\\\/kibrisdakik.com\\\/?p=4424#primaryimage\"},\"image\":{\"@id\":\"https:\\\/\\\/kibrisdakik.com\\\/?p=4424#primaryimage\"},\"thumbnailUrl\":\"https:\\\/\\\/kibrisdakik.com\\\/wp-content\\\/uploads\\\/2023\\\/04\\\/ctp-asim-akansoy-740x420.jpg\",\"datePublished\":\"2023-04-02T15:16:47+00:00\",\"author\":{\"@id\":\"https:\\\/\\\/kibrisdakik.com\\\/#\\\/schema\\\/person\\\/9cd9d437bbb44f72b73ba127e06d8e79\"},\"breadcrumb\":{\"@id\":\"https:\\\/\\\/kibrisdakik.com\\\/?p=4424#breadcrumb\"},\"inLanguage\":\"tr\",\"potentialAction\":[{\"@type\":\"ReadAction\",\"target\":[\"https:\\\/\\\/kibrisdakik.com\\\/?p=4424\"]}]},{\"@type\":\"ImageObject\",\"inLanguage\":\"tr\",\"@id\":\"https:\\\/\\\/kibrisdakik.com\\\/?p=4424#primaryimage\",\"url\":\"https:\\\/\\\/kibrisdakik.com\\\/wp-content\\\/uploads\\\/2023\\\/04\\\/ctp-asim-akansoy-740x420.jpg\",\"contentUrl\":\"https:\\\/\\\/kibrisdakik.com\\\/wp-content\\\/uploads\\\/2023\\\/04\\\/ctp-asim-akansoy-740x420.jpg\",\"width\":1024,\"height\":750},{\"@type\":\"BreadcrumbList\",\"@id\":\"https:\\\/\\\/kibrisdakik.com\\\/?p=4424#breadcrumb\",\"itemListElement\":[{\"@type\":\"ListItem\",\"position\":1,\"name\":\"Home\",\"item\":\"https:\\\/\\\/kibrisdakik.com\\\/\"},{\"@type\":\"ListItem\",\"position\":2,\"name\":\"Akansoy\u2019dan A\u00d6A a\u00e7\u0131klamas\u0131 :Akademi\u2019nin geli\u015ftirilmesi olmazsa olmazd\u0131\"}]},{\"@type\":\"WebSite\",\"@id\":\"https:\\\/\\\/kibrisdakik.com\\\/#website\",\"url\":\"https:\\\/\\\/kibrisdakik.com\\\/\",\"name\":\"\",\"description\":\"Tam vaktinde haber\",\"potentialAction\":[{\"@type\":\"SearchAction\",\"target\":{\"@type\":\"EntryPoint\",\"urlTemplate\":\"https:\\\/\\\/kibrisdakik.com\\\/?s={search_term_string}\"},\"query-input\":{\"@type\":\"PropertyValueSpecification\",\"valueRequired\":true,\"valueName\":\"search_term_string\"}}],\"inLanguage\":\"tr\"},{\"@type\":\"Person\",\"@id\":\"https:\\\/\\\/kibrisdakik.com\\\/#\\\/schema\\\/person\\\/9cd9d437bbb44f72b73ba127e06d8e79\",\"name\":\"admin\",\"image\":{\"@type\":\"ImageObject\",\"inLanguage\":\"tr\",\"@id\":\"https:\\\/\\\/secure.gravatar.com\\\/avatar\\\/ccc17943b9d660506c869530f897617f7cb1c21a4bf30023f252596d83e1f007?s=96&d=mm&r=g\",\"url\":\"https:\\\/\\\/secure.gravatar.com\\\/avatar\\\/ccc17943b9d660506c869530f897617f7cb1c21a4bf30023f252596d83e1f007?s=96&d=mm&r=g\",\"contentUrl\":\"https:\\\/\\\/secure.gravatar.com\\\/avatar\\\/ccc17943b9d660506c869530f897617f7cb1c21a4bf30023f252596d83e1f007?s=96&d=mm&r=g\",\"caption\":\"admin\"},\"sameAs\":[\"https:\\\/\\\/kibrisdakik.com\"],\"url\":\"https:\\\/\\\/kibrisdakik.com\\\/?author=1\"}]}<\/script>\n<!-- \/ Yoast SEO plugin. -->","yoast_head_json":{"title":"Akansoy\u2019dan A\u00d6A a\u00e7\u0131klamas\u0131 :Akademi\u2019nin geli\u015ftirilmesi olmazsa olmazd\u0131 -","robots":{"index":"index","follow":"follow","max-snippet":"max-snippet:-1","max-image-preview":"max-image-preview:large","max-video-preview":"max-video-preview:-1"},"canonical":"https:\/\/kibrisdakik.com\/?p=4424","og_locale":"tr_TR","og_type":"article","og_title":"Akansoy\u2019dan A\u00d6A a\u00e7\u0131klamas\u0131 :Akademi\u2019nin geli\u015ftirilmesi olmazsa olmazd\u0131 -","og_description":"Cumhuriyet\u00e7i T\u00fcrk Partisi (CTP) Genel Sekreteri As\u0131m Akansoy Atat\u00fcrk \u00d6\u011fretmen Akademisi Y\u00f6netim Kurulu\u2019nun g\u00f6revden al\u0131nmas\u0131 ile ilgili a\u00e7\u0131klama yaparak \u201c\u00dclkeyi y\u00f6netti\u011fini iddia edenler, Atat\u00fcrk \u00d6\u011fretmen Akademisi \u00fczerinden oynad\u0131\u011f\u0131 siyasi oyunlarla, bu \u00fclkenin temel e\u011fitim kademesine \u00f6\u011fretmen yeti\u015ftiren en \u00f6nemli kurumunu i\u015f yapamaz hale getirmi\u015ftir\u201d dedi. Akansoy yapt\u0131\u011f\u0131 a\u00e7\u0131klamada h\u00fck\u00fcmeti akademiyi kapatma noktas\u0131na getiren bu uygulamalar\u0131ndan","og_url":"https:\/\/kibrisdakik.com\/?p=4424","article_published_time":"2023-04-02T15:16:47+00:00","og_image":[{"width":1024,"height":750,"url":"https:\/\/kibrisdakik.com\/wp-content\/uploads\/2023\/04\/ctp-asim-akansoy-740x420.jpg","type":"image\/jpeg"}],"author":"admin","twitter_card":"summary_large_image","twitter_misc":{"Yazan:":"admin"},"schema":{"@context":"https:\/\/schema.org","@graph":[{"@type":"Article","@id":"https:\/\/kibrisdakik.com\/?p=4424#article","isPartOf":{"@id":"https:\/\/kibrisdakik.com\/?p=4424"},"author":{"name":"admin","@id":"https:\/\/kibrisdakik.com\/#\/schema\/person\/9cd9d437bbb44f72b73ba127e06d8e79"},"headline":"Akansoy\u2019dan A\u00d6A a\u00e7\u0131klamas\u0131 :Akademi\u2019nin geli\u015ftirilmesi olmazsa olmazd\u0131","datePublished":"2023-04-02T15:16:47+00:00","mainEntityOfPage":{"@id":"https:\/\/kibrisdakik.com\/?p=4424"},"wordCount":94,"commentCount":0,"image":{"@id":"https:\/\/kibrisdakik.com\/?p=4424#primaryimage"},"thumbnailUrl":"https:\/\/kibrisdakik.com\/wp-content\/uploads\/2023\/04\/ctp-asim-akansoy-740x420.jpg","articleSection":["G\u00fcndem"],"inLanguage":"tr","potentialAction":[{"@type":"CommentAction","name":"Comment","target":["https:\/\/kibrisdakik.com\/?p=4424#respond"]}]},{"@type":"WebPage","@id":"https:\/\/kibrisdakik.com\/?p=4424","url":"https:\/\/kibrisdakik.com\/?p=4424","name":"Akansoy\u2019dan A\u00d6A a\u00e7\u0131klamas\u0131 :Akademi\u2019nin geli\u015ftirilmesi olmazsa olmazd\u0131 -","isPartOf":{"@id":"https:\/\/kibrisdakik.com\/#website"},"primaryImageOfPage":{"@id":"https:\/\/kibrisdakik.com\/?p=4424#primaryimage"},"image":{"@id":"https:\/\/kibrisdakik.com\/?p=4424#primaryimage"},"thumbnailUrl":"https:\/\/kibrisdakik.com\/wp-content\/uploads\/2023\/04\/ctp-asim-akansoy-740x420.jpg","datePublished":"2023-04-02T15:16:47+00:00","author":{"@id":"https:\/\/kibrisdakik.com\/#\/schema\/person\/9cd9d437bbb44f72b73ba127e06d8e79"},"breadcrumb":{"@id":"https:\/\/kibrisdakik.com\/?p=4424#breadcrumb"},"inLanguage":"tr","potentialAction":[{"@type":"ReadAction","target":["https:\/\/kibrisdakik.com\/?p=4424"]}]},{"@type":"ImageObject","inLanguage":"tr","@id":"https:\/\/kibrisdakik.com\/?p=4424#primaryimage","url":"https:\/\/kibrisdakik.com\/wp-content\/uploads\/2023\/04\/ctp-asim-akansoy-740x420.jpg","contentUrl":"https:\/\/kibrisdakik.com\/wp-content\/uploads\/2023\/04\/ctp-asim-akansoy-740x420.jpg","width":1024,"height":750},{"@type":"BreadcrumbList","@id":"https:\/\/kibrisdakik.com\/?p=4424#breadcrumb","itemListElement":[{"@type":"ListItem","position":1,"name":"Home","item":"https:\/\/kibrisdakik.com\/"},{"@type":"ListItem","position":2,"name":"Akansoy\u2019dan A\u00d6A a\u00e7\u0131klamas\u0131 :Akademi\u2019nin geli\u015ftirilmesi olmazsa olmazd\u0131"}]},{"@type":"WebSite","@id":"https:\/\/kibrisdakik.com\/#website","url":"https:\/\/kibrisdakik.com\/","name":"","description":"Tam vaktinde haber","potentialAction":[{"@type":"SearchAction","target":{"@type":"EntryPoint","urlTemplate":"https:\/\/kibrisdakik.com\/?s={search_term_string}"},"query-input":{"@type":"PropertyValueSpecification","valueRequired":true,"valueName":"search_term_string"}}],"inLanguage":"tr"},{"@type":"Person","@id":"https:\/\/kibrisdakik.com\/#\/schema\/person\/9cd9d437bbb44f72b73ba127e06d8e79","name":"admin","image":{"@type":"ImageObject","inLanguage":"tr","@id":"https:\/\/secure.gravatar.com\/avatar\/ccc17943b9d660506c869530f897617f7cb1c21a4bf30023f252596d83e1f007?s=96&d=mm&r=g","url":"https:\/\/secure.gravatar.com\/avatar\/ccc17943b9d660506c869530f897617f7cb1c21a4bf30023f252596d83e1f007?s=96&d=mm&r=g","contentUrl":"https:\/\/secure.gravatar.com\/avatar\/ccc17943b9d660506c869530f897617f7cb1c21a4bf30023f252596d83e1f007?s=96&d=mm&r=g","caption":"admin"},"sameAs":["https:\/\/kibrisdakik.com"],"url":"https:\/\/kibrisdakik.com\/?author=1"}]}},"_links":{"self":[{"href":"https:\/\/kibrisdakik.com\/index.php?rest_route=\/wp\/v2\/posts\/4424","targetHints":{"allow":["GET"]}}],"collection":[{"href":"https:\/\/kibrisdakik.com\/index.php?rest_route=\/wp\/v2\/posts"}],"about":[{"href":"https:\/\/kibrisdakik.com\/index.php?rest_route=\/wp\/v2\/types\/post"}],"author":[{"embeddable":true,"href":"https:\/\/kibrisdakik.com\/index.php?rest_route=\/wp\/v2\/users\/1"}],"replies":[{"embeddable":true,"href":"https:\/\/kibrisdakik.com\/index.php?rest_route=%2Fwp%2Fv2%2Fcomments&post=4424"}],"version-history":[{"count":0,"href":"https:\/\/kibrisdakik.com\/index.php?rest_route=\/wp\/v2\/posts\/4424\/revisions"}],"wp:featuredmedia":[{"embeddable":true,"href":"https:\/\/kibrisdakik.com\/index.php?rest_route=\/wp\/v2\/media\/4425"}],"wp:attachment":[{"href":"https:\/\/kibrisdakik.com\/index.php?rest_route=%2Fwp%2Fv2%2Fmedia&parent=4424"}],"wp:term":[{"taxonomy":"category","embeddable":true,"href":"https:\/\/kibrisdakik.com\/index.php?rest_route=%2Fwp%2Fv2%2Fcategories&post=4424"},{"taxonomy":"post_tag","embeddable":true,"href":"https:\/\/kibrisdakik.com\/index.php?rest_route=%2Fwp%2Fv2%2Ftags&post=4424"}],"curies":[{"name":"wp","href":"https:\/\/api.w.org\/{rel}","templated":true}]}}