{"id":44250,"date":"2024-06-02T12:20:58","date_gmt":"2024-06-02T12:20:58","guid":{"rendered":"https:\/\/kibrisdakik.com\/index.php\/2024\/06\/02\/cinarli-sehitleri-torenle-anildi-cumhurbaskani-tatar-kktc-gercegi-inkar-edilemez-bir-realite\/"},"modified":"2024-06-02T12:20:58","modified_gmt":"2024-06-02T12:20:58","slug":"cinarli-sehitleri-torenle-anildi-cumhurbaskani-tatar-kktc-gercegi-inkar-edilemez-bir-realite","status":"publish","type":"post","link":"https:\/\/kibrisdakik.com\/?p=44250","title":{"rendered":"\u00c7\u0131narl\u0131 \u015eehitleri t\u00f6renle an\u0131ld\u0131\u2026 Cumhurba\u015fkan\u0131 Tatar: \u201cKKTC ger\u00e7e\u011fi inkar edilemez bir realite\u201d"},"content":{"rendered":"<p><\/p>\n<div>\n<div class=\"mariselle-image-container center\">\n                <img loading=\"lazy\" decoding=\"async\" width=\"1800\" height=\"1200\" class=\"lazy-image\" alt=\"\" sizes=\"auto, (max-width: 1800px) 100vw, 1800px\" src=\"https:\/\/brtk.net\/wp-content\/uploads\/2024\/06\/02\/cinarli-anma-2-.jpg?ver=cd5cf9b3324d5b5c5330d444124dee17\" srcset=\"https:\/\/brtk.net\/wp-content\/uploads\/2024\/06\/02\/cinarli-anma-2-.jpg?ver=cd5cf9b3324d5b5c5330d444124dee17 1800w, https:\/\/brtk.net\/wp-content\/uploads\/2024\/06\/02\/cinarli-anma-2--300x200.jpg?ver=cd5cf9b3324d5b5c5330d444124dee17 300w, https:\/\/brtk.net\/wp-content\/uploads\/2024\/06\/02\/cinarli-anma-2--1024x683.jpg?ver=b6a725d0c3bc88ed39ee2a9282b31fe8 1024w, https:\/\/brtk.net\/wp-content\/uploads\/2024\/06\/02\/cinarli-anma-2--768x512.jpg?ver=b6a725d0c3bc88ed39ee2a9282b31fe8 768w, https:\/\/brtk.net\/wp-content\/uploads\/2024\/06\/02\/cinarli-anma-2--1536x1024.jpg?ver=82546ae0456ac7aaf9b3bf5b93931cb2 1536w\"\/>                            <\/div>\n<p>\u00c7\u0131narl\u0131 \u015eehitleri, \u00c7\u0131narl\u0131 \u015eehitler An\u0131t\u0131\u2019nda d\u00fczenlenen t\u00f6renle an\u0131ld\u0131. \u00c7\u0131narl\u0131 \u015eehitler An\u0131t\u0131 ve Atat\u00fcrk B\u00fcst\u00fc alan\u0131nda yer alan t\u00f6rene, Cumhurba\u015fkan\u0131 <a href=\"https:\/\/brtk.net\/\" target=\"_blank\" rel=\"noopener\"><a href=\"https:\/\/brtk.net\/\" target=\"_blank\" rel=\"noopener\">Ersin <\/a><a href=\"https:\/\/brtk.net\/\"\/><a href=\"https:\/\/brtk.net\/\"\/><a href=\"https:\/\/brtk.net\/\"\/><a href=\"https:\/\/brtk.net\/\"\/><a href=\"https:\/\/brtk.net\/\"\/><a href=\"https:\/\/brtk.net\/\"\/><a href=\"https:\/\/brtk.net\/\"\/><a href=\"https:\/\/brtk.net\/\">Tatar<\/a>, Cumhuriyet Meclisi Ba\u015fkan\u0131 Zorlu T\u00f6re ile askeri ve sivil erkan kat\u0131ld\u0131.<\/p>\n<p>Protokol s\u0131ras\u0131na g\u00f6re \u00e7elenklerin an\u0131ta konulmas\u0131yla ba\u015flayan t\u00f6ren, sayg\u0131 duru\u015fu, sayg\u0131 at\u0131\u015f\u0131 ve \u0130stiklal Mar\u015f\u0131 e\u015fli\u011finde bayraklar\u0131n g\u00f6ndere \u00e7ekilmesiyle devam etti.<\/p>\n<p>T\u00f6rende, H\u0131fsiye Poyraz \u201c\u00c7\u0131narl\u0131 \u015eehitleri\u201d adl\u0131 \u015fiiri okudu; \u00c7\u0131narl\u0131y\u0131 Sevenler Derne\u011fi Ba\u015fkan\u0131 Emete Bekta\u015f da k\u0131sa bir konu\u015fma yapt\u0131. <\/p>\n<p>Bekta\u015f, \u00c7\u0131narl\u0131 k\u00f6y\u00fcn\u00fcn sekiz \u015fehit verdi\u011fini an\u0131msatt\u0131\u011f\u0131 konu\u015fmas\u0131nda \u015eehitli\u011fin k\u00f6ye kazand\u0131r\u0131lmas\u0131na katk\u0131 koyanlara te\u015fekk\u00fcr etti.<\/p>\n<p>-Cumhurba\u015fkan\u0131 <a href=\"https:\/\/brtk.net\/\"\/><a href=\"https:\/\/brtk.net\/\"\/><a href=\"https:\/\/brtk.net\/\"\/><a href=\"https:\/\/brtk.net\/\"\/><a href=\"https:\/\/brtk.net\/\"\/><a href=\"https:\/\/brtk.net\/\"\/><a href=\"https:\/\/brtk.net\/\"\/><a href=\"https:\/\/brtk.net\/\">Tatar<\/a>: \u201cK\u0131br\u0131s T\u00fcrk\u00fc\u2019ne dayatma bir \u00e7\u00f6z\u00fcm sunuluyor\u201d<\/p>\n<p>Cumhurba\u015fkan\u0131 <a href=\"https:\/\/brtk.net\/\" target=\"_blank\" rel=\"noopener\"><a href=\"https:\/\/brtk.net\/\" target=\"_blank\" rel=\"noopener\">Ersin <\/a><a href=\"https:\/\/brtk.net\/\"\/><a href=\"https:\/\/brtk.net\/\"\/><a href=\"https:\/\/brtk.net\/\"\/><a href=\"https:\/\/brtk.net\/\"\/><a href=\"https:\/\/brtk.net\/\"\/><a href=\"https:\/\/brtk.net\/\"\/><a href=\"https:\/\/brtk.net\/\"\/><a href=\"https:\/\/brtk.net\/\">Tatar<\/a> t\u00f6rende yapt\u0131\u011f\u0131 konu\u015fmada \u201c\u015eehitlerimizi ne unutur ne de unuttururuz bug\u00fcnleri onlara bor\u00e7luyuz\u201d ifadelerini kulland\u0131.<\/p>\n<p><a href=\"https:\/\/brtk.net\/\"\/><a href=\"https:\/\/brtk.net\/\"\/><a href=\"https:\/\/brtk.net\/\"\/><a href=\"https:\/\/brtk.net\/\"\/><a href=\"https:\/\/brtk.net\/\"\/><a href=\"https:\/\/brtk.net\/\"\/><a href=\"https:\/\/brtk.net\/\"\/><a href=\"https:\/\/brtk.net\/\">Tatar<\/a>, \u201cBuradan verece\u011fimiz mesaj hala m\u00fccadelemiz devam ediyor. \u00c7\u00fcnk\u00fc hala bir tak\u0131m uluslararas\u0131 entrikalarla K\u0131br\u0131s T\u00fcrk halk\u0131na uygulanan ambargo ve izolasyonlar var\u201d dedi.<\/p>\n<p>K\u0131br\u0131s T\u00fcrk\u00fcne \u201cdayatma bir \u00e7\u00f6z\u00fcm\u201d sunuldu\u011funu belirten <a href=\"https:\/\/brtk.net\/\"\/><a href=\"https:\/\/brtk.net\/\"\/><a href=\"https:\/\/brtk.net\/\"\/><a href=\"https:\/\/brtk.net\/\"\/><a href=\"https:\/\/brtk.net\/\"\/><a href=\"https:\/\/brtk.net\/\"\/><a href=\"https:\/\/brtk.net\/\"\/><a href=\"https:\/\/brtk.net\/\">Tatar<\/a>, \u201cT\u00fcrkiye\u2019nin garant\u00f6rl\u00fc\u011f\u00fcn\u00fc sona erdirecek, T\u00fcrk askerini adadan \u00e7ektirecek bir oyunla kar\u015f\u0131 kar\u015f\u0131ya olundu\u011funu\u201d s\u00f6yledi.<\/p>\n<p>Cumhurba\u015fkan\u0131 <a href=\"https:\/\/brtk.net\/\"\/><a href=\"https:\/\/brtk.net\/\"\/><a href=\"https:\/\/brtk.net\/\"\/><a href=\"https:\/\/brtk.net\/\"\/><a href=\"https:\/\/brtk.net\/\"\/><a href=\"https:\/\/brtk.net\/\"\/><a href=\"https:\/\/brtk.net\/\"\/><a href=\"https:\/\/brtk.net\/\">Tatar<\/a>, \u201cAna vatan T\u00fcrkiye\u2019nin deste\u011fiyle <a href=\"https:\/\/brtk.net\/\"\/><a href=\"https:\/\/brtk.net\/\"\/><a href=\"https:\/\/brtk.net\/\"\/><a href=\"https:\/\/brtk.net\/\">KKTC<\/a>\u2019nin ilelebet ya\u015fat\u0131lacakt\u0131r, bir anla\u015fma olacaksa da <a href=\"https:\/\/brtk.net\/\"\/><a href=\"https:\/\/brtk.net\/\"\/><a href=\"https:\/\/brtk.net\/\"\/><a href=\"https:\/\/brtk.net\/\">KKTC<\/a>\u2019nin bu anla\u015fman\u0131n bir par\u00e7as\u0131 olmas\u0131 gerekiyor\u201d dedi.<\/p>\n<p>\u2013 \u201c<a href=\"https:\/\/brtk.net\/\"\/><a href=\"https:\/\/brtk.net\/\"\/><a href=\"https:\/\/brtk.net\/\"\/><a href=\"https:\/\/brtk.net\/\">KKTC<\/a>, t\u00fcm d\u00fcnyada kabul g\u00f6rm\u00fc\u015f bir ger\u00e7ek\u201d<\/p>\n<p>K\u0131br\u0131s T\u00fcrk halk\u0131n\u0131n 1974 \u00f6ncesine gitmemesi i\u00e7in T\u00fcrkiye\u2019nin deste\u011finin \u00f6nemine dikkat \u00e7eken <a href=\"https:\/\/brtk.net\/\"\/><a href=\"https:\/\/brtk.net\/\"\/><a href=\"https:\/\/brtk.net\/\"\/><a href=\"https:\/\/brtk.net\/\"\/><a href=\"https:\/\/brtk.net\/\"\/><a href=\"https:\/\/brtk.net\/\"\/><a href=\"https:\/\/brtk.net\/\"\/><a href=\"https:\/\/brtk.net\/\">Tatar<\/a>, olas\u0131 bir m\u00fczakerede iki devletlilik ile egemen e\u015fitlik ve e\u015fit uluslararas\u0131 stat\u00fcn\u00fcn kabul edilmesi gerekti\u011fini yineledi.<\/p>\n<p>Cumhurba\u015fkan\u0131 <a href=\"https:\/\/brtk.net\/\"\/><a href=\"https:\/\/brtk.net\/\"\/><a href=\"https:\/\/brtk.net\/\"\/><a href=\"https:\/\/brtk.net\/\"\/><a href=\"https:\/\/brtk.net\/\"\/><a href=\"https:\/\/brtk.net\/\"\/><a href=\"https:\/\/brtk.net\/\"\/><a href=\"https:\/\/brtk.net\/\">Tatar<\/a>, ileriki g\u00fcnlerde K\u0131br\u0131s T\u00fcrk Bar\u0131\u015f Harekat\u0131\u2019n\u0131n 50\u2019nci y\u0131l\u0131n\u0131n kutlanaca\u011f\u0131n\u0131 da hat\u0131rlatarak, 20 Temmuz\u2019un K\u0131br\u0131s T\u00fcrk halk\u0131 i\u00e7in \u00e7ok \u00f6nemli oldu\u011funu s\u00f6yledi ve <a href=\"https:\/\/brtk.net\/\"\/><a href=\"https:\/\/brtk.net\/\"\/><a href=\"https:\/\/brtk.net\/\"\/><a href=\"https:\/\/brtk.net\/\">KKTC<\/a>\u2019nin t\u00fcm d\u00fcnyada kabul g\u00f6rm\u00fc\u015f bir ger\u00e7ek oldu\u011funu ifade etti.<\/p>\n<p><a href=\"https:\/\/brtk.net\/\"\/><a href=\"https:\/\/brtk.net\/\"\/><a href=\"https:\/\/brtk.net\/\"\/><a href=\"https:\/\/brtk.net\/\"\/><a href=\"https:\/\/brtk.net\/\"\/><a href=\"https:\/\/brtk.net\/\"\/><a href=\"https:\/\/brtk.net\/\"\/><a href=\"https:\/\/brtk.net\/\">Tatar<\/a>, \u201cTan\u0131nma noktas\u0131nda baz\u0131 s\u0131k\u0131nt\u0131lar olsa da t\u00fcm d\u00fcnyan\u0131n K\u0131br\u0131s\u2019ta iki ayr\u0131 devlet, iki halk ve iki ayr\u0131 demokrasi oldu\u011funu bildi\u011fini ve <a href=\"https:\/\/brtk.net\/\"\/><a href=\"https:\/\/brtk.net\/\"\/><a href=\"https:\/\/brtk.net\/\"\/><a href=\"https:\/\/brtk.net\/\">KKTC<\/a> ger\u00e7e\u011finin inkar edilemez bir realite oldu\u011funu\u201d s\u00f6yledi.<\/p>\n<p>T\u00f6ren, din g\u00f6revlisi taraf\u0131ndan \u015eehitler i\u00e7in dua okunmas\u0131yla sona erdi.<\/p>\n<\/p><\/div>\n<p><script async\n                    defer\n                    crossorigin=\"anonymous\"\n                    src=\"https:\/\/connect.facebook.net\/tr_TR\/sdk.js#xfbml=1&#038;version=v3.3\"\n            ><\/script><\/p>\n","protected":false},"excerpt":{"rendered":"<p>\u00c7\u0131narl\u0131 \u015eehitleri, \u00c7\u0131narl\u0131 \u015eehitler An\u0131t\u0131\u2019nda d\u00fczenlenen t\u00f6renle an\u0131ld\u0131. \u00c7\u0131narl\u0131 \u015eehitler An\u0131t\u0131 ve Atat\u00fcrk B\u00fcst\u00fc alan\u0131nda yer alan t\u00f6rene, Cumhurba\u015fkan\u0131 Ersin Tatar, Cumhuriyet Meclisi Ba\u015fkan\u0131 Zorlu T\u00f6re ile askeri ve sivil erkan kat\u0131ld\u0131. Protokol s\u0131ras\u0131na g\u00f6re \u00e7elenklerin an\u0131ta konulmas\u0131yla ba\u015flayan t\u00f6ren, sayg\u0131 duru\u015fu, sayg\u0131 at\u0131\u015f\u0131 ve \u0130stiklal Mar\u015f\u0131 e\u015fli\u011finde bayraklar\u0131n g\u00f6ndere \u00e7ekilmesiyle devam etti. T\u00f6rende, H\u0131fsiye<\/p>\n","protected":false},"author":1,"featured_media":44251,"comment_status":"open","ping_status":"open","sticky":false,"template":"","format":"standard","meta":{"footnotes":""},"categories":[1],"tags":[],"class_list":["post-44250","post","type-post","status-publish","format-standard","has-post-thumbnail","hentry","category-gundem"],"yoast_head":"<!-- This site is optimized with the Yoast SEO plugin v27.5 - https:\/\/yoast.com\/product\/yoast-seo-wordpress\/ -->\n<title>\u00c7\u0131narl\u0131 \u015eehitleri t\u00f6renle an\u0131ld\u0131\u2026 Cumhurba\u015fkan\u0131 Tatar: \u201cKKTC ger\u00e7e\u011fi inkar edilemez bir realite\u201d -<\/title>\n<meta name=\"robots\" content=\"index, follow, max-snippet:-1, max-image-preview:large, max-video-preview:-1\" \/>\n<link rel=\"canonical\" href=\"https:\/\/kibrisdakik.com\/?p=44250\" \/>\n<meta property=\"og:locale\" content=\"tr_TR\" \/>\n<meta property=\"og:type\" content=\"article\" \/>\n<meta property=\"og:title\" content=\"\u00c7\u0131narl\u0131 \u015eehitleri t\u00f6renle an\u0131ld\u0131\u2026 Cumhurba\u015fkan\u0131 Tatar: \u201cKKTC ger\u00e7e\u011fi inkar edilemez bir realite\u201d -\" \/>\n<meta property=\"og:description\" content=\"\u00c7\u0131narl\u0131 \u015eehitleri, \u00c7\u0131narl\u0131 \u015eehitler An\u0131t\u0131\u2019nda d\u00fczenlenen t\u00f6renle an\u0131ld\u0131. \u00c7\u0131narl\u0131 \u015eehitler An\u0131t\u0131 ve Atat\u00fcrk B\u00fcst\u00fc alan\u0131nda yer alan t\u00f6rene, Cumhurba\u015fkan\u0131 Ersin Tatar, Cumhuriyet Meclisi Ba\u015fkan\u0131 Zorlu T\u00f6re ile askeri ve sivil erkan kat\u0131ld\u0131. Protokol s\u0131ras\u0131na g\u00f6re \u00e7elenklerin an\u0131ta konulmas\u0131yla ba\u015flayan t\u00f6ren, sayg\u0131 duru\u015fu, sayg\u0131 at\u0131\u015f\u0131 ve \u0130stiklal Mar\u015f\u0131 e\u015fli\u011finde bayraklar\u0131n g\u00f6ndere \u00e7ekilmesiyle devam etti. T\u00f6rende, H\u0131fsiye\" \/>\n<meta property=\"og:url\" content=\"https:\/\/kibrisdakik.com\/?p=44250\" \/>\n<meta property=\"article:published_time\" content=\"2024-06-02T12:20:58+00:00\" \/>\n<meta property=\"og:image\" content=\"https:\/\/kibrisdakik.com\/wp-content\/uploads\/2024\/06\/cinarli-anma-2--740x420.jpg\" \/>\n\t<meta property=\"og:image:width\" content=\"1800\" \/>\n\t<meta property=\"og:image:height\" content=\"1200\" \/>\n\t<meta property=\"og:image:type\" content=\"image\/jpeg\" \/>\n<meta name=\"author\" content=\"admin\" \/>\n<meta name=\"twitter:card\" content=\"summary_large_image\" \/>\n<meta name=\"twitter:label1\" content=\"Yazan:\" \/>\n\t<meta name=\"twitter:data1\" content=\"admin\" \/>\n\t<meta name=\"twitter:label2\" content=\"Tahmini okuma s\u00fcresi\" \/>\n\t<meta name=\"twitter:data2\" content=\"2 dakika\" \/>\n<script type=\"application\/ld+json\" class=\"yoast-schema-graph\">{\"@context\":\"https:\\\/\\\/schema.org\",\"@graph\":[{\"@type\":\"Article\",\"@id\":\"https:\\\/\\\/kibrisdakik.com\\\/?p=44250#article\",\"isPartOf\":{\"@id\":\"https:\\\/\\\/kibrisdakik.com\\\/?p=44250\"},\"author\":{\"name\":\"admin\",\"@id\":\"https:\\\/\\\/kibrisdakik.com\\\/#\\\/schema\\\/person\\\/9cd9d437bbb44f72b73ba127e06d8e79\"},\"headline\":\"\u00c7\u0131narl\u0131 \u015eehitleri t\u00f6renle an\u0131ld\u0131\u2026 Cumhurba\u015fkan\u0131 Tatar: \u201cKKTC ger\u00e7e\u011fi inkar edilemez bir realite\u201d\",\"datePublished\":\"2024-06-02T12:20:58+00:00\",\"mainEntityOfPage\":{\"@id\":\"https:\\\/\\\/kibrisdakik.com\\\/?p=44250\"},\"wordCount\":461,\"commentCount\":0,\"image\":{\"@id\":\"https:\\\/\\\/kibrisdakik.com\\\/?p=44250#primaryimage\"},\"thumbnailUrl\":\"https:\\\/\\\/kibrisdakik.com\\\/wp-content\\\/uploads\\\/2024\\\/06\\\/cinarli-anma-2--740x420.jpg\",\"articleSection\":[\"G\u00fcndem\"],\"inLanguage\":\"tr\",\"potentialAction\":[{\"@type\":\"CommentAction\",\"name\":\"Comment\",\"target\":[\"https:\\\/\\\/kibrisdakik.com\\\/?p=44250#respond\"]}]},{\"@type\":\"WebPage\",\"@id\":\"https:\\\/\\\/kibrisdakik.com\\\/?p=44250\",\"url\":\"https:\\\/\\\/kibrisdakik.com\\\/?p=44250\",\"name\":\"\u00c7\u0131narl\u0131 \u015eehitleri t\u00f6renle an\u0131ld\u0131\u2026 Cumhurba\u015fkan\u0131 Tatar: \u201cKKTC ger\u00e7e\u011fi inkar edilemez bir realite\u201d -\",\"isPartOf\":{\"@id\":\"https:\\\/\\\/kibrisdakik.com\\\/#website\"},\"primaryImageOfPage\":{\"@id\":\"https:\\\/\\\/kibrisdakik.com\\\/?p=44250#primaryimage\"},\"image\":{\"@id\":\"https:\\\/\\\/kibrisdakik.com\\\/?p=44250#primaryimage\"},\"thumbnailUrl\":\"https:\\\/\\\/kibrisdakik.com\\\/wp-content\\\/uploads\\\/2024\\\/06\\\/cinarli-anma-2--740x420.jpg\",\"datePublished\":\"2024-06-02T12:20:58+00:00\",\"author\":{\"@id\":\"https:\\\/\\\/kibrisdakik.com\\\/#\\\/schema\\\/person\\\/9cd9d437bbb44f72b73ba127e06d8e79\"},\"breadcrumb\":{\"@id\":\"https:\\\/\\\/kibrisdakik.com\\\/?p=44250#breadcrumb\"},\"inLanguage\":\"tr\",\"potentialAction\":[{\"@type\":\"ReadAction\",\"target\":[\"https:\\\/\\\/kibrisdakik.com\\\/?p=44250\"]}]},{\"@type\":\"ImageObject\",\"inLanguage\":\"tr\",\"@id\":\"https:\\\/\\\/kibrisdakik.com\\\/?p=44250#primaryimage\",\"url\":\"https:\\\/\\\/kibrisdakik.com\\\/wp-content\\\/uploads\\\/2024\\\/06\\\/cinarli-anma-2--740x420.jpg\",\"contentUrl\":\"https:\\\/\\\/kibrisdakik.com\\\/wp-content\\\/uploads\\\/2024\\\/06\\\/cinarli-anma-2--740x420.jpg\",\"width\":1800,\"height\":1200},{\"@type\":\"BreadcrumbList\",\"@id\":\"https:\\\/\\\/kibrisdakik.com\\\/?p=44250#breadcrumb\",\"itemListElement\":[{\"@type\":\"ListItem\",\"position\":1,\"name\":\"Home\",\"item\":\"https:\\\/\\\/kibrisdakik.com\\\/\"},{\"@type\":\"ListItem\",\"position\":2,\"name\":\"\u00c7\u0131narl\u0131 \u015eehitleri t\u00f6renle an\u0131ld\u0131\u2026 Cumhurba\u015fkan\u0131 Tatar: \u201cKKTC ger\u00e7e\u011fi inkar edilemez bir realite\u201d\"}]},{\"@type\":\"WebSite\",\"@id\":\"https:\\\/\\\/kibrisdakik.com\\\/#website\",\"url\":\"https:\\\/\\\/kibrisdakik.com\\\/\",\"name\":\"\",\"description\":\"Tam vaktinde haber\",\"potentialAction\":[{\"@type\":\"SearchAction\",\"target\":{\"@type\":\"EntryPoint\",\"urlTemplate\":\"https:\\\/\\\/kibrisdakik.com\\\/?s={search_term_string}\"},\"query-input\":{\"@type\":\"PropertyValueSpecification\",\"valueRequired\":true,\"valueName\":\"search_term_string\"}}],\"inLanguage\":\"tr\"},{\"@type\":\"Person\",\"@id\":\"https:\\\/\\\/kibrisdakik.com\\\/#\\\/schema\\\/person\\\/9cd9d437bbb44f72b73ba127e06d8e79\",\"name\":\"admin\",\"image\":{\"@type\":\"ImageObject\",\"inLanguage\":\"tr\",\"@id\":\"https:\\\/\\\/secure.gravatar.com\\\/avatar\\\/ccc17943b9d660506c869530f897617f7cb1c21a4bf30023f252596d83e1f007?s=96&d=mm&r=g\",\"url\":\"https:\\\/\\\/secure.gravatar.com\\\/avatar\\\/ccc17943b9d660506c869530f897617f7cb1c21a4bf30023f252596d83e1f007?s=96&d=mm&r=g\",\"contentUrl\":\"https:\\\/\\\/secure.gravatar.com\\\/avatar\\\/ccc17943b9d660506c869530f897617f7cb1c21a4bf30023f252596d83e1f007?s=96&d=mm&r=g\",\"caption\":\"admin\"},\"sameAs\":[\"https:\\\/\\\/kibrisdakik.com\"],\"url\":\"https:\\\/\\\/kibrisdakik.com\\\/?author=1\"}]}<\/script>\n<!-- \/ Yoast SEO plugin. -->","yoast_head_json":{"title":"\u00c7\u0131narl\u0131 \u015eehitleri t\u00f6renle an\u0131ld\u0131\u2026 Cumhurba\u015fkan\u0131 Tatar: \u201cKKTC ger\u00e7e\u011fi inkar edilemez bir realite\u201d -","robots":{"index":"index","follow":"follow","max-snippet":"max-snippet:-1","max-image-preview":"max-image-preview:large","max-video-preview":"max-video-preview:-1"},"canonical":"https:\/\/kibrisdakik.com\/?p=44250","og_locale":"tr_TR","og_type":"article","og_title":"\u00c7\u0131narl\u0131 \u015eehitleri t\u00f6renle an\u0131ld\u0131\u2026 Cumhurba\u015fkan\u0131 Tatar: \u201cKKTC ger\u00e7e\u011fi inkar edilemez bir realite\u201d -","og_description":"\u00c7\u0131narl\u0131 \u015eehitleri, \u00c7\u0131narl\u0131 \u015eehitler An\u0131t\u0131\u2019nda d\u00fczenlenen t\u00f6renle an\u0131ld\u0131. \u00c7\u0131narl\u0131 \u015eehitler An\u0131t\u0131 ve Atat\u00fcrk B\u00fcst\u00fc alan\u0131nda yer alan t\u00f6rene, Cumhurba\u015fkan\u0131 Ersin Tatar, Cumhuriyet Meclisi Ba\u015fkan\u0131 Zorlu T\u00f6re ile askeri ve sivil erkan kat\u0131ld\u0131. Protokol s\u0131ras\u0131na g\u00f6re \u00e7elenklerin an\u0131ta konulmas\u0131yla ba\u015flayan t\u00f6ren, sayg\u0131 duru\u015fu, sayg\u0131 at\u0131\u015f\u0131 ve \u0130stiklal Mar\u015f\u0131 e\u015fli\u011finde bayraklar\u0131n g\u00f6ndere \u00e7ekilmesiyle devam etti. T\u00f6rende, H\u0131fsiye","og_url":"https:\/\/kibrisdakik.com\/?p=44250","article_published_time":"2024-06-02T12:20:58+00:00","og_image":[{"width":1800,"height":1200,"url":"https:\/\/kibrisdakik.com\/wp-content\/uploads\/2024\/06\/cinarli-anma-2--740x420.jpg","type":"image\/jpeg"}],"author":"admin","twitter_card":"summary_large_image","twitter_misc":{"Yazan:":"admin","Tahmini okuma s\u00fcresi":"2 dakika"},"schema":{"@context":"https:\/\/schema.org","@graph":[{"@type":"Article","@id":"https:\/\/kibrisdakik.com\/?p=44250#article","isPartOf":{"@id":"https:\/\/kibrisdakik.com\/?p=44250"},"author":{"name":"admin","@id":"https:\/\/kibrisdakik.com\/#\/schema\/person\/9cd9d437bbb44f72b73ba127e06d8e79"},"headline":"\u00c7\u0131narl\u0131 \u015eehitleri t\u00f6renle an\u0131ld\u0131\u2026 Cumhurba\u015fkan\u0131 Tatar: \u201cKKTC ger\u00e7e\u011fi inkar edilemez bir realite\u201d","datePublished":"2024-06-02T12:20:58+00:00","mainEntityOfPage":{"@id":"https:\/\/kibrisdakik.com\/?p=44250"},"wordCount":461,"commentCount":0,"image":{"@id":"https:\/\/kibrisdakik.com\/?p=44250#primaryimage"},"thumbnailUrl":"https:\/\/kibrisdakik.com\/wp-content\/uploads\/2024\/06\/cinarli-anma-2--740x420.jpg","articleSection":["G\u00fcndem"],"inLanguage":"tr","potentialAction":[{"@type":"CommentAction","name":"Comment","target":["https:\/\/kibrisdakik.com\/?p=44250#respond"]}]},{"@type":"WebPage","@id":"https:\/\/kibrisdakik.com\/?p=44250","url":"https:\/\/kibrisdakik.com\/?p=44250","name":"\u00c7\u0131narl\u0131 \u015eehitleri t\u00f6renle an\u0131ld\u0131\u2026 Cumhurba\u015fkan\u0131 Tatar: \u201cKKTC ger\u00e7e\u011fi inkar edilemez bir realite\u201d -","isPartOf":{"@id":"https:\/\/kibrisdakik.com\/#website"},"primaryImageOfPage":{"@id":"https:\/\/kibrisdakik.com\/?p=44250#primaryimage"},"image":{"@id":"https:\/\/kibrisdakik.com\/?p=44250#primaryimage"},"thumbnailUrl":"https:\/\/kibrisdakik.com\/wp-content\/uploads\/2024\/06\/cinarli-anma-2--740x420.jpg","datePublished":"2024-06-02T12:20:58+00:00","author":{"@id":"https:\/\/kibrisdakik.com\/#\/schema\/person\/9cd9d437bbb44f72b73ba127e06d8e79"},"breadcrumb":{"@id":"https:\/\/kibrisdakik.com\/?p=44250#breadcrumb"},"inLanguage":"tr","potentialAction":[{"@type":"ReadAction","target":["https:\/\/kibrisdakik.com\/?p=44250"]}]},{"@type":"ImageObject","inLanguage":"tr","@id":"https:\/\/kibrisdakik.com\/?p=44250#primaryimage","url":"https:\/\/kibrisdakik.com\/wp-content\/uploads\/2024\/06\/cinarli-anma-2--740x420.jpg","contentUrl":"https:\/\/kibrisdakik.com\/wp-content\/uploads\/2024\/06\/cinarli-anma-2--740x420.jpg","width":1800,"height":1200},{"@type":"BreadcrumbList","@id":"https:\/\/kibrisdakik.com\/?p=44250#breadcrumb","itemListElement":[{"@type":"ListItem","position":1,"name":"Home","item":"https:\/\/kibrisdakik.com\/"},{"@type":"ListItem","position":2,"name":"\u00c7\u0131narl\u0131 \u015eehitleri t\u00f6renle an\u0131ld\u0131\u2026 Cumhurba\u015fkan\u0131 Tatar: \u201cKKTC ger\u00e7e\u011fi inkar edilemez bir realite\u201d"}]},{"@type":"WebSite","@id":"https:\/\/kibrisdakik.com\/#website","url":"https:\/\/kibrisdakik.com\/","name":"","description":"Tam vaktinde haber","potentialAction":[{"@type":"SearchAction","target":{"@type":"EntryPoint","urlTemplate":"https:\/\/kibrisdakik.com\/?s={search_term_string}"},"query-input":{"@type":"PropertyValueSpecification","valueRequired":true,"valueName":"search_term_string"}}],"inLanguage":"tr"},{"@type":"Person","@id":"https:\/\/kibrisdakik.com\/#\/schema\/person\/9cd9d437bbb44f72b73ba127e06d8e79","name":"admin","image":{"@type":"ImageObject","inLanguage":"tr","@id":"https:\/\/secure.gravatar.com\/avatar\/ccc17943b9d660506c869530f897617f7cb1c21a4bf30023f252596d83e1f007?s=96&d=mm&r=g","url":"https:\/\/secure.gravatar.com\/avatar\/ccc17943b9d660506c869530f897617f7cb1c21a4bf30023f252596d83e1f007?s=96&d=mm&r=g","contentUrl":"https:\/\/secure.gravatar.com\/avatar\/ccc17943b9d660506c869530f897617f7cb1c21a4bf30023f252596d83e1f007?s=96&d=mm&r=g","caption":"admin"},"sameAs":["https:\/\/kibrisdakik.com"],"url":"https:\/\/kibrisdakik.com\/?author=1"}]}},"_links":{"self":[{"href":"https:\/\/kibrisdakik.com\/index.php?rest_route=\/wp\/v2\/posts\/44250","targetHints":{"allow":["GET"]}}],"collection":[{"href":"https:\/\/kibrisdakik.com\/index.php?rest_route=\/wp\/v2\/posts"}],"about":[{"href":"https:\/\/kibrisdakik.com\/index.php?rest_route=\/wp\/v2\/types\/post"}],"author":[{"embeddable":true,"href":"https:\/\/kibrisdakik.com\/index.php?rest_route=\/wp\/v2\/users\/1"}],"replies":[{"embeddable":true,"href":"https:\/\/kibrisdakik.com\/index.php?rest_route=%2Fwp%2Fv2%2Fcomments&post=44250"}],"version-history":[{"count":0,"href":"https:\/\/kibrisdakik.com\/index.php?rest_route=\/wp\/v2\/posts\/44250\/revisions"}],"wp:featuredmedia":[{"embeddable":true,"href":"https:\/\/kibrisdakik.com\/index.php?rest_route=\/wp\/v2\/media\/44251"}],"wp:attachment":[{"href":"https:\/\/kibrisdakik.com\/index.php?rest_route=%2Fwp%2Fv2%2Fmedia&parent=44250"}],"wp:term":[{"taxonomy":"category","embeddable":true,"href":"https:\/\/kibrisdakik.com\/index.php?rest_route=%2Fwp%2Fv2%2Fcategories&post=44250"},{"taxonomy":"post_tag","embeddable":true,"href":"https:\/\/kibrisdakik.com\/index.php?rest_route=%2Fwp%2Fv2%2Ftags&post=44250"}],"curies":[{"name":"wp","href":"https:\/\/api.w.org\/{rel}","templated":true}]}}