{"id":44308,"date":"2024-06-03T06:45:53","date_gmt":"2024-06-03T06:45:53","guid":{"rendered":"https:\/\/kibrisdakik.com\/index.php\/2024\/06\/03\/ab-isvicrede-yapilacak-ukrayna-baris-zirvesine-genis-katilim-cagrisini-yineledi\/"},"modified":"2024-06-03T06:45:53","modified_gmt":"2024-06-03T06:45:53","slug":"ab-isvicrede-yapilacak-ukrayna-baris-zirvesine-genis-katilim-cagrisini-yineledi","status":"publish","type":"post","link":"https:\/\/kibrisdakik.com\/?p=44308","title":{"rendered":"AB, \u0130svi\u00e7re&#039;de yap\u0131lacak Ukrayna Bar\u0131\u015f Zirvesi&#039;ne geni\u015f kat\u0131l\u0131m \u00e7a\u011fr\u0131s\u0131n\u0131 yineledi"},"content":{"rendered":"<p><img decoding=\"async\" src=\"https:\/\/www.kibristurk.com\/images\/haberler\/2024\/06\/ab-isvicrede-yapilacak-ukrayna-baris-zirvesine-genis-katilim-cagrisini-yineledi-1717394221.webp\" \/><\/p>\n<p>Borrell, sosyal medya hesab\u0131ndan yapt\u0131\u011f\u0131 a\u00e7\u0131klamada, Singapur&#8217;da d\u00fczenlenen Shangri-La Diyalog Zirvesi&#8217;ne kat\u0131ld\u0131\u011f\u0131n\u0131 belirtti.<\/p>\n<p>Ukrayna Devlet Ba\u015fkan\u0131 Volodimir Zelenskiy&#8217;nin 15-16 Haziran&#8217;da \u0130svi\u00e7re&#8217;de yap\u0131lacak Ukrayna Bar\u0131\u015f Zirvesi \u00f6ncesinde \u00f6nemli bir konu\u015fma yapt\u0131\u011f\u0131n\u0131 ifade eden Borrell, &#8220;\u015eimdi harekete ge\u00e7me zaman\u0131. Hepimiz daha fazlas\u0131n\u0131 ve daha h\u0131zl\u0131 yapmal\u0131y\u0131z.&#8221; mesaj\u0131n\u0131 payla\u015ft\u0131.<\/p>\n<p>Borrell, &#8220;Zirveye uluslararas\u0131 toplumun geni\u015f kat\u0131l\u0131m\u0131, Ukrayna&#8217;da adil bir bar\u0131\u015fa do\u011fru \u00f6nemli bir ad\u0131m olacakt\u0131r.&#8221; de\u011ferlendirmesini yapt\u0131.<\/p>\n<p>ABD Ba\u015fkan\u0131 Joe Biden&#8217;\u0131n se\u00e7im \u00e7al\u0131\u015fmalar\u0131 nedeniyle kat\u0131lamayaca\u011f\u0131n\u0131n konu\u015fuldu\u011fu zirveyle ilgili AB, daha \u00f6nce de, &#8220;Ukrayna&#8217;da adil bar\u0131\u015f i\u00e7in tek me\u015fru giri\u015fim&#8221; nitelemesinde bulunmu\u015f, geni\u015f kat\u0131l\u0131m sa\u011flanmas\u0131 i\u00e7in ortaklarla \u00e7al\u0131\u015ft\u0131\u011f\u0131n\u0131 duyurmu\u015ftu.<\/p>\n","protected":false},"excerpt":{"rendered":"<p>Borrell, sosyal medya hesab\u0131ndan yapt\u0131\u011f\u0131 a\u00e7\u0131klamada, Singapur&#8217;da d\u00fczenlenen Shangri-La Diyalog Zirvesi&#8217;ne kat\u0131ld\u0131\u011f\u0131n\u0131 belirtti. Ukrayna Devlet Ba\u015fkan\u0131 Volodimir Zelenskiy&#8217;nin 15-16 Haziran&#8217;da \u0130svi\u00e7re&#8217;de yap\u0131lacak Ukrayna Bar\u0131\u015f Zirvesi \u00f6ncesinde \u00f6nemli bir konu\u015fma yapt\u0131\u011f\u0131n\u0131 ifade eden Borrell, &#8220;\u015eimdi harekete ge\u00e7me zaman\u0131. Hepimiz daha fazlas\u0131n\u0131 ve daha h\u0131zl\u0131 yapmal\u0131y\u0131z.&#8221; mesaj\u0131n\u0131 payla\u015ft\u0131. Borrell, &#8220;Zirveye uluslararas\u0131 toplumun geni\u015f kat\u0131l\u0131m\u0131, Ukrayna&#8217;da adil bir<\/p>\n","protected":false},"author":1,"featured_media":44309,"comment_status":"open","ping_status":"open","sticky":false,"template":"","format":"standard","meta":{"footnotes":""},"categories":[79],"tags":[],"class_list":["post-44308","post","type-post","status-publish","format-standard","has-post-thumbnail","hentry","category-ekonomi"],"yoast_head":"<!-- This site is optimized with the Yoast SEO plugin v28.4 - https:\/\/yoast.com\/product\/yoast-seo-wordpress\/ -->\n<title>AB, \u0130svi\u00e7re&#039;de yap\u0131lacak Ukrayna Bar\u0131\u015f Zirvesi&#039;ne geni\u015f kat\u0131l\u0131m \u00e7a\u011fr\u0131s\u0131n\u0131 yineledi -<\/title>\n<meta name=\"robots\" content=\"index, follow, max-snippet:-1, max-image-preview:large, max-video-preview:-1\" \/>\n<link rel=\"canonical\" href=\"https:\/\/kibrisdakik.com\/?p=44308\" \/>\n<meta property=\"og:locale\" content=\"tr_TR\" \/>\n<meta property=\"og:type\" content=\"article\" \/>\n<meta property=\"og:title\" content=\"AB, \u0130svi\u00e7re&#039;de yap\u0131lacak Ukrayna Bar\u0131\u015f Zirvesi&#039;ne geni\u015f kat\u0131l\u0131m \u00e7a\u011fr\u0131s\u0131n\u0131 yineledi -\" \/>\n<meta property=\"og:description\" content=\"Borrell, sosyal medya hesab\u0131ndan yapt\u0131\u011f\u0131 a\u00e7\u0131klamada, Singapur&#8217;da d\u00fczenlenen Shangri-La Diyalog Zirvesi&#8217;ne kat\u0131ld\u0131\u011f\u0131n\u0131 belirtti. Ukrayna Devlet Ba\u015fkan\u0131 Volodimir Zelenskiy&#8217;nin 15-16 Haziran&#8217;da \u0130svi\u00e7re&#8217;de yap\u0131lacak Ukrayna Bar\u0131\u015f Zirvesi \u00f6ncesinde \u00f6nemli bir konu\u015fma yapt\u0131\u011f\u0131n\u0131 ifade eden Borrell, &#8220;\u015eimdi harekete ge\u00e7me zaman\u0131. Hepimiz daha fazlas\u0131n\u0131 ve daha h\u0131zl\u0131 yapmal\u0131y\u0131z.&#8221; mesaj\u0131n\u0131 payla\u015ft\u0131. Borrell, &#8220;Zirveye uluslararas\u0131 toplumun geni\u015f kat\u0131l\u0131m\u0131, Ukrayna&#8217;da adil bir\" \/>\n<meta property=\"og:url\" content=\"https:\/\/kibrisdakik.com\/?p=44308\" \/>\n<meta property=\"article:published_time\" content=\"2024-06-03T06:45:53+00:00\" \/>\n<meta property=\"og:image\" content=\"https:\/\/kibrisdakik.com\/wp-content\/uploads\/2024\/06\/ab-isvicrede-yapilacak-ukrayna-baris-zirvesine-genis-katilim-cagrisini-yineledi-1717394221.webp.webp\" \/>\n\t<meta property=\"og:image:width\" content=\"710\" \/>\n\t<meta property=\"og:image:height\" content=\"370\" \/>\n\t<meta property=\"og:image:type\" content=\"image\/webp\" \/>\n<meta name=\"author\" content=\"admin\" \/>\n<meta name=\"twitter:card\" content=\"summary_large_image\" \/>\n<meta name=\"twitter:label1\" content=\"Yazan:\" \/>\n\t<meta name=\"twitter:data1\" content=\"admin\" \/>\n\t<meta name=\"twitter:label2\" content=\"Tahmini okuma s\u00fcresi\" \/>\n\t<meta name=\"twitter:data2\" content=\"1 dakika\" \/>\n<script type=\"application\/ld+json\" class=\"yoast-schema-graph\">{\"@context\":\"https:\\\/\\\/schema.org\",\"@graph\":[{\"@type\":\"Article\",\"@id\":\"https:\\\/\\\/kibrisdakik.com\\\/?p=44308#article\",\"isPartOf\":{\"@id\":\"https:\\\/\\\/kibrisdakik.com\\\/?p=44308\"},\"author\":{\"name\":\"admin\",\"@id\":\"https:\\\/\\\/kibrisdakik.com\\\/#\\\/schema\\\/person\\\/9cd9d437bbb44f72b73ba127e06d8e79\"},\"headline\":\"AB, \u0130svi\u00e7re&#039;de yap\u0131lacak Ukrayna Bar\u0131\u015f Zirvesi&#039;ne geni\u015f kat\u0131l\u0131m \u00e7a\u011fr\u0131s\u0131n\u0131 yineledi\",\"datePublished\":\"2024-06-03T06:45:53+00:00\",\"mainEntityOfPage\":{\"@id\":\"https:\\\/\\\/kibrisdakik.com\\\/?p=44308\"},\"wordCount\":163,\"commentCount\":0,\"publisher\":{\"@id\":\"https:\\\/\\\/kibrisdakik.com\\\/#organization\"},\"image\":{\"@id\":\"https:\\\/\\\/kibrisdakik.com\\\/?p=44308#primaryimage\"},\"thumbnailUrl\":\"https:\\\/\\\/kibrisdakik.com\\\/wp-content\\\/uploads\\\/2024\\\/06\\\/ab-isvicrede-yapilacak-ukrayna-baris-zirvesine-genis-katilim-cagrisini-yineledi-1717394221.webp.webp\",\"articleSection\":[\"Ekonomi\"],\"inLanguage\":\"tr\",\"potentialAction\":[{\"@type\":\"CommentAction\",\"name\":\"Comment\",\"target\":[\"https:\\\/\\\/kibrisdakik.com\\\/?p=44308#respond\"]}]},{\"@type\":\"WebPage\",\"@id\":\"https:\\\/\\\/kibrisdakik.com\\\/?p=44308\",\"url\":\"https:\\\/\\\/kibrisdakik.com\\\/?p=44308\",\"name\":\"AB, \u0130svi\u00e7re&#039;de yap\u0131lacak Ukrayna Bar\u0131\u015f Zirvesi&#039;ne geni\u015f kat\u0131l\u0131m \u00e7a\u011fr\u0131s\u0131n\u0131 yineledi -\",\"isPartOf\":{\"@id\":\"https:\\\/\\\/kibrisdakik.com\\\/#website\"},\"primaryImageOfPage\":{\"@id\":\"https:\\\/\\\/kibrisdakik.com\\\/?p=44308#primaryimage\"},\"image\":{\"@id\":\"https:\\\/\\\/kibrisdakik.com\\\/?p=44308#primaryimage\"},\"thumbnailUrl\":\"https:\\\/\\\/kibrisdakik.com\\\/wp-content\\\/uploads\\\/2024\\\/06\\\/ab-isvicrede-yapilacak-ukrayna-baris-zirvesine-genis-katilim-cagrisini-yineledi-1717394221.webp.webp\",\"datePublished\":\"2024-06-03T06:45:53+00:00\",\"breadcrumb\":{\"@id\":\"https:\\\/\\\/kibrisdakik.com\\\/?p=44308#breadcrumb\"},\"inLanguage\":\"tr\",\"potentialAction\":[{\"@type\":\"ReadAction\",\"target\":[\"https:\\\/\\\/kibrisdakik.com\\\/?p=44308\"]}]},{\"@type\":\"ImageObject\",\"inLanguage\":\"tr\",\"@id\":\"https:\\\/\\\/kibrisdakik.com\\\/?p=44308#primaryimage\",\"url\":\"https:\\\/\\\/kibrisdakik.com\\\/wp-content\\\/uploads\\\/2024\\\/06\\\/ab-isvicrede-yapilacak-ukrayna-baris-zirvesine-genis-katilim-cagrisini-yineledi-1717394221.webp.webp\",\"contentUrl\":\"https:\\\/\\\/kibrisdakik.com\\\/wp-content\\\/uploads\\\/2024\\\/06\\\/ab-isvicrede-yapilacak-ukrayna-baris-zirvesine-genis-katilim-cagrisini-yineledi-1717394221.webp.webp\",\"width\":710,\"height\":370},{\"@type\":\"BreadcrumbList\",\"@id\":\"https:\\\/\\\/kibrisdakik.com\\\/?p=44308#breadcrumb\",\"itemListElement\":[{\"@type\":\"ListItem\",\"position\":1,\"name\":\"Home\",\"item\":\"https:\\\/\\\/kibrisdakik.com\\\/\"},{\"@type\":\"ListItem\",\"position\":2,\"name\":\"AB, \u0130svi\u00e7re&#039;de yap\u0131lacak Ukrayna Bar\u0131\u015f Zirvesi&#039;ne geni\u015f kat\u0131l\u0131m \u00e7a\u011fr\u0131s\u0131n\u0131 yineledi\"}]},{\"@type\":\"WebSite\",\"@id\":\"https:\\\/\\\/kibrisdakik.com\\\/#website\",\"url\":\"https:\\\/\\\/kibrisdakik.com\\\/\",\"name\":\"K\u0131br\u0131s Dakik\",\"description\":\"Tam vaktinde haber\",\"publisher\":{\"@id\":\"https:\\\/\\\/kibrisdakik.com\\\/#organization\"},\"potentialAction\":[{\"@type\":\"SearchAction\",\"target\":{\"@type\":\"EntryPoint\",\"urlTemplate\":\"https:\\\/\\\/kibrisdakik.com\\\/?s={search_term_string}\"},\"query-input\":{\"@type\":\"PropertyValueSpecification\",\"valueRequired\":true,\"valueName\":\"search_term_string\"}}],\"inLanguage\":\"tr\"},{\"@type\":\"Organization\",\"@id\":\"https:\\\/\\\/kibrisdakik.com\\\/#organization\",\"name\":\"K\u0131br\u0131s Dakik\",\"url\":\"https:\\\/\\\/kibrisdakik.com\\\/\",\"logo\":{\"@type\":\"ImageObject\",\"inLanguage\":\"tr\",\"@id\":\"https:\\\/\\\/kibrisdakik.com\\\/#\\\/schema\\\/logo\\\/image\\\/\",\"url\":\"https:\\\/\\\/kibrisdakik.com\\\/wp-content\\\/uploads\\\/2025\\\/10\\\/cropped-WhatsApp-Image-2025-10-02-at-12.58.31.jpeg\",\"contentUrl\":\"https:\\\/\\\/kibrisdakik.com\\\/wp-content\\\/uploads\\\/2025\\\/10\\\/cropped-WhatsApp-Image-2025-10-02-at-12.58.31.jpeg\",\"width\":1237,\"height\":190,\"caption\":\"K\u0131br\u0131s Dakik\"},\"image\":{\"@id\":\"https:\\\/\\\/kibrisdakik.com\\\/#\\\/schema\\\/logo\\\/image\\\/\"}},{\"@type\":\"Person\",\"@id\":\"https:\\\/\\\/kibrisdakik.com\\\/#\\\/schema\\\/person\\\/9cd9d437bbb44f72b73ba127e06d8e79\",\"name\":\"admin\",\"image\":{\"@type\":\"ImageObject\",\"inLanguage\":\"tr\",\"@id\":\"https:\\\/\\\/secure.gravatar.com\\\/avatar\\\/ccc17943b9d660506c869530f897617f7cb1c21a4bf30023f252596d83e1f007?s=96&d=mm&r=g\",\"url\":\"https:\\\/\\\/secure.gravatar.com\\\/avatar\\\/ccc17943b9d660506c869530f897617f7cb1c21a4bf30023f252596d83e1f007?s=96&d=mm&r=g\",\"contentUrl\":\"https:\\\/\\\/secure.gravatar.com\\\/avatar\\\/ccc17943b9d660506c869530f897617f7cb1c21a4bf30023f252596d83e1f007?s=96&d=mm&r=g\",\"caption\":\"admin\"},\"sameAs\":[\"https:\\\/\\\/kibrisdakik.com\"],\"url\":\"https:\\\/\\\/kibrisdakik.com\\\/?author=1\"}]}<\/script>\n<!-- \/ Yoast SEO plugin. -->","yoast_head_json":{"title":"AB, \u0130svi\u00e7re&#039;de yap\u0131lacak Ukrayna Bar\u0131\u015f Zirvesi&#039;ne geni\u015f kat\u0131l\u0131m \u00e7a\u011fr\u0131s\u0131n\u0131 yineledi -","robots":{"index":"index","follow":"follow","max-snippet":"max-snippet:-1","max-image-preview":"max-image-preview:large","max-video-preview":"max-video-preview:-1"},"canonical":"https:\/\/kibrisdakik.com\/?p=44308","og_locale":"tr_TR","og_type":"article","og_title":"AB, \u0130svi\u00e7re&#039;de yap\u0131lacak Ukrayna Bar\u0131\u015f Zirvesi&#039;ne geni\u015f kat\u0131l\u0131m \u00e7a\u011fr\u0131s\u0131n\u0131 yineledi -","og_description":"Borrell, sosyal medya hesab\u0131ndan yapt\u0131\u011f\u0131 a\u00e7\u0131klamada, Singapur&#8217;da d\u00fczenlenen Shangri-La Diyalog Zirvesi&#8217;ne kat\u0131ld\u0131\u011f\u0131n\u0131 belirtti. Ukrayna Devlet Ba\u015fkan\u0131 Volodimir Zelenskiy&#8217;nin 15-16 Haziran&#8217;da \u0130svi\u00e7re&#8217;de yap\u0131lacak Ukrayna Bar\u0131\u015f Zirvesi \u00f6ncesinde \u00f6nemli bir konu\u015fma yapt\u0131\u011f\u0131n\u0131 ifade eden Borrell, &#8220;\u015eimdi harekete ge\u00e7me zaman\u0131. Hepimiz daha fazlas\u0131n\u0131 ve daha h\u0131zl\u0131 yapmal\u0131y\u0131z.&#8221; mesaj\u0131n\u0131 payla\u015ft\u0131. Borrell, &#8220;Zirveye uluslararas\u0131 toplumun geni\u015f kat\u0131l\u0131m\u0131, Ukrayna&#8217;da adil bir","og_url":"https:\/\/kibrisdakik.com\/?p=44308","article_published_time":"2024-06-03T06:45:53+00:00","og_image":[{"width":710,"height":370,"url":"https:\/\/kibrisdakik.com\/wp-content\/uploads\/2024\/06\/ab-isvicrede-yapilacak-ukrayna-baris-zirvesine-genis-katilim-cagrisini-yineledi-1717394221.webp.webp","type":"image\/webp"}],"author":"admin","twitter_card":"summary_large_image","twitter_misc":{"Yazan:":"admin","Tahmini okuma s\u00fcresi":"1 dakika"},"schema":{"@context":"https:\/\/schema.org","@graph":[{"@type":"Article","@id":"https:\/\/kibrisdakik.com\/?p=44308#article","isPartOf":{"@id":"https:\/\/kibrisdakik.com\/?p=44308"},"author":{"name":"admin","@id":"https:\/\/kibrisdakik.com\/#\/schema\/person\/9cd9d437bbb44f72b73ba127e06d8e79"},"headline":"AB, \u0130svi\u00e7re&#039;de yap\u0131lacak Ukrayna Bar\u0131\u015f Zirvesi&#039;ne geni\u015f kat\u0131l\u0131m \u00e7a\u011fr\u0131s\u0131n\u0131 yineledi","datePublished":"2024-06-03T06:45:53+00:00","mainEntityOfPage":{"@id":"https:\/\/kibrisdakik.com\/?p=44308"},"wordCount":163,"commentCount":0,"publisher":{"@id":"https:\/\/kibrisdakik.com\/#organization"},"image":{"@id":"https:\/\/kibrisdakik.com\/?p=44308#primaryimage"},"thumbnailUrl":"https:\/\/kibrisdakik.com\/wp-content\/uploads\/2024\/06\/ab-isvicrede-yapilacak-ukrayna-baris-zirvesine-genis-katilim-cagrisini-yineledi-1717394221.webp.webp","articleSection":["Ekonomi"],"inLanguage":"tr","potentialAction":[{"@type":"CommentAction","name":"Comment","target":["https:\/\/kibrisdakik.com\/?p=44308#respond"]}]},{"@type":"WebPage","@id":"https:\/\/kibrisdakik.com\/?p=44308","url":"https:\/\/kibrisdakik.com\/?p=44308","name":"AB, \u0130svi\u00e7re&#039;de yap\u0131lacak Ukrayna Bar\u0131\u015f Zirvesi&#039;ne geni\u015f kat\u0131l\u0131m \u00e7a\u011fr\u0131s\u0131n\u0131 yineledi -","isPartOf":{"@id":"https:\/\/kibrisdakik.com\/#website"},"primaryImageOfPage":{"@id":"https:\/\/kibrisdakik.com\/?p=44308#primaryimage"},"image":{"@id":"https:\/\/kibrisdakik.com\/?p=44308#primaryimage"},"thumbnailUrl":"https:\/\/kibrisdakik.com\/wp-content\/uploads\/2024\/06\/ab-isvicrede-yapilacak-ukrayna-baris-zirvesine-genis-katilim-cagrisini-yineledi-1717394221.webp.webp","datePublished":"2024-06-03T06:45:53+00:00","breadcrumb":{"@id":"https:\/\/kibrisdakik.com\/?p=44308#breadcrumb"},"inLanguage":"tr","potentialAction":[{"@type":"ReadAction","target":["https:\/\/kibrisdakik.com\/?p=44308"]}]},{"@type":"ImageObject","inLanguage":"tr","@id":"https:\/\/kibrisdakik.com\/?p=44308#primaryimage","url":"https:\/\/kibrisdakik.com\/wp-content\/uploads\/2024\/06\/ab-isvicrede-yapilacak-ukrayna-baris-zirvesine-genis-katilim-cagrisini-yineledi-1717394221.webp.webp","contentUrl":"https:\/\/kibrisdakik.com\/wp-content\/uploads\/2024\/06\/ab-isvicrede-yapilacak-ukrayna-baris-zirvesine-genis-katilim-cagrisini-yineledi-1717394221.webp.webp","width":710,"height":370},{"@type":"BreadcrumbList","@id":"https:\/\/kibrisdakik.com\/?p=44308#breadcrumb","itemListElement":[{"@type":"ListItem","position":1,"name":"Home","item":"https:\/\/kibrisdakik.com\/"},{"@type":"ListItem","position":2,"name":"AB, \u0130svi\u00e7re&#039;de yap\u0131lacak Ukrayna Bar\u0131\u015f Zirvesi&#039;ne geni\u015f kat\u0131l\u0131m \u00e7a\u011fr\u0131s\u0131n\u0131 yineledi"}]},{"@type":"WebSite","@id":"https:\/\/kibrisdakik.com\/#website","url":"https:\/\/kibrisdakik.com\/","name":"K\u0131br\u0131s Dakik","description":"Tam vaktinde haber","publisher":{"@id":"https:\/\/kibrisdakik.com\/#organization"},"potentialAction":[{"@type":"SearchAction","target":{"@type":"EntryPoint","urlTemplate":"https:\/\/kibrisdakik.com\/?s={search_term_string}"},"query-input":{"@type":"PropertyValueSpecification","valueRequired":true,"valueName":"search_term_string"}}],"inLanguage":"tr"},{"@type":"Organization","@id":"https:\/\/kibrisdakik.com\/#organization","name":"K\u0131br\u0131s Dakik","url":"https:\/\/kibrisdakik.com\/","logo":{"@type":"ImageObject","inLanguage":"tr","@id":"https:\/\/kibrisdakik.com\/#\/schema\/logo\/image\/","url":"https:\/\/kibrisdakik.com\/wp-content\/uploads\/2025\/10\/cropped-WhatsApp-Image-2025-10-02-at-12.58.31.jpeg","contentUrl":"https:\/\/kibrisdakik.com\/wp-content\/uploads\/2025\/10\/cropped-WhatsApp-Image-2025-10-02-at-12.58.31.jpeg","width":1237,"height":190,"caption":"K\u0131br\u0131s Dakik"},"image":{"@id":"https:\/\/kibrisdakik.com\/#\/schema\/logo\/image\/"}},{"@type":"Person","@id":"https:\/\/kibrisdakik.com\/#\/schema\/person\/9cd9d437bbb44f72b73ba127e06d8e79","name":"admin","image":{"@type":"ImageObject","inLanguage":"tr","@id":"https:\/\/secure.gravatar.com\/avatar\/ccc17943b9d660506c869530f897617f7cb1c21a4bf30023f252596d83e1f007?s=96&d=mm&r=g","url":"https:\/\/secure.gravatar.com\/avatar\/ccc17943b9d660506c869530f897617f7cb1c21a4bf30023f252596d83e1f007?s=96&d=mm&r=g","contentUrl":"https:\/\/secure.gravatar.com\/avatar\/ccc17943b9d660506c869530f897617f7cb1c21a4bf30023f252596d83e1f007?s=96&d=mm&r=g","caption":"admin"},"sameAs":["https:\/\/kibrisdakik.com"],"url":"https:\/\/kibrisdakik.com\/?author=1"}]}},"_links":{"self":[{"href":"https:\/\/kibrisdakik.com\/index.php?rest_route=\/wp\/v2\/posts\/44308","targetHints":{"allow":["GET"]}}],"collection":[{"href":"https:\/\/kibrisdakik.com\/index.php?rest_route=\/wp\/v2\/posts"}],"about":[{"href":"https:\/\/kibrisdakik.com\/index.php?rest_route=\/wp\/v2\/types\/post"}],"author":[{"embeddable":true,"href":"https:\/\/kibrisdakik.com\/index.php?rest_route=\/wp\/v2\/users\/1"}],"replies":[{"embeddable":true,"href":"https:\/\/kibrisdakik.com\/index.php?rest_route=%2Fwp%2Fv2%2Fcomments&post=44308"}],"version-history":[{"count":0,"href":"https:\/\/kibrisdakik.com\/index.php?rest_route=\/wp\/v2\/posts\/44308\/revisions"}],"wp:featuredmedia":[{"embeddable":true,"href":"https:\/\/kibrisdakik.com\/index.php?rest_route=\/wp\/v2\/media\/44309"}],"wp:attachment":[{"href":"https:\/\/kibrisdakik.com\/index.php?rest_route=%2Fwp%2Fv2%2Fmedia&parent=44308"}],"wp:term":[{"taxonomy":"category","embeddable":true,"href":"https:\/\/kibrisdakik.com\/index.php?rest_route=%2Fwp%2Fv2%2Fcategories&post=44308"},{"taxonomy":"post_tag","embeddable":true,"href":"https:\/\/kibrisdakik.com\/index.php?rest_route=%2Fwp%2Fv2%2Ftags&post=44308"}],"curies":[{"name":"wp","href":"https:\/\/api.w.org\/{rel}","templated":true}]}}