{"id":44361,"date":"2024-06-03T14:50:54","date_gmt":"2024-06-03T14:50:54","guid":{"rendered":"https:\/\/kibrisdakik.com\/index.php\/2024\/06\/03\/meteoroloji-dairesi-sicak-hava-dalgasi-uyarisinda-bulundu-sicaklik-41-dereceye-cikacak\/"},"modified":"2024-06-03T14:50:54","modified_gmt":"2024-06-03T14:50:54","slug":"meteoroloji-dairesi-sicak-hava-dalgasi-uyarisinda-bulundu-sicaklik-41-dereceye-cikacak","status":"publish","type":"post","link":"https:\/\/kibrisdakik.com\/?p=44361","title":{"rendered":"Meteoroloji Dairesi s\u0131cak hava dalgas\u0131 uyar\u0131s\u0131nda bulundu. S\u0131cakl\u0131k 41 dereceye \u00e7\u0131kacak"},"content":{"rendered":"<p><\/p>\n<div>\n<div class=\"mariselle-image-container none\">\n                <img loading=\"lazy\" decoding=\"async\" width=\"790\" height=\"410\" class=\"lazy-image\" alt=\"\" sizes=\"auto, (max-width: 790px) 100vw, 790px\" src=\"https:\/\/brtk.net\/wp-content\/uploads\/2024\/06\/03\/41-derece.jpg?ver=a4e25c0b7b3ea1d2f0fc34a9e788784f\" srcset=\"https:\/\/brtk.net\/wp-content\/uploads\/2024\/06\/03\/41-derece.jpg?ver=a4e25c0b7b3ea1d2f0fc34a9e788784f 790w, https:\/\/brtk.net\/wp-content\/uploads\/2024\/06\/03\/41-derece-300x156.jpg?ver=f94a7daa4b557e9a20d036d4832af9f9 300w, https:\/\/brtk.net\/wp-content\/uploads\/2024\/06\/03\/41-derece-768x399.jpg?ver=f94a7daa4b557e9a20d036d4832af9f9 768w\"\/>                            <\/div>\n<p>Meteoroloji Dairesi 7 Haziran\u2019a kadar \u00fclkenin s\u0131cak hava dalgas\u0131n\u0131n etkisinde olaca\u011f\u0131 uyar\u0131s\u0131nda bulundu. S\u0131cakl\u0131\u011f\u0131n 41 dereceye kadar y\u00fckselece\u011fi belirtildi.<\/p>\n<p>Meteoroloji Dairesi\u2019ne g\u00f6re, mevsim normallerinin 5-7 derece \u00fczerinde olmas\u0131 beklenen s\u0131cak hava, 7 Haziran Cuma\u2019ya kadar etkisini s\u00fcrd\u00fcrecek. S\u0131cakl\u0131\u011f\u0131n i\u00e7 kesimlerde 38-41 derece, sahillerde de 33-36 derece dolaylar\u0131nda seyretmesi bekleniyor.<\/p>\n<p>-Yang\u0131n ve s\u0131cak \u00e7arpmas\u0131na kar\u015f\u0131 tedbirli olunmas\u0131 istendi<\/p>\n<p>Arazi ve orman yang\u0131nlar\u0131, s\u0131cak \u00e7arpmas\u0131na kar\u015f\u0131 tedbirli olunmas\u0131, 12:00 -16:00 saatleri aras\u0131nda tedbir al\u0131nmadan g\u00fcne\u015f alt\u0131nda \u00e7al\u0131\u015f\u0131lmamas\u0131 tavsiye edildi.<\/p>\n<p>Hava s\u0131cakl\u0131\u011f\u0131n\u0131n 7-10 Haziran aras\u0131nda i\u00e7 kesimlerde 35-38, sahillerde de 30-33 derece dolaylar\u0131na d\u00fc\u015fmesi bekleniyor.<\/p>\n<p>\u00a0<\/p>\n<\/p><\/div>\n<p><script async\n                    defer\n                    crossorigin=\"anonymous\"\n                    src=\"https:\/\/connect.facebook.net\/tr_TR\/sdk.js#xfbml=1&#038;version=v3.3\"\n            ><\/script><\/p>\n","protected":false},"excerpt":{"rendered":"<p>Meteoroloji Dairesi 7 Haziran\u2019a kadar \u00fclkenin s\u0131cak hava dalgas\u0131n\u0131n etkisinde olaca\u011f\u0131 uyar\u0131s\u0131nda bulundu. S\u0131cakl\u0131\u011f\u0131n 41 dereceye kadar y\u00fckselece\u011fi belirtildi. Meteoroloji Dairesi\u2019ne g\u00f6re, mevsim normallerinin 5-7 derece \u00fczerinde olmas\u0131 beklenen s\u0131cak hava, 7 Haziran Cuma\u2019ya kadar etkisini s\u00fcrd\u00fcrecek. S\u0131cakl\u0131\u011f\u0131n i\u00e7 kesimlerde 38-41 derece, sahillerde de 33-36 derece dolaylar\u0131nda seyretmesi bekleniyor. -Yang\u0131n ve s\u0131cak \u00e7arpmas\u0131na kar\u015f\u0131 tedbirli<\/p>\n","protected":false},"author":1,"featured_media":44362,"comment_status":"open","ping_status":"open","sticky":false,"template":"","format":"standard","meta":{"footnotes":""},"categories":[1],"tags":[],"class_list":["post-44361","post","type-post","status-publish","format-standard","has-post-thumbnail","hentry","category-gundem"],"yoast_head":"<!-- This site is optimized with the Yoast SEO plugin v27.4 - https:\/\/yoast.com\/product\/yoast-seo-wordpress\/ -->\n<title>Meteoroloji Dairesi s\u0131cak hava dalgas\u0131 uyar\u0131s\u0131nda bulundu. S\u0131cakl\u0131k 41 dereceye \u00e7\u0131kacak -<\/title>\n<meta name=\"robots\" content=\"index, follow, max-snippet:-1, max-image-preview:large, max-video-preview:-1\" \/>\n<link rel=\"canonical\" href=\"https:\/\/kibrisdakik.com\/?p=44361\" \/>\n<meta property=\"og:locale\" content=\"tr_TR\" \/>\n<meta property=\"og:type\" content=\"article\" \/>\n<meta property=\"og:title\" content=\"Meteoroloji Dairesi s\u0131cak hava dalgas\u0131 uyar\u0131s\u0131nda bulundu. S\u0131cakl\u0131k 41 dereceye \u00e7\u0131kacak -\" \/>\n<meta property=\"og:description\" content=\"Meteoroloji Dairesi 7 Haziran\u2019a kadar \u00fclkenin s\u0131cak hava dalgas\u0131n\u0131n etkisinde olaca\u011f\u0131 uyar\u0131s\u0131nda bulundu. S\u0131cakl\u0131\u011f\u0131n 41 dereceye kadar y\u00fckselece\u011fi belirtildi. Meteoroloji Dairesi\u2019ne g\u00f6re, mevsim normallerinin 5-7 derece \u00fczerinde olmas\u0131 beklenen s\u0131cak hava, 7 Haziran Cuma\u2019ya kadar etkisini s\u00fcrd\u00fcrecek. S\u0131cakl\u0131\u011f\u0131n i\u00e7 kesimlerde 38-41 derece, sahillerde de 33-36 derece dolaylar\u0131nda seyretmesi bekleniyor. -Yang\u0131n ve s\u0131cak \u00e7arpmas\u0131na kar\u015f\u0131 tedbirli\" \/>\n<meta property=\"og:url\" content=\"https:\/\/kibrisdakik.com\/?p=44361\" \/>\n<meta property=\"article:published_time\" content=\"2024-06-03T14:50:54+00:00\" \/>\n<meta property=\"og:image\" content=\"https:\/\/kibrisdakik.com\/wp-content\/uploads\/2024\/06\/41-derece-740x410.jpg\" \/>\n\t<meta property=\"og:image:width\" content=\"790\" \/>\n\t<meta property=\"og:image:height\" content=\"410\" \/>\n\t<meta property=\"og:image:type\" content=\"image\/jpeg\" \/>\n<meta name=\"author\" content=\"admin\" \/>\n<meta name=\"twitter:card\" content=\"summary_large_image\" \/>\n<meta name=\"twitter:label1\" content=\"Yazan:\" \/>\n\t<meta name=\"twitter:data1\" content=\"admin\" \/>\n\t<meta name=\"twitter:label2\" content=\"Tahmini okuma s\u00fcresi\" \/>\n\t<meta name=\"twitter:data2\" content=\"1 dakika\" \/>\n<script type=\"application\/ld+json\" class=\"yoast-schema-graph\">{\"@context\":\"https:\\\/\\\/schema.org\",\"@graph\":[{\"@type\":\"Article\",\"@id\":\"https:\\\/\\\/kibrisdakik.com\\\/?p=44361#article\",\"isPartOf\":{\"@id\":\"https:\\\/\\\/kibrisdakik.com\\\/?p=44361\"},\"author\":{\"name\":\"admin\",\"@id\":\"https:\\\/\\\/kibrisdakik.com\\\/#\\\/schema\\\/person\\\/9cd9d437bbb44f72b73ba127e06d8e79\"},\"headline\":\"Meteoroloji Dairesi s\u0131cak hava dalgas\u0131 uyar\u0131s\u0131nda bulundu. S\u0131cakl\u0131k 41 dereceye \u00e7\u0131kacak\",\"datePublished\":\"2024-06-03T14:50:54+00:00\",\"mainEntityOfPage\":{\"@id\":\"https:\\\/\\\/kibrisdakik.com\\\/?p=44361\"},\"wordCount\":139,\"commentCount\":0,\"image\":{\"@id\":\"https:\\\/\\\/kibrisdakik.com\\\/?p=44361#primaryimage\"},\"thumbnailUrl\":\"https:\\\/\\\/kibrisdakik.com\\\/wp-content\\\/uploads\\\/2024\\\/06\\\/41-derece-740x410.jpg\",\"articleSection\":[\"G\u00fcndem\"],\"inLanguage\":\"tr\",\"potentialAction\":[{\"@type\":\"CommentAction\",\"name\":\"Comment\",\"target\":[\"https:\\\/\\\/kibrisdakik.com\\\/?p=44361#respond\"]}]},{\"@type\":\"WebPage\",\"@id\":\"https:\\\/\\\/kibrisdakik.com\\\/?p=44361\",\"url\":\"https:\\\/\\\/kibrisdakik.com\\\/?p=44361\",\"name\":\"Meteoroloji Dairesi s\u0131cak hava dalgas\u0131 uyar\u0131s\u0131nda bulundu. S\u0131cakl\u0131k 41 dereceye \u00e7\u0131kacak -\",\"isPartOf\":{\"@id\":\"https:\\\/\\\/kibrisdakik.com\\\/#website\"},\"primaryImageOfPage\":{\"@id\":\"https:\\\/\\\/kibrisdakik.com\\\/?p=44361#primaryimage\"},\"image\":{\"@id\":\"https:\\\/\\\/kibrisdakik.com\\\/?p=44361#primaryimage\"},\"thumbnailUrl\":\"https:\\\/\\\/kibrisdakik.com\\\/wp-content\\\/uploads\\\/2024\\\/06\\\/41-derece-740x410.jpg\",\"datePublished\":\"2024-06-03T14:50:54+00:00\",\"author\":{\"@id\":\"https:\\\/\\\/kibrisdakik.com\\\/#\\\/schema\\\/person\\\/9cd9d437bbb44f72b73ba127e06d8e79\"},\"breadcrumb\":{\"@id\":\"https:\\\/\\\/kibrisdakik.com\\\/?p=44361#breadcrumb\"},\"inLanguage\":\"tr\",\"potentialAction\":[{\"@type\":\"ReadAction\",\"target\":[\"https:\\\/\\\/kibrisdakik.com\\\/?p=44361\"]}]},{\"@type\":\"ImageObject\",\"inLanguage\":\"tr\",\"@id\":\"https:\\\/\\\/kibrisdakik.com\\\/?p=44361#primaryimage\",\"url\":\"https:\\\/\\\/kibrisdakik.com\\\/wp-content\\\/uploads\\\/2024\\\/06\\\/41-derece-740x410.jpg\",\"contentUrl\":\"https:\\\/\\\/kibrisdakik.com\\\/wp-content\\\/uploads\\\/2024\\\/06\\\/41-derece-740x410.jpg\",\"width\":790,\"height\":410},{\"@type\":\"BreadcrumbList\",\"@id\":\"https:\\\/\\\/kibrisdakik.com\\\/?p=44361#breadcrumb\",\"itemListElement\":[{\"@type\":\"ListItem\",\"position\":1,\"name\":\"Home\",\"item\":\"https:\\\/\\\/kibrisdakik.com\\\/\"},{\"@type\":\"ListItem\",\"position\":2,\"name\":\"Meteoroloji Dairesi s\u0131cak hava dalgas\u0131 uyar\u0131s\u0131nda bulundu. S\u0131cakl\u0131k 41 dereceye \u00e7\u0131kacak\"}]},{\"@type\":\"WebSite\",\"@id\":\"https:\\\/\\\/kibrisdakik.com\\\/#website\",\"url\":\"https:\\\/\\\/kibrisdakik.com\\\/\",\"name\":\"\",\"description\":\"Tam vaktinde haber\",\"potentialAction\":[{\"@type\":\"SearchAction\",\"target\":{\"@type\":\"EntryPoint\",\"urlTemplate\":\"https:\\\/\\\/kibrisdakik.com\\\/?s={search_term_string}\"},\"query-input\":{\"@type\":\"PropertyValueSpecification\",\"valueRequired\":true,\"valueName\":\"search_term_string\"}}],\"inLanguage\":\"tr\"},{\"@type\":\"Person\",\"@id\":\"https:\\\/\\\/kibrisdakik.com\\\/#\\\/schema\\\/person\\\/9cd9d437bbb44f72b73ba127e06d8e79\",\"name\":\"admin\",\"image\":{\"@type\":\"ImageObject\",\"inLanguage\":\"tr\",\"@id\":\"https:\\\/\\\/secure.gravatar.com\\\/avatar\\\/ccc17943b9d660506c869530f897617f7cb1c21a4bf30023f252596d83e1f007?s=96&d=mm&r=g\",\"url\":\"https:\\\/\\\/secure.gravatar.com\\\/avatar\\\/ccc17943b9d660506c869530f897617f7cb1c21a4bf30023f252596d83e1f007?s=96&d=mm&r=g\",\"contentUrl\":\"https:\\\/\\\/secure.gravatar.com\\\/avatar\\\/ccc17943b9d660506c869530f897617f7cb1c21a4bf30023f252596d83e1f007?s=96&d=mm&r=g\",\"caption\":\"admin\"},\"sameAs\":[\"https:\\\/\\\/kibrisdakik.com\"],\"url\":\"https:\\\/\\\/kibrisdakik.com\\\/?author=1\"}]}<\/script>\n<!-- \/ Yoast SEO plugin. -->","yoast_head_json":{"title":"Meteoroloji Dairesi s\u0131cak hava dalgas\u0131 uyar\u0131s\u0131nda bulundu. S\u0131cakl\u0131k 41 dereceye \u00e7\u0131kacak -","robots":{"index":"index","follow":"follow","max-snippet":"max-snippet:-1","max-image-preview":"max-image-preview:large","max-video-preview":"max-video-preview:-1"},"canonical":"https:\/\/kibrisdakik.com\/?p=44361","og_locale":"tr_TR","og_type":"article","og_title":"Meteoroloji Dairesi s\u0131cak hava dalgas\u0131 uyar\u0131s\u0131nda bulundu. S\u0131cakl\u0131k 41 dereceye \u00e7\u0131kacak -","og_description":"Meteoroloji Dairesi 7 Haziran\u2019a kadar \u00fclkenin s\u0131cak hava dalgas\u0131n\u0131n etkisinde olaca\u011f\u0131 uyar\u0131s\u0131nda bulundu. S\u0131cakl\u0131\u011f\u0131n 41 dereceye kadar y\u00fckselece\u011fi belirtildi. Meteoroloji Dairesi\u2019ne g\u00f6re, mevsim normallerinin 5-7 derece \u00fczerinde olmas\u0131 beklenen s\u0131cak hava, 7 Haziran Cuma\u2019ya kadar etkisini s\u00fcrd\u00fcrecek. S\u0131cakl\u0131\u011f\u0131n i\u00e7 kesimlerde 38-41 derece, sahillerde de 33-36 derece dolaylar\u0131nda seyretmesi bekleniyor. -Yang\u0131n ve s\u0131cak \u00e7arpmas\u0131na kar\u015f\u0131 tedbirli","og_url":"https:\/\/kibrisdakik.com\/?p=44361","article_published_time":"2024-06-03T14:50:54+00:00","og_image":[{"width":790,"height":410,"url":"https:\/\/kibrisdakik.com\/wp-content\/uploads\/2024\/06\/41-derece-740x410.jpg","type":"image\/jpeg"}],"author":"admin","twitter_card":"summary_large_image","twitter_misc":{"Yazan:":"admin","Tahmini okuma s\u00fcresi":"1 dakika"},"schema":{"@context":"https:\/\/schema.org","@graph":[{"@type":"Article","@id":"https:\/\/kibrisdakik.com\/?p=44361#article","isPartOf":{"@id":"https:\/\/kibrisdakik.com\/?p=44361"},"author":{"name":"admin","@id":"https:\/\/kibrisdakik.com\/#\/schema\/person\/9cd9d437bbb44f72b73ba127e06d8e79"},"headline":"Meteoroloji Dairesi s\u0131cak hava dalgas\u0131 uyar\u0131s\u0131nda bulundu. S\u0131cakl\u0131k 41 dereceye \u00e7\u0131kacak","datePublished":"2024-06-03T14:50:54+00:00","mainEntityOfPage":{"@id":"https:\/\/kibrisdakik.com\/?p=44361"},"wordCount":139,"commentCount":0,"image":{"@id":"https:\/\/kibrisdakik.com\/?p=44361#primaryimage"},"thumbnailUrl":"https:\/\/kibrisdakik.com\/wp-content\/uploads\/2024\/06\/41-derece-740x410.jpg","articleSection":["G\u00fcndem"],"inLanguage":"tr","potentialAction":[{"@type":"CommentAction","name":"Comment","target":["https:\/\/kibrisdakik.com\/?p=44361#respond"]}]},{"@type":"WebPage","@id":"https:\/\/kibrisdakik.com\/?p=44361","url":"https:\/\/kibrisdakik.com\/?p=44361","name":"Meteoroloji Dairesi s\u0131cak hava dalgas\u0131 uyar\u0131s\u0131nda bulundu. S\u0131cakl\u0131k 41 dereceye \u00e7\u0131kacak -","isPartOf":{"@id":"https:\/\/kibrisdakik.com\/#website"},"primaryImageOfPage":{"@id":"https:\/\/kibrisdakik.com\/?p=44361#primaryimage"},"image":{"@id":"https:\/\/kibrisdakik.com\/?p=44361#primaryimage"},"thumbnailUrl":"https:\/\/kibrisdakik.com\/wp-content\/uploads\/2024\/06\/41-derece-740x410.jpg","datePublished":"2024-06-03T14:50:54+00:00","author":{"@id":"https:\/\/kibrisdakik.com\/#\/schema\/person\/9cd9d437bbb44f72b73ba127e06d8e79"},"breadcrumb":{"@id":"https:\/\/kibrisdakik.com\/?p=44361#breadcrumb"},"inLanguage":"tr","potentialAction":[{"@type":"ReadAction","target":["https:\/\/kibrisdakik.com\/?p=44361"]}]},{"@type":"ImageObject","inLanguage":"tr","@id":"https:\/\/kibrisdakik.com\/?p=44361#primaryimage","url":"https:\/\/kibrisdakik.com\/wp-content\/uploads\/2024\/06\/41-derece-740x410.jpg","contentUrl":"https:\/\/kibrisdakik.com\/wp-content\/uploads\/2024\/06\/41-derece-740x410.jpg","width":790,"height":410},{"@type":"BreadcrumbList","@id":"https:\/\/kibrisdakik.com\/?p=44361#breadcrumb","itemListElement":[{"@type":"ListItem","position":1,"name":"Home","item":"https:\/\/kibrisdakik.com\/"},{"@type":"ListItem","position":2,"name":"Meteoroloji Dairesi s\u0131cak hava dalgas\u0131 uyar\u0131s\u0131nda bulundu. S\u0131cakl\u0131k 41 dereceye \u00e7\u0131kacak"}]},{"@type":"WebSite","@id":"https:\/\/kibrisdakik.com\/#website","url":"https:\/\/kibrisdakik.com\/","name":"","description":"Tam vaktinde haber","potentialAction":[{"@type":"SearchAction","target":{"@type":"EntryPoint","urlTemplate":"https:\/\/kibrisdakik.com\/?s={search_term_string}"},"query-input":{"@type":"PropertyValueSpecification","valueRequired":true,"valueName":"search_term_string"}}],"inLanguage":"tr"},{"@type":"Person","@id":"https:\/\/kibrisdakik.com\/#\/schema\/person\/9cd9d437bbb44f72b73ba127e06d8e79","name":"admin","image":{"@type":"ImageObject","inLanguage":"tr","@id":"https:\/\/secure.gravatar.com\/avatar\/ccc17943b9d660506c869530f897617f7cb1c21a4bf30023f252596d83e1f007?s=96&d=mm&r=g","url":"https:\/\/secure.gravatar.com\/avatar\/ccc17943b9d660506c869530f897617f7cb1c21a4bf30023f252596d83e1f007?s=96&d=mm&r=g","contentUrl":"https:\/\/secure.gravatar.com\/avatar\/ccc17943b9d660506c869530f897617f7cb1c21a4bf30023f252596d83e1f007?s=96&d=mm&r=g","caption":"admin"},"sameAs":["https:\/\/kibrisdakik.com"],"url":"https:\/\/kibrisdakik.com\/?author=1"}]}},"_links":{"self":[{"href":"https:\/\/kibrisdakik.com\/index.php?rest_route=\/wp\/v2\/posts\/44361","targetHints":{"allow":["GET"]}}],"collection":[{"href":"https:\/\/kibrisdakik.com\/index.php?rest_route=\/wp\/v2\/posts"}],"about":[{"href":"https:\/\/kibrisdakik.com\/index.php?rest_route=\/wp\/v2\/types\/post"}],"author":[{"embeddable":true,"href":"https:\/\/kibrisdakik.com\/index.php?rest_route=\/wp\/v2\/users\/1"}],"replies":[{"embeddable":true,"href":"https:\/\/kibrisdakik.com\/index.php?rest_route=%2Fwp%2Fv2%2Fcomments&post=44361"}],"version-history":[{"count":0,"href":"https:\/\/kibrisdakik.com\/index.php?rest_route=\/wp\/v2\/posts\/44361\/revisions"}],"wp:featuredmedia":[{"embeddable":true,"href":"https:\/\/kibrisdakik.com\/index.php?rest_route=\/wp\/v2\/media\/44362"}],"wp:attachment":[{"href":"https:\/\/kibrisdakik.com\/index.php?rest_route=%2Fwp%2Fv2%2Fmedia&parent=44361"}],"wp:term":[{"taxonomy":"category","embeddable":true,"href":"https:\/\/kibrisdakik.com\/index.php?rest_route=%2Fwp%2Fv2%2Fcategories&post=44361"},{"taxonomy":"post_tag","embeddable":true,"href":"https:\/\/kibrisdakik.com\/index.php?rest_route=%2Fwp%2Fv2%2Ftags&post=44361"}],"curies":[{"name":"wp","href":"https:\/\/api.w.org\/{rel}","templated":true}]}}