{"id":44424,"date":"2024-06-04T00:02:00","date_gmt":"2024-06-04T00:02:00","guid":{"rendered":"https:\/\/kibrisdakik.com\/index.php\/2024\/06\/04\/basbakan-unal-ustel-ankara-yolcusu\/"},"modified":"2024-06-04T00:02:00","modified_gmt":"2024-06-04T00:02:00","slug":"basbakan-unal-ustel-ankara-yolcusu","status":"publish","type":"post","link":"https:\/\/kibrisdakik.com\/?p=44424","title":{"rendered":"Ba\u015fbakan \u00dcnal \u00dcstel Ankara yolcusu"},"content":{"rendered":"<p><img decoding=\"async\" src=\"https:\/\/www.kibristurk.com\/images\/haberler\/2024\/06\/basbakan-unal-ustel-ankara-yolcusu-1717426820.webp\" \/><\/p>\n<p>Ba\u015fbakan \u00dcnal \u00dcstel, uzun s\u00fcredir \u00fczerinde \u00e7al\u0131\u015f\u0131lan 2024 protokol\u00fcn\u00fcn g\u00f6r\u00fc\u015f\u00fclmesi g\u00fcndem ile Ankara\u2019ya gidiyor.<\/p>\n<p>Ba\u015fbakan \u00dcnal \u00dcstel Ankara ziyaretinde kalabal\u0131k bir bakan ve b\u00fcrokrat heyetinin de e\u015flik edece\u011fi \u00f6\u011frenildi. T\u00fcrkiye Cumhuriyeti Cumhurba\u015fkan\u0131 Yard\u0131mc\u0131s\u0131 Cevdet Y\u0131lmaz\u2019\u0131n daveti \u00fczerine ger\u00e7ekle\u015fecek ziyaretin sonunda protokole son halinin verilmesi ve imzalanmas\u0131 bekleniyor. Protokol\u00fcn i\u00e7eri\u011fine y\u00f6nelik kamuoyuna hen\u00fcz doyurucu bir a\u00e7\u0131klama yap\u0131lmad\u0131.<\/p>\n<p>T\u00fcrkiye taraf\u0131n\u0131n \u00f6zellikle enerji ve su y\u00f6netimi konusunda KKTC h\u00fck\u00fcmetinden reform nitelikli ad\u0131mlar bekledi\u011fi ve bu alanda at\u0131lacak reform nitelikli ad\u0131mlar\u0131 finanse etmeye haz\u0131r oldu\u011fu \u00f6\u011frenildi. Bunun yan\u0131nda e-Devlet ve kamu reformu gibi konularda da y\u0131llard\u0131r ertelenen yasa ve t\u00fcz\u00fck \u00e7al\u0131\u015fmalar\u0131n\u0131n h\u0131zland\u0131r\u0131lmas\u0131 beklentisi var. 2024 b\u00fct\u00e7esinde ciddi bir mali a\u00e7\u0131k \u00f6ng\u00f6r\u00fcl\u00fcrken, bu a\u00e7\u0131\u011f\u0131n kapanmas\u0131 i\u00e7in T\u00fcrkiye Cumhuriyeti\u2019nin yakla\u015f\u0131k 12 milyar T\u00fcrk Liras\u0131 KKTC maliyesine aktarmas\u0131 bekleniyor. T\u00fcrkiye ziyareti sonras\u0131nda protokolle ilgili detaylar\u0131n kamuoyuyla payla\u015f\u0131lmas\u0131 bekleniyor.<\/p>\n","protected":false},"excerpt":{"rendered":"<p>Ba\u015fbakan \u00dcnal \u00dcstel, uzun s\u00fcredir \u00fczerinde \u00e7al\u0131\u015f\u0131lan 2024 protokol\u00fcn\u00fcn g\u00f6r\u00fc\u015f\u00fclmesi g\u00fcndem ile Ankara\u2019ya gidiyor. Ba\u015fbakan \u00dcnal \u00dcstel Ankara ziyaretinde kalabal\u0131k bir bakan ve b\u00fcrokrat heyetinin de e\u015flik edece\u011fi \u00f6\u011frenildi. T\u00fcrkiye Cumhuriyeti Cumhurba\u015fkan\u0131 Yard\u0131mc\u0131s\u0131 Cevdet Y\u0131lmaz\u2019\u0131n daveti \u00fczerine ger\u00e7ekle\u015fecek ziyaretin sonunda protokole son halinin verilmesi ve imzalanmas\u0131 bekleniyor. Protokol\u00fcn i\u00e7eri\u011fine y\u00f6nelik kamuoyuna hen\u00fcz doyurucu bir a\u00e7\u0131klama<\/p>\n","protected":false},"author":1,"featured_media":44425,"comment_status":"open","ping_status":"open","sticky":false,"template":"","format":"standard","meta":{"footnotes":""},"categories":[85],"tags":[],"class_list":["post-44424","post","type-post","status-publish","format-standard","has-post-thumbnail","hentry","category-spor"],"yoast_head":"<!-- This site is optimized with the Yoast SEO plugin v27.5 - https:\/\/yoast.com\/product\/yoast-seo-wordpress\/ -->\n<title>Ba\u015fbakan \u00dcnal \u00dcstel Ankara yolcusu -<\/title>\n<meta name=\"robots\" content=\"index, follow, max-snippet:-1, max-image-preview:large, max-video-preview:-1\" \/>\n<link rel=\"canonical\" href=\"https:\/\/kibrisdakik.com\/?p=44424\" \/>\n<meta property=\"og:locale\" content=\"tr_TR\" \/>\n<meta property=\"og:type\" content=\"article\" \/>\n<meta property=\"og:title\" content=\"Ba\u015fbakan \u00dcnal \u00dcstel Ankara yolcusu -\" \/>\n<meta property=\"og:description\" content=\"Ba\u015fbakan \u00dcnal \u00dcstel, uzun s\u00fcredir \u00fczerinde \u00e7al\u0131\u015f\u0131lan 2024 protokol\u00fcn\u00fcn g\u00f6r\u00fc\u015f\u00fclmesi g\u00fcndem ile Ankara\u2019ya gidiyor. Ba\u015fbakan \u00dcnal \u00dcstel Ankara ziyaretinde kalabal\u0131k bir bakan ve b\u00fcrokrat heyetinin de e\u015flik edece\u011fi \u00f6\u011frenildi. T\u00fcrkiye Cumhuriyeti Cumhurba\u015fkan\u0131 Yard\u0131mc\u0131s\u0131 Cevdet Y\u0131lmaz\u2019\u0131n daveti \u00fczerine ger\u00e7ekle\u015fecek ziyaretin sonunda protokole son halinin verilmesi ve imzalanmas\u0131 bekleniyor. Protokol\u00fcn i\u00e7eri\u011fine y\u00f6nelik kamuoyuna hen\u00fcz doyurucu bir a\u00e7\u0131klama\" \/>\n<meta property=\"og:url\" content=\"https:\/\/kibrisdakik.com\/?p=44424\" \/>\n<meta property=\"article:published_time\" content=\"2024-06-04T00:02:00+00:00\" \/>\n<meta property=\"og:image\" content=\"https:\/\/kibrisdakik.com\/wp-content\/uploads\/2024\/06\/basbakan-unal-ustel-ankara-yolcusu-1717426820.webp.webp\" \/>\n\t<meta property=\"og:image:width\" content=\"710\" \/>\n\t<meta property=\"og:image:height\" content=\"370\" \/>\n\t<meta property=\"og:image:type\" content=\"image\/webp\" \/>\n<meta name=\"author\" content=\"admin\" \/>\n<meta name=\"twitter:card\" content=\"summary_large_image\" \/>\n<meta name=\"twitter:label1\" content=\"Yazan:\" \/>\n\t<meta name=\"twitter:data1\" content=\"admin\" \/>\n\t<meta name=\"twitter:label2\" content=\"Tahmini okuma s\u00fcresi\" \/>\n\t<meta name=\"twitter:data2\" content=\"1 dakika\" \/>\n<script type=\"application\/ld+json\" class=\"yoast-schema-graph\">{\"@context\":\"https:\\\/\\\/schema.org\",\"@graph\":[{\"@type\":\"Article\",\"@id\":\"https:\\\/\\\/kibrisdakik.com\\\/?p=44424#article\",\"isPartOf\":{\"@id\":\"https:\\\/\\\/kibrisdakik.com\\\/?p=44424\"},\"author\":{\"name\":\"admin\",\"@id\":\"https:\\\/\\\/kibrisdakik.com\\\/#\\\/schema\\\/person\\\/9cd9d437bbb44f72b73ba127e06d8e79\"},\"headline\":\"Ba\u015fbakan \u00dcnal \u00dcstel Ankara yolcusu\",\"datePublished\":\"2024-06-04T00:02:00+00:00\",\"mainEntityOfPage\":{\"@id\":\"https:\\\/\\\/kibrisdakik.com\\\/?p=44424\"},\"wordCount\":202,\"commentCount\":0,\"image\":{\"@id\":\"https:\\\/\\\/kibrisdakik.com\\\/?p=44424#primaryimage\"},\"thumbnailUrl\":\"https:\\\/\\\/kibrisdakik.com\\\/wp-content\\\/uploads\\\/2024\\\/06\\\/basbakan-unal-ustel-ankara-yolcusu-1717426820.webp.webp\",\"articleSection\":[\"Spor\"],\"inLanguage\":\"tr\",\"potentialAction\":[{\"@type\":\"CommentAction\",\"name\":\"Comment\",\"target\":[\"https:\\\/\\\/kibrisdakik.com\\\/?p=44424#respond\"]}]},{\"@type\":\"WebPage\",\"@id\":\"https:\\\/\\\/kibrisdakik.com\\\/?p=44424\",\"url\":\"https:\\\/\\\/kibrisdakik.com\\\/?p=44424\",\"name\":\"Ba\u015fbakan \u00dcnal \u00dcstel Ankara yolcusu -\",\"isPartOf\":{\"@id\":\"https:\\\/\\\/kibrisdakik.com\\\/#website\"},\"primaryImageOfPage\":{\"@id\":\"https:\\\/\\\/kibrisdakik.com\\\/?p=44424#primaryimage\"},\"image\":{\"@id\":\"https:\\\/\\\/kibrisdakik.com\\\/?p=44424#primaryimage\"},\"thumbnailUrl\":\"https:\\\/\\\/kibrisdakik.com\\\/wp-content\\\/uploads\\\/2024\\\/06\\\/basbakan-unal-ustel-ankara-yolcusu-1717426820.webp.webp\",\"datePublished\":\"2024-06-04T00:02:00+00:00\",\"author\":{\"@id\":\"https:\\\/\\\/kibrisdakik.com\\\/#\\\/schema\\\/person\\\/9cd9d437bbb44f72b73ba127e06d8e79\"},\"breadcrumb\":{\"@id\":\"https:\\\/\\\/kibrisdakik.com\\\/?p=44424#breadcrumb\"},\"inLanguage\":\"tr\",\"potentialAction\":[{\"@type\":\"ReadAction\",\"target\":[\"https:\\\/\\\/kibrisdakik.com\\\/?p=44424\"]}]},{\"@type\":\"ImageObject\",\"inLanguage\":\"tr\",\"@id\":\"https:\\\/\\\/kibrisdakik.com\\\/?p=44424#primaryimage\",\"url\":\"https:\\\/\\\/kibrisdakik.com\\\/wp-content\\\/uploads\\\/2024\\\/06\\\/basbakan-unal-ustel-ankara-yolcusu-1717426820.webp.webp\",\"contentUrl\":\"https:\\\/\\\/kibrisdakik.com\\\/wp-content\\\/uploads\\\/2024\\\/06\\\/basbakan-unal-ustel-ankara-yolcusu-1717426820.webp.webp\",\"width\":710,\"height\":370},{\"@type\":\"BreadcrumbList\",\"@id\":\"https:\\\/\\\/kibrisdakik.com\\\/?p=44424#breadcrumb\",\"itemListElement\":[{\"@type\":\"ListItem\",\"position\":1,\"name\":\"Home\",\"item\":\"https:\\\/\\\/kibrisdakik.com\\\/\"},{\"@type\":\"ListItem\",\"position\":2,\"name\":\"Ba\u015fbakan \u00dcnal \u00dcstel Ankara yolcusu\"}]},{\"@type\":\"WebSite\",\"@id\":\"https:\\\/\\\/kibrisdakik.com\\\/#website\",\"url\":\"https:\\\/\\\/kibrisdakik.com\\\/\",\"name\":\"\",\"description\":\"Tam vaktinde haber\",\"potentialAction\":[{\"@type\":\"SearchAction\",\"target\":{\"@type\":\"EntryPoint\",\"urlTemplate\":\"https:\\\/\\\/kibrisdakik.com\\\/?s={search_term_string}\"},\"query-input\":{\"@type\":\"PropertyValueSpecification\",\"valueRequired\":true,\"valueName\":\"search_term_string\"}}],\"inLanguage\":\"tr\"},{\"@type\":\"Person\",\"@id\":\"https:\\\/\\\/kibrisdakik.com\\\/#\\\/schema\\\/person\\\/9cd9d437bbb44f72b73ba127e06d8e79\",\"name\":\"admin\",\"image\":{\"@type\":\"ImageObject\",\"inLanguage\":\"tr\",\"@id\":\"https:\\\/\\\/secure.gravatar.com\\\/avatar\\\/ccc17943b9d660506c869530f897617f7cb1c21a4bf30023f252596d83e1f007?s=96&d=mm&r=g\",\"url\":\"https:\\\/\\\/secure.gravatar.com\\\/avatar\\\/ccc17943b9d660506c869530f897617f7cb1c21a4bf30023f252596d83e1f007?s=96&d=mm&r=g\",\"contentUrl\":\"https:\\\/\\\/secure.gravatar.com\\\/avatar\\\/ccc17943b9d660506c869530f897617f7cb1c21a4bf30023f252596d83e1f007?s=96&d=mm&r=g\",\"caption\":\"admin\"},\"sameAs\":[\"https:\\\/\\\/kibrisdakik.com\"],\"url\":\"https:\\\/\\\/kibrisdakik.com\\\/?author=1\"}]}<\/script>\n<!-- \/ Yoast SEO plugin. -->","yoast_head_json":{"title":"Ba\u015fbakan \u00dcnal \u00dcstel Ankara yolcusu -","robots":{"index":"index","follow":"follow","max-snippet":"max-snippet:-1","max-image-preview":"max-image-preview:large","max-video-preview":"max-video-preview:-1"},"canonical":"https:\/\/kibrisdakik.com\/?p=44424","og_locale":"tr_TR","og_type":"article","og_title":"Ba\u015fbakan \u00dcnal \u00dcstel Ankara yolcusu -","og_description":"Ba\u015fbakan \u00dcnal \u00dcstel, uzun s\u00fcredir \u00fczerinde \u00e7al\u0131\u015f\u0131lan 2024 protokol\u00fcn\u00fcn g\u00f6r\u00fc\u015f\u00fclmesi g\u00fcndem ile Ankara\u2019ya gidiyor. Ba\u015fbakan \u00dcnal \u00dcstel Ankara ziyaretinde kalabal\u0131k bir bakan ve b\u00fcrokrat heyetinin de e\u015flik edece\u011fi \u00f6\u011frenildi. T\u00fcrkiye Cumhuriyeti Cumhurba\u015fkan\u0131 Yard\u0131mc\u0131s\u0131 Cevdet Y\u0131lmaz\u2019\u0131n daveti \u00fczerine ger\u00e7ekle\u015fecek ziyaretin sonunda protokole son halinin verilmesi ve imzalanmas\u0131 bekleniyor. Protokol\u00fcn i\u00e7eri\u011fine y\u00f6nelik kamuoyuna hen\u00fcz doyurucu bir a\u00e7\u0131klama","og_url":"https:\/\/kibrisdakik.com\/?p=44424","article_published_time":"2024-06-04T00:02:00+00:00","og_image":[{"width":710,"height":370,"url":"https:\/\/kibrisdakik.com\/wp-content\/uploads\/2024\/06\/basbakan-unal-ustel-ankara-yolcusu-1717426820.webp.webp","type":"image\/webp"}],"author":"admin","twitter_card":"summary_large_image","twitter_misc":{"Yazan:":"admin","Tahmini okuma s\u00fcresi":"1 dakika"},"schema":{"@context":"https:\/\/schema.org","@graph":[{"@type":"Article","@id":"https:\/\/kibrisdakik.com\/?p=44424#article","isPartOf":{"@id":"https:\/\/kibrisdakik.com\/?p=44424"},"author":{"name":"admin","@id":"https:\/\/kibrisdakik.com\/#\/schema\/person\/9cd9d437bbb44f72b73ba127e06d8e79"},"headline":"Ba\u015fbakan \u00dcnal \u00dcstel Ankara yolcusu","datePublished":"2024-06-04T00:02:00+00:00","mainEntityOfPage":{"@id":"https:\/\/kibrisdakik.com\/?p=44424"},"wordCount":202,"commentCount":0,"image":{"@id":"https:\/\/kibrisdakik.com\/?p=44424#primaryimage"},"thumbnailUrl":"https:\/\/kibrisdakik.com\/wp-content\/uploads\/2024\/06\/basbakan-unal-ustel-ankara-yolcusu-1717426820.webp.webp","articleSection":["Spor"],"inLanguage":"tr","potentialAction":[{"@type":"CommentAction","name":"Comment","target":["https:\/\/kibrisdakik.com\/?p=44424#respond"]}]},{"@type":"WebPage","@id":"https:\/\/kibrisdakik.com\/?p=44424","url":"https:\/\/kibrisdakik.com\/?p=44424","name":"Ba\u015fbakan \u00dcnal \u00dcstel Ankara yolcusu -","isPartOf":{"@id":"https:\/\/kibrisdakik.com\/#website"},"primaryImageOfPage":{"@id":"https:\/\/kibrisdakik.com\/?p=44424#primaryimage"},"image":{"@id":"https:\/\/kibrisdakik.com\/?p=44424#primaryimage"},"thumbnailUrl":"https:\/\/kibrisdakik.com\/wp-content\/uploads\/2024\/06\/basbakan-unal-ustel-ankara-yolcusu-1717426820.webp.webp","datePublished":"2024-06-04T00:02:00+00:00","author":{"@id":"https:\/\/kibrisdakik.com\/#\/schema\/person\/9cd9d437bbb44f72b73ba127e06d8e79"},"breadcrumb":{"@id":"https:\/\/kibrisdakik.com\/?p=44424#breadcrumb"},"inLanguage":"tr","potentialAction":[{"@type":"ReadAction","target":["https:\/\/kibrisdakik.com\/?p=44424"]}]},{"@type":"ImageObject","inLanguage":"tr","@id":"https:\/\/kibrisdakik.com\/?p=44424#primaryimage","url":"https:\/\/kibrisdakik.com\/wp-content\/uploads\/2024\/06\/basbakan-unal-ustel-ankara-yolcusu-1717426820.webp.webp","contentUrl":"https:\/\/kibrisdakik.com\/wp-content\/uploads\/2024\/06\/basbakan-unal-ustel-ankara-yolcusu-1717426820.webp.webp","width":710,"height":370},{"@type":"BreadcrumbList","@id":"https:\/\/kibrisdakik.com\/?p=44424#breadcrumb","itemListElement":[{"@type":"ListItem","position":1,"name":"Home","item":"https:\/\/kibrisdakik.com\/"},{"@type":"ListItem","position":2,"name":"Ba\u015fbakan \u00dcnal \u00dcstel Ankara yolcusu"}]},{"@type":"WebSite","@id":"https:\/\/kibrisdakik.com\/#website","url":"https:\/\/kibrisdakik.com\/","name":"","description":"Tam vaktinde haber","potentialAction":[{"@type":"SearchAction","target":{"@type":"EntryPoint","urlTemplate":"https:\/\/kibrisdakik.com\/?s={search_term_string}"},"query-input":{"@type":"PropertyValueSpecification","valueRequired":true,"valueName":"search_term_string"}}],"inLanguage":"tr"},{"@type":"Person","@id":"https:\/\/kibrisdakik.com\/#\/schema\/person\/9cd9d437bbb44f72b73ba127e06d8e79","name":"admin","image":{"@type":"ImageObject","inLanguage":"tr","@id":"https:\/\/secure.gravatar.com\/avatar\/ccc17943b9d660506c869530f897617f7cb1c21a4bf30023f252596d83e1f007?s=96&d=mm&r=g","url":"https:\/\/secure.gravatar.com\/avatar\/ccc17943b9d660506c869530f897617f7cb1c21a4bf30023f252596d83e1f007?s=96&d=mm&r=g","contentUrl":"https:\/\/secure.gravatar.com\/avatar\/ccc17943b9d660506c869530f897617f7cb1c21a4bf30023f252596d83e1f007?s=96&d=mm&r=g","caption":"admin"},"sameAs":["https:\/\/kibrisdakik.com"],"url":"https:\/\/kibrisdakik.com\/?author=1"}]}},"_links":{"self":[{"href":"https:\/\/kibrisdakik.com\/index.php?rest_route=\/wp\/v2\/posts\/44424","targetHints":{"allow":["GET"]}}],"collection":[{"href":"https:\/\/kibrisdakik.com\/index.php?rest_route=\/wp\/v2\/posts"}],"about":[{"href":"https:\/\/kibrisdakik.com\/index.php?rest_route=\/wp\/v2\/types\/post"}],"author":[{"embeddable":true,"href":"https:\/\/kibrisdakik.com\/index.php?rest_route=\/wp\/v2\/users\/1"}],"replies":[{"embeddable":true,"href":"https:\/\/kibrisdakik.com\/index.php?rest_route=%2Fwp%2Fv2%2Fcomments&post=44424"}],"version-history":[{"count":0,"href":"https:\/\/kibrisdakik.com\/index.php?rest_route=\/wp\/v2\/posts\/44424\/revisions"}],"wp:featuredmedia":[{"embeddable":true,"href":"https:\/\/kibrisdakik.com\/index.php?rest_route=\/wp\/v2\/media\/44425"}],"wp:attachment":[{"href":"https:\/\/kibrisdakik.com\/index.php?rest_route=%2Fwp%2Fv2%2Fmedia&parent=44424"}],"wp:term":[{"taxonomy":"category","embeddable":true,"href":"https:\/\/kibrisdakik.com\/index.php?rest_route=%2Fwp%2Fv2%2Fcategories&post=44424"},{"taxonomy":"post_tag","embeddable":true,"href":"https:\/\/kibrisdakik.com\/index.php?rest_route=%2Fwp%2Fv2%2Ftags&post=44424"}],"curies":[{"name":"wp","href":"https:\/\/api.w.org\/{rel}","templated":true}]}}