{"id":44434,"date":"2024-06-04T02:05:52","date_gmt":"2024-06-04T02:05:52","guid":{"rendered":"https:\/\/kibrisdakik.com\/index.php\/2024\/06\/04\/makine-muhendisleri-odasi-elektrik-zammini-elestirdi\/"},"modified":"2024-06-04T02:05:52","modified_gmt":"2024-06-04T02:05:52","slug":"makine-muhendisleri-odasi-elektrik-zammini-elestirdi","status":"publish","type":"post","link":"https:\/\/kibrisdakik.com\/?p=44434","title":{"rendered":"Makine M\u00fchendisleri Odas\u0131, elektrik zamm\u0131n\u0131 ele\u015ftirdi"},"content":{"rendered":"<p><img decoding=\"async\" src=\"https:\/\/www.kibristurk.com\/images\/haberler\/2024\/06\/makine-muhendisleri-odasi-elektrik-zammini-elestirdi-1717422991.webp\" \/><\/p>\n<p>Oda Ba\u015fkan\u0131 Ayer Yark\u0131ner yapt\u0131\u011f\u0131 a\u00e7\u0131klamada, h\u00fck\u00fcmetin \u00f6nce anla\u015fma yapt\u0131\u011f\u0131n\u0131 ve ard\u0131ndan anla\u015fmay\u0131 yasalara uydurmak i\u00e7in hukuki d\u00fczenlemeye gitti\u011fini, Kalecik III s\u00f6zle\u015fmesinin buna \u00f6rnek oldu\u011funu \u00f6ne s\u00fcrerek, zam karar\u0131n\u0131n AKSA\u2019n\u0131n kazanc\u0131n\u0131n art\u0131r\u0131lmas\u0131 i\u00e7in al\u0131nd\u0131\u011f\u0131n\u0131 iddia etti.&nbsp;<\/p>\n<p>AKSA\u2019ya yap\u0131lan \u00f6demelerin mebla\u011flar\u0131na i\u015faret eden Yark\u0131ner, AKSA taraf\u0131ndan her ay tanzim edilen faturan\u0131n KIB-TEK Y\u00f6netim Kurulu\u2019ndan kimse taraf\u0131ndan imzalanmad\u0131\u011f\u0131n\u0131, teslim al\u0131nmad\u0131\u011f\u0131n\u0131 ve tefti\u015f yap\u0131lmad\u0131\u011f\u0131n\u0131 ileri s\u00fcrd\u00fc,<\/p>\n<p>Yark\u0131ner, \u201cNe KIB-TEK Y\u00f6netimi ne Ba\u015fbakan ve ne de Enerji Bakan\u0131, Kalecik III imzalarken verdikleri zarar\u0131n fark\u0131nda, e\u011fer fark\u0131nda olsalar imzalamazlard\u0131 veya ba\u015fka bir usuls\u00fczl\u00fck vard\u0131r.\u201d dedi.&nbsp;<\/p>\n<p>Yark\u0131ner, \u201cKalecik III S\u00f6zle\u015fmesi\u2019nin yasal ve kamusal yarar i\u00e7eren bir anla\u015fma olmad\u0131\u011f\u0131n\u0131\u201d savundu.&nbsp;<\/p>\n<p>Kalecik III\u2019\u00fc imzalayanlar\u0131n AKSA giderse ne olaca\u011f\u0131n\u0131 sordu\u011funa i\u015faret eden Yark\u0131ner, \u201cBunu yasaya uygun olmayan s\u00f6zle\u015fme imzalarken d\u00fc\u015f\u00fcnecektiniz. Ancak onun da \u00e7\u00f6z\u00fcm\u00fc var yeter ki siz devlet y\u00f6netme sorumlulu\u011funuzu idrak ediniz.\u201d dedi.<\/p>\n<p>Yark\u0131ner, \u015f\u00f6yle devam etti:&nbsp;<\/p>\n<p>\u201cAKSA ile yap\u0131lacak s\u00f6zle\u015fmede sat\u0131n al\u0131nacak elektrik enerjisinin zaman\u0131 ve miktar\u0131 ihtiyaca g\u00f6re tespit edilerek s\u00f6zle\u015fme yap\u0131lmas\u0131 halinde bir y\u0131l i\u00e7erisinde KIB-TEK enerji \u00fcretim kabiliyetini ve \u00fcretim maliyetini iyile\u015ftirebilecek seviyeye gelecektir, m\u00fcteakip y\u0131l ise AKSA\u2018ya ihtiya\u00e7 olmadan enerji birim fiyat\u0131n\u0131 da d\u00fc\u015f\u00fcrerek KKTC\u2019nin elektri\u011fini \u00fcretebilecektir. Bunun i\u00e7in, kamusal yarar\u0131 hedeflemek, \u0130lkeli \u00e7al\u0131\u015fmak ve d\u00fcr\u00fcst m\u00fchendislerden ve y\u00f6netim kadrolar\u0131ndan istifade etmek gerekir.<\/p>\n<p>Sonu\u00e7 olarak, elektrik zamm\u0131 AKSA\u2018n\u0131n kazanc\u0131n\u0131n artmas\u0131 i\u00e7in al\u0131nan \u015faibeli bir karard\u0131r. Bu \u015faibeler sonucunda KKTC halk\u0131n\u0131n ve T\u00fcrkiye halk\u0131n\u0131n paras\u0131 denetlenmeden, birileri taraf\u0131ndan y\u00fcr\u00fct\u00fcl\u00fcyor. Bu konuya sessiz kalmak hem g\u00fcnaha ortak olmak demektir hem de aptal yerine konmak demektir.\u201d<\/p>\n<p>Yark\u0131ner, Ba\u015fsavc\u0131l\u0131\u011fa \u00e7a\u011fr\u0131da bulunarak, Kalecik III\u2018\u00fcn mahkeme huzuruna gelmesi i\u00e7in gere\u011finin yap\u0131lmas\u0131n\u0131 talep etti.<\/p>\n","protected":false},"excerpt":{"rendered":"<p>Oda Ba\u015fkan\u0131 Ayer Yark\u0131ner yapt\u0131\u011f\u0131 a\u00e7\u0131klamada, h\u00fck\u00fcmetin \u00f6nce anla\u015fma yapt\u0131\u011f\u0131n\u0131 ve ard\u0131ndan anla\u015fmay\u0131 yasalara uydurmak i\u00e7in hukuki d\u00fczenlemeye gitti\u011fini, Kalecik III s\u00f6zle\u015fmesinin buna \u00f6rnek oldu\u011funu \u00f6ne s\u00fcrerek, zam karar\u0131n\u0131n AKSA\u2019n\u0131n kazanc\u0131n\u0131n art\u0131r\u0131lmas\u0131 i\u00e7in al\u0131nd\u0131\u011f\u0131n\u0131 iddia etti.&nbsp; AKSA\u2019ya yap\u0131lan \u00f6demelerin mebla\u011flar\u0131na i\u015faret eden Yark\u0131ner, AKSA taraf\u0131ndan her ay tanzim edilen faturan\u0131n KIB-TEK Y\u00f6netim Kurulu\u2019ndan kimse taraf\u0131ndan<\/p>\n","protected":false},"author":1,"featured_media":44435,"comment_status":"open","ping_status":"open","sticky":false,"template":"","format":"standard","meta":{"footnotes":""},"categories":[79],"tags":[],"class_list":["post-44434","post","type-post","status-publish","format-standard","has-post-thumbnail","hentry","category-ekonomi"],"yoast_head":"<!-- This site is optimized with the Yoast SEO plugin v27.5 - https:\/\/yoast.com\/product\/yoast-seo-wordpress\/ -->\n<title>Makine M\u00fchendisleri Odas\u0131, elektrik zamm\u0131n\u0131 ele\u015ftirdi -<\/title>\n<meta name=\"robots\" content=\"index, follow, max-snippet:-1, max-image-preview:large, max-video-preview:-1\" \/>\n<link rel=\"canonical\" href=\"https:\/\/kibrisdakik.com\/?p=44434\" \/>\n<meta property=\"og:locale\" content=\"tr_TR\" \/>\n<meta property=\"og:type\" content=\"article\" \/>\n<meta property=\"og:title\" content=\"Makine M\u00fchendisleri Odas\u0131, elektrik zamm\u0131n\u0131 ele\u015ftirdi -\" \/>\n<meta property=\"og:description\" content=\"Oda Ba\u015fkan\u0131 Ayer Yark\u0131ner yapt\u0131\u011f\u0131 a\u00e7\u0131klamada, h\u00fck\u00fcmetin \u00f6nce anla\u015fma yapt\u0131\u011f\u0131n\u0131 ve ard\u0131ndan anla\u015fmay\u0131 yasalara uydurmak i\u00e7in hukuki d\u00fczenlemeye gitti\u011fini, Kalecik III s\u00f6zle\u015fmesinin buna \u00f6rnek oldu\u011funu \u00f6ne s\u00fcrerek, zam karar\u0131n\u0131n AKSA\u2019n\u0131n kazanc\u0131n\u0131n art\u0131r\u0131lmas\u0131 i\u00e7in al\u0131nd\u0131\u011f\u0131n\u0131 iddia etti.&nbsp; AKSA\u2019ya yap\u0131lan \u00f6demelerin mebla\u011flar\u0131na i\u015faret eden Yark\u0131ner, AKSA taraf\u0131ndan her ay tanzim edilen faturan\u0131n KIB-TEK Y\u00f6netim Kurulu\u2019ndan kimse taraf\u0131ndan\" \/>\n<meta property=\"og:url\" content=\"https:\/\/kibrisdakik.com\/?p=44434\" \/>\n<meta property=\"article:published_time\" content=\"2024-06-04T02:05:52+00:00\" \/>\n<meta property=\"og:image\" content=\"https:\/\/kibrisdakik.com\/wp-content\/uploads\/2024\/06\/makine-muhendisleri-odasi-elektrik-zammini-elestirdi-1717422991.webp.webp\" \/>\n\t<meta property=\"og:image:width\" content=\"710\" \/>\n\t<meta property=\"og:image:height\" content=\"370\" \/>\n\t<meta property=\"og:image:type\" content=\"image\/webp\" \/>\n<meta name=\"author\" content=\"admin\" \/>\n<meta name=\"twitter:card\" content=\"summary_large_image\" \/>\n<meta name=\"twitter:label1\" content=\"Yazan:\" \/>\n\t<meta name=\"twitter:data1\" content=\"admin\" \/>\n\t<meta name=\"twitter:label2\" content=\"Tahmini okuma s\u00fcresi\" \/>\n\t<meta name=\"twitter:data2\" content=\"2 dakika\" \/>\n<script type=\"application\/ld+json\" class=\"yoast-schema-graph\">{\"@context\":\"https:\\\/\\\/schema.org\",\"@graph\":[{\"@type\":\"Article\",\"@id\":\"https:\\\/\\\/kibrisdakik.com\\\/?p=44434#article\",\"isPartOf\":{\"@id\":\"https:\\\/\\\/kibrisdakik.com\\\/?p=44434\"},\"author\":{\"name\":\"admin\",\"@id\":\"https:\\\/\\\/kibrisdakik.com\\\/#\\\/schema\\\/person\\\/9cd9d437bbb44f72b73ba127e06d8e79\"},\"headline\":\"Makine M\u00fchendisleri Odas\u0131, elektrik zamm\u0131n\u0131 ele\u015ftirdi\",\"datePublished\":\"2024-06-04T02:05:52+00:00\",\"mainEntityOfPage\":{\"@id\":\"https:\\\/\\\/kibrisdakik.com\\\/?p=44434\"},\"wordCount\":396,\"commentCount\":0,\"image\":{\"@id\":\"https:\\\/\\\/kibrisdakik.com\\\/?p=44434#primaryimage\"},\"thumbnailUrl\":\"https:\\\/\\\/kibrisdakik.com\\\/wp-content\\\/uploads\\\/2024\\\/06\\\/makine-muhendisleri-odasi-elektrik-zammini-elestirdi-1717422991.webp.webp\",\"articleSection\":[\"Ekonomi\"],\"inLanguage\":\"tr\",\"potentialAction\":[{\"@type\":\"CommentAction\",\"name\":\"Comment\",\"target\":[\"https:\\\/\\\/kibrisdakik.com\\\/?p=44434#respond\"]}]},{\"@type\":\"WebPage\",\"@id\":\"https:\\\/\\\/kibrisdakik.com\\\/?p=44434\",\"url\":\"https:\\\/\\\/kibrisdakik.com\\\/?p=44434\",\"name\":\"Makine M\u00fchendisleri Odas\u0131, elektrik zamm\u0131n\u0131 ele\u015ftirdi -\",\"isPartOf\":{\"@id\":\"https:\\\/\\\/kibrisdakik.com\\\/#website\"},\"primaryImageOfPage\":{\"@id\":\"https:\\\/\\\/kibrisdakik.com\\\/?p=44434#primaryimage\"},\"image\":{\"@id\":\"https:\\\/\\\/kibrisdakik.com\\\/?p=44434#primaryimage\"},\"thumbnailUrl\":\"https:\\\/\\\/kibrisdakik.com\\\/wp-content\\\/uploads\\\/2024\\\/06\\\/makine-muhendisleri-odasi-elektrik-zammini-elestirdi-1717422991.webp.webp\",\"datePublished\":\"2024-06-04T02:05:52+00:00\",\"author\":{\"@id\":\"https:\\\/\\\/kibrisdakik.com\\\/#\\\/schema\\\/person\\\/9cd9d437bbb44f72b73ba127e06d8e79\"},\"breadcrumb\":{\"@id\":\"https:\\\/\\\/kibrisdakik.com\\\/?p=44434#breadcrumb\"},\"inLanguage\":\"tr\",\"potentialAction\":[{\"@type\":\"ReadAction\",\"target\":[\"https:\\\/\\\/kibrisdakik.com\\\/?p=44434\"]}]},{\"@type\":\"ImageObject\",\"inLanguage\":\"tr\",\"@id\":\"https:\\\/\\\/kibrisdakik.com\\\/?p=44434#primaryimage\",\"url\":\"https:\\\/\\\/kibrisdakik.com\\\/wp-content\\\/uploads\\\/2024\\\/06\\\/makine-muhendisleri-odasi-elektrik-zammini-elestirdi-1717422991.webp.webp\",\"contentUrl\":\"https:\\\/\\\/kibrisdakik.com\\\/wp-content\\\/uploads\\\/2024\\\/06\\\/makine-muhendisleri-odasi-elektrik-zammini-elestirdi-1717422991.webp.webp\",\"width\":710,\"height\":370},{\"@type\":\"BreadcrumbList\",\"@id\":\"https:\\\/\\\/kibrisdakik.com\\\/?p=44434#breadcrumb\",\"itemListElement\":[{\"@type\":\"ListItem\",\"position\":1,\"name\":\"Home\",\"item\":\"https:\\\/\\\/kibrisdakik.com\\\/\"},{\"@type\":\"ListItem\",\"position\":2,\"name\":\"Makine M\u00fchendisleri Odas\u0131, elektrik zamm\u0131n\u0131 ele\u015ftirdi\"}]},{\"@type\":\"WebSite\",\"@id\":\"https:\\\/\\\/kibrisdakik.com\\\/#website\",\"url\":\"https:\\\/\\\/kibrisdakik.com\\\/\",\"name\":\"\",\"description\":\"Tam vaktinde haber\",\"potentialAction\":[{\"@type\":\"SearchAction\",\"target\":{\"@type\":\"EntryPoint\",\"urlTemplate\":\"https:\\\/\\\/kibrisdakik.com\\\/?s={search_term_string}\"},\"query-input\":{\"@type\":\"PropertyValueSpecification\",\"valueRequired\":true,\"valueName\":\"search_term_string\"}}],\"inLanguage\":\"tr\"},{\"@type\":\"Person\",\"@id\":\"https:\\\/\\\/kibrisdakik.com\\\/#\\\/schema\\\/person\\\/9cd9d437bbb44f72b73ba127e06d8e79\",\"name\":\"admin\",\"image\":{\"@type\":\"ImageObject\",\"inLanguage\":\"tr\",\"@id\":\"https:\\\/\\\/secure.gravatar.com\\\/avatar\\\/ccc17943b9d660506c869530f897617f7cb1c21a4bf30023f252596d83e1f007?s=96&d=mm&r=g\",\"url\":\"https:\\\/\\\/secure.gravatar.com\\\/avatar\\\/ccc17943b9d660506c869530f897617f7cb1c21a4bf30023f252596d83e1f007?s=96&d=mm&r=g\",\"contentUrl\":\"https:\\\/\\\/secure.gravatar.com\\\/avatar\\\/ccc17943b9d660506c869530f897617f7cb1c21a4bf30023f252596d83e1f007?s=96&d=mm&r=g\",\"caption\":\"admin\"},\"sameAs\":[\"https:\\\/\\\/kibrisdakik.com\"],\"url\":\"https:\\\/\\\/kibrisdakik.com\\\/?author=1\"}]}<\/script>\n<!-- \/ Yoast SEO plugin. -->","yoast_head_json":{"title":"Makine M\u00fchendisleri Odas\u0131, elektrik zamm\u0131n\u0131 ele\u015ftirdi -","robots":{"index":"index","follow":"follow","max-snippet":"max-snippet:-1","max-image-preview":"max-image-preview:large","max-video-preview":"max-video-preview:-1"},"canonical":"https:\/\/kibrisdakik.com\/?p=44434","og_locale":"tr_TR","og_type":"article","og_title":"Makine M\u00fchendisleri Odas\u0131, elektrik zamm\u0131n\u0131 ele\u015ftirdi -","og_description":"Oda Ba\u015fkan\u0131 Ayer Yark\u0131ner yapt\u0131\u011f\u0131 a\u00e7\u0131klamada, h\u00fck\u00fcmetin \u00f6nce anla\u015fma yapt\u0131\u011f\u0131n\u0131 ve ard\u0131ndan anla\u015fmay\u0131 yasalara uydurmak i\u00e7in hukuki d\u00fczenlemeye gitti\u011fini, Kalecik III s\u00f6zle\u015fmesinin buna \u00f6rnek oldu\u011funu \u00f6ne s\u00fcrerek, zam karar\u0131n\u0131n AKSA\u2019n\u0131n kazanc\u0131n\u0131n art\u0131r\u0131lmas\u0131 i\u00e7in al\u0131nd\u0131\u011f\u0131n\u0131 iddia etti.&nbsp; AKSA\u2019ya yap\u0131lan \u00f6demelerin mebla\u011flar\u0131na i\u015faret eden Yark\u0131ner, AKSA taraf\u0131ndan her ay tanzim edilen faturan\u0131n KIB-TEK Y\u00f6netim Kurulu\u2019ndan kimse taraf\u0131ndan","og_url":"https:\/\/kibrisdakik.com\/?p=44434","article_published_time":"2024-06-04T02:05:52+00:00","og_image":[{"width":710,"height":370,"url":"https:\/\/kibrisdakik.com\/wp-content\/uploads\/2024\/06\/makine-muhendisleri-odasi-elektrik-zammini-elestirdi-1717422991.webp.webp","type":"image\/webp"}],"author":"admin","twitter_card":"summary_large_image","twitter_misc":{"Yazan:":"admin","Tahmini okuma s\u00fcresi":"2 dakika"},"schema":{"@context":"https:\/\/schema.org","@graph":[{"@type":"Article","@id":"https:\/\/kibrisdakik.com\/?p=44434#article","isPartOf":{"@id":"https:\/\/kibrisdakik.com\/?p=44434"},"author":{"name":"admin","@id":"https:\/\/kibrisdakik.com\/#\/schema\/person\/9cd9d437bbb44f72b73ba127e06d8e79"},"headline":"Makine M\u00fchendisleri Odas\u0131, elektrik zamm\u0131n\u0131 ele\u015ftirdi","datePublished":"2024-06-04T02:05:52+00:00","mainEntityOfPage":{"@id":"https:\/\/kibrisdakik.com\/?p=44434"},"wordCount":396,"commentCount":0,"image":{"@id":"https:\/\/kibrisdakik.com\/?p=44434#primaryimage"},"thumbnailUrl":"https:\/\/kibrisdakik.com\/wp-content\/uploads\/2024\/06\/makine-muhendisleri-odasi-elektrik-zammini-elestirdi-1717422991.webp.webp","articleSection":["Ekonomi"],"inLanguage":"tr","potentialAction":[{"@type":"CommentAction","name":"Comment","target":["https:\/\/kibrisdakik.com\/?p=44434#respond"]}]},{"@type":"WebPage","@id":"https:\/\/kibrisdakik.com\/?p=44434","url":"https:\/\/kibrisdakik.com\/?p=44434","name":"Makine M\u00fchendisleri Odas\u0131, elektrik zamm\u0131n\u0131 ele\u015ftirdi -","isPartOf":{"@id":"https:\/\/kibrisdakik.com\/#website"},"primaryImageOfPage":{"@id":"https:\/\/kibrisdakik.com\/?p=44434#primaryimage"},"image":{"@id":"https:\/\/kibrisdakik.com\/?p=44434#primaryimage"},"thumbnailUrl":"https:\/\/kibrisdakik.com\/wp-content\/uploads\/2024\/06\/makine-muhendisleri-odasi-elektrik-zammini-elestirdi-1717422991.webp.webp","datePublished":"2024-06-04T02:05:52+00:00","author":{"@id":"https:\/\/kibrisdakik.com\/#\/schema\/person\/9cd9d437bbb44f72b73ba127e06d8e79"},"breadcrumb":{"@id":"https:\/\/kibrisdakik.com\/?p=44434#breadcrumb"},"inLanguage":"tr","potentialAction":[{"@type":"ReadAction","target":["https:\/\/kibrisdakik.com\/?p=44434"]}]},{"@type":"ImageObject","inLanguage":"tr","@id":"https:\/\/kibrisdakik.com\/?p=44434#primaryimage","url":"https:\/\/kibrisdakik.com\/wp-content\/uploads\/2024\/06\/makine-muhendisleri-odasi-elektrik-zammini-elestirdi-1717422991.webp.webp","contentUrl":"https:\/\/kibrisdakik.com\/wp-content\/uploads\/2024\/06\/makine-muhendisleri-odasi-elektrik-zammini-elestirdi-1717422991.webp.webp","width":710,"height":370},{"@type":"BreadcrumbList","@id":"https:\/\/kibrisdakik.com\/?p=44434#breadcrumb","itemListElement":[{"@type":"ListItem","position":1,"name":"Home","item":"https:\/\/kibrisdakik.com\/"},{"@type":"ListItem","position":2,"name":"Makine M\u00fchendisleri Odas\u0131, elektrik zamm\u0131n\u0131 ele\u015ftirdi"}]},{"@type":"WebSite","@id":"https:\/\/kibrisdakik.com\/#website","url":"https:\/\/kibrisdakik.com\/","name":"","description":"Tam vaktinde haber","potentialAction":[{"@type":"SearchAction","target":{"@type":"EntryPoint","urlTemplate":"https:\/\/kibrisdakik.com\/?s={search_term_string}"},"query-input":{"@type":"PropertyValueSpecification","valueRequired":true,"valueName":"search_term_string"}}],"inLanguage":"tr"},{"@type":"Person","@id":"https:\/\/kibrisdakik.com\/#\/schema\/person\/9cd9d437bbb44f72b73ba127e06d8e79","name":"admin","image":{"@type":"ImageObject","inLanguage":"tr","@id":"https:\/\/secure.gravatar.com\/avatar\/ccc17943b9d660506c869530f897617f7cb1c21a4bf30023f252596d83e1f007?s=96&d=mm&r=g","url":"https:\/\/secure.gravatar.com\/avatar\/ccc17943b9d660506c869530f897617f7cb1c21a4bf30023f252596d83e1f007?s=96&d=mm&r=g","contentUrl":"https:\/\/secure.gravatar.com\/avatar\/ccc17943b9d660506c869530f897617f7cb1c21a4bf30023f252596d83e1f007?s=96&d=mm&r=g","caption":"admin"},"sameAs":["https:\/\/kibrisdakik.com"],"url":"https:\/\/kibrisdakik.com\/?author=1"}]}},"_links":{"self":[{"href":"https:\/\/kibrisdakik.com\/index.php?rest_route=\/wp\/v2\/posts\/44434","targetHints":{"allow":["GET"]}}],"collection":[{"href":"https:\/\/kibrisdakik.com\/index.php?rest_route=\/wp\/v2\/posts"}],"about":[{"href":"https:\/\/kibrisdakik.com\/index.php?rest_route=\/wp\/v2\/types\/post"}],"author":[{"embeddable":true,"href":"https:\/\/kibrisdakik.com\/index.php?rest_route=\/wp\/v2\/users\/1"}],"replies":[{"embeddable":true,"href":"https:\/\/kibrisdakik.com\/index.php?rest_route=%2Fwp%2Fv2%2Fcomments&post=44434"}],"version-history":[{"count":0,"href":"https:\/\/kibrisdakik.com\/index.php?rest_route=\/wp\/v2\/posts\/44434\/revisions"}],"wp:featuredmedia":[{"embeddable":true,"href":"https:\/\/kibrisdakik.com\/index.php?rest_route=\/wp\/v2\/media\/44435"}],"wp:attachment":[{"href":"https:\/\/kibrisdakik.com\/index.php?rest_route=%2Fwp%2Fv2%2Fmedia&parent=44434"}],"wp:term":[{"taxonomy":"category","embeddable":true,"href":"https:\/\/kibrisdakik.com\/index.php?rest_route=%2Fwp%2Fv2%2Fcategories&post=44434"},{"taxonomy":"post_tag","embeddable":true,"href":"https:\/\/kibrisdakik.com\/index.php?rest_route=%2Fwp%2Fv2%2Ftags&post=44434"}],"curies":[{"name":"wp","href":"https:\/\/api.w.org\/{rel}","templated":true}]}}