{"id":44446,"date":"2024-06-04T05:05:06","date_gmt":"2024-06-04T05:05:06","guid":{"rendered":"https:\/\/kibrisdakik.com\/index.php\/2024\/06\/04\/gecitkoy-pompa-istasyonunda-ariza-su-kesintisi-yasanacak\/"},"modified":"2024-06-04T05:05:06","modified_gmt":"2024-06-04T05:05:06","slug":"gecitkoy-pompa-istasyonunda-ariza-su-kesintisi-yasanacak","status":"publish","type":"post","link":"https:\/\/kibrisdakik.com\/?p=44446","title":{"rendered":"Ge\u00e7itk\u00f6y Pompa \u0130stasyonu\u2019nda ar\u0131za: Su kesintisi ya\u015fanacak"},"content":{"rendered":"<p><\/p>\n<div>\n<div class=\"mariselle-image-container center\">\n                <img loading=\"lazy\" decoding=\"async\" width=\"620\" height=\"350\" class=\"lazy-image\" alt=\"\" sizes=\"auto, (max-width: 620px) 100vw, 620px\" src=\"https:\/\/brtk.net\/wp-content\/uploads\/2024\/06\/04\/su-kesintisi.jpg?ver=4eea39562ff283721b9d74191f1b4691\" srcset=\"https:\/\/brtk.net\/wp-content\/uploads\/2024\/06\/04\/su-kesintisi.jpg?ver=4eea39562ff283721b9d74191f1b4691 620w, https:\/\/brtk.net\/wp-content\/uploads\/2024\/06\/04\/su-kesintisi-300x169.jpg?ver=b56d09dc0eaf7c87baacac34a548d53e 300w\"\/>                            <\/div>\n<p>\u2018Su Temin Projesi\u2019 kapsam\u0131nda Ge\u00e7itk\u00f6y Pompa \u0130stasyonu\u2019nda olu\u015fan ar\u0131za nedeniyle bug\u00fcn <a href=\"https:\/\/brtk.net\/\">KKTC<\/a> geneline su verilemeyecek.<\/p>\n<p>Tar\u0131m ve Do\u011fal Kaynaklar Bakanl\u0131\u011f\u0131 taraf\u0131ndan yap\u0131lan yaz\u0131l\u0131 a\u00e7\u0131klamada, \u2018Su Temin Projesi\u2019 kapsam\u0131nda Ge\u00e7itk\u00f6y Pompa \u0130stasyonu\u2019nda olu\u015fan ar\u0131za nedeniyle 4.06.2024 saat 08.00\u2019dan itibaren su kesintisi meydana gelece\u011fi bildirildi.<\/p>\n<p>Bakanl\u0131ktan yap\u0131lan a\u00e7\u0131klamada, yar\u0131n ba\u015flanacak olan onar\u0131m \u00e7al\u0131\u015fmalar\u0131 s\u0131ras\u0131nda <a href=\"https:\/\/brtk.net\/\">KKTC<\/a> geneline su sa\u011flanamayaca\u011f\u0131 duyuruldu. <\/p>\n<p>A\u00e7\u0131klamada, \u201cAr\u0131zan\u0131n tamamlanaca\u011f\u0131 d\u00f6neme kadar yerel i\u00e7me-kullanma suyu kaynaklar\u0131m\u0131zdan su sa\u011flanacakt\u0131r. Bu s\u00fcre\u00e7te halk\u0131m\u0131z\u0131n suyu bilin\u00e7li ve tasarruflu kullanmalar\u0131 b\u00fcy\u00fck \u00f6nem arz etmektedir. S\u00fcre\u00e7 i\u00e7erisinde halk\u0131m\u0131za ve belediyelerimize gerekli bilgilendirmeler bas\u0131n yoluyla yap\u0131lacakt\u0131r.\u201d ifadelerine yer verildi.<\/p>\n<\/p><\/div>\n<p><script async\n                    defer\n                    crossorigin=\"anonymous\"\n                    src=\"https:\/\/connect.facebook.net\/tr_TR\/sdk.js#xfbml=1&#038;version=v3.3\"\n            ><\/script><\/p>\n","protected":false},"excerpt":{"rendered":"<p>\u2018Su Temin Projesi\u2019 kapsam\u0131nda Ge\u00e7itk\u00f6y Pompa \u0130stasyonu\u2019nda olu\u015fan ar\u0131za nedeniyle bug\u00fcn KKTC geneline su verilemeyecek. Tar\u0131m ve Do\u011fal Kaynaklar Bakanl\u0131\u011f\u0131 taraf\u0131ndan yap\u0131lan yaz\u0131l\u0131 a\u00e7\u0131klamada, \u2018Su Temin Projesi\u2019 kapsam\u0131nda Ge\u00e7itk\u00f6y Pompa \u0130stasyonu\u2019nda olu\u015fan ar\u0131za nedeniyle 4.06.2024 saat 08.00\u2019dan itibaren su kesintisi meydana gelece\u011fi bildirildi. Bakanl\u0131ktan yap\u0131lan a\u00e7\u0131klamada, yar\u0131n ba\u015flanacak olan onar\u0131m \u00e7al\u0131\u015fmalar\u0131 s\u0131ras\u0131nda KKTC geneline su<\/p>\n","protected":false},"author":1,"featured_media":44447,"comment_status":"open","ping_status":"open","sticky":false,"template":"","format":"standard","meta":{"footnotes":""},"categories":[1],"tags":[],"class_list":["post-44446","post","type-post","status-publish","format-standard","has-post-thumbnail","hentry","category-gundem"],"yoast_head":"<!-- This site is optimized with the Yoast SEO plugin v27.5 - https:\/\/yoast.com\/product\/yoast-seo-wordpress\/ -->\n<title>Ge\u00e7itk\u00f6y Pompa \u0130stasyonu\u2019nda ar\u0131za: Su kesintisi ya\u015fanacak -<\/title>\n<meta name=\"robots\" content=\"index, follow, max-snippet:-1, max-image-preview:large, max-video-preview:-1\" \/>\n<link rel=\"canonical\" href=\"https:\/\/kibrisdakik.com\/?p=44446\" \/>\n<meta property=\"og:locale\" content=\"tr_TR\" \/>\n<meta property=\"og:type\" content=\"article\" \/>\n<meta property=\"og:title\" content=\"Ge\u00e7itk\u00f6y Pompa \u0130stasyonu\u2019nda ar\u0131za: Su kesintisi ya\u015fanacak -\" \/>\n<meta property=\"og:description\" content=\"\u2018Su Temin Projesi\u2019 kapsam\u0131nda Ge\u00e7itk\u00f6y Pompa \u0130stasyonu\u2019nda olu\u015fan ar\u0131za nedeniyle bug\u00fcn KKTC geneline su verilemeyecek. Tar\u0131m ve Do\u011fal Kaynaklar Bakanl\u0131\u011f\u0131 taraf\u0131ndan yap\u0131lan yaz\u0131l\u0131 a\u00e7\u0131klamada, \u2018Su Temin Projesi\u2019 kapsam\u0131nda Ge\u00e7itk\u00f6y Pompa \u0130stasyonu\u2019nda olu\u015fan ar\u0131za nedeniyle 4.06.2024 saat 08.00\u2019dan itibaren su kesintisi meydana gelece\u011fi bildirildi. Bakanl\u0131ktan yap\u0131lan a\u00e7\u0131klamada, yar\u0131n ba\u015flanacak olan onar\u0131m \u00e7al\u0131\u015fmalar\u0131 s\u0131ras\u0131nda KKTC geneline su\" \/>\n<meta property=\"og:url\" content=\"https:\/\/kibrisdakik.com\/?p=44446\" \/>\n<meta property=\"article:published_time\" content=\"2024-06-04T05:05:06+00:00\" \/>\n<meta property=\"og:image\" content=\"https:\/\/kibrisdakik.com\/wp-content\/uploads\/2024\/06\/su-kesintisi.jpg\" \/>\n\t<meta property=\"og:image:width\" content=\"620\" \/>\n\t<meta property=\"og:image:height\" content=\"350\" \/>\n\t<meta property=\"og:image:type\" content=\"image\/jpeg\" \/>\n<meta name=\"author\" content=\"admin\" \/>\n<meta name=\"twitter:card\" content=\"summary_large_image\" \/>\n<meta name=\"twitter:label1\" content=\"Yazan:\" \/>\n\t<meta name=\"twitter:data1\" content=\"admin\" \/>\n\t<meta name=\"twitter:label2\" content=\"Tahmini okuma s\u00fcresi\" \/>\n\t<meta name=\"twitter:data2\" content=\"1 dakika\" \/>\n<script type=\"application\/ld+json\" class=\"yoast-schema-graph\">{\"@context\":\"https:\\\/\\\/schema.org\",\"@graph\":[{\"@type\":\"Article\",\"@id\":\"https:\\\/\\\/kibrisdakik.com\\\/?p=44446#article\",\"isPartOf\":{\"@id\":\"https:\\\/\\\/kibrisdakik.com\\\/?p=44446\"},\"author\":{\"name\":\"admin\",\"@id\":\"https:\\\/\\\/kibrisdakik.com\\\/#\\\/schema\\\/person\\\/9cd9d437bbb44f72b73ba127e06d8e79\"},\"headline\":\"Ge\u00e7itk\u00f6y Pompa \u0130stasyonu\u2019nda ar\u0131za: Su kesintisi ya\u015fanacak\",\"datePublished\":\"2024-06-04T05:05:06+00:00\",\"mainEntityOfPage\":{\"@id\":\"https:\\\/\\\/kibrisdakik.com\\\/?p=44446\"},\"wordCount\":158,\"commentCount\":0,\"image\":{\"@id\":\"https:\\\/\\\/kibrisdakik.com\\\/?p=44446#primaryimage\"},\"thumbnailUrl\":\"https:\\\/\\\/kibrisdakik.com\\\/wp-content\\\/uploads\\\/2024\\\/06\\\/su-kesintisi.jpg\",\"articleSection\":[\"G\u00fcndem\"],\"inLanguage\":\"tr\",\"potentialAction\":[{\"@type\":\"CommentAction\",\"name\":\"Comment\",\"target\":[\"https:\\\/\\\/kibrisdakik.com\\\/?p=44446#respond\"]}]},{\"@type\":\"WebPage\",\"@id\":\"https:\\\/\\\/kibrisdakik.com\\\/?p=44446\",\"url\":\"https:\\\/\\\/kibrisdakik.com\\\/?p=44446\",\"name\":\"Ge\u00e7itk\u00f6y Pompa \u0130stasyonu\u2019nda ar\u0131za: Su kesintisi ya\u015fanacak -\",\"isPartOf\":{\"@id\":\"https:\\\/\\\/kibrisdakik.com\\\/#website\"},\"primaryImageOfPage\":{\"@id\":\"https:\\\/\\\/kibrisdakik.com\\\/?p=44446#primaryimage\"},\"image\":{\"@id\":\"https:\\\/\\\/kibrisdakik.com\\\/?p=44446#primaryimage\"},\"thumbnailUrl\":\"https:\\\/\\\/kibrisdakik.com\\\/wp-content\\\/uploads\\\/2024\\\/06\\\/su-kesintisi.jpg\",\"datePublished\":\"2024-06-04T05:05:06+00:00\",\"author\":{\"@id\":\"https:\\\/\\\/kibrisdakik.com\\\/#\\\/schema\\\/person\\\/9cd9d437bbb44f72b73ba127e06d8e79\"},\"breadcrumb\":{\"@id\":\"https:\\\/\\\/kibrisdakik.com\\\/?p=44446#breadcrumb\"},\"inLanguage\":\"tr\",\"potentialAction\":[{\"@type\":\"ReadAction\",\"target\":[\"https:\\\/\\\/kibrisdakik.com\\\/?p=44446\"]}]},{\"@type\":\"ImageObject\",\"inLanguage\":\"tr\",\"@id\":\"https:\\\/\\\/kibrisdakik.com\\\/?p=44446#primaryimage\",\"url\":\"https:\\\/\\\/kibrisdakik.com\\\/wp-content\\\/uploads\\\/2024\\\/06\\\/su-kesintisi.jpg\",\"contentUrl\":\"https:\\\/\\\/kibrisdakik.com\\\/wp-content\\\/uploads\\\/2024\\\/06\\\/su-kesintisi.jpg\",\"width\":620,\"height\":350},{\"@type\":\"BreadcrumbList\",\"@id\":\"https:\\\/\\\/kibrisdakik.com\\\/?p=44446#breadcrumb\",\"itemListElement\":[{\"@type\":\"ListItem\",\"position\":1,\"name\":\"Home\",\"item\":\"https:\\\/\\\/kibrisdakik.com\\\/\"},{\"@type\":\"ListItem\",\"position\":2,\"name\":\"Ge\u00e7itk\u00f6y Pompa \u0130stasyonu\u2019nda ar\u0131za: Su kesintisi ya\u015fanacak\"}]},{\"@type\":\"WebSite\",\"@id\":\"https:\\\/\\\/kibrisdakik.com\\\/#website\",\"url\":\"https:\\\/\\\/kibrisdakik.com\\\/\",\"name\":\"\",\"description\":\"Tam vaktinde haber\",\"potentialAction\":[{\"@type\":\"SearchAction\",\"target\":{\"@type\":\"EntryPoint\",\"urlTemplate\":\"https:\\\/\\\/kibrisdakik.com\\\/?s={search_term_string}\"},\"query-input\":{\"@type\":\"PropertyValueSpecification\",\"valueRequired\":true,\"valueName\":\"search_term_string\"}}],\"inLanguage\":\"tr\"},{\"@type\":\"Person\",\"@id\":\"https:\\\/\\\/kibrisdakik.com\\\/#\\\/schema\\\/person\\\/9cd9d437bbb44f72b73ba127e06d8e79\",\"name\":\"admin\",\"image\":{\"@type\":\"ImageObject\",\"inLanguage\":\"tr\",\"@id\":\"https:\\\/\\\/secure.gravatar.com\\\/avatar\\\/ccc17943b9d660506c869530f897617f7cb1c21a4bf30023f252596d83e1f007?s=96&d=mm&r=g\",\"url\":\"https:\\\/\\\/secure.gravatar.com\\\/avatar\\\/ccc17943b9d660506c869530f897617f7cb1c21a4bf30023f252596d83e1f007?s=96&d=mm&r=g\",\"contentUrl\":\"https:\\\/\\\/secure.gravatar.com\\\/avatar\\\/ccc17943b9d660506c869530f897617f7cb1c21a4bf30023f252596d83e1f007?s=96&d=mm&r=g\",\"caption\":\"admin\"},\"sameAs\":[\"https:\\\/\\\/kibrisdakik.com\"],\"url\":\"https:\\\/\\\/kibrisdakik.com\\\/?author=1\"}]}<\/script>\n<!-- \/ Yoast SEO plugin. -->","yoast_head_json":{"title":"Ge\u00e7itk\u00f6y Pompa \u0130stasyonu\u2019nda ar\u0131za: Su kesintisi ya\u015fanacak -","robots":{"index":"index","follow":"follow","max-snippet":"max-snippet:-1","max-image-preview":"max-image-preview:large","max-video-preview":"max-video-preview:-1"},"canonical":"https:\/\/kibrisdakik.com\/?p=44446","og_locale":"tr_TR","og_type":"article","og_title":"Ge\u00e7itk\u00f6y Pompa \u0130stasyonu\u2019nda ar\u0131za: Su kesintisi ya\u015fanacak -","og_description":"\u2018Su Temin Projesi\u2019 kapsam\u0131nda Ge\u00e7itk\u00f6y Pompa \u0130stasyonu\u2019nda olu\u015fan ar\u0131za nedeniyle bug\u00fcn KKTC geneline su verilemeyecek. Tar\u0131m ve Do\u011fal Kaynaklar Bakanl\u0131\u011f\u0131 taraf\u0131ndan yap\u0131lan yaz\u0131l\u0131 a\u00e7\u0131klamada, \u2018Su Temin Projesi\u2019 kapsam\u0131nda Ge\u00e7itk\u00f6y Pompa \u0130stasyonu\u2019nda olu\u015fan ar\u0131za nedeniyle 4.06.2024 saat 08.00\u2019dan itibaren su kesintisi meydana gelece\u011fi bildirildi. Bakanl\u0131ktan yap\u0131lan a\u00e7\u0131klamada, yar\u0131n ba\u015flanacak olan onar\u0131m \u00e7al\u0131\u015fmalar\u0131 s\u0131ras\u0131nda KKTC geneline su","og_url":"https:\/\/kibrisdakik.com\/?p=44446","article_published_time":"2024-06-04T05:05:06+00:00","og_image":[{"width":620,"height":350,"url":"https:\/\/kibrisdakik.com\/wp-content\/uploads\/2024\/06\/su-kesintisi.jpg","type":"image\/jpeg"}],"author":"admin","twitter_card":"summary_large_image","twitter_misc":{"Yazan:":"admin","Tahmini okuma s\u00fcresi":"1 dakika"},"schema":{"@context":"https:\/\/schema.org","@graph":[{"@type":"Article","@id":"https:\/\/kibrisdakik.com\/?p=44446#article","isPartOf":{"@id":"https:\/\/kibrisdakik.com\/?p=44446"},"author":{"name":"admin","@id":"https:\/\/kibrisdakik.com\/#\/schema\/person\/9cd9d437bbb44f72b73ba127e06d8e79"},"headline":"Ge\u00e7itk\u00f6y Pompa \u0130stasyonu\u2019nda ar\u0131za: Su kesintisi ya\u015fanacak","datePublished":"2024-06-04T05:05:06+00:00","mainEntityOfPage":{"@id":"https:\/\/kibrisdakik.com\/?p=44446"},"wordCount":158,"commentCount":0,"image":{"@id":"https:\/\/kibrisdakik.com\/?p=44446#primaryimage"},"thumbnailUrl":"https:\/\/kibrisdakik.com\/wp-content\/uploads\/2024\/06\/su-kesintisi.jpg","articleSection":["G\u00fcndem"],"inLanguage":"tr","potentialAction":[{"@type":"CommentAction","name":"Comment","target":["https:\/\/kibrisdakik.com\/?p=44446#respond"]}]},{"@type":"WebPage","@id":"https:\/\/kibrisdakik.com\/?p=44446","url":"https:\/\/kibrisdakik.com\/?p=44446","name":"Ge\u00e7itk\u00f6y Pompa \u0130stasyonu\u2019nda ar\u0131za: Su kesintisi ya\u015fanacak -","isPartOf":{"@id":"https:\/\/kibrisdakik.com\/#website"},"primaryImageOfPage":{"@id":"https:\/\/kibrisdakik.com\/?p=44446#primaryimage"},"image":{"@id":"https:\/\/kibrisdakik.com\/?p=44446#primaryimage"},"thumbnailUrl":"https:\/\/kibrisdakik.com\/wp-content\/uploads\/2024\/06\/su-kesintisi.jpg","datePublished":"2024-06-04T05:05:06+00:00","author":{"@id":"https:\/\/kibrisdakik.com\/#\/schema\/person\/9cd9d437bbb44f72b73ba127e06d8e79"},"breadcrumb":{"@id":"https:\/\/kibrisdakik.com\/?p=44446#breadcrumb"},"inLanguage":"tr","potentialAction":[{"@type":"ReadAction","target":["https:\/\/kibrisdakik.com\/?p=44446"]}]},{"@type":"ImageObject","inLanguage":"tr","@id":"https:\/\/kibrisdakik.com\/?p=44446#primaryimage","url":"https:\/\/kibrisdakik.com\/wp-content\/uploads\/2024\/06\/su-kesintisi.jpg","contentUrl":"https:\/\/kibrisdakik.com\/wp-content\/uploads\/2024\/06\/su-kesintisi.jpg","width":620,"height":350},{"@type":"BreadcrumbList","@id":"https:\/\/kibrisdakik.com\/?p=44446#breadcrumb","itemListElement":[{"@type":"ListItem","position":1,"name":"Home","item":"https:\/\/kibrisdakik.com\/"},{"@type":"ListItem","position":2,"name":"Ge\u00e7itk\u00f6y Pompa \u0130stasyonu\u2019nda ar\u0131za: Su kesintisi ya\u015fanacak"}]},{"@type":"WebSite","@id":"https:\/\/kibrisdakik.com\/#website","url":"https:\/\/kibrisdakik.com\/","name":"","description":"Tam vaktinde haber","potentialAction":[{"@type":"SearchAction","target":{"@type":"EntryPoint","urlTemplate":"https:\/\/kibrisdakik.com\/?s={search_term_string}"},"query-input":{"@type":"PropertyValueSpecification","valueRequired":true,"valueName":"search_term_string"}}],"inLanguage":"tr"},{"@type":"Person","@id":"https:\/\/kibrisdakik.com\/#\/schema\/person\/9cd9d437bbb44f72b73ba127e06d8e79","name":"admin","image":{"@type":"ImageObject","inLanguage":"tr","@id":"https:\/\/secure.gravatar.com\/avatar\/ccc17943b9d660506c869530f897617f7cb1c21a4bf30023f252596d83e1f007?s=96&d=mm&r=g","url":"https:\/\/secure.gravatar.com\/avatar\/ccc17943b9d660506c869530f897617f7cb1c21a4bf30023f252596d83e1f007?s=96&d=mm&r=g","contentUrl":"https:\/\/secure.gravatar.com\/avatar\/ccc17943b9d660506c869530f897617f7cb1c21a4bf30023f252596d83e1f007?s=96&d=mm&r=g","caption":"admin"},"sameAs":["https:\/\/kibrisdakik.com"],"url":"https:\/\/kibrisdakik.com\/?author=1"}]}},"_links":{"self":[{"href":"https:\/\/kibrisdakik.com\/index.php?rest_route=\/wp\/v2\/posts\/44446","targetHints":{"allow":["GET"]}}],"collection":[{"href":"https:\/\/kibrisdakik.com\/index.php?rest_route=\/wp\/v2\/posts"}],"about":[{"href":"https:\/\/kibrisdakik.com\/index.php?rest_route=\/wp\/v2\/types\/post"}],"author":[{"embeddable":true,"href":"https:\/\/kibrisdakik.com\/index.php?rest_route=\/wp\/v2\/users\/1"}],"replies":[{"embeddable":true,"href":"https:\/\/kibrisdakik.com\/index.php?rest_route=%2Fwp%2Fv2%2Fcomments&post=44446"}],"version-history":[{"count":0,"href":"https:\/\/kibrisdakik.com\/index.php?rest_route=\/wp\/v2\/posts\/44446\/revisions"}],"wp:featuredmedia":[{"embeddable":true,"href":"https:\/\/kibrisdakik.com\/index.php?rest_route=\/wp\/v2\/media\/44447"}],"wp:attachment":[{"href":"https:\/\/kibrisdakik.com\/index.php?rest_route=%2Fwp%2Fv2%2Fmedia&parent=44446"}],"wp:term":[{"taxonomy":"category","embeddable":true,"href":"https:\/\/kibrisdakik.com\/index.php?rest_route=%2Fwp%2Fv2%2Fcategories&post=44446"},{"taxonomy":"post_tag","embeddable":true,"href":"https:\/\/kibrisdakik.com\/index.php?rest_route=%2Fwp%2Fv2%2Ftags&post=44446"}],"curies":[{"name":"wp","href":"https:\/\/api.w.org\/{rel}","templated":true}]}}