{"id":4447,"date":"2023-04-02T21:22:08","date_gmt":"2023-04-02T21:22:08","guid":{"rendered":"https:\/\/kibrisdakik.com\/index.php\/2023\/04\/02\/kktc-insan-haklari-dernegicumhurbaskanina-londrada-yapilan-saldiriyi-protesto-ediyoruz\/"},"modified":"2023-04-02T21:22:08","modified_gmt":"2023-04-02T21:22:08","slug":"kktc-insan-haklari-dernegicumhurbaskanina-londrada-yapilan-saldiriyi-protesto-ediyoruz","status":"publish","type":"post","link":"https:\/\/kibrisdakik.com\/?p=4447","title":{"rendered":"KKTC \u0130nsan Haklar\u0131 Derne\u011fi:Cumhurba\u015fkan\u0131na Londra\u2019da yap\u0131lan sald\u0131r\u0131y\u0131 protesto ediyoruz"},"content":{"rendered":"<p><\/p>\n<div>\n<div class=\"mariselle-image-container none\">\n                <img width=\"706\" height=\"431\" class=\"lazy-image\" alt=\"\" decoding=\"async\" loading=\"lazy\" sizes=\"auto, (max-width: 706px) 100vw, 706px\" src=\"https:\/\/brtk.net\/wp-content\/uploads\/2023\/04\/02\/hasan-yilmaz-isik1211.jpg?ver=0477f485ba0caa0004b5358d60abdd3c\" srcset=\"https:\/\/brtk.net\/wp-content\/uploads\/2023\/04\/02\/hasan-yilmaz-isik1211.jpg?ver=0477f485ba0caa0004b5358d60abdd3c 706w, https:\/\/brtk.net\/wp-content\/uploads\/2023\/04\/02\/hasan-yilmaz-isik1211-300x183.jpg?ver=0477f485ba0caa0004b5358d60abdd3c 300w\"\/>                            <\/div>\n<p><a href=\"https:\/\/brtk.net\/\">KKTC<\/a> \u0130nsan Haklar\u0131 Derne\u011fi Genel Ba\u015fkan\u0131 Hasan Y. I\u015f\u0131k, Londra\u2019da Cumhurba\u015fkan\u0131 <a href=\"https:\/\/brtk.net\/\" target=\"_blank\" rel=\"noopener\"><a href=\"https:\/\/brtk.net\/\" target=\"_blank\" rel=\"noopener\">Ersin <\/a><a href=\"https:\/\/brtk.net\/\"\/><a href=\"https:\/\/brtk.net\/\">Tatar<\/a>\u2018\u0131n Londra\u2019da bir programa kat\u0131laca\u011f\u0131 s\u0131rada bir grup \u00f6\u011frenci taraf\u0131ndan engellenmeye \u00e7al\u0131\u015f\u0131lmas\u0131n\u0131 k\u0131nad\u0131.<\/p>\n<p>I\u015f\u0131k, konuya ili\u015fkin yapt\u0131\u011f\u0131 yaz\u0131l\u0131 a\u00e7\u0131klamada, \u201cLondra\u2019da K\u0131br\u0131s konusunda konferans vermek i\u00e7in King\u2019s Kolej\u2019e giden Cumhurba\u015fkan\u0131 <a href=\"https:\/\/brtk.net\/\" target=\"_blank\" rel=\"noopener\"><a href=\"https:\/\/brtk.net\/\" target=\"_blank\" rel=\"noopener\">Ersin <\/a><a href=\"https:\/\/brtk.net\/\"\/><a href=\"https:\/\/brtk.net\/\">Tatar<\/a>\u2019\u0131 bir grup Rum \u00f6\u011frencinin protesto etmesi ve konvoyun \u00f6n\u00fcn\u00fc keserek sald\u0131r\u0131 giri\u015fimden bulunmas\u0131n\u0131 G\u00fcney K\u0131br\u0131s Rum Y\u00f6netimi Ba\u015fkan\u0131 Nikos Hristodulis\u2019in k\u0131namas\u0131n\u0131 derne\u011fimiz bug\u00fcne kadar beklemi\u015f ancak b\u00f6yle bir a\u00e7\u0131klama yap\u0131lmad\u0131\u011f\u0131n\u0131 esefle g\u00f6zlemlemi\u015ftir\u201d ifadelerine yer verildi.<\/p>\n<p>I\u015f\u0131k, \u201cYunan Bayraklar\u0131 ile <a href=\"https:\/\/brtk.net\/\">KKTC<\/a> Cumhurba\u015fkan\u0131 \u015fahs\u0131nda, ger\u00e7ekte K\u0131br\u0131s T\u00fcrk\u00fc\u2019ne yap\u0131lmakta olan bu sald\u0131r\u0131y\u0131 derne\u011fimiz \u015fiddetle protesto etmektedir\u201d diyerek, \u201cDernek olarak K\u0131br\u0131s\u2019\u0131n bir Rum adas\u0131 olmad\u0131\u011f\u0131n\u0131 ve K\u0131br\u0131s T\u00fcrklerinin \u2018devlet hakk\u0131n\u0131\u2019 kabul etti\u011fini a\u00e7\u0131klamas\u0131 ve Cumhurba\u015fkan\u0131 <a href=\"https:\/\/brtk.net\/\"\/><a href=\"https:\/\/brtk.net\/\">Tatar<\/a>\u2019a Londra\u2019da yap\u0131lan sald\u0131r\u0131dan dolay\u0131 \u2018\u00f6z\u00fcr\u2019 dilemesi i\u00e7in Hristodulis\u2019e \u00e7a\u011fr\u0131da bulunduklar\u0131n\u0131\u201d da kaydetti.<\/p>\n<p>TAK\/<a href=\"https:\/\/brtk.net\/\">BRT<\/a><\/p>\n<\/p><\/div>\n<p><script async\n                    defer\n                    crossorigin=\"anonymous\"\n                    src=\"https:\/\/connect.facebook.net\/tr_TR\/sdk.js#xfbml=1&#038;version=v3.3\"\n            ><\/script><\/p>\n","protected":false},"excerpt":{"rendered":"<p>KKTC \u0130nsan Haklar\u0131 Derne\u011fi Genel Ba\u015fkan\u0131 Hasan Y. I\u015f\u0131k, Londra\u2019da Cumhurba\u015fkan\u0131 Ersin Tatar\u2018\u0131n Londra\u2019da bir programa kat\u0131laca\u011f\u0131 s\u0131rada bir grup \u00f6\u011frenci taraf\u0131ndan engellenmeye \u00e7al\u0131\u015f\u0131lmas\u0131n\u0131 k\u0131nad\u0131. I\u015f\u0131k, konuya ili\u015fkin yapt\u0131\u011f\u0131 yaz\u0131l\u0131 a\u00e7\u0131klamada, \u201cLondra\u2019da K\u0131br\u0131s konusunda konferans vermek i\u00e7in King\u2019s Kolej\u2019e giden Cumhurba\u015fkan\u0131 Ersin Tatar\u2019\u0131 bir grup Rum \u00f6\u011frencinin protesto etmesi ve konvoyun \u00f6n\u00fcn\u00fc keserek sald\u0131r\u0131 giri\u015fimden<\/p>\n","protected":false},"author":1,"featured_media":4448,"comment_status":"open","ping_status":"open","sticky":false,"template":"","format":"standard","meta":{"footnotes":""},"categories":[1],"tags":[],"class_list":["post-4447","post","type-post","status-publish","format-standard","has-post-thumbnail","hentry","category-gundem"],"yoast_head":"<!-- This site is optimized with the Yoast SEO plugin v27.5 - https:\/\/yoast.com\/product\/yoast-seo-wordpress\/ -->\n<title>KKTC \u0130nsan Haklar\u0131 Derne\u011fi:Cumhurba\u015fkan\u0131na Londra\u2019da yap\u0131lan sald\u0131r\u0131y\u0131 protesto ediyoruz -<\/title>\n<meta name=\"robots\" content=\"index, follow, max-snippet:-1, max-image-preview:large, max-video-preview:-1\" \/>\n<link rel=\"canonical\" href=\"https:\/\/kibrisdakik.com\/?p=4447\" \/>\n<meta property=\"og:locale\" content=\"tr_TR\" \/>\n<meta property=\"og:type\" content=\"article\" \/>\n<meta property=\"og:title\" content=\"KKTC \u0130nsan Haklar\u0131 Derne\u011fi:Cumhurba\u015fkan\u0131na Londra\u2019da yap\u0131lan sald\u0131r\u0131y\u0131 protesto ediyoruz -\" \/>\n<meta property=\"og:description\" content=\"KKTC \u0130nsan Haklar\u0131 Derne\u011fi Genel Ba\u015fkan\u0131 Hasan Y. I\u015f\u0131k, Londra\u2019da Cumhurba\u015fkan\u0131 Ersin Tatar\u2018\u0131n Londra\u2019da bir programa kat\u0131laca\u011f\u0131 s\u0131rada bir grup \u00f6\u011frenci taraf\u0131ndan engellenmeye \u00e7al\u0131\u015f\u0131lmas\u0131n\u0131 k\u0131nad\u0131. I\u015f\u0131k, konuya ili\u015fkin yapt\u0131\u011f\u0131 yaz\u0131l\u0131 a\u00e7\u0131klamada, \u201cLondra\u2019da K\u0131br\u0131s konusunda konferans vermek i\u00e7in King\u2019s Kolej\u2019e giden Cumhurba\u015fkan\u0131 Ersin Tatar\u2019\u0131 bir grup Rum \u00f6\u011frencinin protesto etmesi ve konvoyun \u00f6n\u00fcn\u00fc keserek sald\u0131r\u0131 giri\u015fimden\" \/>\n<meta property=\"og:url\" content=\"https:\/\/kibrisdakik.com\/?p=4447\" \/>\n<meta property=\"article:published_time\" content=\"2023-04-02T21:22:08+00:00\" \/>\n<meta property=\"og:image\" content=\"https:\/\/kibrisdakik.com\/wp-content\/uploads\/2023\/04\/hasan-yilmaz-isik1211-706x420.jpg\" \/>\n\t<meta property=\"og:image:width\" content=\"706\" \/>\n\t<meta property=\"og:image:height\" content=\"431\" \/>\n\t<meta property=\"og:image:type\" content=\"image\/jpeg\" \/>\n<meta name=\"author\" content=\"admin\" \/>\n<meta name=\"twitter:card\" content=\"summary_large_image\" \/>\n<meta name=\"twitter:label1\" content=\"Yazan:\" \/>\n\t<meta name=\"twitter:data1\" content=\"admin\" \/>\n\t<meta name=\"twitter:label2\" content=\"Tahmini okuma s\u00fcresi\" \/>\n\t<meta name=\"twitter:data2\" content=\"1 dakika\" \/>\n<script type=\"application\/ld+json\" class=\"yoast-schema-graph\">{\"@context\":\"https:\\\/\\\/schema.org\",\"@graph\":[{\"@type\":\"Article\",\"@id\":\"https:\\\/\\\/kibrisdakik.com\\\/?p=4447#article\",\"isPartOf\":{\"@id\":\"https:\\\/\\\/kibrisdakik.com\\\/?p=4447\"},\"author\":{\"name\":\"admin\",\"@id\":\"https:\\\/\\\/kibrisdakik.com\\\/#\\\/schema\\\/person\\\/9cd9d437bbb44f72b73ba127e06d8e79\"},\"headline\":\"KKTC \u0130nsan Haklar\u0131 Derne\u011fi:Cumhurba\u015fkan\u0131na Londra\u2019da yap\u0131lan sald\u0131r\u0131y\u0131 protesto ediyoruz\",\"datePublished\":\"2023-04-02T21:22:08+00:00\",\"mainEntityOfPage\":{\"@id\":\"https:\\\/\\\/kibrisdakik.com\\\/?p=4447\"},\"wordCount\":224,\"commentCount\":0,\"image\":{\"@id\":\"https:\\\/\\\/kibrisdakik.com\\\/?p=4447#primaryimage\"},\"thumbnailUrl\":\"https:\\\/\\\/kibrisdakik.com\\\/wp-content\\\/uploads\\\/2023\\\/04\\\/hasan-yilmaz-isik1211-706x420.jpg\",\"articleSection\":[\"G\u00fcndem\"],\"inLanguage\":\"tr\",\"potentialAction\":[{\"@type\":\"CommentAction\",\"name\":\"Comment\",\"target\":[\"https:\\\/\\\/kibrisdakik.com\\\/?p=4447#respond\"]}]},{\"@type\":\"WebPage\",\"@id\":\"https:\\\/\\\/kibrisdakik.com\\\/?p=4447\",\"url\":\"https:\\\/\\\/kibrisdakik.com\\\/?p=4447\",\"name\":\"KKTC \u0130nsan Haklar\u0131 Derne\u011fi:Cumhurba\u015fkan\u0131na Londra\u2019da yap\u0131lan sald\u0131r\u0131y\u0131 protesto ediyoruz -\",\"isPartOf\":{\"@id\":\"https:\\\/\\\/kibrisdakik.com\\\/#website\"},\"primaryImageOfPage\":{\"@id\":\"https:\\\/\\\/kibrisdakik.com\\\/?p=4447#primaryimage\"},\"image\":{\"@id\":\"https:\\\/\\\/kibrisdakik.com\\\/?p=4447#primaryimage\"},\"thumbnailUrl\":\"https:\\\/\\\/kibrisdakik.com\\\/wp-content\\\/uploads\\\/2023\\\/04\\\/hasan-yilmaz-isik1211-706x420.jpg\",\"datePublished\":\"2023-04-02T21:22:08+00:00\",\"author\":{\"@id\":\"https:\\\/\\\/kibrisdakik.com\\\/#\\\/schema\\\/person\\\/9cd9d437bbb44f72b73ba127e06d8e79\"},\"breadcrumb\":{\"@id\":\"https:\\\/\\\/kibrisdakik.com\\\/?p=4447#breadcrumb\"},\"inLanguage\":\"tr\",\"potentialAction\":[{\"@type\":\"ReadAction\",\"target\":[\"https:\\\/\\\/kibrisdakik.com\\\/?p=4447\"]}]},{\"@type\":\"ImageObject\",\"inLanguage\":\"tr\",\"@id\":\"https:\\\/\\\/kibrisdakik.com\\\/?p=4447#primaryimage\",\"url\":\"https:\\\/\\\/kibrisdakik.com\\\/wp-content\\\/uploads\\\/2023\\\/04\\\/hasan-yilmaz-isik1211-706x420.jpg\",\"contentUrl\":\"https:\\\/\\\/kibrisdakik.com\\\/wp-content\\\/uploads\\\/2023\\\/04\\\/hasan-yilmaz-isik1211-706x420.jpg\",\"width\":706,\"height\":431},{\"@type\":\"BreadcrumbList\",\"@id\":\"https:\\\/\\\/kibrisdakik.com\\\/?p=4447#breadcrumb\",\"itemListElement\":[{\"@type\":\"ListItem\",\"position\":1,\"name\":\"Home\",\"item\":\"https:\\\/\\\/kibrisdakik.com\\\/\"},{\"@type\":\"ListItem\",\"position\":2,\"name\":\"KKTC \u0130nsan Haklar\u0131 Derne\u011fi:Cumhurba\u015fkan\u0131na Londra\u2019da yap\u0131lan sald\u0131r\u0131y\u0131 protesto ediyoruz\"}]},{\"@type\":\"WebSite\",\"@id\":\"https:\\\/\\\/kibrisdakik.com\\\/#website\",\"url\":\"https:\\\/\\\/kibrisdakik.com\\\/\",\"name\":\"\",\"description\":\"Tam vaktinde haber\",\"potentialAction\":[{\"@type\":\"SearchAction\",\"target\":{\"@type\":\"EntryPoint\",\"urlTemplate\":\"https:\\\/\\\/kibrisdakik.com\\\/?s={search_term_string}\"},\"query-input\":{\"@type\":\"PropertyValueSpecification\",\"valueRequired\":true,\"valueName\":\"search_term_string\"}}],\"inLanguage\":\"tr\"},{\"@type\":\"Person\",\"@id\":\"https:\\\/\\\/kibrisdakik.com\\\/#\\\/schema\\\/person\\\/9cd9d437bbb44f72b73ba127e06d8e79\",\"name\":\"admin\",\"image\":{\"@type\":\"ImageObject\",\"inLanguage\":\"tr\",\"@id\":\"https:\\\/\\\/secure.gravatar.com\\\/avatar\\\/ccc17943b9d660506c869530f897617f7cb1c21a4bf30023f252596d83e1f007?s=96&d=mm&r=g\",\"url\":\"https:\\\/\\\/secure.gravatar.com\\\/avatar\\\/ccc17943b9d660506c869530f897617f7cb1c21a4bf30023f252596d83e1f007?s=96&d=mm&r=g\",\"contentUrl\":\"https:\\\/\\\/secure.gravatar.com\\\/avatar\\\/ccc17943b9d660506c869530f897617f7cb1c21a4bf30023f252596d83e1f007?s=96&d=mm&r=g\",\"caption\":\"admin\"},\"sameAs\":[\"https:\\\/\\\/kibrisdakik.com\"],\"url\":\"https:\\\/\\\/kibrisdakik.com\\\/?author=1\"}]}<\/script>\n<!-- \/ Yoast SEO plugin. -->","yoast_head_json":{"title":"KKTC \u0130nsan Haklar\u0131 Derne\u011fi:Cumhurba\u015fkan\u0131na Londra\u2019da yap\u0131lan sald\u0131r\u0131y\u0131 protesto ediyoruz -","robots":{"index":"index","follow":"follow","max-snippet":"max-snippet:-1","max-image-preview":"max-image-preview:large","max-video-preview":"max-video-preview:-1"},"canonical":"https:\/\/kibrisdakik.com\/?p=4447","og_locale":"tr_TR","og_type":"article","og_title":"KKTC \u0130nsan Haklar\u0131 Derne\u011fi:Cumhurba\u015fkan\u0131na Londra\u2019da yap\u0131lan sald\u0131r\u0131y\u0131 protesto ediyoruz -","og_description":"KKTC \u0130nsan Haklar\u0131 Derne\u011fi Genel Ba\u015fkan\u0131 Hasan Y. I\u015f\u0131k, Londra\u2019da Cumhurba\u015fkan\u0131 Ersin Tatar\u2018\u0131n Londra\u2019da bir programa kat\u0131laca\u011f\u0131 s\u0131rada bir grup \u00f6\u011frenci taraf\u0131ndan engellenmeye \u00e7al\u0131\u015f\u0131lmas\u0131n\u0131 k\u0131nad\u0131. I\u015f\u0131k, konuya ili\u015fkin yapt\u0131\u011f\u0131 yaz\u0131l\u0131 a\u00e7\u0131klamada, \u201cLondra\u2019da K\u0131br\u0131s konusunda konferans vermek i\u00e7in King\u2019s Kolej\u2019e giden Cumhurba\u015fkan\u0131 Ersin Tatar\u2019\u0131 bir grup Rum \u00f6\u011frencinin protesto etmesi ve konvoyun \u00f6n\u00fcn\u00fc keserek sald\u0131r\u0131 giri\u015fimden","og_url":"https:\/\/kibrisdakik.com\/?p=4447","article_published_time":"2023-04-02T21:22:08+00:00","og_image":[{"width":706,"height":431,"url":"https:\/\/kibrisdakik.com\/wp-content\/uploads\/2023\/04\/hasan-yilmaz-isik1211-706x420.jpg","type":"image\/jpeg"}],"author":"admin","twitter_card":"summary_large_image","twitter_misc":{"Yazan:":"admin","Tahmini okuma s\u00fcresi":"1 dakika"},"schema":{"@context":"https:\/\/schema.org","@graph":[{"@type":"Article","@id":"https:\/\/kibrisdakik.com\/?p=4447#article","isPartOf":{"@id":"https:\/\/kibrisdakik.com\/?p=4447"},"author":{"name":"admin","@id":"https:\/\/kibrisdakik.com\/#\/schema\/person\/9cd9d437bbb44f72b73ba127e06d8e79"},"headline":"KKTC \u0130nsan Haklar\u0131 Derne\u011fi:Cumhurba\u015fkan\u0131na Londra\u2019da yap\u0131lan sald\u0131r\u0131y\u0131 protesto ediyoruz","datePublished":"2023-04-02T21:22:08+00:00","mainEntityOfPage":{"@id":"https:\/\/kibrisdakik.com\/?p=4447"},"wordCount":224,"commentCount":0,"image":{"@id":"https:\/\/kibrisdakik.com\/?p=4447#primaryimage"},"thumbnailUrl":"https:\/\/kibrisdakik.com\/wp-content\/uploads\/2023\/04\/hasan-yilmaz-isik1211-706x420.jpg","articleSection":["G\u00fcndem"],"inLanguage":"tr","potentialAction":[{"@type":"CommentAction","name":"Comment","target":["https:\/\/kibrisdakik.com\/?p=4447#respond"]}]},{"@type":"WebPage","@id":"https:\/\/kibrisdakik.com\/?p=4447","url":"https:\/\/kibrisdakik.com\/?p=4447","name":"KKTC \u0130nsan Haklar\u0131 Derne\u011fi:Cumhurba\u015fkan\u0131na Londra\u2019da yap\u0131lan sald\u0131r\u0131y\u0131 protesto ediyoruz -","isPartOf":{"@id":"https:\/\/kibrisdakik.com\/#website"},"primaryImageOfPage":{"@id":"https:\/\/kibrisdakik.com\/?p=4447#primaryimage"},"image":{"@id":"https:\/\/kibrisdakik.com\/?p=4447#primaryimage"},"thumbnailUrl":"https:\/\/kibrisdakik.com\/wp-content\/uploads\/2023\/04\/hasan-yilmaz-isik1211-706x420.jpg","datePublished":"2023-04-02T21:22:08+00:00","author":{"@id":"https:\/\/kibrisdakik.com\/#\/schema\/person\/9cd9d437bbb44f72b73ba127e06d8e79"},"breadcrumb":{"@id":"https:\/\/kibrisdakik.com\/?p=4447#breadcrumb"},"inLanguage":"tr","potentialAction":[{"@type":"ReadAction","target":["https:\/\/kibrisdakik.com\/?p=4447"]}]},{"@type":"ImageObject","inLanguage":"tr","@id":"https:\/\/kibrisdakik.com\/?p=4447#primaryimage","url":"https:\/\/kibrisdakik.com\/wp-content\/uploads\/2023\/04\/hasan-yilmaz-isik1211-706x420.jpg","contentUrl":"https:\/\/kibrisdakik.com\/wp-content\/uploads\/2023\/04\/hasan-yilmaz-isik1211-706x420.jpg","width":706,"height":431},{"@type":"BreadcrumbList","@id":"https:\/\/kibrisdakik.com\/?p=4447#breadcrumb","itemListElement":[{"@type":"ListItem","position":1,"name":"Home","item":"https:\/\/kibrisdakik.com\/"},{"@type":"ListItem","position":2,"name":"KKTC \u0130nsan Haklar\u0131 Derne\u011fi:Cumhurba\u015fkan\u0131na Londra\u2019da yap\u0131lan sald\u0131r\u0131y\u0131 protesto ediyoruz"}]},{"@type":"WebSite","@id":"https:\/\/kibrisdakik.com\/#website","url":"https:\/\/kibrisdakik.com\/","name":"","description":"Tam vaktinde haber","potentialAction":[{"@type":"SearchAction","target":{"@type":"EntryPoint","urlTemplate":"https:\/\/kibrisdakik.com\/?s={search_term_string}"},"query-input":{"@type":"PropertyValueSpecification","valueRequired":true,"valueName":"search_term_string"}}],"inLanguage":"tr"},{"@type":"Person","@id":"https:\/\/kibrisdakik.com\/#\/schema\/person\/9cd9d437bbb44f72b73ba127e06d8e79","name":"admin","image":{"@type":"ImageObject","inLanguage":"tr","@id":"https:\/\/secure.gravatar.com\/avatar\/ccc17943b9d660506c869530f897617f7cb1c21a4bf30023f252596d83e1f007?s=96&d=mm&r=g","url":"https:\/\/secure.gravatar.com\/avatar\/ccc17943b9d660506c869530f897617f7cb1c21a4bf30023f252596d83e1f007?s=96&d=mm&r=g","contentUrl":"https:\/\/secure.gravatar.com\/avatar\/ccc17943b9d660506c869530f897617f7cb1c21a4bf30023f252596d83e1f007?s=96&d=mm&r=g","caption":"admin"},"sameAs":["https:\/\/kibrisdakik.com"],"url":"https:\/\/kibrisdakik.com\/?author=1"}]}},"_links":{"self":[{"href":"https:\/\/kibrisdakik.com\/index.php?rest_route=\/wp\/v2\/posts\/4447","targetHints":{"allow":["GET"]}}],"collection":[{"href":"https:\/\/kibrisdakik.com\/index.php?rest_route=\/wp\/v2\/posts"}],"about":[{"href":"https:\/\/kibrisdakik.com\/index.php?rest_route=\/wp\/v2\/types\/post"}],"author":[{"embeddable":true,"href":"https:\/\/kibrisdakik.com\/index.php?rest_route=\/wp\/v2\/users\/1"}],"replies":[{"embeddable":true,"href":"https:\/\/kibrisdakik.com\/index.php?rest_route=%2Fwp%2Fv2%2Fcomments&post=4447"}],"version-history":[{"count":0,"href":"https:\/\/kibrisdakik.com\/index.php?rest_route=\/wp\/v2\/posts\/4447\/revisions"}],"wp:featuredmedia":[{"embeddable":true,"href":"https:\/\/kibrisdakik.com\/index.php?rest_route=\/wp\/v2\/media\/4448"}],"wp:attachment":[{"href":"https:\/\/kibrisdakik.com\/index.php?rest_route=%2Fwp%2Fv2%2Fmedia&parent=4447"}],"wp:term":[{"taxonomy":"category","embeddable":true,"href":"https:\/\/kibrisdakik.com\/index.php?rest_route=%2Fwp%2Fv2%2Fcategories&post=4447"},{"taxonomy":"post_tag","embeddable":true,"href":"https:\/\/kibrisdakik.com\/index.php?rest_route=%2Fwp%2Fv2%2Ftags&post=4447"}],"curies":[{"name":"wp","href":"https:\/\/api.w.org\/{rel}","templated":true}]}}