{"id":44497,"date":"2024-06-04T13:14:55","date_gmt":"2024-06-04T13:14:55","guid":{"rendered":"https:\/\/kibrisdakik.com\/index.php\/2024\/06\/04\/mecliste-guncel-konusmalar-yapiliyor-6\/"},"modified":"2024-06-04T13:14:55","modified_gmt":"2024-06-04T13:14:55","slug":"mecliste-guncel-konusmalar-yapiliyor-6","status":"publish","type":"post","link":"https:\/\/kibrisdakik.com\/?p=44497","title":{"rendered":"Meclis\u2019te g\u00fcncel konu\u015fmalar yap\u0131l\u0131yor"},"content":{"rendered":"<p><\/p>\n<div>\n<div class=\"mariselle-image-container center\">\n                <img loading=\"lazy\" decoding=\"async\" width=\"1800\" height=\"1181\" class=\"lazy-image\" alt=\"\" sizes=\"auto, (max-width: 1800px) 100vw, 1800px\" src=\"https:\/\/brtk.net\/wp-content\/uploads\/2024\/06\/04\/ozdenefe-meclis-baskanlik-kursusu-5-5-2.jpg?ver=aa228d9f761094a0aa6bdfc74f6239df\" srcset=\"https:\/\/brtk.net\/wp-content\/uploads\/2024\/06\/04\/ozdenefe-meclis-baskanlik-kursusu-5-5-2.jpg?ver=aa228d9f761094a0aa6bdfc74f6239df 1800w, https:\/\/brtk.net\/wp-content\/uploads\/2024\/06\/04\/ozdenefe-meclis-baskanlik-kursusu-5-5-2-300x197.jpg?ver=aa228d9f761094a0aa6bdfc74f6239df 300w, https:\/\/brtk.net\/wp-content\/uploads\/2024\/06\/04\/ozdenefe-meclis-baskanlik-kursusu-5-5-2-1024x672.jpg?ver=c493463428502fff5c02e05ea7100487 1024w, https:\/\/brtk.net\/wp-content\/uploads\/2024\/06\/04\/ozdenefe-meclis-baskanlik-kursusu-5-5-2-768x504.jpg?ver=c493463428502fff5c02e05ea7100487 768w, https:\/\/brtk.net\/wp-content\/uploads\/2024\/06\/04\/ozdenefe-meclis-baskanlik-kursusu-5-5-2-1536x1008.jpg?ver=6f0c23b793cf16e5c21ba7fa20f8b005 1536w\"\/>                            <\/div>\n<p>Cumhuriyet Meclisi Genel Kurulu\u2019nda g\u00fcncel konu\u015fmalarda elektrik, ithal et ve \u00e7al\u0131\u015fma hayat\u0131 konular\u0131 ele al\u0131nd\u0131.  <\/p>\n<p>Genel Kurul\u2019da ilk olarak Avrupa Birli\u011fi Uyum Yasa Tasar\u0131lar\u0131n\u0131 G\u00f6r\u00fc\u015fmek \u00dczere Olu\u015fturulan Ge\u00e7ici ve \u00d6zel Komite\u2019nin Genel Kurul devam ederken \u00e7al\u0131\u015fmas\u0131na olanak verilmesine ili\u015fkin tezkere g\u00f6r\u00fc\u015f\u00fclerek oy birli\u011fiyle kabul edildi.<\/p>\n<p>Daha sonra Avrupa Konseyi Parlamenterler Asamblesi\u2019nin Oslo\u2019da d\u00fczenlenen Mara\u015f konusundaki toplant\u0131s\u0131na <a href=\"https:\/\/brtk.net\/\">CTP<\/a> Milletvekili Arma\u011fan Candan ile birlikte kat\u0131lan <a href=\"https:\/\/brtk.net\/\">UBP<\/a> Milletvekili O\u011fuzhan Hasipo\u011flu, haz\u0131rlad\u0131klar\u0131 raporu okudu.<\/p>\n<p>Hasipo\u011flu, rapor hakk\u0131nda yapt\u0131\u011f\u0131 konu\u015fmada, Mara\u015f\u2019\u0131n hassas bir konu oldu\u011funu AKPA\u2019da ilk kez bu derinlikte tart\u0131\u015f\u0131ld\u0131\u011f\u0131n\u0131 dile getirerek, komitede s\u00f6z alarak g\u00f6r\u00fc\u015flerini aktard\u0131klar\u0131n\u0131, 1984 y\u0131l\u0131ndaki BM G\u00fcvenlik Konseyi karar\u0131n\u0131n g\u00fcncelli\u011fini yitirdi\u011fini belirtti.<\/p>\n<p>Ta\u015f\u0131nmaz Mal Komisyonu\u2019nun devrede oldu\u011funu dolay\u0131s\u0131yla o karar\u0131n \u00e7a\u011f d\u0131\u015f\u0131 kald\u0131\u011f\u0131n\u0131 s\u00f6yleyen Hasipo\u011flu, Rumlar\u0131n t\u00fcm \u00e7\u00f6z\u00fcm \u00f6nerilerini reddettiklerini, dolays\u0131ya bu raporun hakkaniyetli olmad\u0131\u011f\u0131n\u0131 kaydetti.<\/p>\n<p>Raporun geri \u00e7ekilmesi gerekti\u011fini dile getiren Hasipo\u011flu, karar\u0131n i\u00e7eri\u011fine kar\u015f\u0131 olduklar\u0131n\u0131 s\u00f6yledi.<\/p>\n<p>Ta\u015f\u0131nmaz Mal Komisyonu\u2019ndan verilen bilgilerin raporda yer almamas\u0131n\u0131 ele\u015ftiren Hasipo\u011flu, raporun objektifli\u011fini yitirdi\u011fini, haziran sonundaki toplant\u0131da da g\u00f6r\u00fc\u015flerini aktaracaklar\u0131n\u0131 belirtti.<\/p>\n<p><a href=\"https:\/\/brtk.net\/\">CTP<\/a> Milletvekili Arma\u011fan Candan da AKPA\u2019da uzun y\u0131llardan sonra K\u0131br\u0131s\u2019\u0131n detayl\u0131 \u015fekilde ilk defa yer ald\u0131\u011f\u0131n\u0131 bu raporun g\u00fcndeme gelmesinin sebebinin, T\u00fcrk taraf\u0131n\u0131n ba\u015flatt\u0131\u011f\u0131 Mara\u015f a\u00e7\u0131l\u0131m\u0131 oldu\u011funu belirtti.<\/p>\n<p>Candan, raport\u00f6r\u00fcn adada inceleme yapt\u0131\u011f\u0131n\u0131, incelemelerinin sonucu ve K\u0131br\u0131s sorununa ili\u015fkin g\u00f6r\u00fc\u015flerinin taslak raporda yer ald\u0131\u011f\u0131n\u0131 s\u00f6yleyerek, i\u00e7eri\u011fe ili\u015fkin son halinin hen\u00fcz netle\u015fmedi\u011fini kaydetti.<\/p>\n<p>Raporun \u015fu anki haliyle, T\u00fcrk taraf\u0131n\u0131n Mara\u015f a\u00e7\u0131l\u0131m\u0131n\u0131n geri al\u0131nmas\u0131 ve iki devletli \u00e7\u00f6z\u00fcm\u00fcn bir se\u00e7enek olamayaca\u011f\u0131, federal \u00e7\u00f6z\u00fcm\u00fcn ge\u00e7erli bir yol olaca\u011f\u0131 \u00e7a\u011fr\u0131s\u0131n\u0131 yapt\u0131\u011f\u0131n\u0131 s\u00f6yleyen Candan, Mara\u015f\u2019a ili\u015fkin BM kararlar\u0131n\u0131n dikkate al\u0131nmad\u0131\u011f\u0131 noktada K\u0131br\u0131s T\u00fcrk taraf\u0131n\u0131n haks\u0131z duruma d\u00fc\u015fece\u011fini ifade ettiklerini belirtti.<\/p>\n<p>Candan, rapora ili\u015fkin tart\u0131\u015fmalar\u0131n devam edece\u011fini ve haziran sonunda bir noktaya varaca\u011f\u0131n\u0131 s\u00f6yledi.<\/p>\n<p>Norve\u00e7 temaslar\u0131na da de\u011finen Candan, yararl\u0131 g\u00f6r\u00fc\u015fmeler yapt\u0131klar\u0131n\u0131 belirtti.<\/p>\n<p>Ard\u0131ndan g\u00fcncel konu\u015fmalara ge\u00e7ildi.<\/p>\n<p>-Bar\u00e7\u0131n, ithal et konusunda konu\u015ftu<\/p>\n<p>\u0130lk konu\u015fmay\u0131 Cumhuriyet\u00e7i T\u00fcrk Partisi Lefko\u015fa Milletvekili Devrim Bar\u00e7\u0131n, \u201cDar Gelirli \u0130\u00e7in Ucuz Et Yalan\u0131 ve Ma\u011fdur Edilen \u00d6zel Sekt\u00f6r \u00c7al\u0131\u015fanlar\u0131\u201d konusunda yapt\u0131.<\/p>\n<p>H\u00fck\u00fcmetin, ithal etin dar gelirliler i\u00e7in \u00fclkeye getirilece\u011fine ili\u015fkin a\u00e7\u0131klamalar\u0131n\u0131 de\u011ferlendiren Bar\u00e7\u0131n, dar gelirli insanlar\u0131 korumak i\u00e7in etin getirildi\u011fi s\u00f6yleminin bilimselli\u011fe dayanmad\u0131\u011f\u0131n\u0131 savundu.<\/p>\n<p>Bar\u00e7\u0131n, tart\u0131\u015f\u0131lmas\u0131 gerekenin yoksulla\u015fma oldu\u011funu s\u00f6yleyerek, emekli maa\u015f\u0131 alanlara y\u00f6nelik vergi miktarlar\u0131n\u0131n makul bir rakama \u00e7ekilmesi gerekti\u011fini belirtti.<\/p>\n<p>Elektrik zamm\u0131na de\u011finen Bar\u00e7\u0131n, zamlar\u0131n dar gelirlinin korumas\u0131na y\u00f6nelik herhangi bir \u00e7aba olmad\u0131\u011f\u0131n\u0131 g\u00f6sterdi\u011fini savundu.<\/p>\n<p>Asgari \u00fccrete i\u015fverenin yapt\u0131\u011f\u0131 itiraza de\u011finen Bar\u00e7\u0131n, asgari \u00fccrete yap\u0131lan itiraz ve \u00fcretilen karar\u0131n da ger\u00e7ekleri yans\u0131tmad\u0131\u011f\u0131n\u0131, do\u011frular\u0131n ba\u015fka oldu\u011funu ileri s\u00fcrd\u00fc.<\/p>\n<p>Bar\u00e7\u0131n, yang\u0131n haz\u0131r kuvvet ekibinde \u00e7al\u0131\u015fanlar\u0131n s\u00f6zle\u015fmelerinin \u0130\u015f Yasas\u0131\u2019na ayk\u0131r\u0131 oldu\u011funu s\u00f6yleyerek, uzman askerlerden sivil i\u015flere ge\u00e7enlerin sorunlar\u0131n\u0131n da \u00e7\u00f6z\u00fclmedi\u011fini, bu iki konunun cevab\u0131n\u0131n ne oldu\u011fu sordu.<br \/>\u00c7al\u0131\u015fma ve Sosyal G\u00fcvenlik Bakan\u0131 Sad\u0131k Gardiyano\u011flu, \u00e7al\u0131\u015fma hayat\u0131n\u0131n d\u00fczenlenmesi, kay\u0131t d\u0131\u015f\u0131l\u0131\u011f\u0131n \u00f6nlenmesine y\u00f6nelik yap\u0131lan \u00e7al\u0131\u015fmalarla ilgili bilgi verdi.<\/p>\n<p>Gardiyano\u011flu, bu uygulamalardan bir\u00e7ok i\u015f yerinin yararland\u0131\u011f\u0131n\u0131 ve prim bor\u00e7lar\u0131n\u0131 \u00f6dediklerini s\u00f6yleyerek, 12 bin ki\u015finin daha haziran i\u00e7inde prim bor\u00e7lar\u0131n\u0131n yap\u0131land\u0131r\u0131larak sosyal sigorta kapsam\u0131na girece\u011fini ifade etti.<\/p>\n<p>Gardiyano\u011flu, bu uygulamalarla \u00e7al\u0131\u015fanlar\u0131n haklar\u0131n\u0131 almalar\u0131 ve sosyal g\u00fcvence alt\u0131na girmelerinin hedeflendi\u011fini belirtti.<\/p>\n<p>Asgari \u00fccretle ilgili rakamlara de\u011finen Gardiyano\u011flu, sigorta sistemine bir\u00e7ok ki\u015finin dahil oldu\u011funu, asgari \u00fccretin d\u00f6viz baz\u0131ndaki durumunun ortada oldu\u011funu s\u00f6yledi.<\/p>\n<p>Gardiyano\u011flu, amac\u0131n\u0131n kimsenin sosyal sigorta sisteminin d\u0131\u015f\u0131nda kalmamas\u0131 oldu\u011funu belirtti.<\/p>\n<p>-Akansoy enerji politikas\u0131n\u0131 sorgulad\u0131<\/p>\n<p>Cumhuriyet\u00e7i T\u00fcrk Partisi Gazima\u011fusa Milletvekili As\u0131m Akansoy, \u201cH\u00fck\u00fcmetin Enerji Politikas\u0131 Var m\u0131? Yan\u0131t Bekleyen Sorular\u201d konusunda konu\u015fma yapt\u0131.<\/p>\n<p>Lefko\u015fa Metehan yak\u0131nlar\u0131nda Cumhurba\u015fkanl\u0131\u011f\u0131 yerle\u015fkesi ad\u0131 alt\u0131nda devam eden in\u015faat konusunda kimsenin bilgisi olmad\u0131\u011f\u0131n\u0131 ileri s\u00fcrerek, yetkililerden a\u00e7\u0131klama isteyen Akansoy, Cumhurba\u015fkanl\u0131\u011f\u0131 i\u00e7in atl\u0131, s\u00fcvari merasim birli\u011fi kurulaca\u011f\u0131 y\u00f6n\u00fcndeki haberlerin ger\u00e7ek olup olmad\u0131\u011f\u0131n\u0131 sordu. Akansoy, \u201cHer bakana bir at projeniz de var m\u0131?\u201d diye sordu.<\/p>\n<p>Elektrik zamm\u0131na de\u011finen Akansoy, enerji fiyatlar\u0131n\u0131 kar\u015f\u0131la\u015ft\u0131rarak, zaml\u0131 fiyatlar\u0131n t\u00fcm zamanlar\u0131n en y\u00fcksek rakamlar\u0131 aras\u0131nda girdi\u011fini, sat\u0131\u015f fiyatlar\u0131ndaki art\u0131\u015f\u0131n enerjinin k\u00f6t\u00fc y\u00f6netim ve yanl\u0131\u015f uygulamadan kaynakland\u0131\u011f\u0131n\u0131 savundu.<\/p>\n<p>Akansoy, motorin fiyat\u0131n\u0131n y\u00fcksek olmas\u0131, firmaya sa\u011flanan avantajlar, KIB-TEK\u2019teki ar\u0131zal\u0131 \u00fcnitelerin maliyeti art\u0131r\u0131p art\u0131rmad\u0131\u011f\u0131n\u0131 sordu.<\/p>\n<p>Yap\u0131lan ara\u015ft\u0131rmalar\u0131n <a href=\"https:\/\/brtk.net\/\">KKTC<\/a>\u2019de yoksulluk oran\u0131n y\u00fcksek oldu\u011funu g\u00f6sterdi\u011fini dile getiren Akansoy, toplumda gelir adaletsizli\u011fi bulundu\u011funu s\u00f6yledi.<\/p>\n<p>Akansoy, \u201cDevlet deste\u011fi yoksuldan yana de\u011fil. Devlet toplumun en zenginini destekliyor. Gelir adaletinden bahsetmek m\u00fcmk\u00fcn de\u011fil.\u201d dedi.<\/p>\n<p>Kamu yararl\u0131 enerji politikas\u0131 bulunmad\u0131\u011f\u0131n\u0131, denetim yap\u0131lmad\u0131\u011f\u0131n\u0131 dile getiren Akansoy, elektrikte \u00e7oklu tarife sisteminin yeniden d\u00fczenlenmesi gerekti\u011fini s\u00f6yledi.<\/p>\n<p>-Amcao\u011flu: \u201cF\u00fctursuza zam yapmamak ve halk\u0131n ve devletin menfaatini korumak i\u00e7in \u00e7al\u0131\u015f\u0131yoruz\u201d<\/p>\n<p>Ekonomi ve Enerji Bakan\u0131 Olgun Amcao\u011flu, reel sekt\u00f6rde 88 bin olan \u00e7al\u0131\u015fan say\u0131s\u0131n\u0131n 150 bine ula\u015ft\u0131\u011f\u0131n\u0131 s\u00f6yleyerek, reel sekt\u00f6r\u00fcn \u00e7ok \u00f6nemli oldu\u011funu, rakamlar\u0131n geli\u015fmeyi g\u00f6sterdi\u011fini belirtti.<\/p>\n<p>F\u0130F rakamlar\u0131n\u0131 payla\u015fan Amcao\u011flu, biriken fonlarla ilgili bilgi verdi ve zam yapmamak i\u00e7in dikkatle direndiklerini belirtti.<\/p>\n<p>Amcao\u011flu, f\u00fctursuza zam yapmamak ve halk\u0131n ve devletin menfaatini korumak i\u00e7in \u00e7al\u0131\u015ft\u0131klar\u0131n\u0131 s\u00f6yledi.<\/p>\n<p>Amcao\u011flu, emekli olup asgari \u00fccretle \u00e7al\u0131\u015fan kesime y\u00f6nelik d\u00fczenlemenin yap\u0131lmas\u0131 gerekti\u011fini belirtti.<\/p>\n<p>Gelir da\u011f\u0131l\u0131m\u0131ndaki adaletsizli\u011fin \u00f6nemli bir s\u0131k\u0131nt\u0131 oldu\u011funu dile getiren Amcao\u011flu, vergi dilimlerinde bu s\u0131k\u0131nt\u0131ya y\u00f6nelik d\u00fczenleme yapt\u0131klar\u0131n\u0131 belirtti. Amcao\u011flu, s\u0131k\u0131nt\u0131lar\u0131n giderilmesi noktas\u0131nda \u0130statistik Kurumu\u2019nun da katk\u0131 koymas\u0131 gerekti\u011fini dile getirdi.<\/p>\n<p>-\u201cK\u0131sa, orta ve uzun vadeli enerji plan\u0131 haz\u0131rlanacak\u201d<\/p>\n<p>Enerjide y\u00fczde 13 zamm\u0131 de\u011ferlendirerek, KIB-TEK\u2019ten maliyet analizlerini sunmas\u0131n\u0131 talep etti\u011fini s\u00f6yleyen Amcao\u011flu, Enerji \u00dcst Kurulu olu\u015fturuldu\u011funu, k\u0131sa, orta ve uzun vadeli plan haz\u0131rlanaca\u011f\u0131n\u0131, kaydetti.<\/p>\n<p>KIB-TEK\u2019te ar\u0131zal\u0131 \u00fcniteler konusuna de\u011finen Amcao\u011flu, G\u00fcney K\u0131br\u0131s\u2019tan al\u0131nan enerjinin zamlar\u0131n nedeni oldu\u011funu, altyap\u0131n\u0131n geli\u015ftirilmesi gerekti\u011fini belirtti. Amcao\u011flu, kablo ile elektrik projesinin hayata ge\u00e7mesi, enterkonnekte sistemin sa\u011flanmas\u0131n\u0131n \u00f6nemine vurgu yapt\u0131.<\/p>\n<p>Kredi kart\u0131 gecikme faizi ve komisyon oranlar\u0131na ili\u015fkin sorular\u0131 yan\u0131tlayan Amcao\u011flu, oranlara ili\u015fkin s\u0131k\u0131nt\u0131y\u0131 Bakanlar Kurulu\u2019nda g\u00fcndeme getireceklerini, s\u00fcratle baz\u0131 \u00e7areler d\u00fc\u015f\u00fcnmek zorunda olduklar\u0131n\u0131, bu oranlar\u0131n kay\u0131t d\u0131\u015f\u0131l\u0131\u011f\u0131 art\u0131raca\u011f\u0131n\u0131 belirtti.<\/p>\n<p>Amcao\u011flu, spek\u00fclatif zamlama ile al\u0131m g\u00fcc\u00fcn\u00fcn erimesini engellemeye \u00e7al\u0131\u015ft\u0131klar\u0131n\u0131, elektronik etiketleme uygulamas\u0131n\u0131 y\u00fcr\u00fcrl\u00fc\u011fe koyacaklar\u0131n\u0131 kaydetti.<\/p>\n<p>Enerji Dairesi ve Enerji \u00dcst Kurulu\u2019nun hayata ge\u00e7mesiyle birlikte enerji yasalar\u0131n\u0131n da Meclis\u2019e gelmesinin \u00f6nemine vurgu yapan Amcao\u011flu, bunlar yap\u0131labilseydi plans\u0131zl\u0131k ve programs\u0131zl\u0131\u011f\u0131n da ya\u015fanmayaca\u011f\u0131n\u0131 s\u00f6yledi.<\/p>\n<p>\u201cEnerji Strateji Eylem Plan\u0131 bu \u00fclke i\u00e7in olmazsa olmazd\u0131r\u201d diyen Amcao\u011flu, bu iki mevzuat\u0131n hayata ge\u00e7mesi i\u00e7in ellerinden geleni yapt\u0131klar\u0131n\u0131 belirtti.<\/p>\n<p>Sorunlar\u0131n a\u015f\u0131lmamas\u0131 halinde \u00fclkenin 2030\u2019dan sonra \u00e7ok b\u00fcy\u00fck bir enerji s\u0131k\u0131nt\u0131s\u0131yla kar\u015f\u0131 kar\u015f\u0131ya kalaca\u011f\u0131n\u0131 dile getiren Amcao\u011flu, T\u00fcrkiye\u2019nin deste\u011fi ve onay\u0131yla birlikte enerji yat\u0131r\u0131mlar\u0131n\u0131n bir an \u00f6nce tamamlanmas\u0131 ve f\u0131rsat\u0131n ka\u00e7\u0131r\u0131lmamas\u0131 gerekti\u011fini kaydetti.<\/p>\n<p>TAK<\/p>\n<\/p><\/div>\n<p><script async\n                    defer\n                    crossorigin=\"anonymous\"\n                    src=\"https:\/\/connect.facebook.net\/tr_TR\/sdk.js#xfbml=1&#038;version=v3.3\"\n            ><\/script><\/p>\n","protected":false},"excerpt":{"rendered":"<p>Cumhuriyet Meclisi Genel Kurulu\u2019nda g\u00fcncel konu\u015fmalarda elektrik, ithal et ve \u00e7al\u0131\u015fma hayat\u0131 konular\u0131 ele al\u0131nd\u0131. Genel Kurul\u2019da ilk olarak Avrupa Birli\u011fi Uyum Yasa Tasar\u0131lar\u0131n\u0131 G\u00f6r\u00fc\u015fmek \u00dczere Olu\u015fturulan Ge\u00e7ici ve \u00d6zel Komite\u2019nin Genel Kurul devam ederken \u00e7al\u0131\u015fmas\u0131na olanak verilmesine ili\u015fkin tezkere g\u00f6r\u00fc\u015f\u00fclerek oy birli\u011fiyle kabul edildi. Daha sonra Avrupa Konseyi Parlamenterler Asamblesi\u2019nin Oslo\u2019da d\u00fczenlenen Mara\u015f konusundaki<\/p>\n","protected":false},"author":1,"featured_media":44498,"comment_status":"open","ping_status":"open","sticky":false,"template":"","format":"standard","meta":{"footnotes":""},"categories":[1],"tags":[],"class_list":["post-44497","post","type-post","status-publish","format-standard","has-post-thumbnail","hentry","category-gundem"],"yoast_head":"<!-- This site is optimized with the Yoast SEO plugin v27.5 - https:\/\/yoast.com\/product\/yoast-seo-wordpress\/ -->\n<title>Meclis\u2019te g\u00fcncel konu\u015fmalar yap\u0131l\u0131yor -<\/title>\n<meta name=\"robots\" content=\"index, follow, max-snippet:-1, max-image-preview:large, max-video-preview:-1\" \/>\n<link rel=\"canonical\" href=\"https:\/\/kibrisdakik.com\/?p=44497\" \/>\n<meta property=\"og:locale\" content=\"tr_TR\" \/>\n<meta property=\"og:type\" content=\"article\" \/>\n<meta property=\"og:title\" content=\"Meclis\u2019te g\u00fcncel konu\u015fmalar yap\u0131l\u0131yor -\" \/>\n<meta property=\"og:description\" content=\"Cumhuriyet Meclisi Genel Kurulu\u2019nda g\u00fcncel konu\u015fmalarda elektrik, ithal et ve \u00e7al\u0131\u015fma hayat\u0131 konular\u0131 ele al\u0131nd\u0131. Genel Kurul\u2019da ilk olarak Avrupa Birli\u011fi Uyum Yasa Tasar\u0131lar\u0131n\u0131 G\u00f6r\u00fc\u015fmek \u00dczere Olu\u015fturulan Ge\u00e7ici ve \u00d6zel Komite\u2019nin Genel Kurul devam ederken \u00e7al\u0131\u015fmas\u0131na olanak verilmesine ili\u015fkin tezkere g\u00f6r\u00fc\u015f\u00fclerek oy birli\u011fiyle kabul edildi. Daha sonra Avrupa Konseyi Parlamenterler Asamblesi\u2019nin Oslo\u2019da d\u00fczenlenen Mara\u015f konusundaki\" \/>\n<meta property=\"og:url\" content=\"https:\/\/kibrisdakik.com\/?p=44497\" \/>\n<meta property=\"article:published_time\" content=\"2024-06-04T13:14:55+00:00\" \/>\n<meta property=\"og:image\" content=\"https:\/\/kibrisdakik.com\/wp-content\/uploads\/2024\/06\/ozdenefe-meclis-baskanlik-kursusu-5-5-2-740x420.jpg\" \/>\n\t<meta property=\"og:image:width\" content=\"1800\" \/>\n\t<meta property=\"og:image:height\" content=\"1181\" \/>\n\t<meta property=\"og:image:type\" content=\"image\/jpeg\" \/>\n<meta name=\"author\" content=\"admin\" \/>\n<meta name=\"twitter:card\" content=\"summary_large_image\" \/>\n<meta name=\"twitter:label1\" content=\"Yazan:\" \/>\n\t<meta name=\"twitter:data1\" content=\"admin\" \/>\n\t<meta name=\"twitter:label2\" content=\"Tahmini okuma s\u00fcresi\" \/>\n\t<meta name=\"twitter:data2\" content=\"7 dakika\" \/>\n<script type=\"application\/ld+json\" class=\"yoast-schema-graph\">{\"@context\":\"https:\\\/\\\/schema.org\",\"@graph\":[{\"@type\":\"Article\",\"@id\":\"https:\\\/\\\/kibrisdakik.com\\\/?p=44497#article\",\"isPartOf\":{\"@id\":\"https:\\\/\\\/kibrisdakik.com\\\/?p=44497\"},\"author\":{\"name\":\"admin\",\"@id\":\"https:\\\/\\\/kibrisdakik.com\\\/#\\\/schema\\\/person\\\/9cd9d437bbb44f72b73ba127e06d8e79\"},\"headline\":\"Meclis\u2019te g\u00fcncel konu\u015fmalar yap\u0131l\u0131yor\",\"datePublished\":\"2024-06-04T13:14:55+00:00\",\"mainEntityOfPage\":{\"@id\":\"https:\\\/\\\/kibrisdakik.com\\\/?p=44497\"},\"wordCount\":1504,\"commentCount\":0,\"image\":{\"@id\":\"https:\\\/\\\/kibrisdakik.com\\\/?p=44497#primaryimage\"},\"thumbnailUrl\":\"https:\\\/\\\/kibrisdakik.com\\\/wp-content\\\/uploads\\\/2024\\\/06\\\/ozdenefe-meclis-baskanlik-kursusu-5-5-2-740x420.jpg\",\"articleSection\":[\"G\u00fcndem\"],\"inLanguage\":\"tr\",\"potentialAction\":[{\"@type\":\"CommentAction\",\"name\":\"Comment\",\"target\":[\"https:\\\/\\\/kibrisdakik.com\\\/?p=44497#respond\"]}]},{\"@type\":\"WebPage\",\"@id\":\"https:\\\/\\\/kibrisdakik.com\\\/?p=44497\",\"url\":\"https:\\\/\\\/kibrisdakik.com\\\/?p=44497\",\"name\":\"Meclis\u2019te g\u00fcncel konu\u015fmalar yap\u0131l\u0131yor -\",\"isPartOf\":{\"@id\":\"https:\\\/\\\/kibrisdakik.com\\\/#website\"},\"primaryImageOfPage\":{\"@id\":\"https:\\\/\\\/kibrisdakik.com\\\/?p=44497#primaryimage\"},\"image\":{\"@id\":\"https:\\\/\\\/kibrisdakik.com\\\/?p=44497#primaryimage\"},\"thumbnailUrl\":\"https:\\\/\\\/kibrisdakik.com\\\/wp-content\\\/uploads\\\/2024\\\/06\\\/ozdenefe-meclis-baskanlik-kursusu-5-5-2-740x420.jpg\",\"datePublished\":\"2024-06-04T13:14:55+00:00\",\"author\":{\"@id\":\"https:\\\/\\\/kibrisdakik.com\\\/#\\\/schema\\\/person\\\/9cd9d437bbb44f72b73ba127e06d8e79\"},\"breadcrumb\":{\"@id\":\"https:\\\/\\\/kibrisdakik.com\\\/?p=44497#breadcrumb\"},\"inLanguage\":\"tr\",\"potentialAction\":[{\"@type\":\"ReadAction\",\"target\":[\"https:\\\/\\\/kibrisdakik.com\\\/?p=44497\"]}]},{\"@type\":\"ImageObject\",\"inLanguage\":\"tr\",\"@id\":\"https:\\\/\\\/kibrisdakik.com\\\/?p=44497#primaryimage\",\"url\":\"https:\\\/\\\/kibrisdakik.com\\\/wp-content\\\/uploads\\\/2024\\\/06\\\/ozdenefe-meclis-baskanlik-kursusu-5-5-2-740x420.jpg\",\"contentUrl\":\"https:\\\/\\\/kibrisdakik.com\\\/wp-content\\\/uploads\\\/2024\\\/06\\\/ozdenefe-meclis-baskanlik-kursusu-5-5-2-740x420.jpg\",\"width\":1800,\"height\":1181},{\"@type\":\"BreadcrumbList\",\"@id\":\"https:\\\/\\\/kibrisdakik.com\\\/?p=44497#breadcrumb\",\"itemListElement\":[{\"@type\":\"ListItem\",\"position\":1,\"name\":\"Home\",\"item\":\"https:\\\/\\\/kibrisdakik.com\\\/\"},{\"@type\":\"ListItem\",\"position\":2,\"name\":\"Meclis\u2019te g\u00fcncel konu\u015fmalar yap\u0131l\u0131yor\"}]},{\"@type\":\"WebSite\",\"@id\":\"https:\\\/\\\/kibrisdakik.com\\\/#website\",\"url\":\"https:\\\/\\\/kibrisdakik.com\\\/\",\"name\":\"\",\"description\":\"Tam vaktinde haber\",\"potentialAction\":[{\"@type\":\"SearchAction\",\"target\":{\"@type\":\"EntryPoint\",\"urlTemplate\":\"https:\\\/\\\/kibrisdakik.com\\\/?s={search_term_string}\"},\"query-input\":{\"@type\":\"PropertyValueSpecification\",\"valueRequired\":true,\"valueName\":\"search_term_string\"}}],\"inLanguage\":\"tr\"},{\"@type\":\"Person\",\"@id\":\"https:\\\/\\\/kibrisdakik.com\\\/#\\\/schema\\\/person\\\/9cd9d437bbb44f72b73ba127e06d8e79\",\"name\":\"admin\",\"image\":{\"@type\":\"ImageObject\",\"inLanguage\":\"tr\",\"@id\":\"https:\\\/\\\/secure.gravatar.com\\\/avatar\\\/ccc17943b9d660506c869530f897617f7cb1c21a4bf30023f252596d83e1f007?s=96&d=mm&r=g\",\"url\":\"https:\\\/\\\/secure.gravatar.com\\\/avatar\\\/ccc17943b9d660506c869530f897617f7cb1c21a4bf30023f252596d83e1f007?s=96&d=mm&r=g\",\"contentUrl\":\"https:\\\/\\\/secure.gravatar.com\\\/avatar\\\/ccc17943b9d660506c869530f897617f7cb1c21a4bf30023f252596d83e1f007?s=96&d=mm&r=g\",\"caption\":\"admin\"},\"sameAs\":[\"https:\\\/\\\/kibrisdakik.com\"],\"url\":\"https:\\\/\\\/kibrisdakik.com\\\/?author=1\"}]}<\/script>\n<!-- \/ Yoast SEO plugin. -->","yoast_head_json":{"title":"Meclis\u2019te g\u00fcncel konu\u015fmalar yap\u0131l\u0131yor -","robots":{"index":"index","follow":"follow","max-snippet":"max-snippet:-1","max-image-preview":"max-image-preview:large","max-video-preview":"max-video-preview:-1"},"canonical":"https:\/\/kibrisdakik.com\/?p=44497","og_locale":"tr_TR","og_type":"article","og_title":"Meclis\u2019te g\u00fcncel konu\u015fmalar yap\u0131l\u0131yor -","og_description":"Cumhuriyet Meclisi Genel Kurulu\u2019nda g\u00fcncel konu\u015fmalarda elektrik, ithal et ve \u00e7al\u0131\u015fma hayat\u0131 konular\u0131 ele al\u0131nd\u0131. Genel Kurul\u2019da ilk olarak Avrupa Birli\u011fi Uyum Yasa Tasar\u0131lar\u0131n\u0131 G\u00f6r\u00fc\u015fmek \u00dczere Olu\u015fturulan Ge\u00e7ici ve \u00d6zel Komite\u2019nin Genel Kurul devam ederken \u00e7al\u0131\u015fmas\u0131na olanak verilmesine ili\u015fkin tezkere g\u00f6r\u00fc\u015f\u00fclerek oy birli\u011fiyle kabul edildi. Daha sonra Avrupa Konseyi Parlamenterler Asamblesi\u2019nin Oslo\u2019da d\u00fczenlenen Mara\u015f konusundaki","og_url":"https:\/\/kibrisdakik.com\/?p=44497","article_published_time":"2024-06-04T13:14:55+00:00","og_image":[{"width":1800,"height":1181,"url":"https:\/\/kibrisdakik.com\/wp-content\/uploads\/2024\/06\/ozdenefe-meclis-baskanlik-kursusu-5-5-2-740x420.jpg","type":"image\/jpeg"}],"author":"admin","twitter_card":"summary_large_image","twitter_misc":{"Yazan:":"admin","Tahmini okuma s\u00fcresi":"7 dakika"},"schema":{"@context":"https:\/\/schema.org","@graph":[{"@type":"Article","@id":"https:\/\/kibrisdakik.com\/?p=44497#article","isPartOf":{"@id":"https:\/\/kibrisdakik.com\/?p=44497"},"author":{"name":"admin","@id":"https:\/\/kibrisdakik.com\/#\/schema\/person\/9cd9d437bbb44f72b73ba127e06d8e79"},"headline":"Meclis\u2019te g\u00fcncel konu\u015fmalar yap\u0131l\u0131yor","datePublished":"2024-06-04T13:14:55+00:00","mainEntityOfPage":{"@id":"https:\/\/kibrisdakik.com\/?p=44497"},"wordCount":1504,"commentCount":0,"image":{"@id":"https:\/\/kibrisdakik.com\/?p=44497#primaryimage"},"thumbnailUrl":"https:\/\/kibrisdakik.com\/wp-content\/uploads\/2024\/06\/ozdenefe-meclis-baskanlik-kursusu-5-5-2-740x420.jpg","articleSection":["G\u00fcndem"],"inLanguage":"tr","potentialAction":[{"@type":"CommentAction","name":"Comment","target":["https:\/\/kibrisdakik.com\/?p=44497#respond"]}]},{"@type":"WebPage","@id":"https:\/\/kibrisdakik.com\/?p=44497","url":"https:\/\/kibrisdakik.com\/?p=44497","name":"Meclis\u2019te g\u00fcncel konu\u015fmalar yap\u0131l\u0131yor -","isPartOf":{"@id":"https:\/\/kibrisdakik.com\/#website"},"primaryImageOfPage":{"@id":"https:\/\/kibrisdakik.com\/?p=44497#primaryimage"},"image":{"@id":"https:\/\/kibrisdakik.com\/?p=44497#primaryimage"},"thumbnailUrl":"https:\/\/kibrisdakik.com\/wp-content\/uploads\/2024\/06\/ozdenefe-meclis-baskanlik-kursusu-5-5-2-740x420.jpg","datePublished":"2024-06-04T13:14:55+00:00","author":{"@id":"https:\/\/kibrisdakik.com\/#\/schema\/person\/9cd9d437bbb44f72b73ba127e06d8e79"},"breadcrumb":{"@id":"https:\/\/kibrisdakik.com\/?p=44497#breadcrumb"},"inLanguage":"tr","potentialAction":[{"@type":"ReadAction","target":["https:\/\/kibrisdakik.com\/?p=44497"]}]},{"@type":"ImageObject","inLanguage":"tr","@id":"https:\/\/kibrisdakik.com\/?p=44497#primaryimage","url":"https:\/\/kibrisdakik.com\/wp-content\/uploads\/2024\/06\/ozdenefe-meclis-baskanlik-kursusu-5-5-2-740x420.jpg","contentUrl":"https:\/\/kibrisdakik.com\/wp-content\/uploads\/2024\/06\/ozdenefe-meclis-baskanlik-kursusu-5-5-2-740x420.jpg","width":1800,"height":1181},{"@type":"BreadcrumbList","@id":"https:\/\/kibrisdakik.com\/?p=44497#breadcrumb","itemListElement":[{"@type":"ListItem","position":1,"name":"Home","item":"https:\/\/kibrisdakik.com\/"},{"@type":"ListItem","position":2,"name":"Meclis\u2019te g\u00fcncel konu\u015fmalar yap\u0131l\u0131yor"}]},{"@type":"WebSite","@id":"https:\/\/kibrisdakik.com\/#website","url":"https:\/\/kibrisdakik.com\/","name":"","description":"Tam vaktinde haber","potentialAction":[{"@type":"SearchAction","target":{"@type":"EntryPoint","urlTemplate":"https:\/\/kibrisdakik.com\/?s={search_term_string}"},"query-input":{"@type":"PropertyValueSpecification","valueRequired":true,"valueName":"search_term_string"}}],"inLanguage":"tr"},{"@type":"Person","@id":"https:\/\/kibrisdakik.com\/#\/schema\/person\/9cd9d437bbb44f72b73ba127e06d8e79","name":"admin","image":{"@type":"ImageObject","inLanguage":"tr","@id":"https:\/\/secure.gravatar.com\/avatar\/ccc17943b9d660506c869530f897617f7cb1c21a4bf30023f252596d83e1f007?s=96&d=mm&r=g","url":"https:\/\/secure.gravatar.com\/avatar\/ccc17943b9d660506c869530f897617f7cb1c21a4bf30023f252596d83e1f007?s=96&d=mm&r=g","contentUrl":"https:\/\/secure.gravatar.com\/avatar\/ccc17943b9d660506c869530f897617f7cb1c21a4bf30023f252596d83e1f007?s=96&d=mm&r=g","caption":"admin"},"sameAs":["https:\/\/kibrisdakik.com"],"url":"https:\/\/kibrisdakik.com\/?author=1"}]}},"_links":{"self":[{"href":"https:\/\/kibrisdakik.com\/index.php?rest_route=\/wp\/v2\/posts\/44497","targetHints":{"allow":["GET"]}}],"collection":[{"href":"https:\/\/kibrisdakik.com\/index.php?rest_route=\/wp\/v2\/posts"}],"about":[{"href":"https:\/\/kibrisdakik.com\/index.php?rest_route=\/wp\/v2\/types\/post"}],"author":[{"embeddable":true,"href":"https:\/\/kibrisdakik.com\/index.php?rest_route=\/wp\/v2\/users\/1"}],"replies":[{"embeddable":true,"href":"https:\/\/kibrisdakik.com\/index.php?rest_route=%2Fwp%2Fv2%2Fcomments&post=44497"}],"version-history":[{"count":0,"href":"https:\/\/kibrisdakik.com\/index.php?rest_route=\/wp\/v2\/posts\/44497\/revisions"}],"wp:featuredmedia":[{"embeddable":true,"href":"https:\/\/kibrisdakik.com\/index.php?rest_route=\/wp\/v2\/media\/44498"}],"wp:attachment":[{"href":"https:\/\/kibrisdakik.com\/index.php?rest_route=%2Fwp%2Fv2%2Fmedia&parent=44497"}],"wp:term":[{"taxonomy":"category","embeddable":true,"href":"https:\/\/kibrisdakik.com\/index.php?rest_route=%2Fwp%2Fv2%2Fcategories&post=44497"},{"taxonomy":"post_tag","embeddable":true,"href":"https:\/\/kibrisdakik.com\/index.php?rest_route=%2Fwp%2Fv2%2Ftags&post=44497"}],"curies":[{"name":"wp","href":"https:\/\/api.w.org\/{rel}","templated":true}]}}