{"id":4453,"date":"2023-04-03T04:35:17","date_gmt":"2023-04-03T04:35:17","guid":{"rendered":"https:\/\/kibrisdakik.com\/index.php\/2023\/04\/03\/tc-lefkosa-buyukelciligi-katkilari-ve-kuzey-kibris-turk-kizilayi-isbirliginde-duzenlenen-iftar-yemegi-programi-ulke-genelinde-devam-ediyor\/"},"modified":"2023-04-03T04:35:17","modified_gmt":"2023-04-03T04:35:17","slug":"tc-lefkosa-buyukelciligi-katkilari-ve-kuzey-kibris-turk-kizilayi-isbirliginde-duzenlenen-iftar-yemegi-programi-ulke-genelinde-devam-ediyor","status":"publish","type":"post","link":"https:\/\/kibrisdakik.com\/?p=4453","title":{"rendered":"TC Lefko\u015fa B\u00fcy\u00fckel\u00e7ili\u011fi katk\u0131lar\u0131 ve Kuzey K\u0131br\u0131s T\u00fcrk K\u0131z\u0131lay\u0131 i\u015fbirli\u011finde d\u00fczenlenen iftar yeme\u011fi program\u0131 \u00fclke genelinde devam ediyor"},"content":{"rendered":"<p><\/p>\n<div>\n<p>\u00a0<\/p>\n<div class=\"mariselle-image-container center\">\n                <img width=\"1745\" height=\"799\" class=\"lazy-image\" alt=\"\" decoding=\"async\" loading=\"lazy\" sizes=\"auto, (max-width: 1745px) 100vw, 1745px\" src=\"https:\/\/brtk.net\/wp-content\/uploads\/2023\/04\/03\/ki.jpg?ver=7aae20b6dd4b6b9156f7cd9a05944ee3\" srcset=\"https:\/\/brtk.net\/wp-content\/uploads\/2023\/04\/03\/ki.jpg?ver=7aae20b6dd4b6b9156f7cd9a05944ee3 1745w, https:\/\/brtk.net\/wp-content\/uploads\/2023\/04\/03\/ki-300x137.jpg?ver=7aae20b6dd4b6b9156f7cd9a05944ee3 300w, https:\/\/brtk.net\/wp-content\/uploads\/2023\/04\/03\/ki-1024x469.jpg?ver=7aae20b6dd4b6b9156f7cd9a05944ee3 1024w, https:\/\/brtk.net\/wp-content\/uploads\/2023\/04\/03\/ki-768x352.jpg?ver=7aae20b6dd4b6b9156f7cd9a05944ee3 768w, https:\/\/brtk.net\/wp-content\/uploads\/2023\/04\/03\/ki-1536x703.jpg?ver=6734b63427add5b22915513d87ac9287 1536w\"\/>                            <\/div>\n<p>Yard\u0131mla\u015fma ve dayan\u0131\u015fma ay\u0131 olan Ramazan ay\u0131 dolay\u0131s\u0131yla, T.C. Lefko\u015fa B\u00fcy\u00fckel\u00e7ili\u011fi katk\u0131lar\u0131 ve Kuzey K\u0131br\u0131s T\u00fcrk K\u0131z\u0131lay\u0131 i\u015fbirli\u011finde d\u00fczenlenen iftar program\u0131 \u00fclke genelinde devam ediyor<\/p>\n<p>Ramazan ay\u0131 boyunca 6 il\u00e7ede 18 sabit noktada g\u00fcnde 7000 ki\u015filik iftar yeme\u011fi haz\u0131rlan\u0131yor. 36 saha sorumlusu, 70 da\u011f\u0131t\u0131m personeli ve 90 g\u00f6n\u00fcll\u00fcn\u00fcn katk\u0131 koydu\u011fu yemek da\u011f\u0131t\u0131m organizasyonuyla Ramazan\u2019\u0131n ilk haftas\u0131nda toplam 51 bin ki\u015fiye iftar yeme\u011fi ikram edildi.<\/p>\n<p><strong>\u0130ftar Da\u011f\u0131t\u0131m Noktalar\u0131<\/strong>:<\/p>\n<p>Lefko\u015fa, Gazima\u011fusa, \u0130skele, Girne, G\u00fczelyurt ve Lefke\u2019de bulunan iftar yeme\u011fi da\u011f\u0131t\u0131m noktalar\u0131 \u015f\u00f6yledir:<\/p>\n<p><strong>Lefko\u015fa<\/strong><\/p>\n<p>\u2022 G\u00f6nyeli Yal\u00e7\u0131n Park<br \/>\u2022 Hamitk\u00f6y Cami Avlusu<br \/>\u2022 Lefko\u015fa Sanayi Cami<br \/>\u2022 Hz.Ebubekir Cami<br \/>\u2022 Hala Sultan Cami<\/p>\n<p><strong>Gazima\u011fusa<\/strong><\/p>\n<p>\u2022 Mara\u015f Ulu Cami<br \/>\u2022 Do\u011fu Akdeniz \u00dcniversitesi<br \/>\u2022 Yenibo\u011fazi\u00e7i Cami<\/p>\n<p><strong>\u0130skele<\/strong><\/p>\n<p>\u2022 \u0130skele Cami<\/p>\n<p><strong>Girne<\/strong><\/p>\n<p>\u2022 Nurettin Ersin Pa\u015fa Cami<br \/>\u2022 Bar\u0131\u015f Park\u0131<br \/>\u2022 Karao\u011flano\u011flu Cami<br \/>\u2022 Esentepe Cami<\/p>\n<p><strong>G\u00fczelyurt<\/strong><\/p>\n<p>\u2022 G\u00fczelyurt Fatih Cami<br \/>\u2022 Bostanc\u0131 Cami<\/p>\n<p><strong>Lefke<\/strong><\/p>\n<p>\u2022 Lefke Avrupa \u00dcniversitesi<br \/>\u2022 Gemikona\u011f\u0131 Cami<\/p>\n<\/p><\/div>\n<p><script async\n                    defer\n                    crossorigin=\"anonymous\"\n                    src=\"https:\/\/connect.facebook.net\/tr_TR\/sdk.js#xfbml=1&#038;version=v3.3\"\n            ><\/script><\/p>\n","protected":false},"excerpt":{"rendered":"<p>\u00a0 Yard\u0131mla\u015fma ve dayan\u0131\u015fma ay\u0131 olan Ramazan ay\u0131 dolay\u0131s\u0131yla, T.C. Lefko\u015fa B\u00fcy\u00fckel\u00e7ili\u011fi katk\u0131lar\u0131 ve Kuzey K\u0131br\u0131s T\u00fcrk K\u0131z\u0131lay\u0131 i\u015fbirli\u011finde d\u00fczenlenen iftar program\u0131 \u00fclke genelinde devam ediyor Ramazan ay\u0131 boyunca 6 il\u00e7ede 18 sabit noktada g\u00fcnde 7000 ki\u015filik iftar yeme\u011fi haz\u0131rlan\u0131yor. 36 saha sorumlusu, 70 da\u011f\u0131t\u0131m personeli ve 90 g\u00f6n\u00fcll\u00fcn\u00fcn katk\u0131 koydu\u011fu yemek da\u011f\u0131t\u0131m organizasyonuyla Ramazan\u2019\u0131n<\/p>\n","protected":false},"author":1,"featured_media":4454,"comment_status":"open","ping_status":"open","sticky":false,"template":"","format":"standard","meta":{"footnotes":""},"categories":[1],"tags":[],"class_list":["post-4453","post","type-post","status-publish","format-standard","has-post-thumbnail","hentry","category-gundem"],"yoast_head":"<!-- This site is optimized with the Yoast SEO plugin v27.4 - https:\/\/yoast.com\/product\/yoast-seo-wordpress\/ -->\n<title>TC Lefko\u015fa B\u00fcy\u00fckel\u00e7ili\u011fi katk\u0131lar\u0131 ve Kuzey K\u0131br\u0131s T\u00fcrk K\u0131z\u0131lay\u0131 i\u015fbirli\u011finde d\u00fczenlenen iftar yeme\u011fi program\u0131 \u00fclke genelinde devam ediyor -<\/title>\n<meta name=\"robots\" content=\"index, follow, max-snippet:-1, max-image-preview:large, max-video-preview:-1\" \/>\n<link rel=\"canonical\" href=\"https:\/\/kibrisdakik.com\/?p=4453\" \/>\n<meta property=\"og:locale\" content=\"tr_TR\" \/>\n<meta property=\"og:type\" content=\"article\" \/>\n<meta property=\"og:title\" content=\"TC Lefko\u015fa B\u00fcy\u00fckel\u00e7ili\u011fi katk\u0131lar\u0131 ve Kuzey K\u0131br\u0131s T\u00fcrk K\u0131z\u0131lay\u0131 i\u015fbirli\u011finde d\u00fczenlenen iftar yeme\u011fi program\u0131 \u00fclke genelinde devam ediyor -\" \/>\n<meta property=\"og:description\" content=\"\u00a0 Yard\u0131mla\u015fma ve dayan\u0131\u015fma ay\u0131 olan Ramazan ay\u0131 dolay\u0131s\u0131yla, T.C. Lefko\u015fa B\u00fcy\u00fckel\u00e7ili\u011fi katk\u0131lar\u0131 ve Kuzey K\u0131br\u0131s T\u00fcrk K\u0131z\u0131lay\u0131 i\u015fbirli\u011finde d\u00fczenlenen iftar program\u0131 \u00fclke genelinde devam ediyor Ramazan ay\u0131 boyunca 6 il\u00e7ede 18 sabit noktada g\u00fcnde 7000 ki\u015filik iftar yeme\u011fi haz\u0131rlan\u0131yor. 36 saha sorumlusu, 70 da\u011f\u0131t\u0131m personeli ve 90 g\u00f6n\u00fcll\u00fcn\u00fcn katk\u0131 koydu\u011fu yemek da\u011f\u0131t\u0131m organizasyonuyla Ramazan\u2019\u0131n\" \/>\n<meta property=\"og:url\" content=\"https:\/\/kibrisdakik.com\/?p=4453\" \/>\n<meta property=\"article:published_time\" content=\"2023-04-03T04:35:17+00:00\" \/>\n<meta property=\"og:image\" content=\"https:\/\/kibrisdakik.com\/wp-content\/uploads\/2023\/04\/ki-740x420.jpg\" \/>\n\t<meta property=\"og:image:width\" content=\"1745\" \/>\n\t<meta property=\"og:image:height\" content=\"799\" \/>\n\t<meta property=\"og:image:type\" content=\"image\/jpeg\" \/>\n<meta name=\"author\" content=\"admin\" \/>\n<meta name=\"twitter:card\" content=\"summary_large_image\" \/>\n<meta name=\"twitter:label1\" content=\"Yazan:\" \/>\n\t<meta name=\"twitter:data1\" content=\"admin\" \/>\n\t<meta name=\"twitter:label2\" content=\"Tahmini okuma s\u00fcresi\" \/>\n\t<meta name=\"twitter:data2\" content=\"1 dakika\" \/>\n<script type=\"application\/ld+json\" class=\"yoast-schema-graph\">{\"@context\":\"https:\\\/\\\/schema.org\",\"@graph\":[{\"@type\":\"Article\",\"@id\":\"https:\\\/\\\/kibrisdakik.com\\\/?p=4453#article\",\"isPartOf\":{\"@id\":\"https:\\\/\\\/kibrisdakik.com\\\/?p=4453\"},\"author\":{\"name\":\"admin\",\"@id\":\"https:\\\/\\\/kibrisdakik.com\\\/#\\\/schema\\\/person\\\/9cd9d437bbb44f72b73ba127e06d8e79\"},\"headline\":\"TC Lefko\u015fa B\u00fcy\u00fckel\u00e7ili\u011fi katk\u0131lar\u0131 ve Kuzey K\u0131br\u0131s T\u00fcrk K\u0131z\u0131lay\u0131 i\u015fbirli\u011finde d\u00fczenlenen iftar yeme\u011fi program\u0131 \u00fclke genelinde devam ediyor\",\"datePublished\":\"2023-04-03T04:35:17+00:00\",\"mainEntityOfPage\":{\"@id\":\"https:\\\/\\\/kibrisdakik.com\\\/?p=4453\"},\"wordCount\":219,\"commentCount\":0,\"image\":{\"@id\":\"https:\\\/\\\/kibrisdakik.com\\\/?p=4453#primaryimage\"},\"thumbnailUrl\":\"https:\\\/\\\/kibrisdakik.com\\\/wp-content\\\/uploads\\\/2023\\\/04\\\/ki-740x420.jpg\",\"articleSection\":[\"G\u00fcndem\"],\"inLanguage\":\"tr\",\"potentialAction\":[{\"@type\":\"CommentAction\",\"name\":\"Comment\",\"target\":[\"https:\\\/\\\/kibrisdakik.com\\\/?p=4453#respond\"]}]},{\"@type\":\"WebPage\",\"@id\":\"https:\\\/\\\/kibrisdakik.com\\\/?p=4453\",\"url\":\"https:\\\/\\\/kibrisdakik.com\\\/?p=4453\",\"name\":\"TC Lefko\u015fa B\u00fcy\u00fckel\u00e7ili\u011fi katk\u0131lar\u0131 ve Kuzey K\u0131br\u0131s T\u00fcrk K\u0131z\u0131lay\u0131 i\u015fbirli\u011finde d\u00fczenlenen iftar yeme\u011fi program\u0131 \u00fclke genelinde devam ediyor -\",\"isPartOf\":{\"@id\":\"https:\\\/\\\/kibrisdakik.com\\\/#website\"},\"primaryImageOfPage\":{\"@id\":\"https:\\\/\\\/kibrisdakik.com\\\/?p=4453#primaryimage\"},\"image\":{\"@id\":\"https:\\\/\\\/kibrisdakik.com\\\/?p=4453#primaryimage\"},\"thumbnailUrl\":\"https:\\\/\\\/kibrisdakik.com\\\/wp-content\\\/uploads\\\/2023\\\/04\\\/ki-740x420.jpg\",\"datePublished\":\"2023-04-03T04:35:17+00:00\",\"author\":{\"@id\":\"https:\\\/\\\/kibrisdakik.com\\\/#\\\/schema\\\/person\\\/9cd9d437bbb44f72b73ba127e06d8e79\"},\"breadcrumb\":{\"@id\":\"https:\\\/\\\/kibrisdakik.com\\\/?p=4453#breadcrumb\"},\"inLanguage\":\"tr\",\"potentialAction\":[{\"@type\":\"ReadAction\",\"target\":[\"https:\\\/\\\/kibrisdakik.com\\\/?p=4453\"]}]},{\"@type\":\"ImageObject\",\"inLanguage\":\"tr\",\"@id\":\"https:\\\/\\\/kibrisdakik.com\\\/?p=4453#primaryimage\",\"url\":\"https:\\\/\\\/kibrisdakik.com\\\/wp-content\\\/uploads\\\/2023\\\/04\\\/ki-740x420.jpg\",\"contentUrl\":\"https:\\\/\\\/kibrisdakik.com\\\/wp-content\\\/uploads\\\/2023\\\/04\\\/ki-740x420.jpg\",\"width\":1745,\"height\":799},{\"@type\":\"BreadcrumbList\",\"@id\":\"https:\\\/\\\/kibrisdakik.com\\\/?p=4453#breadcrumb\",\"itemListElement\":[{\"@type\":\"ListItem\",\"position\":1,\"name\":\"Home\",\"item\":\"https:\\\/\\\/kibrisdakik.com\\\/\"},{\"@type\":\"ListItem\",\"position\":2,\"name\":\"TC Lefko\u015fa B\u00fcy\u00fckel\u00e7ili\u011fi katk\u0131lar\u0131 ve Kuzey K\u0131br\u0131s T\u00fcrk K\u0131z\u0131lay\u0131 i\u015fbirli\u011finde d\u00fczenlenen iftar yeme\u011fi program\u0131 \u00fclke genelinde devam ediyor\"}]},{\"@type\":\"WebSite\",\"@id\":\"https:\\\/\\\/kibrisdakik.com\\\/#website\",\"url\":\"https:\\\/\\\/kibrisdakik.com\\\/\",\"name\":\"\",\"description\":\"Tam vaktinde haber\",\"potentialAction\":[{\"@type\":\"SearchAction\",\"target\":{\"@type\":\"EntryPoint\",\"urlTemplate\":\"https:\\\/\\\/kibrisdakik.com\\\/?s={search_term_string}\"},\"query-input\":{\"@type\":\"PropertyValueSpecification\",\"valueRequired\":true,\"valueName\":\"search_term_string\"}}],\"inLanguage\":\"tr\"},{\"@type\":\"Person\",\"@id\":\"https:\\\/\\\/kibrisdakik.com\\\/#\\\/schema\\\/person\\\/9cd9d437bbb44f72b73ba127e06d8e79\",\"name\":\"admin\",\"image\":{\"@type\":\"ImageObject\",\"inLanguage\":\"tr\",\"@id\":\"https:\\\/\\\/secure.gravatar.com\\\/avatar\\\/ccc17943b9d660506c869530f897617f7cb1c21a4bf30023f252596d83e1f007?s=96&d=mm&r=g\",\"url\":\"https:\\\/\\\/secure.gravatar.com\\\/avatar\\\/ccc17943b9d660506c869530f897617f7cb1c21a4bf30023f252596d83e1f007?s=96&d=mm&r=g\",\"contentUrl\":\"https:\\\/\\\/secure.gravatar.com\\\/avatar\\\/ccc17943b9d660506c869530f897617f7cb1c21a4bf30023f252596d83e1f007?s=96&d=mm&r=g\",\"caption\":\"admin\"},\"sameAs\":[\"https:\\\/\\\/kibrisdakik.com\"],\"url\":\"https:\\\/\\\/kibrisdakik.com\\\/?author=1\"}]}<\/script>\n<!-- \/ Yoast SEO plugin. -->","yoast_head_json":{"title":"TC Lefko\u015fa B\u00fcy\u00fckel\u00e7ili\u011fi katk\u0131lar\u0131 ve Kuzey K\u0131br\u0131s T\u00fcrk K\u0131z\u0131lay\u0131 i\u015fbirli\u011finde d\u00fczenlenen iftar yeme\u011fi program\u0131 \u00fclke genelinde devam ediyor -","robots":{"index":"index","follow":"follow","max-snippet":"max-snippet:-1","max-image-preview":"max-image-preview:large","max-video-preview":"max-video-preview:-1"},"canonical":"https:\/\/kibrisdakik.com\/?p=4453","og_locale":"tr_TR","og_type":"article","og_title":"TC Lefko\u015fa B\u00fcy\u00fckel\u00e7ili\u011fi katk\u0131lar\u0131 ve Kuzey K\u0131br\u0131s T\u00fcrk K\u0131z\u0131lay\u0131 i\u015fbirli\u011finde d\u00fczenlenen iftar yeme\u011fi program\u0131 \u00fclke genelinde devam ediyor -","og_description":"\u00a0 Yard\u0131mla\u015fma ve dayan\u0131\u015fma ay\u0131 olan Ramazan ay\u0131 dolay\u0131s\u0131yla, T.C. Lefko\u015fa B\u00fcy\u00fckel\u00e7ili\u011fi katk\u0131lar\u0131 ve Kuzey K\u0131br\u0131s T\u00fcrk K\u0131z\u0131lay\u0131 i\u015fbirli\u011finde d\u00fczenlenen iftar program\u0131 \u00fclke genelinde devam ediyor Ramazan ay\u0131 boyunca 6 il\u00e7ede 18 sabit noktada g\u00fcnde 7000 ki\u015filik iftar yeme\u011fi haz\u0131rlan\u0131yor. 36 saha sorumlusu, 70 da\u011f\u0131t\u0131m personeli ve 90 g\u00f6n\u00fcll\u00fcn\u00fcn katk\u0131 koydu\u011fu yemek da\u011f\u0131t\u0131m organizasyonuyla Ramazan\u2019\u0131n","og_url":"https:\/\/kibrisdakik.com\/?p=4453","article_published_time":"2023-04-03T04:35:17+00:00","og_image":[{"width":1745,"height":799,"url":"https:\/\/kibrisdakik.com\/wp-content\/uploads\/2023\/04\/ki-740x420.jpg","type":"image\/jpeg"}],"author":"admin","twitter_card":"summary_large_image","twitter_misc":{"Yazan:":"admin","Tahmini okuma s\u00fcresi":"1 dakika"},"schema":{"@context":"https:\/\/schema.org","@graph":[{"@type":"Article","@id":"https:\/\/kibrisdakik.com\/?p=4453#article","isPartOf":{"@id":"https:\/\/kibrisdakik.com\/?p=4453"},"author":{"name":"admin","@id":"https:\/\/kibrisdakik.com\/#\/schema\/person\/9cd9d437bbb44f72b73ba127e06d8e79"},"headline":"TC Lefko\u015fa B\u00fcy\u00fckel\u00e7ili\u011fi katk\u0131lar\u0131 ve Kuzey K\u0131br\u0131s T\u00fcrk K\u0131z\u0131lay\u0131 i\u015fbirli\u011finde d\u00fczenlenen iftar yeme\u011fi program\u0131 \u00fclke genelinde devam ediyor","datePublished":"2023-04-03T04:35:17+00:00","mainEntityOfPage":{"@id":"https:\/\/kibrisdakik.com\/?p=4453"},"wordCount":219,"commentCount":0,"image":{"@id":"https:\/\/kibrisdakik.com\/?p=4453#primaryimage"},"thumbnailUrl":"https:\/\/kibrisdakik.com\/wp-content\/uploads\/2023\/04\/ki-740x420.jpg","articleSection":["G\u00fcndem"],"inLanguage":"tr","potentialAction":[{"@type":"CommentAction","name":"Comment","target":["https:\/\/kibrisdakik.com\/?p=4453#respond"]}]},{"@type":"WebPage","@id":"https:\/\/kibrisdakik.com\/?p=4453","url":"https:\/\/kibrisdakik.com\/?p=4453","name":"TC Lefko\u015fa B\u00fcy\u00fckel\u00e7ili\u011fi katk\u0131lar\u0131 ve Kuzey K\u0131br\u0131s T\u00fcrk K\u0131z\u0131lay\u0131 i\u015fbirli\u011finde d\u00fczenlenen iftar yeme\u011fi program\u0131 \u00fclke genelinde devam ediyor -","isPartOf":{"@id":"https:\/\/kibrisdakik.com\/#website"},"primaryImageOfPage":{"@id":"https:\/\/kibrisdakik.com\/?p=4453#primaryimage"},"image":{"@id":"https:\/\/kibrisdakik.com\/?p=4453#primaryimage"},"thumbnailUrl":"https:\/\/kibrisdakik.com\/wp-content\/uploads\/2023\/04\/ki-740x420.jpg","datePublished":"2023-04-03T04:35:17+00:00","author":{"@id":"https:\/\/kibrisdakik.com\/#\/schema\/person\/9cd9d437bbb44f72b73ba127e06d8e79"},"breadcrumb":{"@id":"https:\/\/kibrisdakik.com\/?p=4453#breadcrumb"},"inLanguage":"tr","potentialAction":[{"@type":"ReadAction","target":["https:\/\/kibrisdakik.com\/?p=4453"]}]},{"@type":"ImageObject","inLanguage":"tr","@id":"https:\/\/kibrisdakik.com\/?p=4453#primaryimage","url":"https:\/\/kibrisdakik.com\/wp-content\/uploads\/2023\/04\/ki-740x420.jpg","contentUrl":"https:\/\/kibrisdakik.com\/wp-content\/uploads\/2023\/04\/ki-740x420.jpg","width":1745,"height":799},{"@type":"BreadcrumbList","@id":"https:\/\/kibrisdakik.com\/?p=4453#breadcrumb","itemListElement":[{"@type":"ListItem","position":1,"name":"Home","item":"https:\/\/kibrisdakik.com\/"},{"@type":"ListItem","position":2,"name":"TC Lefko\u015fa B\u00fcy\u00fckel\u00e7ili\u011fi katk\u0131lar\u0131 ve Kuzey K\u0131br\u0131s T\u00fcrk K\u0131z\u0131lay\u0131 i\u015fbirli\u011finde d\u00fczenlenen iftar yeme\u011fi program\u0131 \u00fclke genelinde devam ediyor"}]},{"@type":"WebSite","@id":"https:\/\/kibrisdakik.com\/#website","url":"https:\/\/kibrisdakik.com\/","name":"","description":"Tam vaktinde haber","potentialAction":[{"@type":"SearchAction","target":{"@type":"EntryPoint","urlTemplate":"https:\/\/kibrisdakik.com\/?s={search_term_string}"},"query-input":{"@type":"PropertyValueSpecification","valueRequired":true,"valueName":"search_term_string"}}],"inLanguage":"tr"},{"@type":"Person","@id":"https:\/\/kibrisdakik.com\/#\/schema\/person\/9cd9d437bbb44f72b73ba127e06d8e79","name":"admin","image":{"@type":"ImageObject","inLanguage":"tr","@id":"https:\/\/secure.gravatar.com\/avatar\/ccc17943b9d660506c869530f897617f7cb1c21a4bf30023f252596d83e1f007?s=96&d=mm&r=g","url":"https:\/\/secure.gravatar.com\/avatar\/ccc17943b9d660506c869530f897617f7cb1c21a4bf30023f252596d83e1f007?s=96&d=mm&r=g","contentUrl":"https:\/\/secure.gravatar.com\/avatar\/ccc17943b9d660506c869530f897617f7cb1c21a4bf30023f252596d83e1f007?s=96&d=mm&r=g","caption":"admin"},"sameAs":["https:\/\/kibrisdakik.com"],"url":"https:\/\/kibrisdakik.com\/?author=1"}]}},"_links":{"self":[{"href":"https:\/\/kibrisdakik.com\/index.php?rest_route=\/wp\/v2\/posts\/4453","targetHints":{"allow":["GET"]}}],"collection":[{"href":"https:\/\/kibrisdakik.com\/index.php?rest_route=\/wp\/v2\/posts"}],"about":[{"href":"https:\/\/kibrisdakik.com\/index.php?rest_route=\/wp\/v2\/types\/post"}],"author":[{"embeddable":true,"href":"https:\/\/kibrisdakik.com\/index.php?rest_route=\/wp\/v2\/users\/1"}],"replies":[{"embeddable":true,"href":"https:\/\/kibrisdakik.com\/index.php?rest_route=%2Fwp%2Fv2%2Fcomments&post=4453"}],"version-history":[{"count":0,"href":"https:\/\/kibrisdakik.com\/index.php?rest_route=\/wp\/v2\/posts\/4453\/revisions"}],"wp:featuredmedia":[{"embeddable":true,"href":"https:\/\/kibrisdakik.com\/index.php?rest_route=\/wp\/v2\/media\/4454"}],"wp:attachment":[{"href":"https:\/\/kibrisdakik.com\/index.php?rest_route=%2Fwp%2Fv2%2Fmedia&parent=4453"}],"wp:term":[{"taxonomy":"category","embeddable":true,"href":"https:\/\/kibrisdakik.com\/index.php?rest_route=%2Fwp%2Fv2%2Fcategories&post=4453"},{"taxonomy":"post_tag","embeddable":true,"href":"https:\/\/kibrisdakik.com\/index.php?rest_route=%2Fwp%2Fv2%2Ftags&post=4453"}],"curies":[{"name":"wp","href":"https:\/\/api.w.org\/{rel}","templated":true}]}}