{"id":4459,"date":"2023-04-03T07:38:58","date_gmt":"2023-04-03T07:38:58","guid":{"rendered":"https:\/\/kibrisdakik.com\/index.php\/2023\/04\/03\/turkiye-disisleri-bakani-cavusoglukibrista-kalici-bir-cozumun-olmamasi-her-zaman-bir-gerginlik-sebebi\/"},"modified":"2023-04-03T07:38:58","modified_gmt":"2023-04-03T07:38:58","slug":"turkiye-disisleri-bakani-cavusoglukibrista-kalici-bir-cozumun-olmamasi-her-zaman-bir-gerginlik-sebebi","status":"publish","type":"post","link":"https:\/\/kibrisdakik.com\/?p=4459","title":{"rendered":"T\u00fcrkiye D\u0131\u015fi\u015fleri Bakan\u0131 \u00c7avu\u015fo\u011flu:K\u0131br\u0131s\u2019ta kal\u0131c\u0131 bir \u00e7\u00f6z\u00fcm\u00fcn olmamas\u0131 her zaman bir gerginlik sebebi"},"content":{"rendered":"<p><\/p>\n<div>\n<div class=\"mariselle-image-container center\">\n                <img width=\"480\" height=\"320\" class=\"lazy-image\" alt=\"\" decoding=\"async\" loading=\"lazy\" sizes=\"auto, (max-width: 480px) 100vw, 480px\" src=\"https:\/\/brtk.net\/wp-content\/uploads\/2023\/02\/02\/mevlut-cavusoglu-2323-2.jpg?ver=86d5605bef0d142ed4514a522ec45a16\" srcset=\"https:\/\/brtk.net\/wp-content\/uploads\/2023\/02\/02\/mevlut-cavusoglu-2323-2.jpg?ver=86d5605bef0d142ed4514a522ec45a16 480w, https:\/\/brtk.net\/wp-content\/uploads\/2023\/02\/02\/mevlut-cavusoglu-2323-2-300x200.jpg?ver=86d5605bef0d142ed4514a522ec45a16 300w\"\/>                            <\/div>\n<p> T\u00fcrkiye D\u0131\u015fi\u015fleri Bakan\u0131 Mevl\u00fct \u00c7avu\u015fo\u011flu, K\u0131br\u0131s\u2019ta kal\u0131c\u0131 bir \u00e7\u00f6z\u00fcm\u00fcn olmamas\u0131n\u0131n her zaman bir gerginlik sebebi oldu\u011funu s\u00f6yledi.<\/p>\n<p>T\u00fcrkiye D\u0131\u015fi\u015fleri Bakan\u0131 Mevl\u00fct \u00c7avu\u015fo\u011flu, Birle\u015fmi\u015f Milletler\u2019deki 30 Mart Uluslararas\u0131 S\u0131f\u0131r At\u0131k G\u00fcn\u00fc \u00d6zel Oturumu\u2019na kat\u0131lmak \u00fczere gitti\u011fi New York\u2019ta, T\u00fcrkevi\u2019nde bir grup T\u00fcrk gazeteciyle d\u0131\u015f politikadaki geli\u015fmeler konusunda sohbet etti.<\/p>\n<p>K\u0131br\u0131s meselesi kapsam\u0131nda adan\u0131n etraf\u0131ndaki hidrokarbon zenginliklerinin hak\u00e7a payla\u015f\u0131m\u0131 sorununa de\u011finen T\u00fcrkiye D\u0131\u015fi\u015fleri Bakan\u0131 \u00c7avu\u015fo\u011flu, K\u0131br\u0131s\u2019ta kal\u0131c\u0131 bir \u00e7\u00f6z\u00fcm\u00fcn olmamas\u0131n\u0131n her zaman bir gerginlik sebebi oldu\u011funu s\u00f6yledi.<\/p>\n<\/p><\/div>\n<p><script async\n                    defer\n                    crossorigin=\"anonymous\"\n                    src=\"https:\/\/connect.facebook.net\/tr_TR\/sdk.js#xfbml=1&#038;version=v3.3\"\n            ><\/script><\/p>\n","protected":false},"excerpt":{"rendered":"<p>T\u00fcrkiye D\u0131\u015fi\u015fleri Bakan\u0131 Mevl\u00fct \u00c7avu\u015fo\u011flu, K\u0131br\u0131s\u2019ta kal\u0131c\u0131 bir \u00e7\u00f6z\u00fcm\u00fcn olmamas\u0131n\u0131n her zaman bir gerginlik sebebi oldu\u011funu s\u00f6yledi. T\u00fcrkiye D\u0131\u015fi\u015fleri Bakan\u0131 Mevl\u00fct \u00c7avu\u015fo\u011flu, Birle\u015fmi\u015f Milletler\u2019deki 30 Mart Uluslararas\u0131 S\u0131f\u0131r At\u0131k G\u00fcn\u00fc \u00d6zel Oturumu\u2019na kat\u0131lmak \u00fczere gitti\u011fi New York\u2019ta, T\u00fcrkevi\u2019nde bir grup T\u00fcrk gazeteciyle d\u0131\u015f politikadaki geli\u015fmeler konusunda sohbet etti. K\u0131br\u0131s meselesi kapsam\u0131nda adan\u0131n etraf\u0131ndaki hidrokarbon zenginliklerinin<\/p>\n","protected":false},"author":1,"featured_media":4460,"comment_status":"open","ping_status":"open","sticky":false,"template":"","format":"standard","meta":{"footnotes":""},"categories":[1],"tags":[],"class_list":["post-4459","post","type-post","status-publish","format-standard","has-post-thumbnail","hentry","category-gundem"],"yoast_head":"<!-- This site is optimized with the Yoast SEO plugin v27.4 - https:\/\/yoast.com\/product\/yoast-seo-wordpress\/ -->\n<title>T\u00fcrkiye D\u0131\u015fi\u015fleri Bakan\u0131 \u00c7avu\u015fo\u011flu:K\u0131br\u0131s\u2019ta kal\u0131c\u0131 bir \u00e7\u00f6z\u00fcm\u00fcn olmamas\u0131 her zaman bir gerginlik sebebi -<\/title>\n<meta name=\"robots\" content=\"index, follow, max-snippet:-1, max-image-preview:large, max-video-preview:-1\" \/>\n<link rel=\"canonical\" href=\"https:\/\/kibrisdakik.com\/?p=4459\" \/>\n<meta property=\"og:locale\" content=\"tr_TR\" \/>\n<meta property=\"og:type\" content=\"article\" \/>\n<meta property=\"og:title\" content=\"T\u00fcrkiye D\u0131\u015fi\u015fleri Bakan\u0131 \u00c7avu\u015fo\u011flu:K\u0131br\u0131s\u2019ta kal\u0131c\u0131 bir \u00e7\u00f6z\u00fcm\u00fcn olmamas\u0131 her zaman bir gerginlik sebebi -\" \/>\n<meta property=\"og:description\" content=\"T\u00fcrkiye D\u0131\u015fi\u015fleri Bakan\u0131 Mevl\u00fct \u00c7avu\u015fo\u011flu, K\u0131br\u0131s\u2019ta kal\u0131c\u0131 bir \u00e7\u00f6z\u00fcm\u00fcn olmamas\u0131n\u0131n her zaman bir gerginlik sebebi oldu\u011funu s\u00f6yledi. T\u00fcrkiye D\u0131\u015fi\u015fleri Bakan\u0131 Mevl\u00fct \u00c7avu\u015fo\u011flu, Birle\u015fmi\u015f Milletler\u2019deki 30 Mart Uluslararas\u0131 S\u0131f\u0131r At\u0131k G\u00fcn\u00fc \u00d6zel Oturumu\u2019na kat\u0131lmak \u00fczere gitti\u011fi New York\u2019ta, T\u00fcrkevi\u2019nde bir grup T\u00fcrk gazeteciyle d\u0131\u015f politikadaki geli\u015fmeler konusunda sohbet etti. K\u0131br\u0131s meselesi kapsam\u0131nda adan\u0131n etraf\u0131ndaki hidrokarbon zenginliklerinin\" \/>\n<meta property=\"og:url\" content=\"https:\/\/kibrisdakik.com\/?p=4459\" \/>\n<meta property=\"article:published_time\" content=\"2023-04-03T07:38:58+00:00\" \/>\n<meta property=\"og:image\" content=\"https:\/\/kibrisdakik.com\/wp-content\/uploads\/2023\/04\/mevlut-cavusoglu-2323-2.jpg\" \/>\n\t<meta property=\"og:image:width\" content=\"480\" \/>\n\t<meta property=\"og:image:height\" content=\"320\" \/>\n\t<meta property=\"og:image:type\" content=\"image\/jpeg\" \/>\n<meta name=\"author\" content=\"admin\" \/>\n<meta name=\"twitter:card\" content=\"summary_large_image\" \/>\n<meta name=\"twitter:label1\" content=\"Yazan:\" \/>\n\t<meta name=\"twitter:data1\" content=\"admin\" \/>\n\t<meta name=\"twitter:label2\" content=\"Tahmini okuma s\u00fcresi\" \/>\n\t<meta name=\"twitter:data2\" content=\"1 dakika\" \/>\n<script type=\"application\/ld+json\" class=\"yoast-schema-graph\">{\"@context\":\"https:\\\/\\\/schema.org\",\"@graph\":[{\"@type\":\"Article\",\"@id\":\"https:\\\/\\\/kibrisdakik.com\\\/?p=4459#article\",\"isPartOf\":{\"@id\":\"https:\\\/\\\/kibrisdakik.com\\\/?p=4459\"},\"author\":{\"name\":\"admin\",\"@id\":\"https:\\\/\\\/kibrisdakik.com\\\/#\\\/schema\\\/person\\\/9cd9d437bbb44f72b73ba127e06d8e79\"},\"headline\":\"T\u00fcrkiye D\u0131\u015fi\u015fleri Bakan\u0131 \u00c7avu\u015fo\u011flu:K\u0131br\u0131s\u2019ta kal\u0131c\u0131 bir \u00e7\u00f6z\u00fcm\u00fcn olmamas\u0131 her zaman bir gerginlik sebebi\",\"datePublished\":\"2023-04-03T07:38:58+00:00\",\"mainEntityOfPage\":{\"@id\":\"https:\\\/\\\/kibrisdakik.com\\\/?p=4459\"},\"wordCount\":158,\"commentCount\":0,\"image\":{\"@id\":\"https:\\\/\\\/kibrisdakik.com\\\/?p=4459#primaryimage\"},\"thumbnailUrl\":\"https:\\\/\\\/kibrisdakik.com\\\/wp-content\\\/uploads\\\/2023\\\/04\\\/mevlut-cavusoglu-2323-2.jpg\",\"articleSection\":[\"G\u00fcndem\"],\"inLanguage\":\"tr\",\"potentialAction\":[{\"@type\":\"CommentAction\",\"name\":\"Comment\",\"target\":[\"https:\\\/\\\/kibrisdakik.com\\\/?p=4459#respond\"]}]},{\"@type\":\"WebPage\",\"@id\":\"https:\\\/\\\/kibrisdakik.com\\\/?p=4459\",\"url\":\"https:\\\/\\\/kibrisdakik.com\\\/?p=4459\",\"name\":\"T\u00fcrkiye D\u0131\u015fi\u015fleri Bakan\u0131 \u00c7avu\u015fo\u011flu:K\u0131br\u0131s\u2019ta kal\u0131c\u0131 bir \u00e7\u00f6z\u00fcm\u00fcn olmamas\u0131 her zaman bir gerginlik sebebi -\",\"isPartOf\":{\"@id\":\"https:\\\/\\\/kibrisdakik.com\\\/#website\"},\"primaryImageOfPage\":{\"@id\":\"https:\\\/\\\/kibrisdakik.com\\\/?p=4459#primaryimage\"},\"image\":{\"@id\":\"https:\\\/\\\/kibrisdakik.com\\\/?p=4459#primaryimage\"},\"thumbnailUrl\":\"https:\\\/\\\/kibrisdakik.com\\\/wp-content\\\/uploads\\\/2023\\\/04\\\/mevlut-cavusoglu-2323-2.jpg\",\"datePublished\":\"2023-04-03T07:38:58+00:00\",\"author\":{\"@id\":\"https:\\\/\\\/kibrisdakik.com\\\/#\\\/schema\\\/person\\\/9cd9d437bbb44f72b73ba127e06d8e79\"},\"breadcrumb\":{\"@id\":\"https:\\\/\\\/kibrisdakik.com\\\/?p=4459#breadcrumb\"},\"inLanguage\":\"tr\",\"potentialAction\":[{\"@type\":\"ReadAction\",\"target\":[\"https:\\\/\\\/kibrisdakik.com\\\/?p=4459\"]}]},{\"@type\":\"ImageObject\",\"inLanguage\":\"tr\",\"@id\":\"https:\\\/\\\/kibrisdakik.com\\\/?p=4459#primaryimage\",\"url\":\"https:\\\/\\\/kibrisdakik.com\\\/wp-content\\\/uploads\\\/2023\\\/04\\\/mevlut-cavusoglu-2323-2.jpg\",\"contentUrl\":\"https:\\\/\\\/kibrisdakik.com\\\/wp-content\\\/uploads\\\/2023\\\/04\\\/mevlut-cavusoglu-2323-2.jpg\",\"width\":480,\"height\":320},{\"@type\":\"BreadcrumbList\",\"@id\":\"https:\\\/\\\/kibrisdakik.com\\\/?p=4459#breadcrumb\",\"itemListElement\":[{\"@type\":\"ListItem\",\"position\":1,\"name\":\"Home\",\"item\":\"https:\\\/\\\/kibrisdakik.com\\\/\"},{\"@type\":\"ListItem\",\"position\":2,\"name\":\"T\u00fcrkiye D\u0131\u015fi\u015fleri Bakan\u0131 \u00c7avu\u015fo\u011flu:K\u0131br\u0131s\u2019ta kal\u0131c\u0131 bir \u00e7\u00f6z\u00fcm\u00fcn olmamas\u0131 her zaman bir gerginlik sebebi\"}]},{\"@type\":\"WebSite\",\"@id\":\"https:\\\/\\\/kibrisdakik.com\\\/#website\",\"url\":\"https:\\\/\\\/kibrisdakik.com\\\/\",\"name\":\"\",\"description\":\"Tam vaktinde haber\",\"potentialAction\":[{\"@type\":\"SearchAction\",\"target\":{\"@type\":\"EntryPoint\",\"urlTemplate\":\"https:\\\/\\\/kibrisdakik.com\\\/?s={search_term_string}\"},\"query-input\":{\"@type\":\"PropertyValueSpecification\",\"valueRequired\":true,\"valueName\":\"search_term_string\"}}],\"inLanguage\":\"tr\"},{\"@type\":\"Person\",\"@id\":\"https:\\\/\\\/kibrisdakik.com\\\/#\\\/schema\\\/person\\\/9cd9d437bbb44f72b73ba127e06d8e79\",\"name\":\"admin\",\"image\":{\"@type\":\"ImageObject\",\"inLanguage\":\"tr\",\"@id\":\"https:\\\/\\\/secure.gravatar.com\\\/avatar\\\/ccc17943b9d660506c869530f897617f7cb1c21a4bf30023f252596d83e1f007?s=96&d=mm&r=g\",\"url\":\"https:\\\/\\\/secure.gravatar.com\\\/avatar\\\/ccc17943b9d660506c869530f897617f7cb1c21a4bf30023f252596d83e1f007?s=96&d=mm&r=g\",\"contentUrl\":\"https:\\\/\\\/secure.gravatar.com\\\/avatar\\\/ccc17943b9d660506c869530f897617f7cb1c21a4bf30023f252596d83e1f007?s=96&d=mm&r=g\",\"caption\":\"admin\"},\"sameAs\":[\"https:\\\/\\\/kibrisdakik.com\"],\"url\":\"https:\\\/\\\/kibrisdakik.com\\\/?author=1\"}]}<\/script>\n<!-- \/ Yoast SEO plugin. -->","yoast_head_json":{"title":"T\u00fcrkiye D\u0131\u015fi\u015fleri Bakan\u0131 \u00c7avu\u015fo\u011flu:K\u0131br\u0131s\u2019ta kal\u0131c\u0131 bir \u00e7\u00f6z\u00fcm\u00fcn olmamas\u0131 her zaman bir gerginlik sebebi -","robots":{"index":"index","follow":"follow","max-snippet":"max-snippet:-1","max-image-preview":"max-image-preview:large","max-video-preview":"max-video-preview:-1"},"canonical":"https:\/\/kibrisdakik.com\/?p=4459","og_locale":"tr_TR","og_type":"article","og_title":"T\u00fcrkiye D\u0131\u015fi\u015fleri Bakan\u0131 \u00c7avu\u015fo\u011flu:K\u0131br\u0131s\u2019ta kal\u0131c\u0131 bir \u00e7\u00f6z\u00fcm\u00fcn olmamas\u0131 her zaman bir gerginlik sebebi -","og_description":"T\u00fcrkiye D\u0131\u015fi\u015fleri Bakan\u0131 Mevl\u00fct \u00c7avu\u015fo\u011flu, K\u0131br\u0131s\u2019ta kal\u0131c\u0131 bir \u00e7\u00f6z\u00fcm\u00fcn olmamas\u0131n\u0131n her zaman bir gerginlik sebebi oldu\u011funu s\u00f6yledi. T\u00fcrkiye D\u0131\u015fi\u015fleri Bakan\u0131 Mevl\u00fct \u00c7avu\u015fo\u011flu, Birle\u015fmi\u015f Milletler\u2019deki 30 Mart Uluslararas\u0131 S\u0131f\u0131r At\u0131k G\u00fcn\u00fc \u00d6zel Oturumu\u2019na kat\u0131lmak \u00fczere gitti\u011fi New York\u2019ta, T\u00fcrkevi\u2019nde bir grup T\u00fcrk gazeteciyle d\u0131\u015f politikadaki geli\u015fmeler konusunda sohbet etti. K\u0131br\u0131s meselesi kapsam\u0131nda adan\u0131n etraf\u0131ndaki hidrokarbon zenginliklerinin","og_url":"https:\/\/kibrisdakik.com\/?p=4459","article_published_time":"2023-04-03T07:38:58+00:00","og_image":[{"width":480,"height":320,"url":"https:\/\/kibrisdakik.com\/wp-content\/uploads\/2023\/04\/mevlut-cavusoglu-2323-2.jpg","type":"image\/jpeg"}],"author":"admin","twitter_card":"summary_large_image","twitter_misc":{"Yazan:":"admin","Tahmini okuma s\u00fcresi":"1 dakika"},"schema":{"@context":"https:\/\/schema.org","@graph":[{"@type":"Article","@id":"https:\/\/kibrisdakik.com\/?p=4459#article","isPartOf":{"@id":"https:\/\/kibrisdakik.com\/?p=4459"},"author":{"name":"admin","@id":"https:\/\/kibrisdakik.com\/#\/schema\/person\/9cd9d437bbb44f72b73ba127e06d8e79"},"headline":"T\u00fcrkiye D\u0131\u015fi\u015fleri Bakan\u0131 \u00c7avu\u015fo\u011flu:K\u0131br\u0131s\u2019ta kal\u0131c\u0131 bir \u00e7\u00f6z\u00fcm\u00fcn olmamas\u0131 her zaman bir gerginlik sebebi","datePublished":"2023-04-03T07:38:58+00:00","mainEntityOfPage":{"@id":"https:\/\/kibrisdakik.com\/?p=4459"},"wordCount":158,"commentCount":0,"image":{"@id":"https:\/\/kibrisdakik.com\/?p=4459#primaryimage"},"thumbnailUrl":"https:\/\/kibrisdakik.com\/wp-content\/uploads\/2023\/04\/mevlut-cavusoglu-2323-2.jpg","articleSection":["G\u00fcndem"],"inLanguage":"tr","potentialAction":[{"@type":"CommentAction","name":"Comment","target":["https:\/\/kibrisdakik.com\/?p=4459#respond"]}]},{"@type":"WebPage","@id":"https:\/\/kibrisdakik.com\/?p=4459","url":"https:\/\/kibrisdakik.com\/?p=4459","name":"T\u00fcrkiye D\u0131\u015fi\u015fleri Bakan\u0131 \u00c7avu\u015fo\u011flu:K\u0131br\u0131s\u2019ta kal\u0131c\u0131 bir \u00e7\u00f6z\u00fcm\u00fcn olmamas\u0131 her zaman bir gerginlik sebebi -","isPartOf":{"@id":"https:\/\/kibrisdakik.com\/#website"},"primaryImageOfPage":{"@id":"https:\/\/kibrisdakik.com\/?p=4459#primaryimage"},"image":{"@id":"https:\/\/kibrisdakik.com\/?p=4459#primaryimage"},"thumbnailUrl":"https:\/\/kibrisdakik.com\/wp-content\/uploads\/2023\/04\/mevlut-cavusoglu-2323-2.jpg","datePublished":"2023-04-03T07:38:58+00:00","author":{"@id":"https:\/\/kibrisdakik.com\/#\/schema\/person\/9cd9d437bbb44f72b73ba127e06d8e79"},"breadcrumb":{"@id":"https:\/\/kibrisdakik.com\/?p=4459#breadcrumb"},"inLanguage":"tr","potentialAction":[{"@type":"ReadAction","target":["https:\/\/kibrisdakik.com\/?p=4459"]}]},{"@type":"ImageObject","inLanguage":"tr","@id":"https:\/\/kibrisdakik.com\/?p=4459#primaryimage","url":"https:\/\/kibrisdakik.com\/wp-content\/uploads\/2023\/04\/mevlut-cavusoglu-2323-2.jpg","contentUrl":"https:\/\/kibrisdakik.com\/wp-content\/uploads\/2023\/04\/mevlut-cavusoglu-2323-2.jpg","width":480,"height":320},{"@type":"BreadcrumbList","@id":"https:\/\/kibrisdakik.com\/?p=4459#breadcrumb","itemListElement":[{"@type":"ListItem","position":1,"name":"Home","item":"https:\/\/kibrisdakik.com\/"},{"@type":"ListItem","position":2,"name":"T\u00fcrkiye D\u0131\u015fi\u015fleri Bakan\u0131 \u00c7avu\u015fo\u011flu:K\u0131br\u0131s\u2019ta kal\u0131c\u0131 bir \u00e7\u00f6z\u00fcm\u00fcn olmamas\u0131 her zaman bir gerginlik sebebi"}]},{"@type":"WebSite","@id":"https:\/\/kibrisdakik.com\/#website","url":"https:\/\/kibrisdakik.com\/","name":"","description":"Tam vaktinde haber","potentialAction":[{"@type":"SearchAction","target":{"@type":"EntryPoint","urlTemplate":"https:\/\/kibrisdakik.com\/?s={search_term_string}"},"query-input":{"@type":"PropertyValueSpecification","valueRequired":true,"valueName":"search_term_string"}}],"inLanguage":"tr"},{"@type":"Person","@id":"https:\/\/kibrisdakik.com\/#\/schema\/person\/9cd9d437bbb44f72b73ba127e06d8e79","name":"admin","image":{"@type":"ImageObject","inLanguage":"tr","@id":"https:\/\/secure.gravatar.com\/avatar\/ccc17943b9d660506c869530f897617f7cb1c21a4bf30023f252596d83e1f007?s=96&d=mm&r=g","url":"https:\/\/secure.gravatar.com\/avatar\/ccc17943b9d660506c869530f897617f7cb1c21a4bf30023f252596d83e1f007?s=96&d=mm&r=g","contentUrl":"https:\/\/secure.gravatar.com\/avatar\/ccc17943b9d660506c869530f897617f7cb1c21a4bf30023f252596d83e1f007?s=96&d=mm&r=g","caption":"admin"},"sameAs":["https:\/\/kibrisdakik.com"],"url":"https:\/\/kibrisdakik.com\/?author=1"}]}},"_links":{"self":[{"href":"https:\/\/kibrisdakik.com\/index.php?rest_route=\/wp\/v2\/posts\/4459","targetHints":{"allow":["GET"]}}],"collection":[{"href":"https:\/\/kibrisdakik.com\/index.php?rest_route=\/wp\/v2\/posts"}],"about":[{"href":"https:\/\/kibrisdakik.com\/index.php?rest_route=\/wp\/v2\/types\/post"}],"author":[{"embeddable":true,"href":"https:\/\/kibrisdakik.com\/index.php?rest_route=\/wp\/v2\/users\/1"}],"replies":[{"embeddable":true,"href":"https:\/\/kibrisdakik.com\/index.php?rest_route=%2Fwp%2Fv2%2Fcomments&post=4459"}],"version-history":[{"count":0,"href":"https:\/\/kibrisdakik.com\/index.php?rest_route=\/wp\/v2\/posts\/4459\/revisions"}],"wp:featuredmedia":[{"embeddable":true,"href":"https:\/\/kibrisdakik.com\/index.php?rest_route=\/wp\/v2\/media\/4460"}],"wp:attachment":[{"href":"https:\/\/kibrisdakik.com\/index.php?rest_route=%2Fwp%2Fv2%2Fmedia&parent=4459"}],"wp:term":[{"taxonomy":"category","embeddable":true,"href":"https:\/\/kibrisdakik.com\/index.php?rest_route=%2Fwp%2Fv2%2Fcategories&post=4459"},{"taxonomy":"post_tag","embeddable":true,"href":"https:\/\/kibrisdakik.com\/index.php?rest_route=%2Fwp%2Fv2%2Ftags&post=4459"}],"curies":[{"name":"wp","href":"https:\/\/api.w.org\/{rel}","templated":true}]}}