{"id":44610,"date":"2024-06-05T07:35:26","date_gmt":"2024-06-05T07:35:26","guid":{"rendered":"https:\/\/kibrisdakik.com\/index.php\/2024\/06\/05\/tarim-bakani-cavus-surdurulebilir-tarim-uygulamalarini-tesvik-etmekte-kararliyiz\/"},"modified":"2024-06-05T07:35:26","modified_gmt":"2024-06-05T07:35:26","slug":"tarim-bakani-cavus-surdurulebilir-tarim-uygulamalarini-tesvik-etmekte-kararliyiz","status":"publish","type":"post","link":"https:\/\/kibrisdakik.com\/?p=44610","title":{"rendered":"Tar\u0131m Bakan\u0131 \u00c7avu\u015f: \u201cS\u00fcrd\u00fcr\u00fclebilir tar\u0131m uygulamalar\u0131n\u0131 te\u015fvik etmekte kararl\u0131y\u0131z\u201d"},"content":{"rendered":"<p><\/p>\n<div>\n<div class=\"mariselle-image-container center\">\n                <img loading=\"lazy\" decoding=\"async\" width=\"1024\" height=\"680\" class=\"lazy-image\" alt=\"\" sizes=\"auto, (max-width: 1024px) 100vw, 1024px\" src=\"https:\/\/brtk.net\/wp-content\/uploads\/2024\/04\/09\/huseyin-cavus-bayram-mesaji.jpeg?ver=3e09acba64577b3c47686a8192c58293\" srcset=\"https:\/\/brtk.net\/wp-content\/uploads\/2024\/04\/09\/huseyin-cavus-bayram-mesaji.jpeg?ver=3e09acba64577b3c47686a8192c58293 1024w, https:\/\/brtk.net\/wp-content\/uploads\/2024\/04\/09\/huseyin-cavus-bayram-mesaji-300x199.jpeg?ver=aa4713fb4ee9ee3d199e0ec8e2960097 300w, https:\/\/brtk.net\/wp-content\/uploads\/2024\/04\/09\/huseyin-cavus-bayram-mesaji-768x510.jpeg?ver=aa4713fb4ee9ee3d199e0ec8e2960097 768w\"\/>                            <\/div>\n<p>Tar\u0131m ve Do\u011fal Kaynaklar Bakan\u0131 H\u00fcseyin \u00c7avu\u015f, D\u00fcnya \u00c7evre G\u00fcn\u00fc dolay\u0131s\u0131yla yay\u0131nlad\u0131\u011f\u0131 mesajda, \u00e7evreyi korumak ve s\u00fcrd\u00fcr\u00fclebilir tar\u0131m uygulamalar\u0131n\u0131 te\u015fvik etmekte kararl\u0131 oldu\u011funu vurgulad\u0131.<\/p>\n<p>\u00c7evre G\u00fcn\u00fc\u2019n\u00fcn, do\u011fan\u0131n sundu\u011fu de\u011ferleri hat\u0131rlamak, do\u011fal kaynaklar\u0131 korumak ve gelecek nesillere temiz bir \u00e7evre b\u0131rakma taahh\u00fcd\u00fcn\u00fc peki\u015ftirmek i\u00e7in bir f\u0131rsat oldu\u011fu vurgulanan mesaj \u015f\u00f6yle s\u00fcrd\u00fc:<\/p>\n<p>\u201c\u00dclkemiz, do\u011fal g\u00fczellikleri ve zengin biyo\u00e7e\u015fitlili\u011fiyle b\u00fcy\u00fck bir hazineye sahiptir ve bu de\u011ferleri korumak hepimizin sorumlulu\u011fudur.<\/p>\n<p>Tar\u0131m ve Do\u011fal Kaynaklar Bakanl\u0131\u011f\u0131 olarak, \u00e7evremizi korumak ve s\u00fcrd\u00fcr\u00fclebilir tar\u0131m uygulamalar\u0131n\u0131 te\u015fvik etmek i\u00e7in kararl\u0131y\u0131z. Do\u011fal kaynaklar\u0131m\u0131z\u0131 verimli bir \u015fekilde kullanarak gelecek nesillere temiz ve sa\u011fl\u0131kl\u0131 bir \u00e7evre b\u0131rakma taahh\u00fcd\u00fcm\u00fcz\u00fc s\u00fcrd\u00fcr\u00fcyoruz.<\/p>\n<p>D\u00fcnya \u00c7evre G\u00fcn\u00fc\u2019n\u00fc kutlarken, do\u011faya olan sevgimizi ve sorumlulu\u011fumuzu bir kez daha hat\u0131rlayal\u0131m. Hep birlikte, daha temiz, daha sa\u011fl\u0131kl\u0131 ve daha s\u00fcrd\u00fcr\u00fclebilir bir d\u00fcnya i\u00e7in \u00e7al\u0131\u015fmaya devam edelim.\u201d<\/p>\n<\/p><\/div>\n<p><script async\n                    defer\n                    crossorigin=\"anonymous\"\n                    src=\"https:\/\/connect.facebook.net\/tr_TR\/sdk.js#xfbml=1&#038;version=v3.3\"\n            ><\/script><\/p>\n","protected":false},"excerpt":{"rendered":"<p>Tar\u0131m ve Do\u011fal Kaynaklar Bakan\u0131 H\u00fcseyin \u00c7avu\u015f, D\u00fcnya \u00c7evre G\u00fcn\u00fc dolay\u0131s\u0131yla yay\u0131nlad\u0131\u011f\u0131 mesajda, \u00e7evreyi korumak ve s\u00fcrd\u00fcr\u00fclebilir tar\u0131m uygulamalar\u0131n\u0131 te\u015fvik etmekte kararl\u0131 oldu\u011funu vurgulad\u0131. \u00c7evre G\u00fcn\u00fc\u2019n\u00fcn, do\u011fan\u0131n sundu\u011fu de\u011ferleri hat\u0131rlamak, do\u011fal kaynaklar\u0131 korumak ve gelecek nesillere temiz bir \u00e7evre b\u0131rakma taahh\u00fcd\u00fcn\u00fc peki\u015ftirmek i\u00e7in bir f\u0131rsat oldu\u011fu vurgulanan mesaj \u015f\u00f6yle s\u00fcrd\u00fc: \u201c\u00dclkemiz, do\u011fal g\u00fczellikleri ve zengin<\/p>\n","protected":false},"author":1,"featured_media":37647,"comment_status":"open","ping_status":"open","sticky":false,"template":"","format":"standard","meta":{"footnotes":""},"categories":[1],"tags":[],"class_list":["post-44610","post","type-post","status-publish","format-standard","has-post-thumbnail","hentry","category-gundem"],"yoast_head":"<!-- This site is optimized with the Yoast SEO plugin v27.5 - https:\/\/yoast.com\/product\/yoast-seo-wordpress\/ -->\n<title>Tar\u0131m Bakan\u0131 \u00c7avu\u015f: \u201cS\u00fcrd\u00fcr\u00fclebilir tar\u0131m uygulamalar\u0131n\u0131 te\u015fvik etmekte kararl\u0131y\u0131z\u201d -<\/title>\n<meta name=\"robots\" content=\"index, follow, max-snippet:-1, max-image-preview:large, max-video-preview:-1\" \/>\n<link rel=\"canonical\" href=\"https:\/\/kibrisdakik.com\/?p=44610\" \/>\n<meta property=\"og:locale\" content=\"tr_TR\" \/>\n<meta property=\"og:type\" content=\"article\" \/>\n<meta property=\"og:title\" content=\"Tar\u0131m Bakan\u0131 \u00c7avu\u015f: \u201cS\u00fcrd\u00fcr\u00fclebilir tar\u0131m uygulamalar\u0131n\u0131 te\u015fvik etmekte kararl\u0131y\u0131z\u201d -\" \/>\n<meta property=\"og:description\" content=\"Tar\u0131m ve Do\u011fal Kaynaklar Bakan\u0131 H\u00fcseyin \u00c7avu\u015f, D\u00fcnya \u00c7evre G\u00fcn\u00fc dolay\u0131s\u0131yla yay\u0131nlad\u0131\u011f\u0131 mesajda, \u00e7evreyi korumak ve s\u00fcrd\u00fcr\u00fclebilir tar\u0131m uygulamalar\u0131n\u0131 te\u015fvik etmekte kararl\u0131 oldu\u011funu vurgulad\u0131. \u00c7evre G\u00fcn\u00fc\u2019n\u00fcn, do\u011fan\u0131n sundu\u011fu de\u011ferleri hat\u0131rlamak, do\u011fal kaynaklar\u0131 korumak ve gelecek nesillere temiz bir \u00e7evre b\u0131rakma taahh\u00fcd\u00fcn\u00fc peki\u015ftirmek i\u00e7in bir f\u0131rsat oldu\u011fu vurgulanan mesaj \u015f\u00f6yle s\u00fcrd\u00fc: \u201c\u00dclkemiz, do\u011fal g\u00fczellikleri ve zengin\" \/>\n<meta property=\"og:url\" content=\"https:\/\/kibrisdakik.com\/?p=44610\" \/>\n<meta property=\"article:published_time\" content=\"2024-06-05T07:35:26+00:00\" \/>\n<meta property=\"og:image\" content=\"https:\/\/kibrisdakik.com\/wp-content\/uploads\/2024\/04\/huseyin-cavus-bayram-mesaji-740x420.jpeg\" \/>\n\t<meta property=\"og:image:width\" content=\"1024\" \/>\n\t<meta property=\"og:image:height\" content=\"680\" \/>\n\t<meta property=\"og:image:type\" content=\"image\/jpeg\" \/>\n<meta name=\"author\" content=\"admin\" \/>\n<meta name=\"twitter:card\" content=\"summary_large_image\" \/>\n<meta name=\"twitter:label1\" content=\"Yazan:\" \/>\n\t<meta name=\"twitter:data1\" content=\"admin\" \/>\n\t<meta name=\"twitter:label2\" content=\"Tahmini okuma s\u00fcresi\" \/>\n\t<meta name=\"twitter:data2\" content=\"1 dakika\" \/>\n<script type=\"application\/ld+json\" class=\"yoast-schema-graph\">{\"@context\":\"https:\\\/\\\/schema.org\",\"@graph\":[{\"@type\":\"Article\",\"@id\":\"https:\\\/\\\/kibrisdakik.com\\\/?p=44610#article\",\"isPartOf\":{\"@id\":\"https:\\\/\\\/kibrisdakik.com\\\/?p=44610\"},\"author\":{\"name\":\"admin\",\"@id\":\"https:\\\/\\\/kibrisdakik.com\\\/#\\\/schema\\\/person\\\/9cd9d437bbb44f72b73ba127e06d8e79\"},\"headline\":\"Tar\u0131m Bakan\u0131 \u00c7avu\u015f: \u201cS\u00fcrd\u00fcr\u00fclebilir tar\u0131m uygulamalar\u0131n\u0131 te\u015fvik etmekte kararl\u0131y\u0131z\u201d\",\"datePublished\":\"2024-06-05T07:35:26+00:00\",\"mainEntityOfPage\":{\"@id\":\"https:\\\/\\\/kibrisdakik.com\\\/?p=44610\"},\"wordCount\":223,\"commentCount\":0,\"image\":{\"@id\":\"https:\\\/\\\/kibrisdakik.com\\\/?p=44610#primaryimage\"},\"thumbnailUrl\":\"https:\\\/\\\/kibrisdakik.com\\\/wp-content\\\/uploads\\\/2024\\\/04\\\/huseyin-cavus-bayram-mesaji-740x420.jpeg\",\"articleSection\":[\"G\u00fcndem\"],\"inLanguage\":\"tr\",\"potentialAction\":[{\"@type\":\"CommentAction\",\"name\":\"Comment\",\"target\":[\"https:\\\/\\\/kibrisdakik.com\\\/?p=44610#respond\"]}]},{\"@type\":\"WebPage\",\"@id\":\"https:\\\/\\\/kibrisdakik.com\\\/?p=44610\",\"url\":\"https:\\\/\\\/kibrisdakik.com\\\/?p=44610\",\"name\":\"Tar\u0131m Bakan\u0131 \u00c7avu\u015f: \u201cS\u00fcrd\u00fcr\u00fclebilir tar\u0131m uygulamalar\u0131n\u0131 te\u015fvik etmekte kararl\u0131y\u0131z\u201d -\",\"isPartOf\":{\"@id\":\"https:\\\/\\\/kibrisdakik.com\\\/#website\"},\"primaryImageOfPage\":{\"@id\":\"https:\\\/\\\/kibrisdakik.com\\\/?p=44610#primaryimage\"},\"image\":{\"@id\":\"https:\\\/\\\/kibrisdakik.com\\\/?p=44610#primaryimage\"},\"thumbnailUrl\":\"https:\\\/\\\/kibrisdakik.com\\\/wp-content\\\/uploads\\\/2024\\\/04\\\/huseyin-cavus-bayram-mesaji-740x420.jpeg\",\"datePublished\":\"2024-06-05T07:35:26+00:00\",\"author\":{\"@id\":\"https:\\\/\\\/kibrisdakik.com\\\/#\\\/schema\\\/person\\\/9cd9d437bbb44f72b73ba127e06d8e79\"},\"breadcrumb\":{\"@id\":\"https:\\\/\\\/kibrisdakik.com\\\/?p=44610#breadcrumb\"},\"inLanguage\":\"tr\",\"potentialAction\":[{\"@type\":\"ReadAction\",\"target\":[\"https:\\\/\\\/kibrisdakik.com\\\/?p=44610\"]}]},{\"@type\":\"ImageObject\",\"inLanguage\":\"tr\",\"@id\":\"https:\\\/\\\/kibrisdakik.com\\\/?p=44610#primaryimage\",\"url\":\"https:\\\/\\\/kibrisdakik.com\\\/wp-content\\\/uploads\\\/2024\\\/04\\\/huseyin-cavus-bayram-mesaji-740x420.jpeg\",\"contentUrl\":\"https:\\\/\\\/kibrisdakik.com\\\/wp-content\\\/uploads\\\/2024\\\/04\\\/huseyin-cavus-bayram-mesaji-740x420.jpeg\",\"width\":1024,\"height\":680},{\"@type\":\"BreadcrumbList\",\"@id\":\"https:\\\/\\\/kibrisdakik.com\\\/?p=44610#breadcrumb\",\"itemListElement\":[{\"@type\":\"ListItem\",\"position\":1,\"name\":\"Home\",\"item\":\"https:\\\/\\\/kibrisdakik.com\\\/\"},{\"@type\":\"ListItem\",\"position\":2,\"name\":\"Tar\u0131m Bakan\u0131 \u00c7avu\u015f: \u201cS\u00fcrd\u00fcr\u00fclebilir tar\u0131m uygulamalar\u0131n\u0131 te\u015fvik etmekte kararl\u0131y\u0131z\u201d\"}]},{\"@type\":\"WebSite\",\"@id\":\"https:\\\/\\\/kibrisdakik.com\\\/#website\",\"url\":\"https:\\\/\\\/kibrisdakik.com\\\/\",\"name\":\"\",\"description\":\"Tam vaktinde haber\",\"potentialAction\":[{\"@type\":\"SearchAction\",\"target\":{\"@type\":\"EntryPoint\",\"urlTemplate\":\"https:\\\/\\\/kibrisdakik.com\\\/?s={search_term_string}\"},\"query-input\":{\"@type\":\"PropertyValueSpecification\",\"valueRequired\":true,\"valueName\":\"search_term_string\"}}],\"inLanguage\":\"tr\"},{\"@type\":\"Person\",\"@id\":\"https:\\\/\\\/kibrisdakik.com\\\/#\\\/schema\\\/person\\\/9cd9d437bbb44f72b73ba127e06d8e79\",\"name\":\"admin\",\"image\":{\"@type\":\"ImageObject\",\"inLanguage\":\"tr\",\"@id\":\"https:\\\/\\\/secure.gravatar.com\\\/avatar\\\/ccc17943b9d660506c869530f897617f7cb1c21a4bf30023f252596d83e1f007?s=96&d=mm&r=g\",\"url\":\"https:\\\/\\\/secure.gravatar.com\\\/avatar\\\/ccc17943b9d660506c869530f897617f7cb1c21a4bf30023f252596d83e1f007?s=96&d=mm&r=g\",\"contentUrl\":\"https:\\\/\\\/secure.gravatar.com\\\/avatar\\\/ccc17943b9d660506c869530f897617f7cb1c21a4bf30023f252596d83e1f007?s=96&d=mm&r=g\",\"caption\":\"admin\"},\"sameAs\":[\"https:\\\/\\\/kibrisdakik.com\"],\"url\":\"https:\\\/\\\/kibrisdakik.com\\\/?author=1\"}]}<\/script>\n<!-- \/ Yoast SEO plugin. -->","yoast_head_json":{"title":"Tar\u0131m Bakan\u0131 \u00c7avu\u015f: \u201cS\u00fcrd\u00fcr\u00fclebilir tar\u0131m uygulamalar\u0131n\u0131 te\u015fvik etmekte kararl\u0131y\u0131z\u201d -","robots":{"index":"index","follow":"follow","max-snippet":"max-snippet:-1","max-image-preview":"max-image-preview:large","max-video-preview":"max-video-preview:-1"},"canonical":"https:\/\/kibrisdakik.com\/?p=44610","og_locale":"tr_TR","og_type":"article","og_title":"Tar\u0131m Bakan\u0131 \u00c7avu\u015f: \u201cS\u00fcrd\u00fcr\u00fclebilir tar\u0131m uygulamalar\u0131n\u0131 te\u015fvik etmekte kararl\u0131y\u0131z\u201d -","og_description":"Tar\u0131m ve Do\u011fal Kaynaklar Bakan\u0131 H\u00fcseyin \u00c7avu\u015f, D\u00fcnya \u00c7evre G\u00fcn\u00fc dolay\u0131s\u0131yla yay\u0131nlad\u0131\u011f\u0131 mesajda, \u00e7evreyi korumak ve s\u00fcrd\u00fcr\u00fclebilir tar\u0131m uygulamalar\u0131n\u0131 te\u015fvik etmekte kararl\u0131 oldu\u011funu vurgulad\u0131. \u00c7evre G\u00fcn\u00fc\u2019n\u00fcn, do\u011fan\u0131n sundu\u011fu de\u011ferleri hat\u0131rlamak, do\u011fal kaynaklar\u0131 korumak ve gelecek nesillere temiz bir \u00e7evre b\u0131rakma taahh\u00fcd\u00fcn\u00fc peki\u015ftirmek i\u00e7in bir f\u0131rsat oldu\u011fu vurgulanan mesaj \u015f\u00f6yle s\u00fcrd\u00fc: \u201c\u00dclkemiz, do\u011fal g\u00fczellikleri ve zengin","og_url":"https:\/\/kibrisdakik.com\/?p=44610","article_published_time":"2024-06-05T07:35:26+00:00","og_image":[{"width":1024,"height":680,"url":"https:\/\/kibrisdakik.com\/wp-content\/uploads\/2024\/04\/huseyin-cavus-bayram-mesaji-740x420.jpeg","type":"image\/jpeg"}],"author":"admin","twitter_card":"summary_large_image","twitter_misc":{"Yazan:":"admin","Tahmini okuma s\u00fcresi":"1 dakika"},"schema":{"@context":"https:\/\/schema.org","@graph":[{"@type":"Article","@id":"https:\/\/kibrisdakik.com\/?p=44610#article","isPartOf":{"@id":"https:\/\/kibrisdakik.com\/?p=44610"},"author":{"name":"admin","@id":"https:\/\/kibrisdakik.com\/#\/schema\/person\/9cd9d437bbb44f72b73ba127e06d8e79"},"headline":"Tar\u0131m Bakan\u0131 \u00c7avu\u015f: \u201cS\u00fcrd\u00fcr\u00fclebilir tar\u0131m uygulamalar\u0131n\u0131 te\u015fvik etmekte kararl\u0131y\u0131z\u201d","datePublished":"2024-06-05T07:35:26+00:00","mainEntityOfPage":{"@id":"https:\/\/kibrisdakik.com\/?p=44610"},"wordCount":223,"commentCount":0,"image":{"@id":"https:\/\/kibrisdakik.com\/?p=44610#primaryimage"},"thumbnailUrl":"https:\/\/kibrisdakik.com\/wp-content\/uploads\/2024\/04\/huseyin-cavus-bayram-mesaji-740x420.jpeg","articleSection":["G\u00fcndem"],"inLanguage":"tr","potentialAction":[{"@type":"CommentAction","name":"Comment","target":["https:\/\/kibrisdakik.com\/?p=44610#respond"]}]},{"@type":"WebPage","@id":"https:\/\/kibrisdakik.com\/?p=44610","url":"https:\/\/kibrisdakik.com\/?p=44610","name":"Tar\u0131m Bakan\u0131 \u00c7avu\u015f: \u201cS\u00fcrd\u00fcr\u00fclebilir tar\u0131m uygulamalar\u0131n\u0131 te\u015fvik etmekte kararl\u0131y\u0131z\u201d -","isPartOf":{"@id":"https:\/\/kibrisdakik.com\/#website"},"primaryImageOfPage":{"@id":"https:\/\/kibrisdakik.com\/?p=44610#primaryimage"},"image":{"@id":"https:\/\/kibrisdakik.com\/?p=44610#primaryimage"},"thumbnailUrl":"https:\/\/kibrisdakik.com\/wp-content\/uploads\/2024\/04\/huseyin-cavus-bayram-mesaji-740x420.jpeg","datePublished":"2024-06-05T07:35:26+00:00","author":{"@id":"https:\/\/kibrisdakik.com\/#\/schema\/person\/9cd9d437bbb44f72b73ba127e06d8e79"},"breadcrumb":{"@id":"https:\/\/kibrisdakik.com\/?p=44610#breadcrumb"},"inLanguage":"tr","potentialAction":[{"@type":"ReadAction","target":["https:\/\/kibrisdakik.com\/?p=44610"]}]},{"@type":"ImageObject","inLanguage":"tr","@id":"https:\/\/kibrisdakik.com\/?p=44610#primaryimage","url":"https:\/\/kibrisdakik.com\/wp-content\/uploads\/2024\/04\/huseyin-cavus-bayram-mesaji-740x420.jpeg","contentUrl":"https:\/\/kibrisdakik.com\/wp-content\/uploads\/2024\/04\/huseyin-cavus-bayram-mesaji-740x420.jpeg","width":1024,"height":680},{"@type":"BreadcrumbList","@id":"https:\/\/kibrisdakik.com\/?p=44610#breadcrumb","itemListElement":[{"@type":"ListItem","position":1,"name":"Home","item":"https:\/\/kibrisdakik.com\/"},{"@type":"ListItem","position":2,"name":"Tar\u0131m Bakan\u0131 \u00c7avu\u015f: \u201cS\u00fcrd\u00fcr\u00fclebilir tar\u0131m uygulamalar\u0131n\u0131 te\u015fvik etmekte kararl\u0131y\u0131z\u201d"}]},{"@type":"WebSite","@id":"https:\/\/kibrisdakik.com\/#website","url":"https:\/\/kibrisdakik.com\/","name":"","description":"Tam vaktinde haber","potentialAction":[{"@type":"SearchAction","target":{"@type":"EntryPoint","urlTemplate":"https:\/\/kibrisdakik.com\/?s={search_term_string}"},"query-input":{"@type":"PropertyValueSpecification","valueRequired":true,"valueName":"search_term_string"}}],"inLanguage":"tr"},{"@type":"Person","@id":"https:\/\/kibrisdakik.com\/#\/schema\/person\/9cd9d437bbb44f72b73ba127e06d8e79","name":"admin","image":{"@type":"ImageObject","inLanguage":"tr","@id":"https:\/\/secure.gravatar.com\/avatar\/ccc17943b9d660506c869530f897617f7cb1c21a4bf30023f252596d83e1f007?s=96&d=mm&r=g","url":"https:\/\/secure.gravatar.com\/avatar\/ccc17943b9d660506c869530f897617f7cb1c21a4bf30023f252596d83e1f007?s=96&d=mm&r=g","contentUrl":"https:\/\/secure.gravatar.com\/avatar\/ccc17943b9d660506c869530f897617f7cb1c21a4bf30023f252596d83e1f007?s=96&d=mm&r=g","caption":"admin"},"sameAs":["https:\/\/kibrisdakik.com"],"url":"https:\/\/kibrisdakik.com\/?author=1"}]}},"_links":{"self":[{"href":"https:\/\/kibrisdakik.com\/index.php?rest_route=\/wp\/v2\/posts\/44610","targetHints":{"allow":["GET"]}}],"collection":[{"href":"https:\/\/kibrisdakik.com\/index.php?rest_route=\/wp\/v2\/posts"}],"about":[{"href":"https:\/\/kibrisdakik.com\/index.php?rest_route=\/wp\/v2\/types\/post"}],"author":[{"embeddable":true,"href":"https:\/\/kibrisdakik.com\/index.php?rest_route=\/wp\/v2\/users\/1"}],"replies":[{"embeddable":true,"href":"https:\/\/kibrisdakik.com\/index.php?rest_route=%2Fwp%2Fv2%2Fcomments&post=44610"}],"version-history":[{"count":0,"href":"https:\/\/kibrisdakik.com\/index.php?rest_route=\/wp\/v2\/posts\/44610\/revisions"}],"wp:featuredmedia":[{"embeddable":true,"href":"https:\/\/kibrisdakik.com\/index.php?rest_route=\/wp\/v2\/media\/37647"}],"wp:attachment":[{"href":"https:\/\/kibrisdakik.com\/index.php?rest_route=%2Fwp%2Fv2%2Fmedia&parent=44610"}],"wp:term":[{"taxonomy":"category","embeddable":true,"href":"https:\/\/kibrisdakik.com\/index.php?rest_route=%2Fwp%2Fv2%2Fcategories&post=44610"},{"taxonomy":"post_tag","embeddable":true,"href":"https:\/\/kibrisdakik.com\/index.php?rest_route=%2Fwp%2Fv2%2Ftags&post=44610"}],"curies":[{"name":"wp","href":"https:\/\/api.w.org\/{rel}","templated":true}]}}