{"id":44611,"date":"2024-06-05T07:38:51","date_gmt":"2024-06-05T07:38:51","guid":{"rendered":"https:\/\/kibrisdakik.com\/index.php\/2024\/06\/05\/2024-yili-tc-ile-kktc-hukumeti-arasinda-iktisadi-ve-mali-isbirligi-antlasmasi-bugun-imzalaniyor\/"},"modified":"2024-06-05T07:38:51","modified_gmt":"2024-06-05T07:38:51","slug":"2024-yili-tc-ile-kktc-hukumeti-arasinda-iktisadi-ve-mali-isbirligi-antlasmasi-bugun-imzalaniyor","status":"publish","type":"post","link":"https:\/\/kibrisdakik.com\/?p=44611","title":{"rendered":"2024 Y\u0131l\u0131 TC ile KKTC H\u00fck\u00fcmeti Aras\u0131nda \u0130ktisadi ve Mali \u0130\u015fbirli\u011fi Antla\u015fmas\u0131 bug\u00fcn imzalan\u0131yor"},"content":{"rendered":"<p><img decoding=\"async\" src=\"https:\/\/www.kibristurk.com\/images\/haberler\/2024\/06\/2024-yili-tc-ile-kktc-hukumeti-arasinda-iktisadi-ve-mali-isbirligi-antlasmasi-bugun-imzalaniyor-1717571263.webp\" \/><\/p>\n<p style=\"text-align:left\"><span style=\"font-family:Arial,Helvetica,sans-serif\"><span style=\"font-size:16px\"><span style=\"color:#000000\"><span style=\"background-color:#ffffff\">Cumhurba\u015fkanl\u0131\u011f\u0131 K\u00fclliyesi&#8217;nde bug\u00fcn saat 10.00\u2019da imzalanacak Kuzey K\u0131br\u0131s T\u00fcrk Cumhuriyeti H\u00fck\u00fcmeti Aras\u0131nda \u0130ktisadi ve Mali \u0130\u015fbirli\u011fi Antla\u015fmas\u0131 ard\u0131ndan Ba\u015fbakan \u00dcnal \u00dcstel ve T\u00fcrkiye Cumhurba\u015fkan\u0131 Yard\u0131mc\u0131s\u0131 Cevdet Y\u0131lmaz\u2019\u0131n ortak bas\u0131n a\u00e7\u0131klamas\u0131 yapmas\u0131 bekleniyor.<\/span><\/span><\/span><\/span><\/p>\n<p style=\"text-align:left\"><span style=\"font-family:Arial,Helvetica,sans-serif\"><span style=\"font-size:16px\"><span style=\"color:#000000\"><span style=\"background-color:#ffffff\">Ba\u015fbakan \u00dcnal \u00dcstel Kuzey K\u0131br\u0131s T\u00fcrk Cumhuriyeti H\u00fck\u00fcmeti Aras\u0131nda \u0130ktisadi ve Mali \u0130\u015fbirli\u011fi Antla\u015fmas\u0131 imza t\u00f6reni i\u00e7in d\u00fcn ak\u015fam Ankara\u2019ya gitmi\u015fti.<\/span><\/span><\/span><\/span><\/p>\n<p style=\"text-align:left\"><span style=\"font-family:Arial,Helvetica,sans-serif\"><span style=\"font-size:16px\"><span style=\"color:#000000\"><span style=\"background-color:#ffffff\">2024 Y\u0131l\u0131 \u0130ktisadi ve Mali \u0130\u015fbirli\u011fi Antla\u015fmas\u0131\u2019nda KKTC\u2019de ger\u00e7ekle\u015ftirilecek yeni projeler ve halihaz\u0131rda devam eden projeler i\u00e7in sa\u011flanacak mali desteklerin yan\u0131nda, sekt\u00f6rlerin g\u00fc\u00e7lendirilmesine y\u00f6nelik \u00f6nemli kredi ve hibe destekleri de yer al\u0131yor.<\/span><\/span><\/span><\/span><\/p>\n<p style=\"text-align:left\"><span style=\"font-family:Arial,Helvetica,sans-serif\"><span style=\"font-size:16px\"><span style=\"color:#000000\"><span style=\"background-color:#ffffff\">KKTC ve T\u00fcrkiye Cumhuriyeti h\u00fck\u00fcmet yetkililerinin, \u201cKKTC\u2019nin her alanda i\u00e7inde bar\u0131nd\u0131rd\u0131\u011f\u0131 b\u00fcy\u00fck potansiyelin ortaya \u00e7\u0131kar\u0131lmas\u0131, KKTC\u2019nin teknik altyap\u0131s\u0131n\u0131n iyile\u015ftirilmesi ve geli\u015ftirilmesi, T\u00fcrkiye ile KKTC aras\u0131ndaki ticaret hacminin ve \u00fcretim imkanlar\u0131n\u0131n art\u0131r\u0131lmas\u0131, sa\u011flanan desteklerin yerinde, etkin ve verimli kullan\u0131lmas\u0131 ve T\u00fcrkiye ile KKTC aras\u0131nda bulunan sars\u0131lmaz ili\u015fkilerinin daha da g\u00fc\u00e7lendirilmesi\u201d vizyonuyla, Kuzey K\u0131br\u0131s T\u00fcrk Cumhuriyeti\u2019nin \u00f6ncelikli ihtiya\u00e7lar\u0131 g\u00f6z \u00f6n\u00fcne al\u0131narak haz\u0131rlad\u0131klar\u0131 2024 Y\u0131l\u0131 \u0130ktisadi ve Mali \u0130\u015fbirli\u011fi Antla\u015fmas\u0131\u2019n\u0131n \u201c\u00f6nemli say\u0131da proje ve reformun k\u0131sa s\u00fcreler i\u00e7erisinde hayat bulmas\u0131na b\u00fcy\u00fck katk\u0131 yapaca\u011f\u0131\u201d vurguland\u0131.<\/span><\/span><\/span><\/span><\/p>\n","protected":false},"excerpt":{"rendered":"<p>Cumhurba\u015fkanl\u0131\u011f\u0131 K\u00fclliyesi&#8217;nde bug\u00fcn saat 10.00\u2019da imzalanacak Kuzey K\u0131br\u0131s T\u00fcrk Cumhuriyeti H\u00fck\u00fcmeti Aras\u0131nda \u0130ktisadi ve Mali \u0130\u015fbirli\u011fi Antla\u015fmas\u0131 ard\u0131ndan Ba\u015fbakan \u00dcnal \u00dcstel ve T\u00fcrkiye Cumhurba\u015fkan\u0131 Yard\u0131mc\u0131s\u0131 Cevdet Y\u0131lmaz\u2019\u0131n ortak bas\u0131n a\u00e7\u0131klamas\u0131 yapmas\u0131 bekleniyor. Ba\u015fbakan \u00dcnal \u00dcstel Kuzey K\u0131br\u0131s T\u00fcrk Cumhuriyeti H\u00fck\u00fcmeti Aras\u0131nda \u0130ktisadi ve Mali \u0130\u015fbirli\u011fi Antla\u015fmas\u0131 imza t\u00f6reni i\u00e7in d\u00fcn ak\u015fam Ankara\u2019ya gitmi\u015fti. 2024 Y\u0131l\u0131<\/p>\n","protected":false},"author":1,"featured_media":44612,"comment_status":"open","ping_status":"open","sticky":false,"template":"","format":"standard","meta":{"footnotes":""},"categories":[85],"tags":[],"class_list":["post-44611","post","type-post","status-publish","format-standard","has-post-thumbnail","hentry","category-spor"],"yoast_head":"<!-- This site is optimized with the Yoast SEO plugin v27.4 - https:\/\/yoast.com\/product\/yoast-seo-wordpress\/ -->\n<title>2024 Y\u0131l\u0131 TC ile KKTC H\u00fck\u00fcmeti Aras\u0131nda \u0130ktisadi ve Mali \u0130\u015fbirli\u011fi Antla\u015fmas\u0131 bug\u00fcn imzalan\u0131yor -<\/title>\n<meta name=\"robots\" content=\"index, follow, max-snippet:-1, max-image-preview:large, max-video-preview:-1\" \/>\n<link rel=\"canonical\" href=\"https:\/\/kibrisdakik.com\/?p=44611\" \/>\n<meta property=\"og:locale\" content=\"tr_TR\" \/>\n<meta property=\"og:type\" content=\"article\" \/>\n<meta property=\"og:title\" content=\"2024 Y\u0131l\u0131 TC ile KKTC H\u00fck\u00fcmeti Aras\u0131nda \u0130ktisadi ve Mali \u0130\u015fbirli\u011fi Antla\u015fmas\u0131 bug\u00fcn imzalan\u0131yor -\" \/>\n<meta property=\"og:description\" content=\"Cumhurba\u015fkanl\u0131\u011f\u0131 K\u00fclliyesi&#8217;nde bug\u00fcn saat 10.00\u2019da imzalanacak Kuzey K\u0131br\u0131s T\u00fcrk Cumhuriyeti H\u00fck\u00fcmeti Aras\u0131nda \u0130ktisadi ve Mali \u0130\u015fbirli\u011fi Antla\u015fmas\u0131 ard\u0131ndan Ba\u015fbakan \u00dcnal \u00dcstel ve T\u00fcrkiye Cumhurba\u015fkan\u0131 Yard\u0131mc\u0131s\u0131 Cevdet Y\u0131lmaz\u2019\u0131n ortak bas\u0131n a\u00e7\u0131klamas\u0131 yapmas\u0131 bekleniyor. Ba\u015fbakan \u00dcnal \u00dcstel Kuzey K\u0131br\u0131s T\u00fcrk Cumhuriyeti H\u00fck\u00fcmeti Aras\u0131nda \u0130ktisadi ve Mali \u0130\u015fbirli\u011fi Antla\u015fmas\u0131 imza t\u00f6reni i\u00e7in d\u00fcn ak\u015fam Ankara\u2019ya gitmi\u015fti. 2024 Y\u0131l\u0131\" \/>\n<meta property=\"og:url\" content=\"https:\/\/kibrisdakik.com\/?p=44611\" \/>\n<meta property=\"article:published_time\" content=\"2024-06-05T07:38:51+00:00\" \/>\n<meta property=\"og:image\" content=\"https:\/\/kibrisdakik.com\/wp-content\/uploads\/2024\/06\/2024-yili-tc-ile-kktc-hukumeti-arasinda-iktisadi-ve-mali-isbirligi-antlasmasi-bugun-imzalaniyor-1717571263.webp.webp\" \/>\n\t<meta property=\"og:image:width\" content=\"710\" \/>\n\t<meta property=\"og:image:height\" content=\"370\" \/>\n\t<meta property=\"og:image:type\" content=\"image\/webp\" \/>\n<meta name=\"author\" content=\"admin\" \/>\n<meta name=\"twitter:card\" content=\"summary_large_image\" \/>\n<meta name=\"twitter:label1\" content=\"Yazan:\" \/>\n\t<meta name=\"twitter:data1\" content=\"admin\" \/>\n\t<meta name=\"twitter:label2\" content=\"Tahmini okuma s\u00fcresi\" \/>\n\t<meta name=\"twitter:data2\" content=\"1 dakika\" \/>\n<script type=\"application\/ld+json\" class=\"yoast-schema-graph\">{\"@context\":\"https:\\\/\\\/schema.org\",\"@graph\":[{\"@type\":\"Article\",\"@id\":\"https:\\\/\\\/kibrisdakik.com\\\/?p=44611#article\",\"isPartOf\":{\"@id\":\"https:\\\/\\\/kibrisdakik.com\\\/?p=44611\"},\"author\":{\"name\":\"admin\",\"@id\":\"https:\\\/\\\/kibrisdakik.com\\\/#\\\/schema\\\/person\\\/9cd9d437bbb44f72b73ba127e06d8e79\"},\"headline\":\"2024 Y\u0131l\u0131 TC ile KKTC H\u00fck\u00fcmeti Aras\u0131nda \u0130ktisadi ve Mali \u0130\u015fbirli\u011fi Antla\u015fmas\u0131 bug\u00fcn imzalan\u0131yor\",\"datePublished\":\"2024-06-05T07:38:51+00:00\",\"mainEntityOfPage\":{\"@id\":\"https:\\\/\\\/kibrisdakik.com\\\/?p=44611\"},\"wordCount\":287,\"commentCount\":0,\"image\":{\"@id\":\"https:\\\/\\\/kibrisdakik.com\\\/?p=44611#primaryimage\"},\"thumbnailUrl\":\"https:\\\/\\\/kibrisdakik.com\\\/wp-content\\\/uploads\\\/2024\\\/06\\\/2024-yili-tc-ile-kktc-hukumeti-arasinda-iktisadi-ve-mali-isbirligi-antlasmasi-bugun-imzalaniyor-1717571263.webp.webp\",\"articleSection\":[\"Spor\"],\"inLanguage\":\"tr\",\"potentialAction\":[{\"@type\":\"CommentAction\",\"name\":\"Comment\",\"target\":[\"https:\\\/\\\/kibrisdakik.com\\\/?p=44611#respond\"]}]},{\"@type\":\"WebPage\",\"@id\":\"https:\\\/\\\/kibrisdakik.com\\\/?p=44611\",\"url\":\"https:\\\/\\\/kibrisdakik.com\\\/?p=44611\",\"name\":\"2024 Y\u0131l\u0131 TC ile KKTC H\u00fck\u00fcmeti Aras\u0131nda \u0130ktisadi ve Mali \u0130\u015fbirli\u011fi Antla\u015fmas\u0131 bug\u00fcn imzalan\u0131yor -\",\"isPartOf\":{\"@id\":\"https:\\\/\\\/kibrisdakik.com\\\/#website\"},\"primaryImageOfPage\":{\"@id\":\"https:\\\/\\\/kibrisdakik.com\\\/?p=44611#primaryimage\"},\"image\":{\"@id\":\"https:\\\/\\\/kibrisdakik.com\\\/?p=44611#primaryimage\"},\"thumbnailUrl\":\"https:\\\/\\\/kibrisdakik.com\\\/wp-content\\\/uploads\\\/2024\\\/06\\\/2024-yili-tc-ile-kktc-hukumeti-arasinda-iktisadi-ve-mali-isbirligi-antlasmasi-bugun-imzalaniyor-1717571263.webp.webp\",\"datePublished\":\"2024-06-05T07:38:51+00:00\",\"author\":{\"@id\":\"https:\\\/\\\/kibrisdakik.com\\\/#\\\/schema\\\/person\\\/9cd9d437bbb44f72b73ba127e06d8e79\"},\"breadcrumb\":{\"@id\":\"https:\\\/\\\/kibrisdakik.com\\\/?p=44611#breadcrumb\"},\"inLanguage\":\"tr\",\"potentialAction\":[{\"@type\":\"ReadAction\",\"target\":[\"https:\\\/\\\/kibrisdakik.com\\\/?p=44611\"]}]},{\"@type\":\"ImageObject\",\"inLanguage\":\"tr\",\"@id\":\"https:\\\/\\\/kibrisdakik.com\\\/?p=44611#primaryimage\",\"url\":\"https:\\\/\\\/kibrisdakik.com\\\/wp-content\\\/uploads\\\/2024\\\/06\\\/2024-yili-tc-ile-kktc-hukumeti-arasinda-iktisadi-ve-mali-isbirligi-antlasmasi-bugun-imzalaniyor-1717571263.webp.webp\",\"contentUrl\":\"https:\\\/\\\/kibrisdakik.com\\\/wp-content\\\/uploads\\\/2024\\\/06\\\/2024-yili-tc-ile-kktc-hukumeti-arasinda-iktisadi-ve-mali-isbirligi-antlasmasi-bugun-imzalaniyor-1717571263.webp.webp\",\"width\":710,\"height\":370},{\"@type\":\"BreadcrumbList\",\"@id\":\"https:\\\/\\\/kibrisdakik.com\\\/?p=44611#breadcrumb\",\"itemListElement\":[{\"@type\":\"ListItem\",\"position\":1,\"name\":\"Home\",\"item\":\"https:\\\/\\\/kibrisdakik.com\\\/\"},{\"@type\":\"ListItem\",\"position\":2,\"name\":\"2024 Y\u0131l\u0131 TC ile KKTC H\u00fck\u00fcmeti Aras\u0131nda \u0130ktisadi ve Mali \u0130\u015fbirli\u011fi Antla\u015fmas\u0131 bug\u00fcn imzalan\u0131yor\"}]},{\"@type\":\"WebSite\",\"@id\":\"https:\\\/\\\/kibrisdakik.com\\\/#website\",\"url\":\"https:\\\/\\\/kibrisdakik.com\\\/\",\"name\":\"\",\"description\":\"Tam vaktinde haber\",\"potentialAction\":[{\"@type\":\"SearchAction\",\"target\":{\"@type\":\"EntryPoint\",\"urlTemplate\":\"https:\\\/\\\/kibrisdakik.com\\\/?s={search_term_string}\"},\"query-input\":{\"@type\":\"PropertyValueSpecification\",\"valueRequired\":true,\"valueName\":\"search_term_string\"}}],\"inLanguage\":\"tr\"},{\"@type\":\"Person\",\"@id\":\"https:\\\/\\\/kibrisdakik.com\\\/#\\\/schema\\\/person\\\/9cd9d437bbb44f72b73ba127e06d8e79\",\"name\":\"admin\",\"image\":{\"@type\":\"ImageObject\",\"inLanguage\":\"tr\",\"@id\":\"https:\\\/\\\/secure.gravatar.com\\\/avatar\\\/ccc17943b9d660506c869530f897617f7cb1c21a4bf30023f252596d83e1f007?s=96&d=mm&r=g\",\"url\":\"https:\\\/\\\/secure.gravatar.com\\\/avatar\\\/ccc17943b9d660506c869530f897617f7cb1c21a4bf30023f252596d83e1f007?s=96&d=mm&r=g\",\"contentUrl\":\"https:\\\/\\\/secure.gravatar.com\\\/avatar\\\/ccc17943b9d660506c869530f897617f7cb1c21a4bf30023f252596d83e1f007?s=96&d=mm&r=g\",\"caption\":\"admin\"},\"sameAs\":[\"https:\\\/\\\/kibrisdakik.com\"],\"url\":\"https:\\\/\\\/kibrisdakik.com\\\/?author=1\"}]}<\/script>\n<!-- \/ Yoast SEO plugin. -->","yoast_head_json":{"title":"2024 Y\u0131l\u0131 TC ile KKTC H\u00fck\u00fcmeti Aras\u0131nda \u0130ktisadi ve Mali \u0130\u015fbirli\u011fi Antla\u015fmas\u0131 bug\u00fcn imzalan\u0131yor -","robots":{"index":"index","follow":"follow","max-snippet":"max-snippet:-1","max-image-preview":"max-image-preview:large","max-video-preview":"max-video-preview:-1"},"canonical":"https:\/\/kibrisdakik.com\/?p=44611","og_locale":"tr_TR","og_type":"article","og_title":"2024 Y\u0131l\u0131 TC ile KKTC H\u00fck\u00fcmeti Aras\u0131nda \u0130ktisadi ve Mali \u0130\u015fbirli\u011fi Antla\u015fmas\u0131 bug\u00fcn imzalan\u0131yor -","og_description":"Cumhurba\u015fkanl\u0131\u011f\u0131 K\u00fclliyesi&#8217;nde bug\u00fcn saat 10.00\u2019da imzalanacak Kuzey K\u0131br\u0131s T\u00fcrk Cumhuriyeti H\u00fck\u00fcmeti Aras\u0131nda \u0130ktisadi ve Mali \u0130\u015fbirli\u011fi Antla\u015fmas\u0131 ard\u0131ndan Ba\u015fbakan \u00dcnal \u00dcstel ve T\u00fcrkiye Cumhurba\u015fkan\u0131 Yard\u0131mc\u0131s\u0131 Cevdet Y\u0131lmaz\u2019\u0131n ortak bas\u0131n a\u00e7\u0131klamas\u0131 yapmas\u0131 bekleniyor. Ba\u015fbakan \u00dcnal \u00dcstel Kuzey K\u0131br\u0131s T\u00fcrk Cumhuriyeti H\u00fck\u00fcmeti Aras\u0131nda \u0130ktisadi ve Mali \u0130\u015fbirli\u011fi Antla\u015fmas\u0131 imza t\u00f6reni i\u00e7in d\u00fcn ak\u015fam Ankara\u2019ya gitmi\u015fti. 2024 Y\u0131l\u0131","og_url":"https:\/\/kibrisdakik.com\/?p=44611","article_published_time":"2024-06-05T07:38:51+00:00","og_image":[{"width":710,"height":370,"url":"https:\/\/kibrisdakik.com\/wp-content\/uploads\/2024\/06\/2024-yili-tc-ile-kktc-hukumeti-arasinda-iktisadi-ve-mali-isbirligi-antlasmasi-bugun-imzalaniyor-1717571263.webp.webp","type":"image\/webp"}],"author":"admin","twitter_card":"summary_large_image","twitter_misc":{"Yazan:":"admin","Tahmini okuma s\u00fcresi":"1 dakika"},"schema":{"@context":"https:\/\/schema.org","@graph":[{"@type":"Article","@id":"https:\/\/kibrisdakik.com\/?p=44611#article","isPartOf":{"@id":"https:\/\/kibrisdakik.com\/?p=44611"},"author":{"name":"admin","@id":"https:\/\/kibrisdakik.com\/#\/schema\/person\/9cd9d437bbb44f72b73ba127e06d8e79"},"headline":"2024 Y\u0131l\u0131 TC ile KKTC H\u00fck\u00fcmeti Aras\u0131nda \u0130ktisadi ve Mali \u0130\u015fbirli\u011fi Antla\u015fmas\u0131 bug\u00fcn imzalan\u0131yor","datePublished":"2024-06-05T07:38:51+00:00","mainEntityOfPage":{"@id":"https:\/\/kibrisdakik.com\/?p=44611"},"wordCount":287,"commentCount":0,"image":{"@id":"https:\/\/kibrisdakik.com\/?p=44611#primaryimage"},"thumbnailUrl":"https:\/\/kibrisdakik.com\/wp-content\/uploads\/2024\/06\/2024-yili-tc-ile-kktc-hukumeti-arasinda-iktisadi-ve-mali-isbirligi-antlasmasi-bugun-imzalaniyor-1717571263.webp.webp","articleSection":["Spor"],"inLanguage":"tr","potentialAction":[{"@type":"CommentAction","name":"Comment","target":["https:\/\/kibrisdakik.com\/?p=44611#respond"]}]},{"@type":"WebPage","@id":"https:\/\/kibrisdakik.com\/?p=44611","url":"https:\/\/kibrisdakik.com\/?p=44611","name":"2024 Y\u0131l\u0131 TC ile KKTC H\u00fck\u00fcmeti Aras\u0131nda \u0130ktisadi ve Mali \u0130\u015fbirli\u011fi Antla\u015fmas\u0131 bug\u00fcn imzalan\u0131yor -","isPartOf":{"@id":"https:\/\/kibrisdakik.com\/#website"},"primaryImageOfPage":{"@id":"https:\/\/kibrisdakik.com\/?p=44611#primaryimage"},"image":{"@id":"https:\/\/kibrisdakik.com\/?p=44611#primaryimage"},"thumbnailUrl":"https:\/\/kibrisdakik.com\/wp-content\/uploads\/2024\/06\/2024-yili-tc-ile-kktc-hukumeti-arasinda-iktisadi-ve-mali-isbirligi-antlasmasi-bugun-imzalaniyor-1717571263.webp.webp","datePublished":"2024-06-05T07:38:51+00:00","author":{"@id":"https:\/\/kibrisdakik.com\/#\/schema\/person\/9cd9d437bbb44f72b73ba127e06d8e79"},"breadcrumb":{"@id":"https:\/\/kibrisdakik.com\/?p=44611#breadcrumb"},"inLanguage":"tr","potentialAction":[{"@type":"ReadAction","target":["https:\/\/kibrisdakik.com\/?p=44611"]}]},{"@type":"ImageObject","inLanguage":"tr","@id":"https:\/\/kibrisdakik.com\/?p=44611#primaryimage","url":"https:\/\/kibrisdakik.com\/wp-content\/uploads\/2024\/06\/2024-yili-tc-ile-kktc-hukumeti-arasinda-iktisadi-ve-mali-isbirligi-antlasmasi-bugun-imzalaniyor-1717571263.webp.webp","contentUrl":"https:\/\/kibrisdakik.com\/wp-content\/uploads\/2024\/06\/2024-yili-tc-ile-kktc-hukumeti-arasinda-iktisadi-ve-mali-isbirligi-antlasmasi-bugun-imzalaniyor-1717571263.webp.webp","width":710,"height":370},{"@type":"BreadcrumbList","@id":"https:\/\/kibrisdakik.com\/?p=44611#breadcrumb","itemListElement":[{"@type":"ListItem","position":1,"name":"Home","item":"https:\/\/kibrisdakik.com\/"},{"@type":"ListItem","position":2,"name":"2024 Y\u0131l\u0131 TC ile KKTC H\u00fck\u00fcmeti Aras\u0131nda \u0130ktisadi ve Mali \u0130\u015fbirli\u011fi Antla\u015fmas\u0131 bug\u00fcn imzalan\u0131yor"}]},{"@type":"WebSite","@id":"https:\/\/kibrisdakik.com\/#website","url":"https:\/\/kibrisdakik.com\/","name":"","description":"Tam vaktinde haber","potentialAction":[{"@type":"SearchAction","target":{"@type":"EntryPoint","urlTemplate":"https:\/\/kibrisdakik.com\/?s={search_term_string}"},"query-input":{"@type":"PropertyValueSpecification","valueRequired":true,"valueName":"search_term_string"}}],"inLanguage":"tr"},{"@type":"Person","@id":"https:\/\/kibrisdakik.com\/#\/schema\/person\/9cd9d437bbb44f72b73ba127e06d8e79","name":"admin","image":{"@type":"ImageObject","inLanguage":"tr","@id":"https:\/\/secure.gravatar.com\/avatar\/ccc17943b9d660506c869530f897617f7cb1c21a4bf30023f252596d83e1f007?s=96&d=mm&r=g","url":"https:\/\/secure.gravatar.com\/avatar\/ccc17943b9d660506c869530f897617f7cb1c21a4bf30023f252596d83e1f007?s=96&d=mm&r=g","contentUrl":"https:\/\/secure.gravatar.com\/avatar\/ccc17943b9d660506c869530f897617f7cb1c21a4bf30023f252596d83e1f007?s=96&d=mm&r=g","caption":"admin"},"sameAs":["https:\/\/kibrisdakik.com"],"url":"https:\/\/kibrisdakik.com\/?author=1"}]}},"_links":{"self":[{"href":"https:\/\/kibrisdakik.com\/index.php?rest_route=\/wp\/v2\/posts\/44611","targetHints":{"allow":["GET"]}}],"collection":[{"href":"https:\/\/kibrisdakik.com\/index.php?rest_route=\/wp\/v2\/posts"}],"about":[{"href":"https:\/\/kibrisdakik.com\/index.php?rest_route=\/wp\/v2\/types\/post"}],"author":[{"embeddable":true,"href":"https:\/\/kibrisdakik.com\/index.php?rest_route=\/wp\/v2\/users\/1"}],"replies":[{"embeddable":true,"href":"https:\/\/kibrisdakik.com\/index.php?rest_route=%2Fwp%2Fv2%2Fcomments&post=44611"}],"version-history":[{"count":0,"href":"https:\/\/kibrisdakik.com\/index.php?rest_route=\/wp\/v2\/posts\/44611\/revisions"}],"wp:featuredmedia":[{"embeddable":true,"href":"https:\/\/kibrisdakik.com\/index.php?rest_route=\/wp\/v2\/media\/44612"}],"wp:attachment":[{"href":"https:\/\/kibrisdakik.com\/index.php?rest_route=%2Fwp%2Fv2%2Fmedia&parent=44611"}],"wp:term":[{"taxonomy":"category","embeddable":true,"href":"https:\/\/kibrisdakik.com\/index.php?rest_route=%2Fwp%2Fv2%2Fcategories&post=44611"},{"taxonomy":"post_tag","embeddable":true,"href":"https:\/\/kibrisdakik.com\/index.php?rest_route=%2Fwp%2Fv2%2Ftags&post=44611"}],"curies":[{"name":"wp","href":"https:\/\/api.w.org\/{rel}","templated":true}]}}