{"id":44613,"date":"2024-06-05T07:40:50","date_gmt":"2024-06-05T07:40:50","guid":{"rendered":"https:\/\/kibrisdakik.com\/index.php\/2024\/06\/05\/ara-secim-icin-muhtar-ve-ihtiyar-heyeti-uyeligi-basvurulari-bugun-aliniyor\/"},"modified":"2024-06-05T07:40:50","modified_gmt":"2024-06-05T07:40:50","slug":"ara-secim-icin-muhtar-ve-ihtiyar-heyeti-uyeligi-basvurulari-bugun-aliniyor","status":"publish","type":"post","link":"https:\/\/kibrisdakik.com\/?p=44613","title":{"rendered":"Ara se\u00e7im i\u00e7in muhtar ve ihtiyar heyeti \u00fcyeli\u011fi ba\u015fvurular\u0131 bug\u00fcn al\u0131n\u0131yor"},"content":{"rendered":"<p><img decoding=\"async\" src=\"https:\/\/www.kibristurk.com\/images\/haberler\/2024\/06\/ara-secim-icin-muhtar-ve-ihtiyar-heyeti-uyeligi-basvurulari-bugun-aliniyor-1717570360.webp\" \/><\/p>\n<p><span style=\"font-size:12pt\"><span style=\"font-family:Calibri,sans-serif\">Y\u00fcksek Se\u00e7im Kurulu (YSK), ba\u015fvurular\u0131n devlet daireleri i\u00e7in uygulanan \u00e7al\u0131\u015fma saati sonuna kadar yap\u0131lmas\u0131 gerekti\u011fini duyurdu.<\/span><\/span><\/p>\n<p>&nbsp;<\/p>\n<p><span style=\"font-size:12pt\"><span style=\"font-family:Calibri,sans-serif\">Ba\u015fvurular\u0131n, ba\u011f\u0131ms\u0131z aday\u0131n, Anayasa\u2019n\u0131n ve 5\/1976 say\u0131l\u0131 Se\u00e7im ve Halkoylamas\u0131 Yasas\u0131\u2019n\u0131n adayl\u0131k i\u00e7in arad\u0131\u011f\u0131 ko\u015ful ve nitelikleri haiz oldu\u011funu belirten, aday\u0131n imzas\u0131n\u0131 ta\u015f\u0131yan bir yaz\u0131 ile yap\u0131laca\u011f\u0131 belirtildi.<\/span><\/span><\/p>\n<p>&nbsp;<\/p>\n<p><span style=\"font-size:12pt\"><span style=\"font-family:Calibri,sans-serif\">Yasa gere\u011fi, ba\u015fvurular ile birlikte a\u015fa\u011f\u0131da belirtilen belgelerin sunulmas\u0131 gerekti\u011fi kaydedildi:<\/span><\/span><\/p>\n<p>&nbsp;<\/p>\n<p><span style=\"font-size:12pt\"><span style=\"font-family:Calibri,sans-serif\">\u201c1. Polis karakter belgesi.<\/span><\/span><\/p>\n<p>&nbsp;<\/p>\n<p><span style=\"font-size:12pt\"><span style=\"font-family:Calibri,sans-serif\">2. Oy verme g\u00fcn\u00fc olan 30 Haziran 2024 tarihinden \u00f6nce en az \u00fc\u00e7 y\u0131ldan beri daim\u00ee ikametg\u00e2h\u0131n\u0131n Kuzey K\u0131br\u0131s T\u00fcrk Cumhuriyeti\u2019nde oldu\u011funu g\u00f6steren muhtar belgesi.<\/span><\/span><\/p>\n<p>&nbsp;<\/p>\n<p><span style=\"font-size:12pt\"><span style=\"font-family:Calibri,sans-serif\">3. KKTC kimlik kart\u0131 veya fotokopisi (fotokopi sunulmas\u0131 halinde asl\u0131 Kurula g\u00f6sterilir).<\/span><\/span><\/p>\n<p>&nbsp;<\/p>\n<p><span style=\"font-size:12pt\"><span style=\"font-family:Calibri,sans-serif\">4. Erkek adaylar\u0131n yurt \u00f6devini yapt\u0131\u011f\u0131n\u0131 veya bundan muaf tutuldu\u011funu g\u00f6steren belge veya fotokopisi (fotokopi sunulmas\u0131 halinde asl\u0131 Kurula g\u00f6sterilir).\u201d<\/span><\/span><\/p>\n<p>&nbsp;<\/p>\n<p><span style=\"font-size:12pt\"><span style=\"font-family:Calibri,sans-serif\">A\u00e7\u0131klamada, ba\u015fvurular\u0131n ba\u011f\u0131ms\u0131z aday taraf\u0131ndan \u015fahsen yap\u0131labilece\u011fi gibi, yukar\u0131da belirtilen ba\u015fvuru ile ilgili t\u00fcm belgelerin, aday\u0131n yaz\u0131l\u0131 olarak yetkilendirece\u011fi herhangi bir ki\u015fi taraf\u0131ndan il\u00e7e se\u00e7im kuruluna ula\u015ft\u0131r\u0131lmas\u0131 \u015feklinde de yap\u0131labilece\u011fi, bunun yan\u0131nda birden fazla ba\u011f\u0131ms\u0131z aday\u0131n, ayn\u0131 ki\u015fiyi tek tek veya toplu olarak, ba\u015fvurular\u0131n \u0130l\u00e7e Se\u00e7im Kurulu&#8217;na ula\u015ft\u0131r\u0131lmas\u0131 i\u00e7in yetkilendirebilece\u011fi bildirildi.<\/span><\/span><\/p>\n<p>&nbsp;<\/p>\n<p><span style=\"font-size:12pt\"><span style=\"font-family:Calibri,sans-serif\">A\u00e7\u0131klamada, \u015funlar da kaydedildi:<\/span><\/span><\/p>\n<p>&nbsp;<\/p>\n<p><span style=\"font-size:12pt\"><span style=\"font-family:Calibri,sans-serif\">\u201cBa\u015fvuru ve yetkilendirme ile ilgili m\u00fcracaatlar herhangi bir \u015fekle tabi olmamakla birlikte, arzu eden adaylar \u0130l\u00e7e Se\u00e7im Kurullar\u0131 taraf\u0131ndan bu ama\u00e7 i\u00e7in d\u00fczenlenen formlardan yararlanabilirler.<\/span><\/span><\/p>\n<p>&nbsp;<\/p>\n<p><span style=\"font-size:12pt\"><span style=\"font-family:Calibri,sans-serif\">Ba\u015fvurular ile birlikte sunulmas\u0131 gereken belgelerden herhangi birinin sunulmamas\u0131 halinde, ilgili aday\u0131n se\u00e7im sonucunda se\u00e7imi kazanmas\u0131 dikkate al\u0131nmayabilir.<\/span><\/span><\/p>\n<p>&nbsp;<\/p>\n<p><span style=\"font-size:12pt\"><span style=\"font-family:Calibri,sans-serif\">Ba\u011f\u0131ms\u0131z adaylar\u0131n ba\u015fvurular\u0131nda, \u00f6zellikle Anayasa\u2019n\u0131n 68. maddesi ile de\u011fi\u015ftirilmi\u015f \u015fekliyle 5\/1976 say\u0131l\u0131 Se\u00e7im ve Halkoylamas\u0131 Yasas\u0131\u2019n\u0131n se\u00e7ilebilme niteliklerini d\u00fczenleyen 9. ve adayl\u0131k i\u00e7in ba\u015fvurmay\u0131 d\u00fczenleyen 58. maddelerini dikkate almalar\u0131 gerekmektedir.<\/span><\/span><\/p>\n<p>&nbsp;<\/p>\n<p><span style=\"font-size:12pt\"><span style=\"font-family:Calibri,sans-serif\">Adaylar\u0131n, arzu etmeleri halinde, kimlik kartlar\u0131nda bulunan isim ve soy isimlerinden hangileri ile oy pusulas\u0131nda yer almak istediklerini, ba\u015fvurular\u0131 esnas\u0131nda, belirtmeleri gerekir.<\/span><\/span><\/p>\n<p>&nbsp;<\/p>\n<p><span style=\"font-size:12pt\"><span style=\"font-family:Calibri,sans-serif\">Adaylar, 6 Haziran 2024 Per\u015fembe g\u00fcn\u00fc televizyon ve radyoda ak\u015fam haber b\u00fclteninde ge\u00e7ici olarak il\u00e2n edileceklerdir.\u201d<\/span><\/span><\/p>\n","protected":false},"excerpt":{"rendered":"<p>Y\u00fcksek Se\u00e7im Kurulu (YSK), ba\u015fvurular\u0131n devlet daireleri i\u00e7in uygulanan \u00e7al\u0131\u015fma saati sonuna kadar yap\u0131lmas\u0131 gerekti\u011fini duyurdu. &nbsp; Ba\u015fvurular\u0131n, ba\u011f\u0131ms\u0131z aday\u0131n, Anayasa\u2019n\u0131n ve 5\/1976 say\u0131l\u0131 Se\u00e7im ve Halkoylamas\u0131 Yasas\u0131\u2019n\u0131n adayl\u0131k i\u00e7in arad\u0131\u011f\u0131 ko\u015ful ve nitelikleri haiz oldu\u011funu belirten, aday\u0131n imzas\u0131n\u0131 ta\u015f\u0131yan bir yaz\u0131 ile yap\u0131laca\u011f\u0131 belirtildi. &nbsp; Yasa gere\u011fi, ba\u015fvurular ile birlikte a\u015fa\u011f\u0131da belirtilen belgelerin sunulmas\u0131<\/p>\n","protected":false},"author":1,"featured_media":44614,"comment_status":"open","ping_status":"open","sticky":false,"template":"","format":"standard","meta":{"footnotes":""},"categories":[79],"tags":[],"class_list":["post-44613","post","type-post","status-publish","format-standard","has-post-thumbnail","hentry","category-ekonomi"],"yoast_head":"<!-- This site is optimized with the Yoast SEO plugin v27.5 - https:\/\/yoast.com\/product\/yoast-seo-wordpress\/ -->\n<title>Ara se\u00e7im i\u00e7in muhtar ve ihtiyar heyeti \u00fcyeli\u011fi ba\u015fvurular\u0131 bug\u00fcn al\u0131n\u0131yor -<\/title>\n<meta name=\"robots\" content=\"index, follow, max-snippet:-1, max-image-preview:large, max-video-preview:-1\" \/>\n<link rel=\"canonical\" href=\"https:\/\/kibrisdakik.com\/?p=44613\" \/>\n<meta property=\"og:locale\" content=\"tr_TR\" \/>\n<meta property=\"og:type\" content=\"article\" \/>\n<meta property=\"og:title\" content=\"Ara se\u00e7im i\u00e7in muhtar ve ihtiyar heyeti \u00fcyeli\u011fi ba\u015fvurular\u0131 bug\u00fcn al\u0131n\u0131yor -\" \/>\n<meta property=\"og:description\" content=\"Y\u00fcksek Se\u00e7im Kurulu (YSK), ba\u015fvurular\u0131n devlet daireleri i\u00e7in uygulanan \u00e7al\u0131\u015fma saati sonuna kadar yap\u0131lmas\u0131 gerekti\u011fini duyurdu. &nbsp; Ba\u015fvurular\u0131n, ba\u011f\u0131ms\u0131z aday\u0131n, Anayasa\u2019n\u0131n ve 5\/1976 say\u0131l\u0131 Se\u00e7im ve Halkoylamas\u0131 Yasas\u0131\u2019n\u0131n adayl\u0131k i\u00e7in arad\u0131\u011f\u0131 ko\u015ful ve nitelikleri haiz oldu\u011funu belirten, aday\u0131n imzas\u0131n\u0131 ta\u015f\u0131yan bir yaz\u0131 ile yap\u0131laca\u011f\u0131 belirtildi. &nbsp; Yasa gere\u011fi, ba\u015fvurular ile birlikte a\u015fa\u011f\u0131da belirtilen belgelerin sunulmas\u0131\" \/>\n<meta property=\"og:url\" content=\"https:\/\/kibrisdakik.com\/?p=44613\" \/>\n<meta property=\"article:published_time\" content=\"2024-06-05T07:40:50+00:00\" \/>\n<meta property=\"og:image\" content=\"https:\/\/kibrisdakik.com\/wp-content\/uploads\/2024\/06\/ara-secim-icin-muhtar-ve-ihtiyar-heyeti-uyeligi-basvurulari-bugun-aliniyor-1717570360.webp.webp\" \/>\n\t<meta property=\"og:image:width\" content=\"710\" \/>\n\t<meta property=\"og:image:height\" content=\"370\" \/>\n\t<meta property=\"og:image:type\" content=\"image\/webp\" \/>\n<meta name=\"author\" content=\"admin\" \/>\n<meta name=\"twitter:card\" content=\"summary_large_image\" \/>\n<meta name=\"twitter:label1\" content=\"Yazan:\" \/>\n\t<meta name=\"twitter:data1\" content=\"admin\" \/>\n\t<meta name=\"twitter:label2\" content=\"Tahmini okuma s\u00fcresi\" \/>\n\t<meta name=\"twitter:data2\" content=\"2 dakika\" \/>\n<script type=\"application\/ld+json\" class=\"yoast-schema-graph\">{\"@context\":\"https:\\\/\\\/schema.org\",\"@graph\":[{\"@type\":\"Article\",\"@id\":\"https:\\\/\\\/kibrisdakik.com\\\/?p=44613#article\",\"isPartOf\":{\"@id\":\"https:\\\/\\\/kibrisdakik.com\\\/?p=44613\"},\"author\":{\"name\":\"admin\",\"@id\":\"https:\\\/\\\/kibrisdakik.com\\\/#\\\/schema\\\/person\\\/9cd9d437bbb44f72b73ba127e06d8e79\"},\"headline\":\"Ara se\u00e7im i\u00e7in muhtar ve ihtiyar heyeti \u00fcyeli\u011fi ba\u015fvurular\u0131 bug\u00fcn al\u0131n\u0131yor\",\"datePublished\":\"2024-06-05T07:40:50+00:00\",\"mainEntityOfPage\":{\"@id\":\"https:\\\/\\\/kibrisdakik.com\\\/?p=44613\"},\"wordCount\":428,\"commentCount\":0,\"image\":{\"@id\":\"https:\\\/\\\/kibrisdakik.com\\\/?p=44613#primaryimage\"},\"thumbnailUrl\":\"https:\\\/\\\/kibrisdakik.com\\\/wp-content\\\/uploads\\\/2024\\\/06\\\/ara-secim-icin-muhtar-ve-ihtiyar-heyeti-uyeligi-basvurulari-bugun-aliniyor-1717570360.webp.webp\",\"articleSection\":[\"Ekonomi\"],\"inLanguage\":\"tr\",\"potentialAction\":[{\"@type\":\"CommentAction\",\"name\":\"Comment\",\"target\":[\"https:\\\/\\\/kibrisdakik.com\\\/?p=44613#respond\"]}]},{\"@type\":\"WebPage\",\"@id\":\"https:\\\/\\\/kibrisdakik.com\\\/?p=44613\",\"url\":\"https:\\\/\\\/kibrisdakik.com\\\/?p=44613\",\"name\":\"Ara se\u00e7im i\u00e7in muhtar ve ihtiyar heyeti \u00fcyeli\u011fi ba\u015fvurular\u0131 bug\u00fcn al\u0131n\u0131yor -\",\"isPartOf\":{\"@id\":\"https:\\\/\\\/kibrisdakik.com\\\/#website\"},\"primaryImageOfPage\":{\"@id\":\"https:\\\/\\\/kibrisdakik.com\\\/?p=44613#primaryimage\"},\"image\":{\"@id\":\"https:\\\/\\\/kibrisdakik.com\\\/?p=44613#primaryimage\"},\"thumbnailUrl\":\"https:\\\/\\\/kibrisdakik.com\\\/wp-content\\\/uploads\\\/2024\\\/06\\\/ara-secim-icin-muhtar-ve-ihtiyar-heyeti-uyeligi-basvurulari-bugun-aliniyor-1717570360.webp.webp\",\"datePublished\":\"2024-06-05T07:40:50+00:00\",\"author\":{\"@id\":\"https:\\\/\\\/kibrisdakik.com\\\/#\\\/schema\\\/person\\\/9cd9d437bbb44f72b73ba127e06d8e79\"},\"breadcrumb\":{\"@id\":\"https:\\\/\\\/kibrisdakik.com\\\/?p=44613#breadcrumb\"},\"inLanguage\":\"tr\",\"potentialAction\":[{\"@type\":\"ReadAction\",\"target\":[\"https:\\\/\\\/kibrisdakik.com\\\/?p=44613\"]}]},{\"@type\":\"ImageObject\",\"inLanguage\":\"tr\",\"@id\":\"https:\\\/\\\/kibrisdakik.com\\\/?p=44613#primaryimage\",\"url\":\"https:\\\/\\\/kibrisdakik.com\\\/wp-content\\\/uploads\\\/2024\\\/06\\\/ara-secim-icin-muhtar-ve-ihtiyar-heyeti-uyeligi-basvurulari-bugun-aliniyor-1717570360.webp.webp\",\"contentUrl\":\"https:\\\/\\\/kibrisdakik.com\\\/wp-content\\\/uploads\\\/2024\\\/06\\\/ara-secim-icin-muhtar-ve-ihtiyar-heyeti-uyeligi-basvurulari-bugun-aliniyor-1717570360.webp.webp\",\"width\":710,\"height\":370},{\"@type\":\"BreadcrumbList\",\"@id\":\"https:\\\/\\\/kibrisdakik.com\\\/?p=44613#breadcrumb\",\"itemListElement\":[{\"@type\":\"ListItem\",\"position\":1,\"name\":\"Home\",\"item\":\"https:\\\/\\\/kibrisdakik.com\\\/\"},{\"@type\":\"ListItem\",\"position\":2,\"name\":\"Ara se\u00e7im i\u00e7in muhtar ve ihtiyar heyeti \u00fcyeli\u011fi ba\u015fvurular\u0131 bug\u00fcn al\u0131n\u0131yor\"}]},{\"@type\":\"WebSite\",\"@id\":\"https:\\\/\\\/kibrisdakik.com\\\/#website\",\"url\":\"https:\\\/\\\/kibrisdakik.com\\\/\",\"name\":\"\",\"description\":\"Tam vaktinde haber\",\"potentialAction\":[{\"@type\":\"SearchAction\",\"target\":{\"@type\":\"EntryPoint\",\"urlTemplate\":\"https:\\\/\\\/kibrisdakik.com\\\/?s={search_term_string}\"},\"query-input\":{\"@type\":\"PropertyValueSpecification\",\"valueRequired\":true,\"valueName\":\"search_term_string\"}}],\"inLanguage\":\"tr\"},{\"@type\":\"Person\",\"@id\":\"https:\\\/\\\/kibrisdakik.com\\\/#\\\/schema\\\/person\\\/9cd9d437bbb44f72b73ba127e06d8e79\",\"name\":\"admin\",\"image\":{\"@type\":\"ImageObject\",\"inLanguage\":\"tr\",\"@id\":\"https:\\\/\\\/secure.gravatar.com\\\/avatar\\\/ccc17943b9d660506c869530f897617f7cb1c21a4bf30023f252596d83e1f007?s=96&d=mm&r=g\",\"url\":\"https:\\\/\\\/secure.gravatar.com\\\/avatar\\\/ccc17943b9d660506c869530f897617f7cb1c21a4bf30023f252596d83e1f007?s=96&d=mm&r=g\",\"contentUrl\":\"https:\\\/\\\/secure.gravatar.com\\\/avatar\\\/ccc17943b9d660506c869530f897617f7cb1c21a4bf30023f252596d83e1f007?s=96&d=mm&r=g\",\"caption\":\"admin\"},\"sameAs\":[\"https:\\\/\\\/kibrisdakik.com\"],\"url\":\"https:\\\/\\\/kibrisdakik.com\\\/?author=1\"}]}<\/script>\n<!-- \/ Yoast SEO plugin. -->","yoast_head_json":{"title":"Ara se\u00e7im i\u00e7in muhtar ve ihtiyar heyeti \u00fcyeli\u011fi ba\u015fvurular\u0131 bug\u00fcn al\u0131n\u0131yor -","robots":{"index":"index","follow":"follow","max-snippet":"max-snippet:-1","max-image-preview":"max-image-preview:large","max-video-preview":"max-video-preview:-1"},"canonical":"https:\/\/kibrisdakik.com\/?p=44613","og_locale":"tr_TR","og_type":"article","og_title":"Ara se\u00e7im i\u00e7in muhtar ve ihtiyar heyeti \u00fcyeli\u011fi ba\u015fvurular\u0131 bug\u00fcn al\u0131n\u0131yor -","og_description":"Y\u00fcksek Se\u00e7im Kurulu (YSK), ba\u015fvurular\u0131n devlet daireleri i\u00e7in uygulanan \u00e7al\u0131\u015fma saati sonuna kadar yap\u0131lmas\u0131 gerekti\u011fini duyurdu. &nbsp; Ba\u015fvurular\u0131n, ba\u011f\u0131ms\u0131z aday\u0131n, Anayasa\u2019n\u0131n ve 5\/1976 say\u0131l\u0131 Se\u00e7im ve Halkoylamas\u0131 Yasas\u0131\u2019n\u0131n adayl\u0131k i\u00e7in arad\u0131\u011f\u0131 ko\u015ful ve nitelikleri haiz oldu\u011funu belirten, aday\u0131n imzas\u0131n\u0131 ta\u015f\u0131yan bir yaz\u0131 ile yap\u0131laca\u011f\u0131 belirtildi. &nbsp; Yasa gere\u011fi, ba\u015fvurular ile birlikte a\u015fa\u011f\u0131da belirtilen belgelerin sunulmas\u0131","og_url":"https:\/\/kibrisdakik.com\/?p=44613","article_published_time":"2024-06-05T07:40:50+00:00","og_image":[{"width":710,"height":370,"url":"https:\/\/kibrisdakik.com\/wp-content\/uploads\/2024\/06\/ara-secim-icin-muhtar-ve-ihtiyar-heyeti-uyeligi-basvurulari-bugun-aliniyor-1717570360.webp.webp","type":"image\/webp"}],"author":"admin","twitter_card":"summary_large_image","twitter_misc":{"Yazan:":"admin","Tahmini okuma s\u00fcresi":"2 dakika"},"schema":{"@context":"https:\/\/schema.org","@graph":[{"@type":"Article","@id":"https:\/\/kibrisdakik.com\/?p=44613#article","isPartOf":{"@id":"https:\/\/kibrisdakik.com\/?p=44613"},"author":{"name":"admin","@id":"https:\/\/kibrisdakik.com\/#\/schema\/person\/9cd9d437bbb44f72b73ba127e06d8e79"},"headline":"Ara se\u00e7im i\u00e7in muhtar ve ihtiyar heyeti \u00fcyeli\u011fi ba\u015fvurular\u0131 bug\u00fcn al\u0131n\u0131yor","datePublished":"2024-06-05T07:40:50+00:00","mainEntityOfPage":{"@id":"https:\/\/kibrisdakik.com\/?p=44613"},"wordCount":428,"commentCount":0,"image":{"@id":"https:\/\/kibrisdakik.com\/?p=44613#primaryimage"},"thumbnailUrl":"https:\/\/kibrisdakik.com\/wp-content\/uploads\/2024\/06\/ara-secim-icin-muhtar-ve-ihtiyar-heyeti-uyeligi-basvurulari-bugun-aliniyor-1717570360.webp.webp","articleSection":["Ekonomi"],"inLanguage":"tr","potentialAction":[{"@type":"CommentAction","name":"Comment","target":["https:\/\/kibrisdakik.com\/?p=44613#respond"]}]},{"@type":"WebPage","@id":"https:\/\/kibrisdakik.com\/?p=44613","url":"https:\/\/kibrisdakik.com\/?p=44613","name":"Ara se\u00e7im i\u00e7in muhtar ve ihtiyar heyeti \u00fcyeli\u011fi ba\u015fvurular\u0131 bug\u00fcn al\u0131n\u0131yor -","isPartOf":{"@id":"https:\/\/kibrisdakik.com\/#website"},"primaryImageOfPage":{"@id":"https:\/\/kibrisdakik.com\/?p=44613#primaryimage"},"image":{"@id":"https:\/\/kibrisdakik.com\/?p=44613#primaryimage"},"thumbnailUrl":"https:\/\/kibrisdakik.com\/wp-content\/uploads\/2024\/06\/ara-secim-icin-muhtar-ve-ihtiyar-heyeti-uyeligi-basvurulari-bugun-aliniyor-1717570360.webp.webp","datePublished":"2024-06-05T07:40:50+00:00","author":{"@id":"https:\/\/kibrisdakik.com\/#\/schema\/person\/9cd9d437bbb44f72b73ba127e06d8e79"},"breadcrumb":{"@id":"https:\/\/kibrisdakik.com\/?p=44613#breadcrumb"},"inLanguage":"tr","potentialAction":[{"@type":"ReadAction","target":["https:\/\/kibrisdakik.com\/?p=44613"]}]},{"@type":"ImageObject","inLanguage":"tr","@id":"https:\/\/kibrisdakik.com\/?p=44613#primaryimage","url":"https:\/\/kibrisdakik.com\/wp-content\/uploads\/2024\/06\/ara-secim-icin-muhtar-ve-ihtiyar-heyeti-uyeligi-basvurulari-bugun-aliniyor-1717570360.webp.webp","contentUrl":"https:\/\/kibrisdakik.com\/wp-content\/uploads\/2024\/06\/ara-secim-icin-muhtar-ve-ihtiyar-heyeti-uyeligi-basvurulari-bugun-aliniyor-1717570360.webp.webp","width":710,"height":370},{"@type":"BreadcrumbList","@id":"https:\/\/kibrisdakik.com\/?p=44613#breadcrumb","itemListElement":[{"@type":"ListItem","position":1,"name":"Home","item":"https:\/\/kibrisdakik.com\/"},{"@type":"ListItem","position":2,"name":"Ara se\u00e7im i\u00e7in muhtar ve ihtiyar heyeti \u00fcyeli\u011fi ba\u015fvurular\u0131 bug\u00fcn al\u0131n\u0131yor"}]},{"@type":"WebSite","@id":"https:\/\/kibrisdakik.com\/#website","url":"https:\/\/kibrisdakik.com\/","name":"","description":"Tam vaktinde haber","potentialAction":[{"@type":"SearchAction","target":{"@type":"EntryPoint","urlTemplate":"https:\/\/kibrisdakik.com\/?s={search_term_string}"},"query-input":{"@type":"PropertyValueSpecification","valueRequired":true,"valueName":"search_term_string"}}],"inLanguage":"tr"},{"@type":"Person","@id":"https:\/\/kibrisdakik.com\/#\/schema\/person\/9cd9d437bbb44f72b73ba127e06d8e79","name":"admin","image":{"@type":"ImageObject","inLanguage":"tr","@id":"https:\/\/secure.gravatar.com\/avatar\/ccc17943b9d660506c869530f897617f7cb1c21a4bf30023f252596d83e1f007?s=96&d=mm&r=g","url":"https:\/\/secure.gravatar.com\/avatar\/ccc17943b9d660506c869530f897617f7cb1c21a4bf30023f252596d83e1f007?s=96&d=mm&r=g","contentUrl":"https:\/\/secure.gravatar.com\/avatar\/ccc17943b9d660506c869530f897617f7cb1c21a4bf30023f252596d83e1f007?s=96&d=mm&r=g","caption":"admin"},"sameAs":["https:\/\/kibrisdakik.com"],"url":"https:\/\/kibrisdakik.com\/?author=1"}]}},"_links":{"self":[{"href":"https:\/\/kibrisdakik.com\/index.php?rest_route=\/wp\/v2\/posts\/44613","targetHints":{"allow":["GET"]}}],"collection":[{"href":"https:\/\/kibrisdakik.com\/index.php?rest_route=\/wp\/v2\/posts"}],"about":[{"href":"https:\/\/kibrisdakik.com\/index.php?rest_route=\/wp\/v2\/types\/post"}],"author":[{"embeddable":true,"href":"https:\/\/kibrisdakik.com\/index.php?rest_route=\/wp\/v2\/users\/1"}],"replies":[{"embeddable":true,"href":"https:\/\/kibrisdakik.com\/index.php?rest_route=%2Fwp%2Fv2%2Fcomments&post=44613"}],"version-history":[{"count":0,"href":"https:\/\/kibrisdakik.com\/index.php?rest_route=\/wp\/v2\/posts\/44613\/revisions"}],"wp:featuredmedia":[{"embeddable":true,"href":"https:\/\/kibrisdakik.com\/index.php?rest_route=\/wp\/v2\/media\/44614"}],"wp:attachment":[{"href":"https:\/\/kibrisdakik.com\/index.php?rest_route=%2Fwp%2Fv2%2Fmedia&parent=44613"}],"wp:term":[{"taxonomy":"category","embeddable":true,"href":"https:\/\/kibrisdakik.com\/index.php?rest_route=%2Fwp%2Fv2%2Fcategories&post=44613"},{"taxonomy":"post_tag","embeddable":true,"href":"https:\/\/kibrisdakik.com\/index.php?rest_route=%2Fwp%2Fv2%2Ftags&post=44613"}],"curies":[{"name":"wp","href":"https:\/\/api.w.org\/{rel}","templated":true}]}}