{"id":44651,"date":"2024-06-05T12:37:48","date_gmt":"2024-06-05T12:37:48","guid":{"rendered":"https:\/\/kibrisdakik.com\/index.php\/2024\/06\/05\/kstu-sorusturmasi-s-g-ve-b-o-toplam-83-davadan-itham-edildi\/"},"modified":"2024-06-05T12:37:48","modified_gmt":"2024-06-05T12:37:48","slug":"kstu-sorusturmasi-s-g-ve-b-o-toplam-83-davadan-itham-edildi","status":"publish","type":"post","link":"https:\/\/kibrisdakik.com\/?p=44651","title":{"rendered":"KSTU soru\u015fturmas\u0131\u2026 S.G. ve B.\u00d6. toplam 83 davadan itham edildi"},"content":{"rendered":"<p><\/p>\n<div>\n<div class=\"mariselle-image-container center\">\n                <img loading=\"lazy\" decoding=\"async\" width=\"1600\" height=\"1200\" class=\"lazy-image\" alt=\"\" sizes=\"auto, (max-width: 1600px) 100vw, 1600px\" src=\"https:\/\/brtk.net\/wp-content\/uploads\/2024\/05\/24\/guzelyurt-mahkeme-1-.jpg?ver=bdae7f4536be744597b7fca8513ffef5\" srcset=\"https:\/\/brtk.net\/wp-content\/uploads\/2024\/05\/24\/guzelyurt-mahkeme-1-.jpg?ver=bdae7f4536be744597b7fca8513ffef5 1600w, https:\/\/brtk.net\/wp-content\/uploads\/2024\/05\/24\/guzelyurt-mahkeme-1--300x225.jpg?ver=bdae7f4536be744597b7fca8513ffef5 300w, https:\/\/brtk.net\/wp-content\/uploads\/2024\/05\/24\/guzelyurt-mahkeme-1--1024x768.jpg?ver=7b978a7fd0d263976187b23f3597c12a 1024w, https:\/\/brtk.net\/wp-content\/uploads\/2024\/05\/24\/guzelyurt-mahkeme-1--768x576.jpg?ver=7b978a7fd0d263976187b23f3597c12a 768w, https:\/\/brtk.net\/wp-content\/uploads\/2024\/05\/24\/guzelyurt-mahkeme-1--1536x1152.jpg?ver=fa515d4d9e7ab2a6b61e207f9c21ff80 1536w\"\/>                            <\/div>\n<p>Polis Genel M\u00fcd\u00fcrl\u00fc\u011f\u00fc Mali Su\u00e7larla M\u00fccadele \u015eube Amirli\u011fi taraf\u0131ndan G\u00fczelyurt\u2019ta K\u0131br\u0131s Sa\u011fl\u0131k ve Toplum Bilimleri \u00dcniversitesi\u2019nde (KSTU) y\u00fcr\u00fct\u00fclen soru\u015fturma kapsam\u0131nda tutuklanarak iki ay s\u00fcreyle cezaevine g\u00f6nderilen okulun direkt\u00f6r\u00fc ve hissedarlar\u0131ndan S.G ile asistan\u0131 B.\u00d6., bug\u00fcn ilk tahkikat duru\u015fmas\u0131 i\u00e7in yeniden G\u00fczelyurt Kaza Mahkemesi\u2019ne \u00e7\u0131kar\u0131ld\u0131.<\/p>\n<p>Her iki san\u0131k, toplam 83 davadan itham edildi. Mahkeme, tan\u0131klar\u0131n dinlenmesi i\u00e7in duru\u015fman\u0131n 7 Haziran Cuma g\u00fcn\u00fcne ertelenmesine emir verdi.<\/p>\n<p>Yarg\u0131\u00e7 G\u00fclay S\u00fcleymano\u011flu U\u011fur huzurunda ger\u00e7ekle\u015fen duru\u015fmada, iddia makam\u0131 ad\u0131na mahkemede savc\u0131 Damla G\u00fc\u00e7l\u00fc haz\u0131r bulundu.<\/p>\n<p>S.G. aleyhinde, \u201csahtekarl\u0131kla banka \u00f6deme emri\u201d, \u201csu\u00e7 geliri aklama\u201d, \u201csahte belge d\u00fczenleme ve tedav\u00fcle s\u00fcrme\u201d, \u201cdoland\u0131r\u0131c\u0131l\u0131k\u201d ve \u201csahtekarl\u0131kla para temini; B.\u00d6. aleyhinde ise \u201csahte resmi evrak d\u00fczenleme\u201d, \u201csahtekarl\u0131kla para temini\u201d ve \u201csahtekarl\u0131kla banka evra\u011f\u0131 d\u00fczenleme\u201d su\u00e7lamalar\u0131 bulunuyor.<\/p>\n<p><strong>-Cuma g\u00fcn\u00fc 7 tan\u0131k dinlenmesi bekleniyor<\/strong><\/p>\n<p>Bug\u00fcn saat 13.30\u2019da ba\u015flayan duru\u015fmada iddia makam\u0131 ad\u0131na Savc\u0131 Damla G\u00fc\u00e7l\u00fc, san\u0131klar\u0131n aleyhine getirilen davalar\u0131 tek tek okudu.<\/p>\n<p>San\u0131klar aleyhinde toplam 83 dava dosyaland\u0131\u011f\u0131n\u0131 ve 7 tan\u0131k dinletece\u011fini belirten Savc\u0131 G\u00fc\u00e7l\u00fc, tan\u0131klar\u0131n sabah mahkemede haz\u0131r bulundu\u011funu ancak duru\u015fman\u0131n ge\u00e7 ba\u015flamas\u0131ndan dolay\u0131 tan\u0131klar\u0131n \u015fu an haz\u0131r olmad\u0131\u011f\u0131n\u0131 s\u00f6yledi.<\/p>\n<p>Savc\u0131 G\u00fc\u00e7l\u00fc, duru\u015fman\u0131n ba\u015fka bir tarihe ertelenmesini talep etti.<\/p>\n<p>San\u0131k avukatlar\u0131 Do\u011fa Zeki ile Hasan Y\u00fccelen ise bu talebe itiraz etmedi.<\/p>\n<p>G\u00fczelyurt Kaza Mahkemesi Yarg\u0131c\u0131 G\u00fclay S\u00fcleymano\u011flu U\u011fur, duru\u015fman\u0131n 7 Haziran Cuma g\u00fcn\u00fcne ertelenmesine emir verdi.<\/p>\n<\/p><\/div>\n<p><script async\n                    defer\n                    crossorigin=\"anonymous\"\n                    src=\"https:\/\/connect.facebook.net\/tr_TR\/sdk.js#xfbml=1&#038;version=v3.3\"\n            ><\/script><\/p>\n","protected":false},"excerpt":{"rendered":"<p>Polis Genel M\u00fcd\u00fcrl\u00fc\u011f\u00fc Mali Su\u00e7larla M\u00fccadele \u015eube Amirli\u011fi taraf\u0131ndan G\u00fczelyurt\u2019ta K\u0131br\u0131s Sa\u011fl\u0131k ve Toplum Bilimleri \u00dcniversitesi\u2019nde (KSTU) y\u00fcr\u00fct\u00fclen soru\u015fturma kapsam\u0131nda tutuklanarak iki ay s\u00fcreyle cezaevine g\u00f6nderilen okulun direkt\u00f6r\u00fc ve hissedarlar\u0131ndan S.G ile asistan\u0131 B.\u00d6., bug\u00fcn ilk tahkikat duru\u015fmas\u0131 i\u00e7in yeniden G\u00fczelyurt Kaza Mahkemesi\u2019ne \u00e7\u0131kar\u0131ld\u0131. Her iki san\u0131k, toplam 83 davadan itham edildi. Mahkeme, tan\u0131klar\u0131n dinlenmesi<\/p>\n","protected":false},"author":1,"featured_media":43044,"comment_status":"open","ping_status":"open","sticky":false,"template":"","format":"standard","meta":{"footnotes":""},"categories":[1],"tags":[],"class_list":["post-44651","post","type-post","status-publish","format-standard","has-post-thumbnail","hentry","category-gundem"],"yoast_head":"<!-- This site is optimized with the Yoast SEO plugin v27.5 - https:\/\/yoast.com\/product\/yoast-seo-wordpress\/ -->\n<title>KSTU soru\u015fturmas\u0131\u2026 S.G. ve B.\u00d6. toplam 83 davadan itham edildi -<\/title>\n<meta name=\"robots\" content=\"index, follow, max-snippet:-1, max-image-preview:large, max-video-preview:-1\" \/>\n<link rel=\"canonical\" href=\"https:\/\/kibrisdakik.com\/?p=44651\" \/>\n<meta property=\"og:locale\" content=\"tr_TR\" \/>\n<meta property=\"og:type\" content=\"article\" \/>\n<meta property=\"og:title\" content=\"KSTU soru\u015fturmas\u0131\u2026 S.G. ve B.\u00d6. toplam 83 davadan itham edildi -\" \/>\n<meta property=\"og:description\" content=\"Polis Genel M\u00fcd\u00fcrl\u00fc\u011f\u00fc Mali Su\u00e7larla M\u00fccadele \u015eube Amirli\u011fi taraf\u0131ndan G\u00fczelyurt\u2019ta K\u0131br\u0131s Sa\u011fl\u0131k ve Toplum Bilimleri \u00dcniversitesi\u2019nde (KSTU) y\u00fcr\u00fct\u00fclen soru\u015fturma kapsam\u0131nda tutuklanarak iki ay s\u00fcreyle cezaevine g\u00f6nderilen okulun direkt\u00f6r\u00fc ve hissedarlar\u0131ndan S.G ile asistan\u0131 B.\u00d6., bug\u00fcn ilk tahkikat duru\u015fmas\u0131 i\u00e7in yeniden G\u00fczelyurt Kaza Mahkemesi\u2019ne \u00e7\u0131kar\u0131ld\u0131. Her iki san\u0131k, toplam 83 davadan itham edildi. Mahkeme, tan\u0131klar\u0131n dinlenmesi\" \/>\n<meta property=\"og:url\" content=\"https:\/\/kibrisdakik.com\/?p=44651\" \/>\n<meta property=\"article:published_time\" content=\"2024-06-05T12:37:48+00:00\" \/>\n<meta property=\"og:image\" content=\"https:\/\/kibrisdakik.com\/wp-content\/uploads\/2024\/05\/guzelyurt-mahkeme-1--740x420.jpg\" \/>\n\t<meta property=\"og:image:width\" content=\"1600\" \/>\n\t<meta property=\"og:image:height\" content=\"1200\" \/>\n\t<meta property=\"og:image:type\" content=\"image\/jpeg\" \/>\n<meta name=\"author\" content=\"admin\" \/>\n<meta name=\"twitter:card\" content=\"summary_large_image\" \/>\n<meta name=\"twitter:label1\" content=\"Yazan:\" \/>\n\t<meta name=\"twitter:data1\" content=\"admin\" \/>\n\t<meta name=\"twitter:label2\" content=\"Tahmini okuma s\u00fcresi\" \/>\n\t<meta name=\"twitter:data2\" content=\"2 dakika\" \/>\n<script type=\"application\/ld+json\" class=\"yoast-schema-graph\">{\"@context\":\"https:\\\/\\\/schema.org\",\"@graph\":[{\"@type\":\"Article\",\"@id\":\"https:\\\/\\\/kibrisdakik.com\\\/?p=44651#article\",\"isPartOf\":{\"@id\":\"https:\\\/\\\/kibrisdakik.com\\\/?p=44651\"},\"author\":{\"name\":\"admin\",\"@id\":\"https:\\\/\\\/kibrisdakik.com\\\/#\\\/schema\\\/person\\\/9cd9d437bbb44f72b73ba127e06d8e79\"},\"headline\":\"KSTU soru\u015fturmas\u0131\u2026 S.G. ve B.\u00d6. toplam 83 davadan itham edildi\",\"datePublished\":\"2024-06-05T12:37:48+00:00\",\"mainEntityOfPage\":{\"@id\":\"https:\\\/\\\/kibrisdakik.com\\\/?p=44651\"},\"wordCount\":317,\"commentCount\":0,\"image\":{\"@id\":\"https:\\\/\\\/kibrisdakik.com\\\/?p=44651#primaryimage\"},\"thumbnailUrl\":\"https:\\\/\\\/kibrisdakik.com\\\/wp-content\\\/uploads\\\/2024\\\/05\\\/guzelyurt-mahkeme-1--740x420.jpg\",\"articleSection\":[\"G\u00fcndem\"],\"inLanguage\":\"tr\",\"potentialAction\":[{\"@type\":\"CommentAction\",\"name\":\"Comment\",\"target\":[\"https:\\\/\\\/kibrisdakik.com\\\/?p=44651#respond\"]}]},{\"@type\":\"WebPage\",\"@id\":\"https:\\\/\\\/kibrisdakik.com\\\/?p=44651\",\"url\":\"https:\\\/\\\/kibrisdakik.com\\\/?p=44651\",\"name\":\"KSTU soru\u015fturmas\u0131\u2026 S.G. ve B.\u00d6. toplam 83 davadan itham edildi -\",\"isPartOf\":{\"@id\":\"https:\\\/\\\/kibrisdakik.com\\\/#website\"},\"primaryImageOfPage\":{\"@id\":\"https:\\\/\\\/kibrisdakik.com\\\/?p=44651#primaryimage\"},\"image\":{\"@id\":\"https:\\\/\\\/kibrisdakik.com\\\/?p=44651#primaryimage\"},\"thumbnailUrl\":\"https:\\\/\\\/kibrisdakik.com\\\/wp-content\\\/uploads\\\/2024\\\/05\\\/guzelyurt-mahkeme-1--740x420.jpg\",\"datePublished\":\"2024-06-05T12:37:48+00:00\",\"author\":{\"@id\":\"https:\\\/\\\/kibrisdakik.com\\\/#\\\/schema\\\/person\\\/9cd9d437bbb44f72b73ba127e06d8e79\"},\"breadcrumb\":{\"@id\":\"https:\\\/\\\/kibrisdakik.com\\\/?p=44651#breadcrumb\"},\"inLanguage\":\"tr\",\"potentialAction\":[{\"@type\":\"ReadAction\",\"target\":[\"https:\\\/\\\/kibrisdakik.com\\\/?p=44651\"]}]},{\"@type\":\"ImageObject\",\"inLanguage\":\"tr\",\"@id\":\"https:\\\/\\\/kibrisdakik.com\\\/?p=44651#primaryimage\",\"url\":\"https:\\\/\\\/kibrisdakik.com\\\/wp-content\\\/uploads\\\/2024\\\/05\\\/guzelyurt-mahkeme-1--740x420.jpg\",\"contentUrl\":\"https:\\\/\\\/kibrisdakik.com\\\/wp-content\\\/uploads\\\/2024\\\/05\\\/guzelyurt-mahkeme-1--740x420.jpg\",\"width\":1600,\"height\":1200},{\"@type\":\"BreadcrumbList\",\"@id\":\"https:\\\/\\\/kibrisdakik.com\\\/?p=44651#breadcrumb\",\"itemListElement\":[{\"@type\":\"ListItem\",\"position\":1,\"name\":\"Home\",\"item\":\"https:\\\/\\\/kibrisdakik.com\\\/\"},{\"@type\":\"ListItem\",\"position\":2,\"name\":\"KSTU soru\u015fturmas\u0131\u2026 S.G. ve B.\u00d6. toplam 83 davadan itham edildi\"}]},{\"@type\":\"WebSite\",\"@id\":\"https:\\\/\\\/kibrisdakik.com\\\/#website\",\"url\":\"https:\\\/\\\/kibrisdakik.com\\\/\",\"name\":\"\",\"description\":\"Tam vaktinde haber\",\"potentialAction\":[{\"@type\":\"SearchAction\",\"target\":{\"@type\":\"EntryPoint\",\"urlTemplate\":\"https:\\\/\\\/kibrisdakik.com\\\/?s={search_term_string}\"},\"query-input\":{\"@type\":\"PropertyValueSpecification\",\"valueRequired\":true,\"valueName\":\"search_term_string\"}}],\"inLanguage\":\"tr\"},{\"@type\":\"Person\",\"@id\":\"https:\\\/\\\/kibrisdakik.com\\\/#\\\/schema\\\/person\\\/9cd9d437bbb44f72b73ba127e06d8e79\",\"name\":\"admin\",\"image\":{\"@type\":\"ImageObject\",\"inLanguage\":\"tr\",\"@id\":\"https:\\\/\\\/secure.gravatar.com\\\/avatar\\\/ccc17943b9d660506c869530f897617f7cb1c21a4bf30023f252596d83e1f007?s=96&d=mm&r=g\",\"url\":\"https:\\\/\\\/secure.gravatar.com\\\/avatar\\\/ccc17943b9d660506c869530f897617f7cb1c21a4bf30023f252596d83e1f007?s=96&d=mm&r=g\",\"contentUrl\":\"https:\\\/\\\/secure.gravatar.com\\\/avatar\\\/ccc17943b9d660506c869530f897617f7cb1c21a4bf30023f252596d83e1f007?s=96&d=mm&r=g\",\"caption\":\"admin\"},\"sameAs\":[\"https:\\\/\\\/kibrisdakik.com\"],\"url\":\"https:\\\/\\\/kibrisdakik.com\\\/?author=1\"}]}<\/script>\n<!-- \/ Yoast SEO plugin. -->","yoast_head_json":{"title":"KSTU soru\u015fturmas\u0131\u2026 S.G. ve B.\u00d6. toplam 83 davadan itham edildi -","robots":{"index":"index","follow":"follow","max-snippet":"max-snippet:-1","max-image-preview":"max-image-preview:large","max-video-preview":"max-video-preview:-1"},"canonical":"https:\/\/kibrisdakik.com\/?p=44651","og_locale":"tr_TR","og_type":"article","og_title":"KSTU soru\u015fturmas\u0131\u2026 S.G. ve B.\u00d6. toplam 83 davadan itham edildi -","og_description":"Polis Genel M\u00fcd\u00fcrl\u00fc\u011f\u00fc Mali Su\u00e7larla M\u00fccadele \u015eube Amirli\u011fi taraf\u0131ndan G\u00fczelyurt\u2019ta K\u0131br\u0131s Sa\u011fl\u0131k ve Toplum Bilimleri \u00dcniversitesi\u2019nde (KSTU) y\u00fcr\u00fct\u00fclen soru\u015fturma kapsam\u0131nda tutuklanarak iki ay s\u00fcreyle cezaevine g\u00f6nderilen okulun direkt\u00f6r\u00fc ve hissedarlar\u0131ndan S.G ile asistan\u0131 B.\u00d6., bug\u00fcn ilk tahkikat duru\u015fmas\u0131 i\u00e7in yeniden G\u00fczelyurt Kaza Mahkemesi\u2019ne \u00e7\u0131kar\u0131ld\u0131. Her iki san\u0131k, toplam 83 davadan itham edildi. Mahkeme, tan\u0131klar\u0131n dinlenmesi","og_url":"https:\/\/kibrisdakik.com\/?p=44651","article_published_time":"2024-06-05T12:37:48+00:00","og_image":[{"width":1600,"height":1200,"url":"https:\/\/kibrisdakik.com\/wp-content\/uploads\/2024\/05\/guzelyurt-mahkeme-1--740x420.jpg","type":"image\/jpeg"}],"author":"admin","twitter_card":"summary_large_image","twitter_misc":{"Yazan:":"admin","Tahmini okuma s\u00fcresi":"2 dakika"},"schema":{"@context":"https:\/\/schema.org","@graph":[{"@type":"Article","@id":"https:\/\/kibrisdakik.com\/?p=44651#article","isPartOf":{"@id":"https:\/\/kibrisdakik.com\/?p=44651"},"author":{"name":"admin","@id":"https:\/\/kibrisdakik.com\/#\/schema\/person\/9cd9d437bbb44f72b73ba127e06d8e79"},"headline":"KSTU soru\u015fturmas\u0131\u2026 S.G. ve B.\u00d6. toplam 83 davadan itham edildi","datePublished":"2024-06-05T12:37:48+00:00","mainEntityOfPage":{"@id":"https:\/\/kibrisdakik.com\/?p=44651"},"wordCount":317,"commentCount":0,"image":{"@id":"https:\/\/kibrisdakik.com\/?p=44651#primaryimage"},"thumbnailUrl":"https:\/\/kibrisdakik.com\/wp-content\/uploads\/2024\/05\/guzelyurt-mahkeme-1--740x420.jpg","articleSection":["G\u00fcndem"],"inLanguage":"tr","potentialAction":[{"@type":"CommentAction","name":"Comment","target":["https:\/\/kibrisdakik.com\/?p=44651#respond"]}]},{"@type":"WebPage","@id":"https:\/\/kibrisdakik.com\/?p=44651","url":"https:\/\/kibrisdakik.com\/?p=44651","name":"KSTU soru\u015fturmas\u0131\u2026 S.G. ve B.\u00d6. toplam 83 davadan itham edildi -","isPartOf":{"@id":"https:\/\/kibrisdakik.com\/#website"},"primaryImageOfPage":{"@id":"https:\/\/kibrisdakik.com\/?p=44651#primaryimage"},"image":{"@id":"https:\/\/kibrisdakik.com\/?p=44651#primaryimage"},"thumbnailUrl":"https:\/\/kibrisdakik.com\/wp-content\/uploads\/2024\/05\/guzelyurt-mahkeme-1--740x420.jpg","datePublished":"2024-06-05T12:37:48+00:00","author":{"@id":"https:\/\/kibrisdakik.com\/#\/schema\/person\/9cd9d437bbb44f72b73ba127e06d8e79"},"breadcrumb":{"@id":"https:\/\/kibrisdakik.com\/?p=44651#breadcrumb"},"inLanguage":"tr","potentialAction":[{"@type":"ReadAction","target":["https:\/\/kibrisdakik.com\/?p=44651"]}]},{"@type":"ImageObject","inLanguage":"tr","@id":"https:\/\/kibrisdakik.com\/?p=44651#primaryimage","url":"https:\/\/kibrisdakik.com\/wp-content\/uploads\/2024\/05\/guzelyurt-mahkeme-1--740x420.jpg","contentUrl":"https:\/\/kibrisdakik.com\/wp-content\/uploads\/2024\/05\/guzelyurt-mahkeme-1--740x420.jpg","width":1600,"height":1200},{"@type":"BreadcrumbList","@id":"https:\/\/kibrisdakik.com\/?p=44651#breadcrumb","itemListElement":[{"@type":"ListItem","position":1,"name":"Home","item":"https:\/\/kibrisdakik.com\/"},{"@type":"ListItem","position":2,"name":"KSTU soru\u015fturmas\u0131\u2026 S.G. ve B.\u00d6. toplam 83 davadan itham edildi"}]},{"@type":"WebSite","@id":"https:\/\/kibrisdakik.com\/#website","url":"https:\/\/kibrisdakik.com\/","name":"","description":"Tam vaktinde haber","potentialAction":[{"@type":"SearchAction","target":{"@type":"EntryPoint","urlTemplate":"https:\/\/kibrisdakik.com\/?s={search_term_string}"},"query-input":{"@type":"PropertyValueSpecification","valueRequired":true,"valueName":"search_term_string"}}],"inLanguage":"tr"},{"@type":"Person","@id":"https:\/\/kibrisdakik.com\/#\/schema\/person\/9cd9d437bbb44f72b73ba127e06d8e79","name":"admin","image":{"@type":"ImageObject","inLanguage":"tr","@id":"https:\/\/secure.gravatar.com\/avatar\/ccc17943b9d660506c869530f897617f7cb1c21a4bf30023f252596d83e1f007?s=96&d=mm&r=g","url":"https:\/\/secure.gravatar.com\/avatar\/ccc17943b9d660506c869530f897617f7cb1c21a4bf30023f252596d83e1f007?s=96&d=mm&r=g","contentUrl":"https:\/\/secure.gravatar.com\/avatar\/ccc17943b9d660506c869530f897617f7cb1c21a4bf30023f252596d83e1f007?s=96&d=mm&r=g","caption":"admin"},"sameAs":["https:\/\/kibrisdakik.com"],"url":"https:\/\/kibrisdakik.com\/?author=1"}]}},"_links":{"self":[{"href":"https:\/\/kibrisdakik.com\/index.php?rest_route=\/wp\/v2\/posts\/44651","targetHints":{"allow":["GET"]}}],"collection":[{"href":"https:\/\/kibrisdakik.com\/index.php?rest_route=\/wp\/v2\/posts"}],"about":[{"href":"https:\/\/kibrisdakik.com\/index.php?rest_route=\/wp\/v2\/types\/post"}],"author":[{"embeddable":true,"href":"https:\/\/kibrisdakik.com\/index.php?rest_route=\/wp\/v2\/users\/1"}],"replies":[{"embeddable":true,"href":"https:\/\/kibrisdakik.com\/index.php?rest_route=%2Fwp%2Fv2%2Fcomments&post=44651"}],"version-history":[{"count":0,"href":"https:\/\/kibrisdakik.com\/index.php?rest_route=\/wp\/v2\/posts\/44651\/revisions"}],"wp:featuredmedia":[{"embeddable":true,"href":"https:\/\/kibrisdakik.com\/index.php?rest_route=\/wp\/v2\/media\/43044"}],"wp:attachment":[{"href":"https:\/\/kibrisdakik.com\/index.php?rest_route=%2Fwp%2Fv2%2Fmedia&parent=44651"}],"wp:term":[{"taxonomy":"category","embeddable":true,"href":"https:\/\/kibrisdakik.com\/index.php?rest_route=%2Fwp%2Fv2%2Fcategories&post=44651"},{"taxonomy":"post_tag","embeddable":true,"href":"https:\/\/kibrisdakik.com\/index.php?rest_route=%2Fwp%2Fv2%2Ftags&post=44651"}],"curies":[{"name":"wp","href":"https:\/\/api.w.org\/{rel}","templated":true}]}}