{"id":44692,"date":"2024-06-05T17:49:57","date_gmt":"2024-06-05T17:49:57","guid":{"rendered":"https:\/\/kibrisdakik.com\/index.php\/2024\/06\/05\/evkaf-farkli-kulturden-gelen-cocuklari-agirladi\/"},"modified":"2024-06-05T17:49:57","modified_gmt":"2024-06-05T17:49:57","slug":"evkaf-farkli-kulturden-gelen-cocuklari-agirladi","status":"publish","type":"post","link":"https:\/\/kibrisdakik.com\/?p=44692","title":{"rendered":"Evkaf Farkl\u0131 K\u00fclt\u00fcrden Gelen \u00c7ocuklar\u0131 A\u011f\u0131rlad\u0131"},"content":{"rendered":"<p><\/p>\n<p>Festival kapsam\u0131nda Bulgaristan, Ukrayna, Kazakistan, K\u0131rg\u0131zistan ve T\u00fcrkiye\u2019den gelen ekipler, kendi k\u00fclt\u00fcrlerini tan\u0131t\u0131rken ayn\u0131 zamanda farkl\u0131 k\u00fclt\u00fcrleri tan\u0131ma f\u0131rsat\u0131 buluyor.&nbsp;<\/p>\n<p>Etkinlik kapsam\u0131nda adaya gelen ekip temsilcileri, K\u0131br\u0131s Vak\u0131flar \u0130daresi\u2019ni ziyaret ederek Evkaf Genel M\u00fcd\u00fcr\u00fc Prof. Dr. Mustafa T\u00fcmer ile bir araya geldi. Organizasyona katk\u0131lar\u0131ndan \u00f6t\u00fcr\u00fc Genel M\u00fcd\u00fcr Prof. Dr. Mustafa T\u00fcmer\u2019e te\u015fekk\u00fcr eden ekip temsilcileri, hediyelerini takdim ederek hat\u0131ra foto\u011fraf\u0131 \u00e7ektirdi.&nbsp;<\/p>\n<p>Ziyaretin ard\u0131ndan 5 Haziran D\u00fcnya \u00c7evre G\u00fcn\u00fc&#8217;n\u00fc kutlamak amac\u0131yla Evkaf bah\u00e7esinde bir araya gelen ekipler, alana yeni fidanlar kazand\u0131rd\u0131.&nbsp;<\/p>\n<p>Evkaf\u2019\u0131n farkl\u0131 k\u00fclt\u00fcrleri bir araya getirmeyi ama\u00e7layan bu t\u00fcr etkinliklere daima destek verdi\u011fini belirten T\u00fcmer, farkl\u0131 co\u011frafya ve k\u00fclt\u00fcrleri bulu\u015fturman\u0131n bizler i\u00e7in b\u00fcy\u00fck bir onur oldu\u011funu ifade etti.<\/p>\n<p><img decoding=\"async\" alt=\"\" src=\"https:\/\/www.kibristurk.com\/images\/detay\/9f1b3528-a571-4076-b7d5-44a7f1d21138.jpg\" style=\"height:600px;width:800px\" \/><img decoding=\"async\" alt=\"\" src=\"https:\/\/www.kibristurk.com\/images\/detay\/dbcf45c6-9eba-4d45-bba7-a64c41ba3dce.jpg\" style=\"height:600px;width:800px\" \/><\/p>\n","protected":false},"excerpt":{"rendered":"<p>Festival kapsam\u0131nda Bulgaristan, Ukrayna, Kazakistan, K\u0131rg\u0131zistan ve T\u00fcrkiye\u2019den gelen ekipler, kendi k\u00fclt\u00fcrlerini tan\u0131t\u0131rken ayn\u0131 zamanda farkl\u0131 k\u00fclt\u00fcrleri tan\u0131ma f\u0131rsat\u0131 buluyor.&nbsp; Etkinlik kapsam\u0131nda adaya gelen ekip temsilcileri, K\u0131br\u0131s Vak\u0131flar \u0130daresi\u2019ni ziyaret ederek Evkaf Genel M\u00fcd\u00fcr\u00fc Prof. Dr. Mustafa T\u00fcmer ile bir araya geldi. Organizasyona katk\u0131lar\u0131ndan \u00f6t\u00fcr\u00fc Genel M\u00fcd\u00fcr Prof. Dr. Mustafa T\u00fcmer\u2019e te\u015fekk\u00fcr eden ekip temsilcileri,<\/p>\n","protected":false},"author":1,"featured_media":44693,"comment_status":"open","ping_status":"open","sticky":false,"template":"","format":"standard","meta":{"footnotes":""},"categories":[85],"tags":[],"class_list":["post-44692","post","type-post","status-publish","format-standard","has-post-thumbnail","hentry","category-spor"],"yoast_head":"<!-- This site is optimized with the Yoast SEO plugin v27.4 - https:\/\/yoast.com\/product\/yoast-seo-wordpress\/ -->\n<title>Evkaf Farkl\u0131 K\u00fclt\u00fcrden Gelen \u00c7ocuklar\u0131 A\u011f\u0131rlad\u0131 -<\/title>\n<meta name=\"robots\" content=\"index, follow, max-snippet:-1, max-image-preview:large, max-video-preview:-1\" \/>\n<link rel=\"canonical\" href=\"https:\/\/kibrisdakik.com\/?p=44692\" \/>\n<meta property=\"og:locale\" content=\"tr_TR\" \/>\n<meta property=\"og:type\" content=\"article\" \/>\n<meta property=\"og:title\" content=\"Evkaf Farkl\u0131 K\u00fclt\u00fcrden Gelen \u00c7ocuklar\u0131 A\u011f\u0131rlad\u0131 -\" \/>\n<meta property=\"og:description\" content=\"Festival kapsam\u0131nda Bulgaristan, Ukrayna, Kazakistan, K\u0131rg\u0131zistan ve T\u00fcrkiye\u2019den gelen ekipler, kendi k\u00fclt\u00fcrlerini tan\u0131t\u0131rken ayn\u0131 zamanda farkl\u0131 k\u00fclt\u00fcrleri tan\u0131ma f\u0131rsat\u0131 buluyor.&nbsp; Etkinlik kapsam\u0131nda adaya gelen ekip temsilcileri, K\u0131br\u0131s Vak\u0131flar \u0130daresi\u2019ni ziyaret ederek Evkaf Genel M\u00fcd\u00fcr\u00fc Prof. Dr. Mustafa T\u00fcmer ile bir araya geldi. Organizasyona katk\u0131lar\u0131ndan \u00f6t\u00fcr\u00fc Genel M\u00fcd\u00fcr Prof. Dr. Mustafa T\u00fcmer\u2019e te\u015fekk\u00fcr eden ekip temsilcileri,\" \/>\n<meta property=\"og:url\" content=\"https:\/\/kibrisdakik.com\/?p=44692\" \/>\n<meta property=\"article:published_time\" content=\"2024-06-05T17:49:57+00:00\" \/>\n<meta property=\"og:image\" content=\"https:\/\/kibrisdakik.com\/wp-content\/uploads\/2024\/06\/9f1b3528-a571-4076-b7d5-44a7f1d21138-740x420.jpg\" \/>\n\t<meta property=\"og:image:width\" content=\"800\" \/>\n\t<meta property=\"og:image:height\" content=\"600\" \/>\n\t<meta property=\"og:image:type\" content=\"image\/jpeg\" \/>\n<meta name=\"author\" content=\"admin\" \/>\n<meta name=\"twitter:card\" content=\"summary_large_image\" \/>\n<meta name=\"twitter:label1\" content=\"Yazan:\" \/>\n\t<meta name=\"twitter:data1\" content=\"admin\" \/>\n\t<meta name=\"twitter:label2\" content=\"Tahmini okuma s\u00fcresi\" \/>\n\t<meta name=\"twitter:data2\" content=\"1 dakika\" \/>\n<script type=\"application\/ld+json\" class=\"yoast-schema-graph\">{\"@context\":\"https:\\\/\\\/schema.org\",\"@graph\":[{\"@type\":\"Article\",\"@id\":\"https:\\\/\\\/kibrisdakik.com\\\/?p=44692#article\",\"isPartOf\":{\"@id\":\"https:\\\/\\\/kibrisdakik.com\\\/?p=44692\"},\"author\":{\"name\":\"admin\",\"@id\":\"https:\\\/\\\/kibrisdakik.com\\\/#\\\/schema\\\/person\\\/9cd9d437bbb44f72b73ba127e06d8e79\"},\"headline\":\"Evkaf Farkl\u0131 K\u00fclt\u00fcrden Gelen \u00c7ocuklar\u0131 A\u011f\u0131rlad\u0131\",\"datePublished\":\"2024-06-05T17:49:57+00:00\",\"mainEntityOfPage\":{\"@id\":\"https:\\\/\\\/kibrisdakik.com\\\/?p=44692\"},\"wordCount\":174,\"commentCount\":0,\"image\":{\"@id\":\"https:\\\/\\\/kibrisdakik.com\\\/?p=44692#primaryimage\"},\"thumbnailUrl\":\"https:\\\/\\\/kibrisdakik.com\\\/wp-content\\\/uploads\\\/2024\\\/06\\\/9f1b3528-a571-4076-b7d5-44a7f1d21138-740x420.jpg\",\"articleSection\":[\"Spor\"],\"inLanguage\":\"tr\",\"potentialAction\":[{\"@type\":\"CommentAction\",\"name\":\"Comment\",\"target\":[\"https:\\\/\\\/kibrisdakik.com\\\/?p=44692#respond\"]}]},{\"@type\":\"WebPage\",\"@id\":\"https:\\\/\\\/kibrisdakik.com\\\/?p=44692\",\"url\":\"https:\\\/\\\/kibrisdakik.com\\\/?p=44692\",\"name\":\"Evkaf Farkl\u0131 K\u00fclt\u00fcrden Gelen \u00c7ocuklar\u0131 A\u011f\u0131rlad\u0131 -\",\"isPartOf\":{\"@id\":\"https:\\\/\\\/kibrisdakik.com\\\/#website\"},\"primaryImageOfPage\":{\"@id\":\"https:\\\/\\\/kibrisdakik.com\\\/?p=44692#primaryimage\"},\"image\":{\"@id\":\"https:\\\/\\\/kibrisdakik.com\\\/?p=44692#primaryimage\"},\"thumbnailUrl\":\"https:\\\/\\\/kibrisdakik.com\\\/wp-content\\\/uploads\\\/2024\\\/06\\\/9f1b3528-a571-4076-b7d5-44a7f1d21138-740x420.jpg\",\"datePublished\":\"2024-06-05T17:49:57+00:00\",\"author\":{\"@id\":\"https:\\\/\\\/kibrisdakik.com\\\/#\\\/schema\\\/person\\\/9cd9d437bbb44f72b73ba127e06d8e79\"},\"breadcrumb\":{\"@id\":\"https:\\\/\\\/kibrisdakik.com\\\/?p=44692#breadcrumb\"},\"inLanguage\":\"tr\",\"potentialAction\":[{\"@type\":\"ReadAction\",\"target\":[\"https:\\\/\\\/kibrisdakik.com\\\/?p=44692\"]}]},{\"@type\":\"ImageObject\",\"inLanguage\":\"tr\",\"@id\":\"https:\\\/\\\/kibrisdakik.com\\\/?p=44692#primaryimage\",\"url\":\"https:\\\/\\\/kibrisdakik.com\\\/wp-content\\\/uploads\\\/2024\\\/06\\\/9f1b3528-a571-4076-b7d5-44a7f1d21138-740x420.jpg\",\"contentUrl\":\"https:\\\/\\\/kibrisdakik.com\\\/wp-content\\\/uploads\\\/2024\\\/06\\\/9f1b3528-a571-4076-b7d5-44a7f1d21138-740x420.jpg\",\"width\":800,\"height\":600},{\"@type\":\"BreadcrumbList\",\"@id\":\"https:\\\/\\\/kibrisdakik.com\\\/?p=44692#breadcrumb\",\"itemListElement\":[{\"@type\":\"ListItem\",\"position\":1,\"name\":\"Home\",\"item\":\"https:\\\/\\\/kibrisdakik.com\\\/\"},{\"@type\":\"ListItem\",\"position\":2,\"name\":\"Evkaf Farkl\u0131 K\u00fclt\u00fcrden Gelen \u00c7ocuklar\u0131 A\u011f\u0131rlad\u0131\"}]},{\"@type\":\"WebSite\",\"@id\":\"https:\\\/\\\/kibrisdakik.com\\\/#website\",\"url\":\"https:\\\/\\\/kibrisdakik.com\\\/\",\"name\":\"\",\"description\":\"Tam vaktinde haber\",\"potentialAction\":[{\"@type\":\"SearchAction\",\"target\":{\"@type\":\"EntryPoint\",\"urlTemplate\":\"https:\\\/\\\/kibrisdakik.com\\\/?s={search_term_string}\"},\"query-input\":{\"@type\":\"PropertyValueSpecification\",\"valueRequired\":true,\"valueName\":\"search_term_string\"}}],\"inLanguage\":\"tr\"},{\"@type\":\"Person\",\"@id\":\"https:\\\/\\\/kibrisdakik.com\\\/#\\\/schema\\\/person\\\/9cd9d437bbb44f72b73ba127e06d8e79\",\"name\":\"admin\",\"image\":{\"@type\":\"ImageObject\",\"inLanguage\":\"tr\",\"@id\":\"https:\\\/\\\/secure.gravatar.com\\\/avatar\\\/ccc17943b9d660506c869530f897617f7cb1c21a4bf30023f252596d83e1f007?s=96&d=mm&r=g\",\"url\":\"https:\\\/\\\/secure.gravatar.com\\\/avatar\\\/ccc17943b9d660506c869530f897617f7cb1c21a4bf30023f252596d83e1f007?s=96&d=mm&r=g\",\"contentUrl\":\"https:\\\/\\\/secure.gravatar.com\\\/avatar\\\/ccc17943b9d660506c869530f897617f7cb1c21a4bf30023f252596d83e1f007?s=96&d=mm&r=g\",\"caption\":\"admin\"},\"sameAs\":[\"https:\\\/\\\/kibrisdakik.com\"],\"url\":\"https:\\\/\\\/kibrisdakik.com\\\/?author=1\"}]}<\/script>\n<!-- \/ Yoast SEO plugin. -->","yoast_head_json":{"title":"Evkaf Farkl\u0131 K\u00fclt\u00fcrden Gelen \u00c7ocuklar\u0131 A\u011f\u0131rlad\u0131 -","robots":{"index":"index","follow":"follow","max-snippet":"max-snippet:-1","max-image-preview":"max-image-preview:large","max-video-preview":"max-video-preview:-1"},"canonical":"https:\/\/kibrisdakik.com\/?p=44692","og_locale":"tr_TR","og_type":"article","og_title":"Evkaf Farkl\u0131 K\u00fclt\u00fcrden Gelen \u00c7ocuklar\u0131 A\u011f\u0131rlad\u0131 -","og_description":"Festival kapsam\u0131nda Bulgaristan, Ukrayna, Kazakistan, K\u0131rg\u0131zistan ve T\u00fcrkiye\u2019den gelen ekipler, kendi k\u00fclt\u00fcrlerini tan\u0131t\u0131rken ayn\u0131 zamanda farkl\u0131 k\u00fclt\u00fcrleri tan\u0131ma f\u0131rsat\u0131 buluyor.&nbsp; Etkinlik kapsam\u0131nda adaya gelen ekip temsilcileri, K\u0131br\u0131s Vak\u0131flar \u0130daresi\u2019ni ziyaret ederek Evkaf Genel M\u00fcd\u00fcr\u00fc Prof. Dr. Mustafa T\u00fcmer ile bir araya geldi. Organizasyona katk\u0131lar\u0131ndan \u00f6t\u00fcr\u00fc Genel M\u00fcd\u00fcr Prof. Dr. Mustafa T\u00fcmer\u2019e te\u015fekk\u00fcr eden ekip temsilcileri,","og_url":"https:\/\/kibrisdakik.com\/?p=44692","article_published_time":"2024-06-05T17:49:57+00:00","og_image":[{"width":800,"height":600,"url":"https:\/\/kibrisdakik.com\/wp-content\/uploads\/2024\/06\/9f1b3528-a571-4076-b7d5-44a7f1d21138-740x420.jpg","type":"image\/jpeg"}],"author":"admin","twitter_card":"summary_large_image","twitter_misc":{"Yazan:":"admin","Tahmini okuma s\u00fcresi":"1 dakika"},"schema":{"@context":"https:\/\/schema.org","@graph":[{"@type":"Article","@id":"https:\/\/kibrisdakik.com\/?p=44692#article","isPartOf":{"@id":"https:\/\/kibrisdakik.com\/?p=44692"},"author":{"name":"admin","@id":"https:\/\/kibrisdakik.com\/#\/schema\/person\/9cd9d437bbb44f72b73ba127e06d8e79"},"headline":"Evkaf Farkl\u0131 K\u00fclt\u00fcrden Gelen \u00c7ocuklar\u0131 A\u011f\u0131rlad\u0131","datePublished":"2024-06-05T17:49:57+00:00","mainEntityOfPage":{"@id":"https:\/\/kibrisdakik.com\/?p=44692"},"wordCount":174,"commentCount":0,"image":{"@id":"https:\/\/kibrisdakik.com\/?p=44692#primaryimage"},"thumbnailUrl":"https:\/\/kibrisdakik.com\/wp-content\/uploads\/2024\/06\/9f1b3528-a571-4076-b7d5-44a7f1d21138-740x420.jpg","articleSection":["Spor"],"inLanguage":"tr","potentialAction":[{"@type":"CommentAction","name":"Comment","target":["https:\/\/kibrisdakik.com\/?p=44692#respond"]}]},{"@type":"WebPage","@id":"https:\/\/kibrisdakik.com\/?p=44692","url":"https:\/\/kibrisdakik.com\/?p=44692","name":"Evkaf Farkl\u0131 K\u00fclt\u00fcrden Gelen \u00c7ocuklar\u0131 A\u011f\u0131rlad\u0131 -","isPartOf":{"@id":"https:\/\/kibrisdakik.com\/#website"},"primaryImageOfPage":{"@id":"https:\/\/kibrisdakik.com\/?p=44692#primaryimage"},"image":{"@id":"https:\/\/kibrisdakik.com\/?p=44692#primaryimage"},"thumbnailUrl":"https:\/\/kibrisdakik.com\/wp-content\/uploads\/2024\/06\/9f1b3528-a571-4076-b7d5-44a7f1d21138-740x420.jpg","datePublished":"2024-06-05T17:49:57+00:00","author":{"@id":"https:\/\/kibrisdakik.com\/#\/schema\/person\/9cd9d437bbb44f72b73ba127e06d8e79"},"breadcrumb":{"@id":"https:\/\/kibrisdakik.com\/?p=44692#breadcrumb"},"inLanguage":"tr","potentialAction":[{"@type":"ReadAction","target":["https:\/\/kibrisdakik.com\/?p=44692"]}]},{"@type":"ImageObject","inLanguage":"tr","@id":"https:\/\/kibrisdakik.com\/?p=44692#primaryimage","url":"https:\/\/kibrisdakik.com\/wp-content\/uploads\/2024\/06\/9f1b3528-a571-4076-b7d5-44a7f1d21138-740x420.jpg","contentUrl":"https:\/\/kibrisdakik.com\/wp-content\/uploads\/2024\/06\/9f1b3528-a571-4076-b7d5-44a7f1d21138-740x420.jpg","width":800,"height":600},{"@type":"BreadcrumbList","@id":"https:\/\/kibrisdakik.com\/?p=44692#breadcrumb","itemListElement":[{"@type":"ListItem","position":1,"name":"Home","item":"https:\/\/kibrisdakik.com\/"},{"@type":"ListItem","position":2,"name":"Evkaf Farkl\u0131 K\u00fclt\u00fcrden Gelen \u00c7ocuklar\u0131 A\u011f\u0131rlad\u0131"}]},{"@type":"WebSite","@id":"https:\/\/kibrisdakik.com\/#website","url":"https:\/\/kibrisdakik.com\/","name":"","description":"Tam vaktinde haber","potentialAction":[{"@type":"SearchAction","target":{"@type":"EntryPoint","urlTemplate":"https:\/\/kibrisdakik.com\/?s={search_term_string}"},"query-input":{"@type":"PropertyValueSpecification","valueRequired":true,"valueName":"search_term_string"}}],"inLanguage":"tr"},{"@type":"Person","@id":"https:\/\/kibrisdakik.com\/#\/schema\/person\/9cd9d437bbb44f72b73ba127e06d8e79","name":"admin","image":{"@type":"ImageObject","inLanguage":"tr","@id":"https:\/\/secure.gravatar.com\/avatar\/ccc17943b9d660506c869530f897617f7cb1c21a4bf30023f252596d83e1f007?s=96&d=mm&r=g","url":"https:\/\/secure.gravatar.com\/avatar\/ccc17943b9d660506c869530f897617f7cb1c21a4bf30023f252596d83e1f007?s=96&d=mm&r=g","contentUrl":"https:\/\/secure.gravatar.com\/avatar\/ccc17943b9d660506c869530f897617f7cb1c21a4bf30023f252596d83e1f007?s=96&d=mm&r=g","caption":"admin"},"sameAs":["https:\/\/kibrisdakik.com"],"url":"https:\/\/kibrisdakik.com\/?author=1"}]}},"_links":{"self":[{"href":"https:\/\/kibrisdakik.com\/index.php?rest_route=\/wp\/v2\/posts\/44692","targetHints":{"allow":["GET"]}}],"collection":[{"href":"https:\/\/kibrisdakik.com\/index.php?rest_route=\/wp\/v2\/posts"}],"about":[{"href":"https:\/\/kibrisdakik.com\/index.php?rest_route=\/wp\/v2\/types\/post"}],"author":[{"embeddable":true,"href":"https:\/\/kibrisdakik.com\/index.php?rest_route=\/wp\/v2\/users\/1"}],"replies":[{"embeddable":true,"href":"https:\/\/kibrisdakik.com\/index.php?rest_route=%2Fwp%2Fv2%2Fcomments&post=44692"}],"version-history":[{"count":0,"href":"https:\/\/kibrisdakik.com\/index.php?rest_route=\/wp\/v2\/posts\/44692\/revisions"}],"wp:featuredmedia":[{"embeddable":true,"href":"https:\/\/kibrisdakik.com\/index.php?rest_route=\/wp\/v2\/media\/44693"}],"wp:attachment":[{"href":"https:\/\/kibrisdakik.com\/index.php?rest_route=%2Fwp%2Fv2%2Fmedia&parent=44692"}],"wp:term":[{"taxonomy":"category","embeddable":true,"href":"https:\/\/kibrisdakik.com\/index.php?rest_route=%2Fwp%2Fv2%2Fcategories&post=44692"},{"taxonomy":"post_tag","embeddable":true,"href":"https:\/\/kibrisdakik.com\/index.php?rest_route=%2Fwp%2Fv2%2Ftags&post=44692"}],"curies":[{"name":"wp","href":"https:\/\/api.w.org\/{rel}","templated":true}]}}