{"id":44706,"date":"2024-06-05T19:45:00","date_gmt":"2024-06-05T19:45:00","guid":{"rendered":"https:\/\/kibrisdakik.com\/index.php\/2024\/06\/05\/alevkayasi-bolgesinde-yangin\/"},"modified":"2024-06-05T19:45:00","modified_gmt":"2024-06-05T19:45:00","slug":"alevkayasi-bolgesinde-yangin","status":"publish","type":"post","link":"https:\/\/kibrisdakik.com\/?p=44706","title":{"rendered":"Alevkayas\u0131 b\u00f6lgesinde yang\u0131n"},"content":{"rendered":"<p><\/p>\n<div>\n<div class=\"mariselle-image-container center\">\n                <img loading=\"lazy\" decoding=\"async\" width=\"2560\" height=\"1440\" class=\"lazy-image\" alt=\"\" sizes=\"auto, (max-width: 2560px) 100vw, 2560px\" src=\"https:\/\/brtk.net\/wp-content\/uploads\/2024\/06\/05\/image11-scaled.jpeg?ver=10ac8bd826e610990881f4687ee5f509\" srcset=\"https:\/\/brtk.net\/wp-content\/uploads\/2024\/06\/05\/image11-scaled.jpeg?ver=10ac8bd826e610990881f4687ee5f509 2560w, https:\/\/brtk.net\/wp-content\/uploads\/2024\/06\/05\/image11-300x169.jpeg?ver=10ac8bd826e610990881f4687ee5f509 300w, https:\/\/brtk.net\/wp-content\/uploads\/2024\/06\/05\/image11-1024x576.jpeg?ver=7a2f13fd4f9d387e0f622de78e83c926 1024w, https:\/\/brtk.net\/wp-content\/uploads\/2024\/06\/05\/image11-768x432.jpeg?ver=7a2f13fd4f9d387e0f622de78e83c926 768w, https:\/\/brtk.net\/wp-content\/uploads\/2024\/06\/05\/image11-1536x864.jpeg?ver=0c637c020e8d077312de035d54472adf 1536w, https:\/\/brtk.net\/wp-content\/uploads\/2024\/06\/05\/image11-2048x1152.jpeg?ver=d4bdfd2c3bbed3ba2c60e87bf658b2f9 2048w\"\/>                            <\/div>\n<p>\u00a0<\/p>\n<p>Alevkayas\u0131\u2019n\u0131n g\u00fcneyinde yang\u0131n meydana geldi.<\/p>\n<p dir=\"ltr\">Tar\u0131m ve Do\u011fal Kaynaklar Bakanl\u0131\u011f\u0131 yaz\u0131l\u0131 a\u00e7\u0131klamas\u0131nda yang\u0131na polis ve itfaiye ekiplerinin yan\u0131 s\u0131ra Orman Dairesi, Sivil Savunma Te\u015fkilat\u0131 ve b\u00f6lge belediyelerine ait tankerler ile m\u00fcdahale edildi\u011fini belirtti.<\/p>\n<div class=\"mariselle-image-container center\">\n                <img loading=\"lazy\" decoding=\"async\" width=\"2560\" height=\"1440\" class=\"lazy-image\" alt=\"\" sizes=\"auto, (max-width: 2560px) 100vw, 2560px\" src=\"https:\/\/brtk.net\/wp-content\/uploads\/2024\/06\/05\/image03-scaled.jpeg?ver=e2e845b8fce17fc843388d166b37a364\" srcset=\"https:\/\/brtk.net\/wp-content\/uploads\/2024\/06\/05\/image03-scaled.jpeg?ver=e2e845b8fce17fc843388d166b37a364 2560w, https:\/\/brtk.net\/wp-content\/uploads\/2024\/06\/05\/image03-300x169.jpeg?ver=e2e845b8fce17fc843388d166b37a364 300w, https:\/\/brtk.net\/wp-content\/uploads\/2024\/06\/05\/image03-1024x576.jpeg?ver=f3ba4989aaa229c0ec6d42a69f280d5c 1024w, https:\/\/brtk.net\/wp-content\/uploads\/2024\/06\/05\/image03-768x432.jpeg?ver=f3ba4989aaa229c0ec6d42a69f280d5c 768w, https:\/\/brtk.net\/wp-content\/uploads\/2024\/06\/05\/image03-1536x864.jpeg?ver=5a637133c2d4a1735fa3dbcf0ae43f4e 1536w, https:\/\/brtk.net\/wp-content\/uploads\/2024\/06\/05\/image03-2048x1152.jpeg?ver=e54a0795f019f48f295a4a5d4e34082a 2048w\"\/>                            <\/div>\n<p dir=\"ltr\">Yang\u0131n\u0131n sarp ve dik yama\u00e7larda devam etmesi nedeniyle yer yer yanmalar g\u00f6r\u00fcld\u00fc\u011f\u00fc kaydedilen a\u00e7\u0131klamada \u201cAlevlerin ormanl\u0131k alana yay\u0131lmas\u0131n\u0131 \u00f6nlemek amac\u0131yla geni\u015f \u00e7evre emniyeti al\u0131narak s\u00f6nd\u00fcrme ve so\u011futma \u00e7al\u0131\u015fmal<\/p>\n<\/p><\/div>\n<p><script async\n                    defer\n                    crossorigin=\"anonymous\"\n                    src=\"https:\/\/connect.facebook.net\/tr_TR\/sdk.js#xfbml=1&#038;version=v3.3\"\n            ><\/script><\/p>\n","protected":false},"excerpt":{"rendered":"<p>\u00a0 Alevkayas\u0131\u2019n\u0131n g\u00fcneyinde yang\u0131n meydana geldi. Tar\u0131m ve Do\u011fal Kaynaklar Bakanl\u0131\u011f\u0131 yaz\u0131l\u0131 a\u00e7\u0131klamas\u0131nda yang\u0131na polis ve itfaiye ekiplerinin yan\u0131 s\u0131ra Orman Dairesi, Sivil Savunma Te\u015fkilat\u0131 ve b\u00f6lge belediyelerine ait tankerler ile m\u00fcdahale edildi\u011fini belirtti. Yang\u0131n\u0131n sarp ve dik yama\u00e7larda devam etmesi nedeniyle yer yer yanmalar g\u00f6r\u00fcld\u00fc\u011f\u00fc kaydedilen a\u00e7\u0131klamada \u201cAlevlerin ormanl\u0131k alana yay\u0131lmas\u0131n\u0131 \u00f6nlemek amac\u0131yla geni\u015f<\/p>\n","protected":false},"author":1,"featured_media":44707,"comment_status":"open","ping_status":"open","sticky":false,"template":"","format":"standard","meta":{"footnotes":""},"categories":[1],"tags":[],"class_list":["post-44706","post","type-post","status-publish","format-standard","has-post-thumbnail","hentry","category-gundem"],"yoast_head":"<!-- This site is optimized with the Yoast SEO plugin v27.5 - https:\/\/yoast.com\/product\/yoast-seo-wordpress\/ -->\n<title>Alevkayas\u0131 b\u00f6lgesinde yang\u0131n -<\/title>\n<meta name=\"robots\" content=\"index, follow, max-snippet:-1, max-image-preview:large, max-video-preview:-1\" \/>\n<link rel=\"canonical\" href=\"https:\/\/kibrisdakik.com\/?p=44706\" \/>\n<meta property=\"og:locale\" content=\"tr_TR\" \/>\n<meta property=\"og:type\" content=\"article\" \/>\n<meta property=\"og:title\" content=\"Alevkayas\u0131 b\u00f6lgesinde yang\u0131n -\" \/>\n<meta property=\"og:description\" content=\"\u00a0 Alevkayas\u0131\u2019n\u0131n g\u00fcneyinde yang\u0131n meydana geldi. Tar\u0131m ve Do\u011fal Kaynaklar Bakanl\u0131\u011f\u0131 yaz\u0131l\u0131 a\u00e7\u0131klamas\u0131nda yang\u0131na polis ve itfaiye ekiplerinin yan\u0131 s\u0131ra Orman Dairesi, Sivil Savunma Te\u015fkilat\u0131 ve b\u00f6lge belediyelerine ait tankerler ile m\u00fcdahale edildi\u011fini belirtti. Yang\u0131n\u0131n sarp ve dik yama\u00e7larda devam etmesi nedeniyle yer yer yanmalar g\u00f6r\u00fcld\u00fc\u011f\u00fc kaydedilen a\u00e7\u0131klamada \u201cAlevlerin ormanl\u0131k alana yay\u0131lmas\u0131n\u0131 \u00f6nlemek amac\u0131yla geni\u015f\" \/>\n<meta property=\"og:url\" content=\"https:\/\/kibrisdakik.com\/?p=44706\" \/>\n<meta property=\"article:published_time\" content=\"2024-06-05T19:45:00+00:00\" \/>\n<meta property=\"og:image\" content=\"https:\/\/kibrisdakik.com\/wp-content\/uploads\/2024\/06\/image03-scaled-740x420.jpeg\" \/>\n\t<meta property=\"og:image:width\" content=\"2560\" \/>\n\t<meta property=\"og:image:height\" content=\"1440\" \/>\n\t<meta property=\"og:image:type\" content=\"image\/jpeg\" \/>\n<meta name=\"author\" content=\"admin\" \/>\n<meta name=\"twitter:card\" content=\"summary_large_image\" \/>\n<meta name=\"twitter:label1\" content=\"Yazan:\" \/>\n\t<meta name=\"twitter:data1\" content=\"admin\" \/>\n<script type=\"application\/ld+json\" class=\"yoast-schema-graph\">{\"@context\":\"https:\\\/\\\/schema.org\",\"@graph\":[{\"@type\":\"Article\",\"@id\":\"https:\\\/\\\/kibrisdakik.com\\\/?p=44706#article\",\"isPartOf\":{\"@id\":\"https:\\\/\\\/kibrisdakik.com\\\/?p=44706\"},\"author\":{\"name\":\"admin\",\"@id\":\"https:\\\/\\\/kibrisdakik.com\\\/#\\\/schema\\\/person\\\/9cd9d437bbb44f72b73ba127e06d8e79\"},\"headline\":\"Alevkayas\u0131 b\u00f6lgesinde yang\u0131n\",\"datePublished\":\"2024-06-05T19:45:00+00:00\",\"mainEntityOfPage\":{\"@id\":\"https:\\\/\\\/kibrisdakik.com\\\/?p=44706\"},\"wordCount\":96,\"commentCount\":0,\"image\":{\"@id\":\"https:\\\/\\\/kibrisdakik.com\\\/?p=44706#primaryimage\"},\"thumbnailUrl\":\"https:\\\/\\\/kibrisdakik.com\\\/wp-content\\\/uploads\\\/2024\\\/06\\\/image03-scaled-740x420.jpeg\",\"articleSection\":[\"G\u00fcndem\"],\"inLanguage\":\"tr\",\"potentialAction\":[{\"@type\":\"CommentAction\",\"name\":\"Comment\",\"target\":[\"https:\\\/\\\/kibrisdakik.com\\\/?p=44706#respond\"]}]},{\"@type\":\"WebPage\",\"@id\":\"https:\\\/\\\/kibrisdakik.com\\\/?p=44706\",\"url\":\"https:\\\/\\\/kibrisdakik.com\\\/?p=44706\",\"name\":\"Alevkayas\u0131 b\u00f6lgesinde yang\u0131n -\",\"isPartOf\":{\"@id\":\"https:\\\/\\\/kibrisdakik.com\\\/#website\"},\"primaryImageOfPage\":{\"@id\":\"https:\\\/\\\/kibrisdakik.com\\\/?p=44706#primaryimage\"},\"image\":{\"@id\":\"https:\\\/\\\/kibrisdakik.com\\\/?p=44706#primaryimage\"},\"thumbnailUrl\":\"https:\\\/\\\/kibrisdakik.com\\\/wp-content\\\/uploads\\\/2024\\\/06\\\/image03-scaled-740x420.jpeg\",\"datePublished\":\"2024-06-05T19:45:00+00:00\",\"author\":{\"@id\":\"https:\\\/\\\/kibrisdakik.com\\\/#\\\/schema\\\/person\\\/9cd9d437bbb44f72b73ba127e06d8e79\"},\"breadcrumb\":{\"@id\":\"https:\\\/\\\/kibrisdakik.com\\\/?p=44706#breadcrumb\"},\"inLanguage\":\"tr\",\"potentialAction\":[{\"@type\":\"ReadAction\",\"target\":[\"https:\\\/\\\/kibrisdakik.com\\\/?p=44706\"]}]},{\"@type\":\"ImageObject\",\"inLanguage\":\"tr\",\"@id\":\"https:\\\/\\\/kibrisdakik.com\\\/?p=44706#primaryimage\",\"url\":\"https:\\\/\\\/kibrisdakik.com\\\/wp-content\\\/uploads\\\/2024\\\/06\\\/image03-scaled-740x420.jpeg\",\"contentUrl\":\"https:\\\/\\\/kibrisdakik.com\\\/wp-content\\\/uploads\\\/2024\\\/06\\\/image03-scaled-740x420.jpeg\",\"width\":2560,\"height\":1440},{\"@type\":\"BreadcrumbList\",\"@id\":\"https:\\\/\\\/kibrisdakik.com\\\/?p=44706#breadcrumb\",\"itemListElement\":[{\"@type\":\"ListItem\",\"position\":1,\"name\":\"Home\",\"item\":\"https:\\\/\\\/kibrisdakik.com\\\/\"},{\"@type\":\"ListItem\",\"position\":2,\"name\":\"Alevkayas\u0131 b\u00f6lgesinde yang\u0131n\"}]},{\"@type\":\"WebSite\",\"@id\":\"https:\\\/\\\/kibrisdakik.com\\\/#website\",\"url\":\"https:\\\/\\\/kibrisdakik.com\\\/\",\"name\":\"\",\"description\":\"Tam vaktinde haber\",\"potentialAction\":[{\"@type\":\"SearchAction\",\"target\":{\"@type\":\"EntryPoint\",\"urlTemplate\":\"https:\\\/\\\/kibrisdakik.com\\\/?s={search_term_string}\"},\"query-input\":{\"@type\":\"PropertyValueSpecification\",\"valueRequired\":true,\"valueName\":\"search_term_string\"}}],\"inLanguage\":\"tr\"},{\"@type\":\"Person\",\"@id\":\"https:\\\/\\\/kibrisdakik.com\\\/#\\\/schema\\\/person\\\/9cd9d437bbb44f72b73ba127e06d8e79\",\"name\":\"admin\",\"image\":{\"@type\":\"ImageObject\",\"inLanguage\":\"tr\",\"@id\":\"https:\\\/\\\/secure.gravatar.com\\\/avatar\\\/ccc17943b9d660506c869530f897617f7cb1c21a4bf30023f252596d83e1f007?s=96&d=mm&r=g\",\"url\":\"https:\\\/\\\/secure.gravatar.com\\\/avatar\\\/ccc17943b9d660506c869530f897617f7cb1c21a4bf30023f252596d83e1f007?s=96&d=mm&r=g\",\"contentUrl\":\"https:\\\/\\\/secure.gravatar.com\\\/avatar\\\/ccc17943b9d660506c869530f897617f7cb1c21a4bf30023f252596d83e1f007?s=96&d=mm&r=g\",\"caption\":\"admin\"},\"sameAs\":[\"https:\\\/\\\/kibrisdakik.com\"],\"url\":\"https:\\\/\\\/kibrisdakik.com\\\/?author=1\"}]}<\/script>\n<!-- \/ Yoast SEO plugin. -->","yoast_head_json":{"title":"Alevkayas\u0131 b\u00f6lgesinde yang\u0131n -","robots":{"index":"index","follow":"follow","max-snippet":"max-snippet:-1","max-image-preview":"max-image-preview:large","max-video-preview":"max-video-preview:-1"},"canonical":"https:\/\/kibrisdakik.com\/?p=44706","og_locale":"tr_TR","og_type":"article","og_title":"Alevkayas\u0131 b\u00f6lgesinde yang\u0131n -","og_description":"\u00a0 Alevkayas\u0131\u2019n\u0131n g\u00fcneyinde yang\u0131n meydana geldi. Tar\u0131m ve Do\u011fal Kaynaklar Bakanl\u0131\u011f\u0131 yaz\u0131l\u0131 a\u00e7\u0131klamas\u0131nda yang\u0131na polis ve itfaiye ekiplerinin yan\u0131 s\u0131ra Orman Dairesi, Sivil Savunma Te\u015fkilat\u0131 ve b\u00f6lge belediyelerine ait tankerler ile m\u00fcdahale edildi\u011fini belirtti. Yang\u0131n\u0131n sarp ve dik yama\u00e7larda devam etmesi nedeniyle yer yer yanmalar g\u00f6r\u00fcld\u00fc\u011f\u00fc kaydedilen a\u00e7\u0131klamada \u201cAlevlerin ormanl\u0131k alana yay\u0131lmas\u0131n\u0131 \u00f6nlemek amac\u0131yla geni\u015f","og_url":"https:\/\/kibrisdakik.com\/?p=44706","article_published_time":"2024-06-05T19:45:00+00:00","og_image":[{"width":2560,"height":1440,"url":"https:\/\/kibrisdakik.com\/wp-content\/uploads\/2024\/06\/image03-scaled-740x420.jpeg","type":"image\/jpeg"}],"author":"admin","twitter_card":"summary_large_image","twitter_misc":{"Yazan:":"admin"},"schema":{"@context":"https:\/\/schema.org","@graph":[{"@type":"Article","@id":"https:\/\/kibrisdakik.com\/?p=44706#article","isPartOf":{"@id":"https:\/\/kibrisdakik.com\/?p=44706"},"author":{"name":"admin","@id":"https:\/\/kibrisdakik.com\/#\/schema\/person\/9cd9d437bbb44f72b73ba127e06d8e79"},"headline":"Alevkayas\u0131 b\u00f6lgesinde yang\u0131n","datePublished":"2024-06-05T19:45:00+00:00","mainEntityOfPage":{"@id":"https:\/\/kibrisdakik.com\/?p=44706"},"wordCount":96,"commentCount":0,"image":{"@id":"https:\/\/kibrisdakik.com\/?p=44706#primaryimage"},"thumbnailUrl":"https:\/\/kibrisdakik.com\/wp-content\/uploads\/2024\/06\/image03-scaled-740x420.jpeg","articleSection":["G\u00fcndem"],"inLanguage":"tr","potentialAction":[{"@type":"CommentAction","name":"Comment","target":["https:\/\/kibrisdakik.com\/?p=44706#respond"]}]},{"@type":"WebPage","@id":"https:\/\/kibrisdakik.com\/?p=44706","url":"https:\/\/kibrisdakik.com\/?p=44706","name":"Alevkayas\u0131 b\u00f6lgesinde yang\u0131n -","isPartOf":{"@id":"https:\/\/kibrisdakik.com\/#website"},"primaryImageOfPage":{"@id":"https:\/\/kibrisdakik.com\/?p=44706#primaryimage"},"image":{"@id":"https:\/\/kibrisdakik.com\/?p=44706#primaryimage"},"thumbnailUrl":"https:\/\/kibrisdakik.com\/wp-content\/uploads\/2024\/06\/image03-scaled-740x420.jpeg","datePublished":"2024-06-05T19:45:00+00:00","author":{"@id":"https:\/\/kibrisdakik.com\/#\/schema\/person\/9cd9d437bbb44f72b73ba127e06d8e79"},"breadcrumb":{"@id":"https:\/\/kibrisdakik.com\/?p=44706#breadcrumb"},"inLanguage":"tr","potentialAction":[{"@type":"ReadAction","target":["https:\/\/kibrisdakik.com\/?p=44706"]}]},{"@type":"ImageObject","inLanguage":"tr","@id":"https:\/\/kibrisdakik.com\/?p=44706#primaryimage","url":"https:\/\/kibrisdakik.com\/wp-content\/uploads\/2024\/06\/image03-scaled-740x420.jpeg","contentUrl":"https:\/\/kibrisdakik.com\/wp-content\/uploads\/2024\/06\/image03-scaled-740x420.jpeg","width":2560,"height":1440},{"@type":"BreadcrumbList","@id":"https:\/\/kibrisdakik.com\/?p=44706#breadcrumb","itemListElement":[{"@type":"ListItem","position":1,"name":"Home","item":"https:\/\/kibrisdakik.com\/"},{"@type":"ListItem","position":2,"name":"Alevkayas\u0131 b\u00f6lgesinde yang\u0131n"}]},{"@type":"WebSite","@id":"https:\/\/kibrisdakik.com\/#website","url":"https:\/\/kibrisdakik.com\/","name":"","description":"Tam vaktinde haber","potentialAction":[{"@type":"SearchAction","target":{"@type":"EntryPoint","urlTemplate":"https:\/\/kibrisdakik.com\/?s={search_term_string}"},"query-input":{"@type":"PropertyValueSpecification","valueRequired":true,"valueName":"search_term_string"}}],"inLanguage":"tr"},{"@type":"Person","@id":"https:\/\/kibrisdakik.com\/#\/schema\/person\/9cd9d437bbb44f72b73ba127e06d8e79","name":"admin","image":{"@type":"ImageObject","inLanguage":"tr","@id":"https:\/\/secure.gravatar.com\/avatar\/ccc17943b9d660506c869530f897617f7cb1c21a4bf30023f252596d83e1f007?s=96&d=mm&r=g","url":"https:\/\/secure.gravatar.com\/avatar\/ccc17943b9d660506c869530f897617f7cb1c21a4bf30023f252596d83e1f007?s=96&d=mm&r=g","contentUrl":"https:\/\/secure.gravatar.com\/avatar\/ccc17943b9d660506c869530f897617f7cb1c21a4bf30023f252596d83e1f007?s=96&d=mm&r=g","caption":"admin"},"sameAs":["https:\/\/kibrisdakik.com"],"url":"https:\/\/kibrisdakik.com\/?author=1"}]}},"_links":{"self":[{"href":"https:\/\/kibrisdakik.com\/index.php?rest_route=\/wp\/v2\/posts\/44706","targetHints":{"allow":["GET"]}}],"collection":[{"href":"https:\/\/kibrisdakik.com\/index.php?rest_route=\/wp\/v2\/posts"}],"about":[{"href":"https:\/\/kibrisdakik.com\/index.php?rest_route=\/wp\/v2\/types\/post"}],"author":[{"embeddable":true,"href":"https:\/\/kibrisdakik.com\/index.php?rest_route=\/wp\/v2\/users\/1"}],"replies":[{"embeddable":true,"href":"https:\/\/kibrisdakik.com\/index.php?rest_route=%2Fwp%2Fv2%2Fcomments&post=44706"}],"version-history":[{"count":0,"href":"https:\/\/kibrisdakik.com\/index.php?rest_route=\/wp\/v2\/posts\/44706\/revisions"}],"wp:featuredmedia":[{"embeddable":true,"href":"https:\/\/kibrisdakik.com\/index.php?rest_route=\/wp\/v2\/media\/44707"}],"wp:attachment":[{"href":"https:\/\/kibrisdakik.com\/index.php?rest_route=%2Fwp%2Fv2%2Fmedia&parent=44706"}],"wp:term":[{"taxonomy":"category","embeddable":true,"href":"https:\/\/kibrisdakik.com\/index.php?rest_route=%2Fwp%2Fv2%2Fcategories&post=44706"},{"taxonomy":"post_tag","embeddable":true,"href":"https:\/\/kibrisdakik.com\/index.php?rest_route=%2Fwp%2Fv2%2Ftags&post=44706"}],"curies":[{"name":"wp","href":"https:\/\/api.w.org\/{rel}","templated":true}]}}