{"id":44722,"date":"2024-06-05T21:49:01","date_gmt":"2024-06-05T21:49:01","guid":{"rendered":"https:\/\/kibrisdakik.com\/index.php\/2024\/06\/05\/beyarmudu-belediyesi-2nci-cocuk-festivali-yapildi\/"},"modified":"2024-06-05T21:49:01","modified_gmt":"2024-06-05T21:49:01","slug":"beyarmudu-belediyesi-2nci-cocuk-festivali-yapildi","status":"publish","type":"post","link":"https:\/\/kibrisdakik.com\/?p=44722","title":{"rendered":"Beyarmudu Belediyesi 2\u2019nci \u00c7ocuk Festivali yap\u0131ld\u0131"},"content":{"rendered":"<p><\/p>\n<div>\n<div class=\"mariselle-image-container center\">\n                <img loading=\"lazy\" decoding=\"async\" width=\"2560\" height=\"1438\" class=\"lazy-image\" alt=\"\" sizes=\"auto, (max-width: 2560px) 100vw, 2560px\" src=\"https:\/\/brtk.net\/wp-content\/uploads\/2024\/06\/05\/jg66-scaled.jpg?ver=0538d87be7597b2e16082f3fdd165193\" srcset=\"https:\/\/brtk.net\/wp-content\/uploads\/2024\/06\/05\/jg66-scaled.jpg?ver=0538d87be7597b2e16082f3fdd165193 2560w, https:\/\/brtk.net\/wp-content\/uploads\/2024\/06\/05\/jg66-300x169.jpg?ver=0538d87be7597b2e16082f3fdd165193 300w, https:\/\/brtk.net\/wp-content\/uploads\/2024\/06\/05\/jg66-1024x575.jpg?ver=1ea765578930bd0c15d64892b31bc653 1024w, https:\/\/brtk.net\/wp-content\/uploads\/2024\/06\/05\/jg66-768x431.jpg?ver=862255d0c713760724ec6183e5a04b51 768w, https:\/\/brtk.net\/wp-content\/uploads\/2024\/06\/05\/jg66-1536x863.jpg?ver=862255d0c713760724ec6183e5a04b51 1536w, https:\/\/brtk.net\/wp-content\/uploads\/2024\/06\/05\/jg66-2048x1150.jpg?ver=0f46df229bce234e1a411a00ac98b923 2048w\"\/>                            <\/div>\n<p>2.Uluslararas\u0131 Beyarmudu \u00c7ocuk Festivali T\u00fcrkiye, K\u0131rg\u0131zistan, Kazakistan, Ukrayna ve Bulgaristan\u2019dan gelen ekiplerin kat\u0131l\u0131m\u0131yla yap\u0131ld\u0131.<\/p>\n<p>Sayg\u0131 duru\u015fu ve \u0130stiklal Mar\u015f\u0131\u2019n\u0131n okunmas\u0131yla ba\u015flayan etkinlikte\u00a0 Beyarmudu Belediye Ba\u015fkan\u0131 B\u00fclent Bebek konu\u015fma yaparak, belediye olarak Beyarmudu\u2019nun uluslararas\u0131 alanda tan\u0131nmas\u0131 i\u00e7in yo\u011fun u\u011fra\u015f verildi\u011fini s\u00f6yledi.<\/p>\n<p>Festivale 5 farkl\u0131 \u00fclkeden ekiplerin\u00a0 kat\u0131ld\u0131\u011f\u0131n\u0131 ifade eden Bebek, b\u00f6lgede k\u00fclt\u00fcr ve sanat\u0131n dolu dolu ya\u015fanmas\u0131na \u00f6nem verildi\u011fini kaydetti.<\/p>\n<p>Cumhurba\u015fkan\u0131 <a href=\"https:\/\/brtk.net\/\" target=\"_blank\" rel=\"noopener\">Ersin <\/a><a href=\"https:\/\/brtk.net\/\"\/><a href=\"https:\/\/brtk.net\/\">Tatar<\/a> da, festivalin \u00fclkenin tan\u0131t\u0131m\u0131na katk\u0131da bulunmak ad\u0131na \u00f6nemine vurgu yapt\u0131.<\/p>\n<p>Beyarmudu\u2019nun her ge\u00e7en g\u00fcn kalk\u0131nd\u0131\u011f\u0131na i\u015faret eden <a href=\"https:\/\/brtk.net\/\"\/><a href=\"https:\/\/brtk.net\/\">Tatar<\/a>, \u00e7ocuklar\u0131n \u00fclkenin gelece\u011fi ve g\u00fcvencesi oldu\u011dunun alt\u0131n\u0131 \u00e7izdi.\u00a0<a href=\"https:\/\/brtk.net\/\"\/><a href=\"https:\/\/brtk.net\/\">Tatar<\/a>, \u00e7ocuklar\u0131n milli de\u011ferlerle yeti\u015ftirilmesinin \u00f6nemine vurgu yapt\u0131.\u00a0<\/p>\n<p>Konu\u015fmalar\u0131n ard\u0131ndan ekipler sahne alarak danslar\u0131n\u0131 sergilediler.<\/p>\n<\/p><\/div>\n<p><script async\n                    defer\n                    crossorigin=\"anonymous\"\n                    src=\"https:\/\/connect.facebook.net\/tr_TR\/sdk.js#xfbml=1&#038;version=v3.3\"\n            ><\/script><\/p>\n","protected":false},"excerpt":{"rendered":"<p>2.Uluslararas\u0131 Beyarmudu \u00c7ocuk Festivali T\u00fcrkiye, K\u0131rg\u0131zistan, Kazakistan, Ukrayna ve Bulgaristan\u2019dan gelen ekiplerin kat\u0131l\u0131m\u0131yla yap\u0131ld\u0131. Sayg\u0131 duru\u015fu ve \u0130stiklal Mar\u015f\u0131\u2019n\u0131n okunmas\u0131yla ba\u015flayan etkinlikte\u00a0 Beyarmudu Belediye Ba\u015fkan\u0131 B\u00fclent Bebek konu\u015fma yaparak, belediye olarak Beyarmudu\u2019nun uluslararas\u0131 alanda tan\u0131nmas\u0131 i\u00e7in yo\u011fun u\u011fra\u015f verildi\u011fini s\u00f6yledi. Festivale 5 farkl\u0131 \u00fclkeden ekiplerin\u00a0 kat\u0131ld\u0131\u011f\u0131n\u0131 ifade eden Bebek, b\u00f6lgede k\u00fclt\u00fcr ve sanat\u0131n dolu dolu<\/p>\n","protected":false},"author":1,"featured_media":44723,"comment_status":"open","ping_status":"open","sticky":false,"template":"","format":"standard","meta":{"footnotes":""},"categories":[1],"tags":[],"class_list":["post-44722","post","type-post","status-publish","format-standard","has-post-thumbnail","hentry","category-gundem"],"yoast_head":"<!-- This site is optimized with the Yoast SEO plugin v27.4 - https:\/\/yoast.com\/product\/yoast-seo-wordpress\/ -->\n<title>Beyarmudu Belediyesi 2\u2019nci \u00c7ocuk Festivali yap\u0131ld\u0131 -<\/title>\n<meta name=\"robots\" content=\"index, follow, max-snippet:-1, max-image-preview:large, max-video-preview:-1\" \/>\n<link rel=\"canonical\" href=\"https:\/\/kibrisdakik.com\/?p=44722\" \/>\n<meta property=\"og:locale\" content=\"tr_TR\" \/>\n<meta property=\"og:type\" content=\"article\" \/>\n<meta property=\"og:title\" content=\"Beyarmudu Belediyesi 2\u2019nci \u00c7ocuk Festivali yap\u0131ld\u0131 -\" \/>\n<meta property=\"og:description\" content=\"2.Uluslararas\u0131 Beyarmudu \u00c7ocuk Festivali T\u00fcrkiye, K\u0131rg\u0131zistan, Kazakistan, Ukrayna ve Bulgaristan\u2019dan gelen ekiplerin kat\u0131l\u0131m\u0131yla yap\u0131ld\u0131. Sayg\u0131 duru\u015fu ve \u0130stiklal Mar\u015f\u0131\u2019n\u0131n okunmas\u0131yla ba\u015flayan etkinlikte\u00a0 Beyarmudu Belediye Ba\u015fkan\u0131 B\u00fclent Bebek konu\u015fma yaparak, belediye olarak Beyarmudu\u2019nun uluslararas\u0131 alanda tan\u0131nmas\u0131 i\u00e7in yo\u011fun u\u011fra\u015f verildi\u011fini s\u00f6yledi. Festivale 5 farkl\u0131 \u00fclkeden ekiplerin\u00a0 kat\u0131ld\u0131\u011f\u0131n\u0131 ifade eden Bebek, b\u00f6lgede k\u00fclt\u00fcr ve sanat\u0131n dolu dolu\" \/>\n<meta property=\"og:url\" content=\"https:\/\/kibrisdakik.com\/?p=44722\" \/>\n<meta property=\"article:published_time\" content=\"2024-06-05T21:49:01+00:00\" \/>\n<meta property=\"og:image\" content=\"https:\/\/kibrisdakik.com\/wp-content\/uploads\/2024\/06\/jg66-scaled-740x420.jpg\" \/>\n\t<meta property=\"og:image:width\" content=\"2560\" \/>\n\t<meta property=\"og:image:height\" content=\"1438\" \/>\n\t<meta property=\"og:image:type\" content=\"image\/jpeg\" \/>\n<meta name=\"author\" content=\"admin\" \/>\n<meta name=\"twitter:card\" content=\"summary_large_image\" \/>\n<meta name=\"twitter:label1\" content=\"Yazan:\" \/>\n\t<meta name=\"twitter:data1\" content=\"admin\" \/>\n\t<meta name=\"twitter:label2\" content=\"Tahmini okuma s\u00fcresi\" \/>\n\t<meta name=\"twitter:data2\" content=\"1 dakika\" \/>\n<script type=\"application\/ld+json\" class=\"yoast-schema-graph\">{\"@context\":\"https:\\\/\\\/schema.org\",\"@graph\":[{\"@type\":\"Article\",\"@id\":\"https:\\\/\\\/kibrisdakik.com\\\/?p=44722#article\",\"isPartOf\":{\"@id\":\"https:\\\/\\\/kibrisdakik.com\\\/?p=44722\"},\"author\":{\"name\":\"admin\",\"@id\":\"https:\\\/\\\/kibrisdakik.com\\\/#\\\/schema\\\/person\\\/9cd9d437bbb44f72b73ba127e06d8e79\"},\"headline\":\"Beyarmudu Belediyesi 2\u2019nci \u00c7ocuk Festivali yap\u0131ld\u0131\",\"datePublished\":\"2024-06-05T21:49:01+00:00\",\"mainEntityOfPage\":{\"@id\":\"https:\\\/\\\/kibrisdakik.com\\\/?p=44722\"},\"wordCount\":165,\"commentCount\":0,\"image\":{\"@id\":\"https:\\\/\\\/kibrisdakik.com\\\/?p=44722#primaryimage\"},\"thumbnailUrl\":\"https:\\\/\\\/kibrisdakik.com\\\/wp-content\\\/uploads\\\/2024\\\/06\\\/jg66-scaled-740x420.jpg\",\"articleSection\":[\"G\u00fcndem\"],\"inLanguage\":\"tr\",\"potentialAction\":[{\"@type\":\"CommentAction\",\"name\":\"Comment\",\"target\":[\"https:\\\/\\\/kibrisdakik.com\\\/?p=44722#respond\"]}]},{\"@type\":\"WebPage\",\"@id\":\"https:\\\/\\\/kibrisdakik.com\\\/?p=44722\",\"url\":\"https:\\\/\\\/kibrisdakik.com\\\/?p=44722\",\"name\":\"Beyarmudu Belediyesi 2\u2019nci \u00c7ocuk Festivali yap\u0131ld\u0131 -\",\"isPartOf\":{\"@id\":\"https:\\\/\\\/kibrisdakik.com\\\/#website\"},\"primaryImageOfPage\":{\"@id\":\"https:\\\/\\\/kibrisdakik.com\\\/?p=44722#primaryimage\"},\"image\":{\"@id\":\"https:\\\/\\\/kibrisdakik.com\\\/?p=44722#primaryimage\"},\"thumbnailUrl\":\"https:\\\/\\\/kibrisdakik.com\\\/wp-content\\\/uploads\\\/2024\\\/06\\\/jg66-scaled-740x420.jpg\",\"datePublished\":\"2024-06-05T21:49:01+00:00\",\"author\":{\"@id\":\"https:\\\/\\\/kibrisdakik.com\\\/#\\\/schema\\\/person\\\/9cd9d437bbb44f72b73ba127e06d8e79\"},\"breadcrumb\":{\"@id\":\"https:\\\/\\\/kibrisdakik.com\\\/?p=44722#breadcrumb\"},\"inLanguage\":\"tr\",\"potentialAction\":[{\"@type\":\"ReadAction\",\"target\":[\"https:\\\/\\\/kibrisdakik.com\\\/?p=44722\"]}]},{\"@type\":\"ImageObject\",\"inLanguage\":\"tr\",\"@id\":\"https:\\\/\\\/kibrisdakik.com\\\/?p=44722#primaryimage\",\"url\":\"https:\\\/\\\/kibrisdakik.com\\\/wp-content\\\/uploads\\\/2024\\\/06\\\/jg66-scaled-740x420.jpg\",\"contentUrl\":\"https:\\\/\\\/kibrisdakik.com\\\/wp-content\\\/uploads\\\/2024\\\/06\\\/jg66-scaled-740x420.jpg\",\"width\":2560,\"height\":1438},{\"@type\":\"BreadcrumbList\",\"@id\":\"https:\\\/\\\/kibrisdakik.com\\\/?p=44722#breadcrumb\",\"itemListElement\":[{\"@type\":\"ListItem\",\"position\":1,\"name\":\"Home\",\"item\":\"https:\\\/\\\/kibrisdakik.com\\\/\"},{\"@type\":\"ListItem\",\"position\":2,\"name\":\"Beyarmudu Belediyesi 2\u2019nci \u00c7ocuk Festivali yap\u0131ld\u0131\"}]},{\"@type\":\"WebSite\",\"@id\":\"https:\\\/\\\/kibrisdakik.com\\\/#website\",\"url\":\"https:\\\/\\\/kibrisdakik.com\\\/\",\"name\":\"\",\"description\":\"Tam vaktinde haber\",\"potentialAction\":[{\"@type\":\"SearchAction\",\"target\":{\"@type\":\"EntryPoint\",\"urlTemplate\":\"https:\\\/\\\/kibrisdakik.com\\\/?s={search_term_string}\"},\"query-input\":{\"@type\":\"PropertyValueSpecification\",\"valueRequired\":true,\"valueName\":\"search_term_string\"}}],\"inLanguage\":\"tr\"},{\"@type\":\"Person\",\"@id\":\"https:\\\/\\\/kibrisdakik.com\\\/#\\\/schema\\\/person\\\/9cd9d437bbb44f72b73ba127e06d8e79\",\"name\":\"admin\",\"image\":{\"@type\":\"ImageObject\",\"inLanguage\":\"tr\",\"@id\":\"https:\\\/\\\/secure.gravatar.com\\\/avatar\\\/ccc17943b9d660506c869530f897617f7cb1c21a4bf30023f252596d83e1f007?s=96&d=mm&r=g\",\"url\":\"https:\\\/\\\/secure.gravatar.com\\\/avatar\\\/ccc17943b9d660506c869530f897617f7cb1c21a4bf30023f252596d83e1f007?s=96&d=mm&r=g\",\"contentUrl\":\"https:\\\/\\\/secure.gravatar.com\\\/avatar\\\/ccc17943b9d660506c869530f897617f7cb1c21a4bf30023f252596d83e1f007?s=96&d=mm&r=g\",\"caption\":\"admin\"},\"sameAs\":[\"https:\\\/\\\/kibrisdakik.com\"],\"url\":\"https:\\\/\\\/kibrisdakik.com\\\/?author=1\"}]}<\/script>\n<!-- \/ Yoast SEO plugin. -->","yoast_head_json":{"title":"Beyarmudu Belediyesi 2\u2019nci \u00c7ocuk Festivali yap\u0131ld\u0131 -","robots":{"index":"index","follow":"follow","max-snippet":"max-snippet:-1","max-image-preview":"max-image-preview:large","max-video-preview":"max-video-preview:-1"},"canonical":"https:\/\/kibrisdakik.com\/?p=44722","og_locale":"tr_TR","og_type":"article","og_title":"Beyarmudu Belediyesi 2\u2019nci \u00c7ocuk Festivali yap\u0131ld\u0131 -","og_description":"2.Uluslararas\u0131 Beyarmudu \u00c7ocuk Festivali T\u00fcrkiye, K\u0131rg\u0131zistan, Kazakistan, Ukrayna ve Bulgaristan\u2019dan gelen ekiplerin kat\u0131l\u0131m\u0131yla yap\u0131ld\u0131. Sayg\u0131 duru\u015fu ve \u0130stiklal Mar\u015f\u0131\u2019n\u0131n okunmas\u0131yla ba\u015flayan etkinlikte\u00a0 Beyarmudu Belediye Ba\u015fkan\u0131 B\u00fclent Bebek konu\u015fma yaparak, belediye olarak Beyarmudu\u2019nun uluslararas\u0131 alanda tan\u0131nmas\u0131 i\u00e7in yo\u011fun u\u011fra\u015f verildi\u011fini s\u00f6yledi. Festivale 5 farkl\u0131 \u00fclkeden ekiplerin\u00a0 kat\u0131ld\u0131\u011f\u0131n\u0131 ifade eden Bebek, b\u00f6lgede k\u00fclt\u00fcr ve sanat\u0131n dolu dolu","og_url":"https:\/\/kibrisdakik.com\/?p=44722","article_published_time":"2024-06-05T21:49:01+00:00","og_image":[{"width":2560,"height":1438,"url":"https:\/\/kibrisdakik.com\/wp-content\/uploads\/2024\/06\/jg66-scaled-740x420.jpg","type":"image\/jpeg"}],"author":"admin","twitter_card":"summary_large_image","twitter_misc":{"Yazan:":"admin","Tahmini okuma s\u00fcresi":"1 dakika"},"schema":{"@context":"https:\/\/schema.org","@graph":[{"@type":"Article","@id":"https:\/\/kibrisdakik.com\/?p=44722#article","isPartOf":{"@id":"https:\/\/kibrisdakik.com\/?p=44722"},"author":{"name":"admin","@id":"https:\/\/kibrisdakik.com\/#\/schema\/person\/9cd9d437bbb44f72b73ba127e06d8e79"},"headline":"Beyarmudu Belediyesi 2\u2019nci \u00c7ocuk Festivali yap\u0131ld\u0131","datePublished":"2024-06-05T21:49:01+00:00","mainEntityOfPage":{"@id":"https:\/\/kibrisdakik.com\/?p=44722"},"wordCount":165,"commentCount":0,"image":{"@id":"https:\/\/kibrisdakik.com\/?p=44722#primaryimage"},"thumbnailUrl":"https:\/\/kibrisdakik.com\/wp-content\/uploads\/2024\/06\/jg66-scaled-740x420.jpg","articleSection":["G\u00fcndem"],"inLanguage":"tr","potentialAction":[{"@type":"CommentAction","name":"Comment","target":["https:\/\/kibrisdakik.com\/?p=44722#respond"]}]},{"@type":"WebPage","@id":"https:\/\/kibrisdakik.com\/?p=44722","url":"https:\/\/kibrisdakik.com\/?p=44722","name":"Beyarmudu Belediyesi 2\u2019nci \u00c7ocuk Festivali yap\u0131ld\u0131 -","isPartOf":{"@id":"https:\/\/kibrisdakik.com\/#website"},"primaryImageOfPage":{"@id":"https:\/\/kibrisdakik.com\/?p=44722#primaryimage"},"image":{"@id":"https:\/\/kibrisdakik.com\/?p=44722#primaryimage"},"thumbnailUrl":"https:\/\/kibrisdakik.com\/wp-content\/uploads\/2024\/06\/jg66-scaled-740x420.jpg","datePublished":"2024-06-05T21:49:01+00:00","author":{"@id":"https:\/\/kibrisdakik.com\/#\/schema\/person\/9cd9d437bbb44f72b73ba127e06d8e79"},"breadcrumb":{"@id":"https:\/\/kibrisdakik.com\/?p=44722#breadcrumb"},"inLanguage":"tr","potentialAction":[{"@type":"ReadAction","target":["https:\/\/kibrisdakik.com\/?p=44722"]}]},{"@type":"ImageObject","inLanguage":"tr","@id":"https:\/\/kibrisdakik.com\/?p=44722#primaryimage","url":"https:\/\/kibrisdakik.com\/wp-content\/uploads\/2024\/06\/jg66-scaled-740x420.jpg","contentUrl":"https:\/\/kibrisdakik.com\/wp-content\/uploads\/2024\/06\/jg66-scaled-740x420.jpg","width":2560,"height":1438},{"@type":"BreadcrumbList","@id":"https:\/\/kibrisdakik.com\/?p=44722#breadcrumb","itemListElement":[{"@type":"ListItem","position":1,"name":"Home","item":"https:\/\/kibrisdakik.com\/"},{"@type":"ListItem","position":2,"name":"Beyarmudu Belediyesi 2\u2019nci \u00c7ocuk Festivali yap\u0131ld\u0131"}]},{"@type":"WebSite","@id":"https:\/\/kibrisdakik.com\/#website","url":"https:\/\/kibrisdakik.com\/","name":"","description":"Tam vaktinde haber","potentialAction":[{"@type":"SearchAction","target":{"@type":"EntryPoint","urlTemplate":"https:\/\/kibrisdakik.com\/?s={search_term_string}"},"query-input":{"@type":"PropertyValueSpecification","valueRequired":true,"valueName":"search_term_string"}}],"inLanguage":"tr"},{"@type":"Person","@id":"https:\/\/kibrisdakik.com\/#\/schema\/person\/9cd9d437bbb44f72b73ba127e06d8e79","name":"admin","image":{"@type":"ImageObject","inLanguage":"tr","@id":"https:\/\/secure.gravatar.com\/avatar\/ccc17943b9d660506c869530f897617f7cb1c21a4bf30023f252596d83e1f007?s=96&d=mm&r=g","url":"https:\/\/secure.gravatar.com\/avatar\/ccc17943b9d660506c869530f897617f7cb1c21a4bf30023f252596d83e1f007?s=96&d=mm&r=g","contentUrl":"https:\/\/secure.gravatar.com\/avatar\/ccc17943b9d660506c869530f897617f7cb1c21a4bf30023f252596d83e1f007?s=96&d=mm&r=g","caption":"admin"},"sameAs":["https:\/\/kibrisdakik.com"],"url":"https:\/\/kibrisdakik.com\/?author=1"}]}},"_links":{"self":[{"href":"https:\/\/kibrisdakik.com\/index.php?rest_route=\/wp\/v2\/posts\/44722","targetHints":{"allow":["GET"]}}],"collection":[{"href":"https:\/\/kibrisdakik.com\/index.php?rest_route=\/wp\/v2\/posts"}],"about":[{"href":"https:\/\/kibrisdakik.com\/index.php?rest_route=\/wp\/v2\/types\/post"}],"author":[{"embeddable":true,"href":"https:\/\/kibrisdakik.com\/index.php?rest_route=\/wp\/v2\/users\/1"}],"replies":[{"embeddable":true,"href":"https:\/\/kibrisdakik.com\/index.php?rest_route=%2Fwp%2Fv2%2Fcomments&post=44722"}],"version-history":[{"count":0,"href":"https:\/\/kibrisdakik.com\/index.php?rest_route=\/wp\/v2\/posts\/44722\/revisions"}],"wp:featuredmedia":[{"embeddable":true,"href":"https:\/\/kibrisdakik.com\/index.php?rest_route=\/wp\/v2\/media\/44723"}],"wp:attachment":[{"href":"https:\/\/kibrisdakik.com\/index.php?rest_route=%2Fwp%2Fv2%2Fmedia&parent=44722"}],"wp:term":[{"taxonomy":"category","embeddable":true,"href":"https:\/\/kibrisdakik.com\/index.php?rest_route=%2Fwp%2Fv2%2Fcategories&post=44722"},{"taxonomy":"post_tag","embeddable":true,"href":"https:\/\/kibrisdakik.com\/index.php?rest_route=%2Fwp%2Fv2%2Ftags&post=44722"}],"curies":[{"name":"wp","href":"https:\/\/api.w.org\/{rel}","templated":true}]}}