{"id":44743,"date":"2024-06-06T00:58:16","date_gmt":"2024-06-06T00:58:16","guid":{"rendered":"https:\/\/kibrisdakik.com\/index.php\/2024\/06\/06\/cinarlidaki-yangin-kismen-kontrol-altina-alindi\/"},"modified":"2024-06-06T00:58:16","modified_gmt":"2024-06-06T00:58:16","slug":"cinarlidaki-yangin-kismen-kontrol-altina-alindi","status":"publish","type":"post","link":"https:\/\/kibrisdakik.com\/?p=44743","title":{"rendered":"\u00c7\u0131narl\u0131\u2019daki yang\u0131n k\u0131smen kontrol alt\u0131na al\u0131nd\u0131"},"content":{"rendered":"<p><img decoding=\"async\" src=\"https:\/\/www.kibristurk.com\/images\/haberler\/2024\/06\/cinarlidaki-yangin-kismen-kontrol-altina-alindi-1717596943.webp\" \/><\/p>\n<p style=\"text-align:left\"><span style=\"font-size:16px\"><span style=\"font-family:Merriweather,serif !important\"><span style=\"color:#000000\"><span style=\"background-color:#ffffff\"><span style=\"font-size:16px !important\"><span style=\"font-family:Merriweather,serif !important\"><span style=\"color:#000000 !important\">Polisten yap\u0131lan a\u00e7\u0131klamada, yang\u0131n\u0131n \u00e7evre emniyetinin al\u0131nd\u0131\u011f\u0131 yer yer yanmalar\u0131n devam etti\u011fi bildirildi.<\/span><\/span><\/span><\/span><\/span><\/span><\/span><\/p>\n<p style=\"text-align:left\"><span style=\"font-size:16px\"><span style=\"font-family:Merriweather,serif !important\"><span style=\"color:#000000\"><span style=\"background-color:#ffffff\"><span style=\"font-size:16px !important\"><span style=\"font-family:Merriweather,serif !important\"><span style=\"color:#000000 !important\">A\u00e7\u0131klamada, yang\u0131n\u0131n k\u0131smen kontrol alt\u0131na al\u0131nd\u0131\u011f\u0131, so\u011futma ve s\u00f6nd\u00fcrme \u00e7al\u0131\u015fmalar\u0131n\u0131n s\u00fcrd\u00fc\u011f\u00fc kaydedildi.<\/span><\/span><\/span><\/span><\/span><\/span><\/span><\/p>\n<p style=\"text-align:left\"><span style=\"font-size:16px\"><span style=\"font-family:Merriweather,serif !important\"><span style=\"color:#000000\"><span style=\"background-color:#ffffff\"><span style=\"font-size:16px !important\"><span style=\"font-family:Merriweather,serif !important\"><span style=\"color:#000000 !important\">Yang\u0131n, \u00c7\u0131narl\u0131 k\u00f6y\u00fcn\u00fcn g\u00fcneydo\u011fusunda \u0130ncirli ma\u011fara mevkiinde saat 12.50 s\u0131ralar\u0131nda \u00e7\u0131km\u0131\u015ft\u0131.<\/span><\/span><\/span><\/span><\/span><\/span><\/span><\/p>\n","protected":false},"excerpt":{"rendered":"<p>Polisten yap\u0131lan a\u00e7\u0131klamada, yang\u0131n\u0131n \u00e7evre emniyetinin al\u0131nd\u0131\u011f\u0131 yer yer yanmalar\u0131n devam etti\u011fi bildirildi. A\u00e7\u0131klamada, yang\u0131n\u0131n k\u0131smen kontrol alt\u0131na al\u0131nd\u0131\u011f\u0131, so\u011futma ve s\u00f6nd\u00fcrme \u00e7al\u0131\u015fmalar\u0131n\u0131n s\u00fcrd\u00fc\u011f\u00fc kaydedildi. Yang\u0131n, \u00c7\u0131narl\u0131 k\u00f6y\u00fcn\u00fcn g\u00fcneydo\u011fusunda \u0130ncirli ma\u011fara mevkiinde saat 12.50 s\u0131ralar\u0131nda \u00e7\u0131km\u0131\u015ft\u0131.<\/p>\n","protected":false},"author":1,"featured_media":44744,"comment_status":"open","ping_status":"open","sticky":false,"template":"","format":"standard","meta":{"footnotes":""},"categories":[79],"tags":[],"class_list":["post-44743","post","type-post","status-publish","format-standard","has-post-thumbnail","hentry","category-ekonomi"],"yoast_head":"<!-- This site is optimized with the Yoast SEO plugin v27.4 - https:\/\/yoast.com\/product\/yoast-seo-wordpress\/ -->\n<title>\u00c7\u0131narl\u0131\u2019daki yang\u0131n k\u0131smen kontrol alt\u0131na al\u0131nd\u0131 -<\/title>\n<meta name=\"robots\" content=\"index, follow, max-snippet:-1, max-image-preview:large, max-video-preview:-1\" \/>\n<link rel=\"canonical\" href=\"https:\/\/kibrisdakik.com\/?p=44743\" \/>\n<meta property=\"og:locale\" content=\"tr_TR\" \/>\n<meta property=\"og:type\" content=\"article\" \/>\n<meta property=\"og:title\" content=\"\u00c7\u0131narl\u0131\u2019daki yang\u0131n k\u0131smen kontrol alt\u0131na al\u0131nd\u0131 -\" \/>\n<meta property=\"og:description\" content=\"Polisten yap\u0131lan a\u00e7\u0131klamada, yang\u0131n\u0131n \u00e7evre emniyetinin al\u0131nd\u0131\u011f\u0131 yer yer yanmalar\u0131n devam etti\u011fi bildirildi. A\u00e7\u0131klamada, yang\u0131n\u0131n k\u0131smen kontrol alt\u0131na al\u0131nd\u0131\u011f\u0131, so\u011futma ve s\u00f6nd\u00fcrme \u00e7al\u0131\u015fmalar\u0131n\u0131n s\u00fcrd\u00fc\u011f\u00fc kaydedildi. Yang\u0131n, \u00c7\u0131narl\u0131 k\u00f6y\u00fcn\u00fcn g\u00fcneydo\u011fusunda \u0130ncirli ma\u011fara mevkiinde saat 12.50 s\u0131ralar\u0131nda \u00e7\u0131km\u0131\u015ft\u0131.\" \/>\n<meta property=\"og:url\" content=\"https:\/\/kibrisdakik.com\/?p=44743\" \/>\n<meta property=\"article:published_time\" content=\"2024-06-06T00:58:16+00:00\" \/>\n<meta property=\"og:image\" content=\"https:\/\/kibrisdakik.com\/wp-content\/uploads\/2024\/06\/cinarlidaki-yangin-kismen-kontrol-altina-alindi-1717596943.webp.webp\" \/>\n\t<meta property=\"og:image:width\" content=\"710\" \/>\n\t<meta property=\"og:image:height\" content=\"370\" \/>\n\t<meta property=\"og:image:type\" content=\"image\/webp\" \/>\n<meta name=\"author\" content=\"admin\" \/>\n<meta name=\"twitter:card\" content=\"summary_large_image\" \/>\n<meta name=\"twitter:label1\" content=\"Yazan:\" \/>\n\t<meta name=\"twitter:data1\" content=\"admin\" \/>\n<script type=\"application\/ld+json\" class=\"yoast-schema-graph\">{\"@context\":\"https:\\\/\\\/schema.org\",\"@graph\":[{\"@type\":\"Article\",\"@id\":\"https:\\\/\\\/kibrisdakik.com\\\/?p=44743#article\",\"isPartOf\":{\"@id\":\"https:\\\/\\\/kibrisdakik.com\\\/?p=44743\"},\"author\":{\"name\":\"admin\",\"@id\":\"https:\\\/\\\/kibrisdakik.com\\\/#\\\/schema\\\/person\\\/9cd9d437bbb44f72b73ba127e06d8e79\"},\"headline\":\"\u00c7\u0131narl\u0131\u2019daki yang\u0131n k\u0131smen kontrol alt\u0131na al\u0131nd\u0131\",\"datePublished\":\"2024-06-06T00:58:16+00:00\",\"mainEntityOfPage\":{\"@id\":\"https:\\\/\\\/kibrisdakik.com\\\/?p=44743\"},\"wordCount\":76,\"commentCount\":0,\"image\":{\"@id\":\"https:\\\/\\\/kibrisdakik.com\\\/?p=44743#primaryimage\"},\"thumbnailUrl\":\"https:\\\/\\\/kibrisdakik.com\\\/wp-content\\\/uploads\\\/2024\\\/06\\\/cinarlidaki-yangin-kismen-kontrol-altina-alindi-1717596943.webp.webp\",\"articleSection\":[\"Ekonomi\"],\"inLanguage\":\"tr\",\"potentialAction\":[{\"@type\":\"CommentAction\",\"name\":\"Comment\",\"target\":[\"https:\\\/\\\/kibrisdakik.com\\\/?p=44743#respond\"]}]},{\"@type\":\"WebPage\",\"@id\":\"https:\\\/\\\/kibrisdakik.com\\\/?p=44743\",\"url\":\"https:\\\/\\\/kibrisdakik.com\\\/?p=44743\",\"name\":\"\u00c7\u0131narl\u0131\u2019daki yang\u0131n k\u0131smen kontrol alt\u0131na al\u0131nd\u0131 -\",\"isPartOf\":{\"@id\":\"https:\\\/\\\/kibrisdakik.com\\\/#website\"},\"primaryImageOfPage\":{\"@id\":\"https:\\\/\\\/kibrisdakik.com\\\/?p=44743#primaryimage\"},\"image\":{\"@id\":\"https:\\\/\\\/kibrisdakik.com\\\/?p=44743#primaryimage\"},\"thumbnailUrl\":\"https:\\\/\\\/kibrisdakik.com\\\/wp-content\\\/uploads\\\/2024\\\/06\\\/cinarlidaki-yangin-kismen-kontrol-altina-alindi-1717596943.webp.webp\",\"datePublished\":\"2024-06-06T00:58:16+00:00\",\"author\":{\"@id\":\"https:\\\/\\\/kibrisdakik.com\\\/#\\\/schema\\\/person\\\/9cd9d437bbb44f72b73ba127e06d8e79\"},\"breadcrumb\":{\"@id\":\"https:\\\/\\\/kibrisdakik.com\\\/?p=44743#breadcrumb\"},\"inLanguage\":\"tr\",\"potentialAction\":[{\"@type\":\"ReadAction\",\"target\":[\"https:\\\/\\\/kibrisdakik.com\\\/?p=44743\"]}]},{\"@type\":\"ImageObject\",\"inLanguage\":\"tr\",\"@id\":\"https:\\\/\\\/kibrisdakik.com\\\/?p=44743#primaryimage\",\"url\":\"https:\\\/\\\/kibrisdakik.com\\\/wp-content\\\/uploads\\\/2024\\\/06\\\/cinarlidaki-yangin-kismen-kontrol-altina-alindi-1717596943.webp.webp\",\"contentUrl\":\"https:\\\/\\\/kibrisdakik.com\\\/wp-content\\\/uploads\\\/2024\\\/06\\\/cinarlidaki-yangin-kismen-kontrol-altina-alindi-1717596943.webp.webp\",\"width\":710,\"height\":370},{\"@type\":\"BreadcrumbList\",\"@id\":\"https:\\\/\\\/kibrisdakik.com\\\/?p=44743#breadcrumb\",\"itemListElement\":[{\"@type\":\"ListItem\",\"position\":1,\"name\":\"Home\",\"item\":\"https:\\\/\\\/kibrisdakik.com\\\/\"},{\"@type\":\"ListItem\",\"position\":2,\"name\":\"\u00c7\u0131narl\u0131\u2019daki yang\u0131n k\u0131smen kontrol alt\u0131na al\u0131nd\u0131\"}]},{\"@type\":\"WebSite\",\"@id\":\"https:\\\/\\\/kibrisdakik.com\\\/#website\",\"url\":\"https:\\\/\\\/kibrisdakik.com\\\/\",\"name\":\"\",\"description\":\"Tam vaktinde haber\",\"potentialAction\":[{\"@type\":\"SearchAction\",\"target\":{\"@type\":\"EntryPoint\",\"urlTemplate\":\"https:\\\/\\\/kibrisdakik.com\\\/?s={search_term_string}\"},\"query-input\":{\"@type\":\"PropertyValueSpecification\",\"valueRequired\":true,\"valueName\":\"search_term_string\"}}],\"inLanguage\":\"tr\"},{\"@type\":\"Person\",\"@id\":\"https:\\\/\\\/kibrisdakik.com\\\/#\\\/schema\\\/person\\\/9cd9d437bbb44f72b73ba127e06d8e79\",\"name\":\"admin\",\"image\":{\"@type\":\"ImageObject\",\"inLanguage\":\"tr\",\"@id\":\"https:\\\/\\\/secure.gravatar.com\\\/avatar\\\/ccc17943b9d660506c869530f897617f7cb1c21a4bf30023f252596d83e1f007?s=96&d=mm&r=g\",\"url\":\"https:\\\/\\\/secure.gravatar.com\\\/avatar\\\/ccc17943b9d660506c869530f897617f7cb1c21a4bf30023f252596d83e1f007?s=96&d=mm&r=g\",\"contentUrl\":\"https:\\\/\\\/secure.gravatar.com\\\/avatar\\\/ccc17943b9d660506c869530f897617f7cb1c21a4bf30023f252596d83e1f007?s=96&d=mm&r=g\",\"caption\":\"admin\"},\"sameAs\":[\"https:\\\/\\\/kibrisdakik.com\"],\"url\":\"https:\\\/\\\/kibrisdakik.com\\\/?author=1\"}]}<\/script>\n<!-- \/ Yoast SEO plugin. -->","yoast_head_json":{"title":"\u00c7\u0131narl\u0131\u2019daki yang\u0131n k\u0131smen kontrol alt\u0131na al\u0131nd\u0131 -","robots":{"index":"index","follow":"follow","max-snippet":"max-snippet:-1","max-image-preview":"max-image-preview:large","max-video-preview":"max-video-preview:-1"},"canonical":"https:\/\/kibrisdakik.com\/?p=44743","og_locale":"tr_TR","og_type":"article","og_title":"\u00c7\u0131narl\u0131\u2019daki yang\u0131n k\u0131smen kontrol alt\u0131na al\u0131nd\u0131 -","og_description":"Polisten yap\u0131lan a\u00e7\u0131klamada, yang\u0131n\u0131n \u00e7evre emniyetinin al\u0131nd\u0131\u011f\u0131 yer yer yanmalar\u0131n devam etti\u011fi bildirildi. A\u00e7\u0131klamada, yang\u0131n\u0131n k\u0131smen kontrol alt\u0131na al\u0131nd\u0131\u011f\u0131, so\u011futma ve s\u00f6nd\u00fcrme \u00e7al\u0131\u015fmalar\u0131n\u0131n s\u00fcrd\u00fc\u011f\u00fc kaydedildi. Yang\u0131n, \u00c7\u0131narl\u0131 k\u00f6y\u00fcn\u00fcn g\u00fcneydo\u011fusunda \u0130ncirli ma\u011fara mevkiinde saat 12.50 s\u0131ralar\u0131nda \u00e7\u0131km\u0131\u015ft\u0131.","og_url":"https:\/\/kibrisdakik.com\/?p=44743","article_published_time":"2024-06-06T00:58:16+00:00","og_image":[{"width":710,"height":370,"url":"https:\/\/kibrisdakik.com\/wp-content\/uploads\/2024\/06\/cinarlidaki-yangin-kismen-kontrol-altina-alindi-1717596943.webp.webp","type":"image\/webp"}],"author":"admin","twitter_card":"summary_large_image","twitter_misc":{"Yazan:":"admin"},"schema":{"@context":"https:\/\/schema.org","@graph":[{"@type":"Article","@id":"https:\/\/kibrisdakik.com\/?p=44743#article","isPartOf":{"@id":"https:\/\/kibrisdakik.com\/?p=44743"},"author":{"name":"admin","@id":"https:\/\/kibrisdakik.com\/#\/schema\/person\/9cd9d437bbb44f72b73ba127e06d8e79"},"headline":"\u00c7\u0131narl\u0131\u2019daki yang\u0131n k\u0131smen kontrol alt\u0131na al\u0131nd\u0131","datePublished":"2024-06-06T00:58:16+00:00","mainEntityOfPage":{"@id":"https:\/\/kibrisdakik.com\/?p=44743"},"wordCount":76,"commentCount":0,"image":{"@id":"https:\/\/kibrisdakik.com\/?p=44743#primaryimage"},"thumbnailUrl":"https:\/\/kibrisdakik.com\/wp-content\/uploads\/2024\/06\/cinarlidaki-yangin-kismen-kontrol-altina-alindi-1717596943.webp.webp","articleSection":["Ekonomi"],"inLanguage":"tr","potentialAction":[{"@type":"CommentAction","name":"Comment","target":["https:\/\/kibrisdakik.com\/?p=44743#respond"]}]},{"@type":"WebPage","@id":"https:\/\/kibrisdakik.com\/?p=44743","url":"https:\/\/kibrisdakik.com\/?p=44743","name":"\u00c7\u0131narl\u0131\u2019daki yang\u0131n k\u0131smen kontrol alt\u0131na al\u0131nd\u0131 -","isPartOf":{"@id":"https:\/\/kibrisdakik.com\/#website"},"primaryImageOfPage":{"@id":"https:\/\/kibrisdakik.com\/?p=44743#primaryimage"},"image":{"@id":"https:\/\/kibrisdakik.com\/?p=44743#primaryimage"},"thumbnailUrl":"https:\/\/kibrisdakik.com\/wp-content\/uploads\/2024\/06\/cinarlidaki-yangin-kismen-kontrol-altina-alindi-1717596943.webp.webp","datePublished":"2024-06-06T00:58:16+00:00","author":{"@id":"https:\/\/kibrisdakik.com\/#\/schema\/person\/9cd9d437bbb44f72b73ba127e06d8e79"},"breadcrumb":{"@id":"https:\/\/kibrisdakik.com\/?p=44743#breadcrumb"},"inLanguage":"tr","potentialAction":[{"@type":"ReadAction","target":["https:\/\/kibrisdakik.com\/?p=44743"]}]},{"@type":"ImageObject","inLanguage":"tr","@id":"https:\/\/kibrisdakik.com\/?p=44743#primaryimage","url":"https:\/\/kibrisdakik.com\/wp-content\/uploads\/2024\/06\/cinarlidaki-yangin-kismen-kontrol-altina-alindi-1717596943.webp.webp","contentUrl":"https:\/\/kibrisdakik.com\/wp-content\/uploads\/2024\/06\/cinarlidaki-yangin-kismen-kontrol-altina-alindi-1717596943.webp.webp","width":710,"height":370},{"@type":"BreadcrumbList","@id":"https:\/\/kibrisdakik.com\/?p=44743#breadcrumb","itemListElement":[{"@type":"ListItem","position":1,"name":"Home","item":"https:\/\/kibrisdakik.com\/"},{"@type":"ListItem","position":2,"name":"\u00c7\u0131narl\u0131\u2019daki yang\u0131n k\u0131smen kontrol alt\u0131na al\u0131nd\u0131"}]},{"@type":"WebSite","@id":"https:\/\/kibrisdakik.com\/#website","url":"https:\/\/kibrisdakik.com\/","name":"","description":"Tam vaktinde haber","potentialAction":[{"@type":"SearchAction","target":{"@type":"EntryPoint","urlTemplate":"https:\/\/kibrisdakik.com\/?s={search_term_string}"},"query-input":{"@type":"PropertyValueSpecification","valueRequired":true,"valueName":"search_term_string"}}],"inLanguage":"tr"},{"@type":"Person","@id":"https:\/\/kibrisdakik.com\/#\/schema\/person\/9cd9d437bbb44f72b73ba127e06d8e79","name":"admin","image":{"@type":"ImageObject","inLanguage":"tr","@id":"https:\/\/secure.gravatar.com\/avatar\/ccc17943b9d660506c869530f897617f7cb1c21a4bf30023f252596d83e1f007?s=96&d=mm&r=g","url":"https:\/\/secure.gravatar.com\/avatar\/ccc17943b9d660506c869530f897617f7cb1c21a4bf30023f252596d83e1f007?s=96&d=mm&r=g","contentUrl":"https:\/\/secure.gravatar.com\/avatar\/ccc17943b9d660506c869530f897617f7cb1c21a4bf30023f252596d83e1f007?s=96&d=mm&r=g","caption":"admin"},"sameAs":["https:\/\/kibrisdakik.com"],"url":"https:\/\/kibrisdakik.com\/?author=1"}]}},"_links":{"self":[{"href":"https:\/\/kibrisdakik.com\/index.php?rest_route=\/wp\/v2\/posts\/44743","targetHints":{"allow":["GET"]}}],"collection":[{"href":"https:\/\/kibrisdakik.com\/index.php?rest_route=\/wp\/v2\/posts"}],"about":[{"href":"https:\/\/kibrisdakik.com\/index.php?rest_route=\/wp\/v2\/types\/post"}],"author":[{"embeddable":true,"href":"https:\/\/kibrisdakik.com\/index.php?rest_route=\/wp\/v2\/users\/1"}],"replies":[{"embeddable":true,"href":"https:\/\/kibrisdakik.com\/index.php?rest_route=%2Fwp%2Fv2%2Fcomments&post=44743"}],"version-history":[{"count":0,"href":"https:\/\/kibrisdakik.com\/index.php?rest_route=\/wp\/v2\/posts\/44743\/revisions"}],"wp:featuredmedia":[{"embeddable":true,"href":"https:\/\/kibrisdakik.com\/index.php?rest_route=\/wp\/v2\/media\/44744"}],"wp:attachment":[{"href":"https:\/\/kibrisdakik.com\/index.php?rest_route=%2Fwp%2Fv2%2Fmedia&parent=44743"}],"wp:term":[{"taxonomy":"category","embeddable":true,"href":"https:\/\/kibrisdakik.com\/index.php?rest_route=%2Fwp%2Fv2%2Fcategories&post=44743"},{"taxonomy":"post_tag","embeddable":true,"href":"https:\/\/kibrisdakik.com\/index.php?rest_route=%2Fwp%2Fv2%2Ftags&post=44743"}],"curies":[{"name":"wp","href":"https:\/\/api.w.org\/{rel}","templated":true}]}}