{"id":44771,"date":"2024-06-06T06:58:11","date_gmt":"2024-06-06T06:58:11","guid":{"rendered":"https:\/\/kibrisdakik.com\/index.php\/2024\/06\/06\/tarim-ve-dogal-kaynaklar-bakanligi-ana-dagitim-hatlarina-verilen-su-yerlesim-yerlerine-ait-su-depolarina-ulasti\/"},"modified":"2024-06-06T06:58:11","modified_gmt":"2024-06-06T06:58:11","slug":"tarim-ve-dogal-kaynaklar-bakanligi-ana-dagitim-hatlarina-verilen-su-yerlesim-yerlerine-ait-su-depolarina-ulasti","status":"publish","type":"post","link":"https:\/\/kibrisdakik.com\/?p=44771","title":{"rendered":"Tar\u0131m ve Do\u011fal Kaynaklar Bakanl\u0131\u011f\u0131: Ana da\u011f\u0131t\u0131m hatlar\u0131na verilen su yerle\u015fim yerlerine ait su depolar\u0131na ula\u015ft\u0131"},"content":{"rendered":"<p><\/p>\n<div>\n<div class=\"mariselle-image-container none\">\n                <img loading=\"lazy\" decoding=\"async\" width=\"1654\" height=\"1098\" class=\"lazy-image\" alt=\"\" sizes=\"auto, (max-width: 1654px) 100vw, 1654px\" src=\"https:\/\/brtk.net\/wp-content\/uploads\/2024\/06\/06\/gecitkoy-baraj-ero-4-.jpg?ver=1b322bf2dabbc910c0401a8980daf8d6\" srcset=\"https:\/\/brtk.net\/wp-content\/uploads\/2024\/06\/06\/gecitkoy-baraj-ero-4-.jpg?ver=1b322bf2dabbc910c0401a8980daf8d6 1654w, https:\/\/brtk.net\/wp-content\/uploads\/2024\/06\/06\/gecitkoy-baraj-ero-4--300x199.jpg?ver=56b789a491f77cc8c9451104e18aa384 300w, https:\/\/brtk.net\/wp-content\/uploads\/2024\/06\/06\/gecitkoy-baraj-ero-4--1024x680.jpg?ver=56b789a491f77cc8c9451104e18aa384 1024w, https:\/\/brtk.net\/wp-content\/uploads\/2024\/06\/06\/gecitkoy-baraj-ero-4--768x510.jpg?ver=56b789a491f77cc8c9451104e18aa384 768w, https:\/\/brtk.net\/wp-content\/uploads\/2024\/06\/06\/gecitkoy-baraj-ero-4--1536x1020.jpg?ver=e14111f25cca525b316c712db88a1b4f 1536w\"\/>                            <\/div>\n<p>Tar\u0131m ve Do\u011fal Kaynaklar Bakanl\u0131\u011f\u0131, ana da\u011f\u0131t\u0131m hatlar\u0131na verilen suyun yerle\u015fim yerlerine ait su depolar\u0131na ula\u015ft\u0131\u011f\u0131n\u0131 duyurdu.<\/p>\n<p>Bakanl\u0131k\u2019tan yap\u0131lan a\u00e7\u0131klamada, Ge\u00e7itk\u00f6y Baraj\u0131ndan, \u00c7aml\u0131bel Ar\u0131tma Tesisine su iletimini sa\u011flayan Ge\u00e7itk\u00f6y Terfi \u0130stasyonu \u00e7\u0131k\u0131\u015f\u0131ndaki ar\u0131zan\u0131n giderildi\u011fi ifade edildi.<\/p>\n<p>A\u00e7\u0131klamada, ar\u0131za sonras\u0131 Ge\u00e7itk\u00f6y Terfi \u0130stasyonu pompalar\u0131n\u0131n \u00e7al\u0131\u015ft\u0131r\u0131ld\u0131\u011f\u0131 ve barajdan al\u0131nan suyun i\u00e7me suyu ar\u0131tma tesisine bas\u0131lmaya ba\u015fland\u0131\u011f\u0131 hat\u0131rlat\u0131ld\u0131.<\/p>\n<p>Ar\u0131tma tesisinden \u00e7\u0131kan suyun saat 01.45 itibariyle ana da\u011f\u0131t\u0131m hatlar\u0131na verilip, yerle\u015fim yerlerine ait su depolar\u0131na ula\u015ft\u0131\u011f\u0131 belirtilen a\u00e7\u0131klamada, \u201cMeydana gelen teknik ar\u0131za giderim s\u00fcresince anlay\u0131\u015f g\u00f6sterip, sab\u0131rla bekleyen vatanda\u015flar\u0131m\u0131za te\u015fekk\u00fcr ederiz\u201d denildi.<\/p>\n<\/p><\/div>\n<p><script async\n                    defer\n                    crossorigin=\"anonymous\"\n                    src=\"https:\/\/connect.facebook.net\/tr_TR\/sdk.js#xfbml=1&#038;version=v3.3\"\n            ><\/script><\/p>\n","protected":false},"excerpt":{"rendered":"<p>Tar\u0131m ve Do\u011fal Kaynaklar Bakanl\u0131\u011f\u0131, ana da\u011f\u0131t\u0131m hatlar\u0131na verilen suyun yerle\u015fim yerlerine ait su depolar\u0131na ula\u015ft\u0131\u011f\u0131n\u0131 duyurdu. Bakanl\u0131k\u2019tan yap\u0131lan a\u00e7\u0131klamada, Ge\u00e7itk\u00f6y Baraj\u0131ndan, \u00c7aml\u0131bel Ar\u0131tma Tesisine su iletimini sa\u011flayan Ge\u00e7itk\u00f6y Terfi \u0130stasyonu \u00e7\u0131k\u0131\u015f\u0131ndaki ar\u0131zan\u0131n giderildi\u011fi ifade edildi. A\u00e7\u0131klamada, ar\u0131za sonras\u0131 Ge\u00e7itk\u00f6y Terfi \u0130stasyonu pompalar\u0131n\u0131n \u00e7al\u0131\u015ft\u0131r\u0131ld\u0131\u011f\u0131 ve barajdan al\u0131nan suyun i\u00e7me suyu ar\u0131tma tesisine bas\u0131lmaya ba\u015fland\u0131\u011f\u0131 hat\u0131rlat\u0131ld\u0131.<\/p>\n","protected":false},"author":1,"featured_media":44772,"comment_status":"open","ping_status":"open","sticky":false,"template":"","format":"standard","meta":{"footnotes":""},"categories":[1],"tags":[],"class_list":["post-44771","post","type-post","status-publish","format-standard","has-post-thumbnail","hentry","category-gundem"],"yoast_head":"<!-- This site is optimized with the Yoast SEO plugin v27.4 - https:\/\/yoast.com\/product\/yoast-seo-wordpress\/ -->\n<title>Tar\u0131m ve Do\u011fal Kaynaklar Bakanl\u0131\u011f\u0131: Ana da\u011f\u0131t\u0131m hatlar\u0131na verilen su yerle\u015fim yerlerine ait su depolar\u0131na ula\u015ft\u0131 -<\/title>\n<meta name=\"robots\" content=\"index, follow, max-snippet:-1, max-image-preview:large, max-video-preview:-1\" \/>\n<link rel=\"canonical\" href=\"https:\/\/kibrisdakik.com\/?p=44771\" \/>\n<meta property=\"og:locale\" content=\"tr_TR\" \/>\n<meta property=\"og:type\" content=\"article\" \/>\n<meta property=\"og:title\" content=\"Tar\u0131m ve Do\u011fal Kaynaklar Bakanl\u0131\u011f\u0131: Ana da\u011f\u0131t\u0131m hatlar\u0131na verilen su yerle\u015fim yerlerine ait su depolar\u0131na ula\u015ft\u0131 -\" \/>\n<meta property=\"og:description\" content=\"Tar\u0131m ve Do\u011fal Kaynaklar Bakanl\u0131\u011f\u0131, ana da\u011f\u0131t\u0131m hatlar\u0131na verilen suyun yerle\u015fim yerlerine ait su depolar\u0131na ula\u015ft\u0131\u011f\u0131n\u0131 duyurdu. Bakanl\u0131k\u2019tan yap\u0131lan a\u00e7\u0131klamada, Ge\u00e7itk\u00f6y Baraj\u0131ndan, \u00c7aml\u0131bel Ar\u0131tma Tesisine su iletimini sa\u011flayan Ge\u00e7itk\u00f6y Terfi \u0130stasyonu \u00e7\u0131k\u0131\u015f\u0131ndaki ar\u0131zan\u0131n giderildi\u011fi ifade edildi. A\u00e7\u0131klamada, ar\u0131za sonras\u0131 Ge\u00e7itk\u00f6y Terfi \u0130stasyonu pompalar\u0131n\u0131n \u00e7al\u0131\u015ft\u0131r\u0131ld\u0131\u011f\u0131 ve barajdan al\u0131nan suyun i\u00e7me suyu ar\u0131tma tesisine bas\u0131lmaya ba\u015fland\u0131\u011f\u0131 hat\u0131rlat\u0131ld\u0131.\" \/>\n<meta property=\"og:url\" content=\"https:\/\/kibrisdakik.com\/?p=44771\" \/>\n<meta property=\"article:published_time\" content=\"2024-06-06T06:58:11+00:00\" \/>\n<meta property=\"og:image\" content=\"https:\/\/kibrisdakik.com\/wp-content\/uploads\/2024\/06\/gecitkoy-baraj-ero-4--740x420.jpg\" \/>\n\t<meta property=\"og:image:width\" content=\"1654\" \/>\n\t<meta property=\"og:image:height\" content=\"1098\" \/>\n\t<meta property=\"og:image:type\" content=\"image\/jpeg\" \/>\n<meta name=\"author\" content=\"admin\" \/>\n<meta name=\"twitter:card\" content=\"summary_large_image\" \/>\n<meta name=\"twitter:label1\" content=\"Yazan:\" \/>\n\t<meta name=\"twitter:data1\" content=\"admin\" \/>\n\t<meta name=\"twitter:label2\" content=\"Tahmini okuma s\u00fcresi\" \/>\n\t<meta name=\"twitter:data2\" content=\"1 dakika\" \/>\n<script type=\"application\/ld+json\" class=\"yoast-schema-graph\">{\"@context\":\"https:\\\/\\\/schema.org\",\"@graph\":[{\"@type\":\"Article\",\"@id\":\"https:\\\/\\\/kibrisdakik.com\\\/?p=44771#article\",\"isPartOf\":{\"@id\":\"https:\\\/\\\/kibrisdakik.com\\\/?p=44771\"},\"author\":{\"name\":\"admin\",\"@id\":\"https:\\\/\\\/kibrisdakik.com\\\/#\\\/schema\\\/person\\\/9cd9d437bbb44f72b73ba127e06d8e79\"},\"headline\":\"Tar\u0131m ve Do\u011fal Kaynaklar Bakanl\u0131\u011f\u0131: Ana da\u011f\u0131t\u0131m hatlar\u0131na verilen su yerle\u015fim yerlerine ait su depolar\u0131na ula\u015ft\u0131\",\"datePublished\":\"2024-06-06T06:58:11+00:00\",\"mainEntityOfPage\":{\"@id\":\"https:\\\/\\\/kibrisdakik.com\\\/?p=44771\"},\"wordCount\":169,\"commentCount\":0,\"image\":{\"@id\":\"https:\\\/\\\/kibrisdakik.com\\\/?p=44771#primaryimage\"},\"thumbnailUrl\":\"https:\\\/\\\/kibrisdakik.com\\\/wp-content\\\/uploads\\\/2024\\\/06\\\/gecitkoy-baraj-ero-4--740x420.jpg\",\"articleSection\":[\"G\u00fcndem\"],\"inLanguage\":\"tr\",\"potentialAction\":[{\"@type\":\"CommentAction\",\"name\":\"Comment\",\"target\":[\"https:\\\/\\\/kibrisdakik.com\\\/?p=44771#respond\"]}]},{\"@type\":\"WebPage\",\"@id\":\"https:\\\/\\\/kibrisdakik.com\\\/?p=44771\",\"url\":\"https:\\\/\\\/kibrisdakik.com\\\/?p=44771\",\"name\":\"Tar\u0131m ve Do\u011fal Kaynaklar Bakanl\u0131\u011f\u0131: Ana da\u011f\u0131t\u0131m hatlar\u0131na verilen su yerle\u015fim yerlerine ait su depolar\u0131na ula\u015ft\u0131 -\",\"isPartOf\":{\"@id\":\"https:\\\/\\\/kibrisdakik.com\\\/#website\"},\"primaryImageOfPage\":{\"@id\":\"https:\\\/\\\/kibrisdakik.com\\\/?p=44771#primaryimage\"},\"image\":{\"@id\":\"https:\\\/\\\/kibrisdakik.com\\\/?p=44771#primaryimage\"},\"thumbnailUrl\":\"https:\\\/\\\/kibrisdakik.com\\\/wp-content\\\/uploads\\\/2024\\\/06\\\/gecitkoy-baraj-ero-4--740x420.jpg\",\"datePublished\":\"2024-06-06T06:58:11+00:00\",\"author\":{\"@id\":\"https:\\\/\\\/kibrisdakik.com\\\/#\\\/schema\\\/person\\\/9cd9d437bbb44f72b73ba127e06d8e79\"},\"breadcrumb\":{\"@id\":\"https:\\\/\\\/kibrisdakik.com\\\/?p=44771#breadcrumb\"},\"inLanguage\":\"tr\",\"potentialAction\":[{\"@type\":\"ReadAction\",\"target\":[\"https:\\\/\\\/kibrisdakik.com\\\/?p=44771\"]}]},{\"@type\":\"ImageObject\",\"inLanguage\":\"tr\",\"@id\":\"https:\\\/\\\/kibrisdakik.com\\\/?p=44771#primaryimage\",\"url\":\"https:\\\/\\\/kibrisdakik.com\\\/wp-content\\\/uploads\\\/2024\\\/06\\\/gecitkoy-baraj-ero-4--740x420.jpg\",\"contentUrl\":\"https:\\\/\\\/kibrisdakik.com\\\/wp-content\\\/uploads\\\/2024\\\/06\\\/gecitkoy-baraj-ero-4--740x420.jpg\",\"width\":1654,\"height\":1098},{\"@type\":\"BreadcrumbList\",\"@id\":\"https:\\\/\\\/kibrisdakik.com\\\/?p=44771#breadcrumb\",\"itemListElement\":[{\"@type\":\"ListItem\",\"position\":1,\"name\":\"Home\",\"item\":\"https:\\\/\\\/kibrisdakik.com\\\/\"},{\"@type\":\"ListItem\",\"position\":2,\"name\":\"Tar\u0131m ve Do\u011fal Kaynaklar Bakanl\u0131\u011f\u0131: Ana da\u011f\u0131t\u0131m hatlar\u0131na verilen su yerle\u015fim yerlerine ait su depolar\u0131na ula\u015ft\u0131\"}]},{\"@type\":\"WebSite\",\"@id\":\"https:\\\/\\\/kibrisdakik.com\\\/#website\",\"url\":\"https:\\\/\\\/kibrisdakik.com\\\/\",\"name\":\"\",\"description\":\"Tam vaktinde haber\",\"potentialAction\":[{\"@type\":\"SearchAction\",\"target\":{\"@type\":\"EntryPoint\",\"urlTemplate\":\"https:\\\/\\\/kibrisdakik.com\\\/?s={search_term_string}\"},\"query-input\":{\"@type\":\"PropertyValueSpecification\",\"valueRequired\":true,\"valueName\":\"search_term_string\"}}],\"inLanguage\":\"tr\"},{\"@type\":\"Person\",\"@id\":\"https:\\\/\\\/kibrisdakik.com\\\/#\\\/schema\\\/person\\\/9cd9d437bbb44f72b73ba127e06d8e79\",\"name\":\"admin\",\"image\":{\"@type\":\"ImageObject\",\"inLanguage\":\"tr\",\"@id\":\"https:\\\/\\\/secure.gravatar.com\\\/avatar\\\/ccc17943b9d660506c869530f897617f7cb1c21a4bf30023f252596d83e1f007?s=96&d=mm&r=g\",\"url\":\"https:\\\/\\\/secure.gravatar.com\\\/avatar\\\/ccc17943b9d660506c869530f897617f7cb1c21a4bf30023f252596d83e1f007?s=96&d=mm&r=g\",\"contentUrl\":\"https:\\\/\\\/secure.gravatar.com\\\/avatar\\\/ccc17943b9d660506c869530f897617f7cb1c21a4bf30023f252596d83e1f007?s=96&d=mm&r=g\",\"caption\":\"admin\"},\"sameAs\":[\"https:\\\/\\\/kibrisdakik.com\"],\"url\":\"https:\\\/\\\/kibrisdakik.com\\\/?author=1\"}]}<\/script>\n<!-- \/ Yoast SEO plugin. -->","yoast_head_json":{"title":"Tar\u0131m ve Do\u011fal Kaynaklar Bakanl\u0131\u011f\u0131: Ana da\u011f\u0131t\u0131m hatlar\u0131na verilen su yerle\u015fim yerlerine ait su depolar\u0131na ula\u015ft\u0131 -","robots":{"index":"index","follow":"follow","max-snippet":"max-snippet:-1","max-image-preview":"max-image-preview:large","max-video-preview":"max-video-preview:-1"},"canonical":"https:\/\/kibrisdakik.com\/?p=44771","og_locale":"tr_TR","og_type":"article","og_title":"Tar\u0131m ve Do\u011fal Kaynaklar Bakanl\u0131\u011f\u0131: Ana da\u011f\u0131t\u0131m hatlar\u0131na verilen su yerle\u015fim yerlerine ait su depolar\u0131na ula\u015ft\u0131 -","og_description":"Tar\u0131m ve Do\u011fal Kaynaklar Bakanl\u0131\u011f\u0131, ana da\u011f\u0131t\u0131m hatlar\u0131na verilen suyun yerle\u015fim yerlerine ait su depolar\u0131na ula\u015ft\u0131\u011f\u0131n\u0131 duyurdu. Bakanl\u0131k\u2019tan yap\u0131lan a\u00e7\u0131klamada, Ge\u00e7itk\u00f6y Baraj\u0131ndan, \u00c7aml\u0131bel Ar\u0131tma Tesisine su iletimini sa\u011flayan Ge\u00e7itk\u00f6y Terfi \u0130stasyonu \u00e7\u0131k\u0131\u015f\u0131ndaki ar\u0131zan\u0131n giderildi\u011fi ifade edildi. A\u00e7\u0131klamada, ar\u0131za sonras\u0131 Ge\u00e7itk\u00f6y Terfi \u0130stasyonu pompalar\u0131n\u0131n \u00e7al\u0131\u015ft\u0131r\u0131ld\u0131\u011f\u0131 ve barajdan al\u0131nan suyun i\u00e7me suyu ar\u0131tma tesisine bas\u0131lmaya ba\u015fland\u0131\u011f\u0131 hat\u0131rlat\u0131ld\u0131.","og_url":"https:\/\/kibrisdakik.com\/?p=44771","article_published_time":"2024-06-06T06:58:11+00:00","og_image":[{"width":1654,"height":1098,"url":"https:\/\/kibrisdakik.com\/wp-content\/uploads\/2024\/06\/gecitkoy-baraj-ero-4--740x420.jpg","type":"image\/jpeg"}],"author":"admin","twitter_card":"summary_large_image","twitter_misc":{"Yazan:":"admin","Tahmini okuma s\u00fcresi":"1 dakika"},"schema":{"@context":"https:\/\/schema.org","@graph":[{"@type":"Article","@id":"https:\/\/kibrisdakik.com\/?p=44771#article","isPartOf":{"@id":"https:\/\/kibrisdakik.com\/?p=44771"},"author":{"name":"admin","@id":"https:\/\/kibrisdakik.com\/#\/schema\/person\/9cd9d437bbb44f72b73ba127e06d8e79"},"headline":"Tar\u0131m ve Do\u011fal Kaynaklar Bakanl\u0131\u011f\u0131: Ana da\u011f\u0131t\u0131m hatlar\u0131na verilen su yerle\u015fim yerlerine ait su depolar\u0131na ula\u015ft\u0131","datePublished":"2024-06-06T06:58:11+00:00","mainEntityOfPage":{"@id":"https:\/\/kibrisdakik.com\/?p=44771"},"wordCount":169,"commentCount":0,"image":{"@id":"https:\/\/kibrisdakik.com\/?p=44771#primaryimage"},"thumbnailUrl":"https:\/\/kibrisdakik.com\/wp-content\/uploads\/2024\/06\/gecitkoy-baraj-ero-4--740x420.jpg","articleSection":["G\u00fcndem"],"inLanguage":"tr","potentialAction":[{"@type":"CommentAction","name":"Comment","target":["https:\/\/kibrisdakik.com\/?p=44771#respond"]}]},{"@type":"WebPage","@id":"https:\/\/kibrisdakik.com\/?p=44771","url":"https:\/\/kibrisdakik.com\/?p=44771","name":"Tar\u0131m ve Do\u011fal Kaynaklar Bakanl\u0131\u011f\u0131: Ana da\u011f\u0131t\u0131m hatlar\u0131na verilen su yerle\u015fim yerlerine ait su depolar\u0131na ula\u015ft\u0131 -","isPartOf":{"@id":"https:\/\/kibrisdakik.com\/#website"},"primaryImageOfPage":{"@id":"https:\/\/kibrisdakik.com\/?p=44771#primaryimage"},"image":{"@id":"https:\/\/kibrisdakik.com\/?p=44771#primaryimage"},"thumbnailUrl":"https:\/\/kibrisdakik.com\/wp-content\/uploads\/2024\/06\/gecitkoy-baraj-ero-4--740x420.jpg","datePublished":"2024-06-06T06:58:11+00:00","author":{"@id":"https:\/\/kibrisdakik.com\/#\/schema\/person\/9cd9d437bbb44f72b73ba127e06d8e79"},"breadcrumb":{"@id":"https:\/\/kibrisdakik.com\/?p=44771#breadcrumb"},"inLanguage":"tr","potentialAction":[{"@type":"ReadAction","target":["https:\/\/kibrisdakik.com\/?p=44771"]}]},{"@type":"ImageObject","inLanguage":"tr","@id":"https:\/\/kibrisdakik.com\/?p=44771#primaryimage","url":"https:\/\/kibrisdakik.com\/wp-content\/uploads\/2024\/06\/gecitkoy-baraj-ero-4--740x420.jpg","contentUrl":"https:\/\/kibrisdakik.com\/wp-content\/uploads\/2024\/06\/gecitkoy-baraj-ero-4--740x420.jpg","width":1654,"height":1098},{"@type":"BreadcrumbList","@id":"https:\/\/kibrisdakik.com\/?p=44771#breadcrumb","itemListElement":[{"@type":"ListItem","position":1,"name":"Home","item":"https:\/\/kibrisdakik.com\/"},{"@type":"ListItem","position":2,"name":"Tar\u0131m ve Do\u011fal Kaynaklar Bakanl\u0131\u011f\u0131: Ana da\u011f\u0131t\u0131m hatlar\u0131na verilen su yerle\u015fim yerlerine ait su depolar\u0131na ula\u015ft\u0131"}]},{"@type":"WebSite","@id":"https:\/\/kibrisdakik.com\/#website","url":"https:\/\/kibrisdakik.com\/","name":"","description":"Tam vaktinde haber","potentialAction":[{"@type":"SearchAction","target":{"@type":"EntryPoint","urlTemplate":"https:\/\/kibrisdakik.com\/?s={search_term_string}"},"query-input":{"@type":"PropertyValueSpecification","valueRequired":true,"valueName":"search_term_string"}}],"inLanguage":"tr"},{"@type":"Person","@id":"https:\/\/kibrisdakik.com\/#\/schema\/person\/9cd9d437bbb44f72b73ba127e06d8e79","name":"admin","image":{"@type":"ImageObject","inLanguage":"tr","@id":"https:\/\/secure.gravatar.com\/avatar\/ccc17943b9d660506c869530f897617f7cb1c21a4bf30023f252596d83e1f007?s=96&d=mm&r=g","url":"https:\/\/secure.gravatar.com\/avatar\/ccc17943b9d660506c869530f897617f7cb1c21a4bf30023f252596d83e1f007?s=96&d=mm&r=g","contentUrl":"https:\/\/secure.gravatar.com\/avatar\/ccc17943b9d660506c869530f897617f7cb1c21a4bf30023f252596d83e1f007?s=96&d=mm&r=g","caption":"admin"},"sameAs":["https:\/\/kibrisdakik.com"],"url":"https:\/\/kibrisdakik.com\/?author=1"}]}},"_links":{"self":[{"href":"https:\/\/kibrisdakik.com\/index.php?rest_route=\/wp\/v2\/posts\/44771","targetHints":{"allow":["GET"]}}],"collection":[{"href":"https:\/\/kibrisdakik.com\/index.php?rest_route=\/wp\/v2\/posts"}],"about":[{"href":"https:\/\/kibrisdakik.com\/index.php?rest_route=\/wp\/v2\/types\/post"}],"author":[{"embeddable":true,"href":"https:\/\/kibrisdakik.com\/index.php?rest_route=\/wp\/v2\/users\/1"}],"replies":[{"embeddable":true,"href":"https:\/\/kibrisdakik.com\/index.php?rest_route=%2Fwp%2Fv2%2Fcomments&post=44771"}],"version-history":[{"count":0,"href":"https:\/\/kibrisdakik.com\/index.php?rest_route=\/wp\/v2\/posts\/44771\/revisions"}],"wp:featuredmedia":[{"embeddable":true,"href":"https:\/\/kibrisdakik.com\/index.php?rest_route=\/wp\/v2\/media\/44772"}],"wp:attachment":[{"href":"https:\/\/kibrisdakik.com\/index.php?rest_route=%2Fwp%2Fv2%2Fmedia&parent=44771"}],"wp:term":[{"taxonomy":"category","embeddable":true,"href":"https:\/\/kibrisdakik.com\/index.php?rest_route=%2Fwp%2Fv2%2Fcategories&post=44771"},{"taxonomy":"post_tag","embeddable":true,"href":"https:\/\/kibrisdakik.com\/index.php?rest_route=%2Fwp%2Fv2%2Ftags&post=44771"}],"curies":[{"name":"wp","href":"https:\/\/api.w.org\/{rel}","templated":true}]}}