{"id":44786,"date":"2024-06-06T08:59:54","date_gmt":"2024-06-06T08:59:54","guid":{"rendered":"https:\/\/kibrisdakik.com\/index.php\/2024\/06\/06\/tore-bakude-aliyevin-kabrini-ve-%e1%b9%a3ehitlikleri-ziyaret-etti\/"},"modified":"2024-06-06T08:59:54","modified_gmt":"2024-06-06T08:59:54","slug":"tore-bakude-aliyevin-kabrini-ve-%e1%b9%a3ehitlikleri-ziyaret-etti","status":"publish","type":"post","link":"https:\/\/kibrisdakik.com\/?p=44786","title":{"rendered":"T\u00f6re, Bak\u00fc\u2019de Aliyev\u2019in kabrini ve \u1e62ehitlikleri  ziyaret etti"},"content":{"rendered":"<p><\/p>\n<div>\n<div class=\"mariselle-image-container center\">\n                <img loading=\"lazy\" decoding=\"async\" width=\"1600\" height=\"1066\" class=\"lazy-image\" alt=\"\" sizes=\"auto, (max-width: 1600px) 100vw, 1600px\" src=\"https:\/\/brtk.net\/wp-content\/uploads\/2024\/06\/06\/IMG-20240606-WA0019.jpg?ver=10b13fefe2b63599ffdea64eee715777\" srcset=\"https:\/\/brtk.net\/wp-content\/uploads\/2024\/06\/06\/IMG-20240606-WA0019.jpg?ver=10b13fefe2b63599ffdea64eee715777 1600w, https:\/\/brtk.net\/wp-content\/uploads\/2024\/06\/06\/IMG-20240606-WA0019-300x200.jpg?ver=b7755cca0f1273daa3f4ea90bfd0b4fa 300w, https:\/\/brtk.net\/wp-content\/uploads\/2024\/06\/06\/IMG-20240606-WA0019-1024x682.jpg?ver=b7755cca0f1273daa3f4ea90bfd0b4fa 1024w, https:\/\/brtk.net\/wp-content\/uploads\/2024\/06\/06\/IMG-20240606-WA0019-768x512.jpg?ver=b7755cca0f1273daa3f4ea90bfd0b4fa 768w, https:\/\/brtk.net\/wp-content\/uploads\/2024\/06\/06\/IMG-20240606-WA0019-1536x1023.jpg?ver=b9c5a5772d94216de4b704ae73e0e261 1536w\"\/>                            <\/div>\n<p>T\u00fcrk Devletleri Parlamenter Asamblesi (T\u00dcRKPA) 13. Genel Kurulu\u2019na kat\u0131lmak \u00fczere Azerbaycan\u2019da temaslarda bulunan Cumhuriyet Meclisi Ba\u015fkan\u0131 Zorlu T\u00f6re, konuk heyet Meclis Ba\u015fkanlar\u0131 ve temsilciler ile birlikte Azerbaycan Milli Lideri Haydar Aliyev\u2019in kabrini ziyaret etti.<\/p>\n<p>Burada Azerbaycan Cumhuriyeti Milli Meclisi Ba\u015fkan\u0131 Sahibe Gafarova taraf\u0131ndan kar\u015f\u0131lanan T\u00f6re, heyet ile birlikte Aliyev\u2019in kabrinde sayg\u0131 duru\u015funda bulundu , daha sonra \u015eehitler Soka\u011f\u0131\u2019na ge\u00e7erek Azerbaycan Mili m\u00fccadelesinde \u015fehit d\u00fc\u015fenlerin kabirlerine  karanfiller b\u0131rakt\u0131.<\/p>\n<p>T\u00f6re, daha sonra Azerbaycan, T\u00fcrkiye, Kazakistan, Macaristan, K\u0131rg\u0131zistan, \u00d6zbekistan ve T\u00fcrkmenistan Meclis Ba\u015fkanlar\u0131 ile birlikte Ebedi Me\u015fale An\u0131t\u0131\u2019n\u0131 da ziyaret etti.<\/p>\n<p>Ba\u015fkan T\u00f6re, son olarak T\u00fcrkiye B\u00fcy\u00fck Millet Meclisi Ba\u015fkan\u0131 Prof.Dr. Numan Kurtulmu\u015f ile birlikte Bak\u00fc\u2019de bulunan T\u00fcrk \u015fehitli\u011fine ge\u00e7erek burada da kabirlere karanfiller koydu ve dualar okudu.<\/p>\n<div class=\"mariselle-image-container center\">\n                <img loading=\"lazy\" decoding=\"async\" width=\"1600\" height=\"1066\" class=\"lazy-image\" alt=\"\" sizes=\"auto, (max-width: 1600px) 100vw, 1600px\" src=\"https:\/\/brtk.net\/wp-content\/uploads\/2024\/06\/06\/IMG-20240606-WA0016.jpg?ver=1a8e69d45df8a6c7e800df088235e72e\" srcset=\"https:\/\/brtk.net\/wp-content\/uploads\/2024\/06\/06\/IMG-20240606-WA0016.jpg?ver=1a8e69d45df8a6c7e800df088235e72e 1600w, https:\/\/brtk.net\/wp-content\/uploads\/2024\/06\/06\/IMG-20240606-WA0016-300x200.jpg?ver=b3320d77a87ae632759a09dcaf29c2d4 300w, https:\/\/brtk.net\/wp-content\/uploads\/2024\/06\/06\/IMG-20240606-WA0016-1024x682.jpg?ver=e1dcfff2db257b8bdd08d5e0546c7e22 1024w, https:\/\/brtk.net\/wp-content\/uploads\/2024\/06\/06\/IMG-20240606-WA0016-768x512.jpg?ver=e1dcfff2db257b8bdd08d5e0546c7e22 768w, https:\/\/brtk.net\/wp-content\/uploads\/2024\/06\/06\/IMG-20240606-WA0016-1536x1023.jpg?ver=e1dcfff2db257b8bdd08d5e0546c7e22 1536w\"\/>                            <\/div>\n<p>T\u00f6re\u2019ye ziyaretinde \u00d6zel Kalem M\u00fcd\u00fcr\u00fc \u0130rem Uygun e\u015flik etti.<\/p>\n<p>Cumhuriyet Meclisi Ba\u015fkan\u0131 Zorlu T\u00f6re\u2019nin bug\u00fcn Azernaycan Milli Meclisi\u2019inde d\u00fczenlenecek T\u00dcRKPA Genel Kuruluna kat\u0131lmas\u0131 ve <a href=\"https:\/\/brtk.net\/\">KKTC<\/a> ad\u0131na konu\u015fma yapmas\u0131 bekleniyor.<\/p>\n<\/p><\/div>\n<p><script async\n                    defer\n                    crossorigin=\"anonymous\"\n                    src=\"https:\/\/connect.facebook.net\/tr_TR\/sdk.js#xfbml=1&#038;version=v3.3\"\n            ><\/script><\/p>\n","protected":false},"excerpt":{"rendered":"<p>T\u00fcrk Devletleri Parlamenter Asamblesi (T\u00dcRKPA) 13. Genel Kurulu\u2019na kat\u0131lmak \u00fczere Azerbaycan\u2019da temaslarda bulunan Cumhuriyet Meclisi Ba\u015fkan\u0131 Zorlu T\u00f6re, konuk heyet Meclis Ba\u015fkanlar\u0131 ve temsilciler ile birlikte Azerbaycan Milli Lideri Haydar Aliyev\u2019in kabrini ziyaret etti. Burada Azerbaycan Cumhuriyeti Milli Meclisi Ba\u015fkan\u0131 Sahibe Gafarova taraf\u0131ndan kar\u015f\u0131lanan T\u00f6re, heyet ile birlikte Aliyev\u2019in kabrinde sayg\u0131 duru\u015funda bulundu , daha<\/p>\n","protected":false},"author":1,"featured_media":44787,"comment_status":"open","ping_status":"open","sticky":false,"template":"","format":"standard","meta":{"footnotes":""},"categories":[1],"tags":[],"class_list":["post-44786","post","type-post","status-publish","format-standard","has-post-thumbnail","hentry","category-gundem"],"yoast_head":"<!-- This site is optimized with the Yoast SEO plugin v27.5 - https:\/\/yoast.com\/product\/yoast-seo-wordpress\/ -->\n<title>T\u00f6re, Bak\u00fc\u2019de Aliyev\u2019in kabrini ve \u1e62ehitlikleri ziyaret etti -<\/title>\n<meta name=\"robots\" content=\"index, follow, max-snippet:-1, max-image-preview:large, max-video-preview:-1\" \/>\n<link rel=\"canonical\" href=\"https:\/\/kibrisdakik.com\/?p=44786\" \/>\n<meta property=\"og:locale\" content=\"tr_TR\" \/>\n<meta property=\"og:type\" content=\"article\" \/>\n<meta property=\"og:title\" content=\"T\u00f6re, Bak\u00fc\u2019de Aliyev\u2019in kabrini ve \u1e62ehitlikleri ziyaret etti -\" \/>\n<meta property=\"og:description\" content=\"T\u00fcrk Devletleri Parlamenter Asamblesi (T\u00dcRKPA) 13. Genel Kurulu\u2019na kat\u0131lmak \u00fczere Azerbaycan\u2019da temaslarda bulunan Cumhuriyet Meclisi Ba\u015fkan\u0131 Zorlu T\u00f6re, konuk heyet Meclis Ba\u015fkanlar\u0131 ve temsilciler ile birlikte Azerbaycan Milli Lideri Haydar Aliyev\u2019in kabrini ziyaret etti. Burada Azerbaycan Cumhuriyeti Milli Meclisi Ba\u015fkan\u0131 Sahibe Gafarova taraf\u0131ndan kar\u015f\u0131lanan T\u00f6re, heyet ile birlikte Aliyev\u2019in kabrinde sayg\u0131 duru\u015funda bulundu , daha\" \/>\n<meta property=\"og:url\" content=\"https:\/\/kibrisdakik.com\/?p=44786\" \/>\n<meta property=\"article:published_time\" content=\"2024-06-06T08:59:54+00:00\" \/>\n<meta property=\"og:image\" content=\"https:\/\/kibrisdakik.com\/wp-content\/uploads\/2024\/06\/IMG-20240606-WA0016-740x420.jpg\" \/>\n\t<meta property=\"og:image:width\" content=\"1600\" \/>\n\t<meta property=\"og:image:height\" content=\"1066\" \/>\n\t<meta property=\"og:image:type\" content=\"image\/jpeg\" \/>\n<meta name=\"author\" content=\"admin\" \/>\n<meta name=\"twitter:card\" content=\"summary_large_image\" \/>\n<meta name=\"twitter:label1\" content=\"Yazan:\" \/>\n\t<meta name=\"twitter:data1\" content=\"admin\" \/>\n\t<meta name=\"twitter:label2\" content=\"Tahmini okuma s\u00fcresi\" \/>\n\t<meta name=\"twitter:data2\" content=\"1 dakika\" \/>\n<script type=\"application\/ld+json\" class=\"yoast-schema-graph\">{\"@context\":\"https:\\\/\\\/schema.org\",\"@graph\":[{\"@type\":\"Article\",\"@id\":\"https:\\\/\\\/kibrisdakik.com\\\/?p=44786#article\",\"isPartOf\":{\"@id\":\"https:\\\/\\\/kibrisdakik.com\\\/?p=44786\"},\"author\":{\"name\":\"admin\",\"@id\":\"https:\\\/\\\/kibrisdakik.com\\\/#\\\/schema\\\/person\\\/9cd9d437bbb44f72b73ba127e06d8e79\"},\"headline\":\"T\u00f6re, Bak\u00fc\u2019de Aliyev\u2019in kabrini ve \u1e62ehitlikleri ziyaret etti\",\"datePublished\":\"2024-06-06T08:59:54+00:00\",\"mainEntityOfPage\":{\"@id\":\"https:\\\/\\\/kibrisdakik.com\\\/?p=44786\"},\"wordCount\":208,\"commentCount\":0,\"image\":{\"@id\":\"https:\\\/\\\/kibrisdakik.com\\\/?p=44786#primaryimage\"},\"thumbnailUrl\":\"https:\\\/\\\/kibrisdakik.com\\\/wp-content\\\/uploads\\\/2024\\\/06\\\/IMG-20240606-WA0016-740x420.jpg\",\"articleSection\":[\"G\u00fcndem\"],\"inLanguage\":\"tr\",\"potentialAction\":[{\"@type\":\"CommentAction\",\"name\":\"Comment\",\"target\":[\"https:\\\/\\\/kibrisdakik.com\\\/?p=44786#respond\"]}]},{\"@type\":\"WebPage\",\"@id\":\"https:\\\/\\\/kibrisdakik.com\\\/?p=44786\",\"url\":\"https:\\\/\\\/kibrisdakik.com\\\/?p=44786\",\"name\":\"T\u00f6re, Bak\u00fc\u2019de Aliyev\u2019in kabrini ve \u1e62ehitlikleri ziyaret etti -\",\"isPartOf\":{\"@id\":\"https:\\\/\\\/kibrisdakik.com\\\/#website\"},\"primaryImageOfPage\":{\"@id\":\"https:\\\/\\\/kibrisdakik.com\\\/?p=44786#primaryimage\"},\"image\":{\"@id\":\"https:\\\/\\\/kibrisdakik.com\\\/?p=44786#primaryimage\"},\"thumbnailUrl\":\"https:\\\/\\\/kibrisdakik.com\\\/wp-content\\\/uploads\\\/2024\\\/06\\\/IMG-20240606-WA0016-740x420.jpg\",\"datePublished\":\"2024-06-06T08:59:54+00:00\",\"author\":{\"@id\":\"https:\\\/\\\/kibrisdakik.com\\\/#\\\/schema\\\/person\\\/9cd9d437bbb44f72b73ba127e06d8e79\"},\"breadcrumb\":{\"@id\":\"https:\\\/\\\/kibrisdakik.com\\\/?p=44786#breadcrumb\"},\"inLanguage\":\"tr\",\"potentialAction\":[{\"@type\":\"ReadAction\",\"target\":[\"https:\\\/\\\/kibrisdakik.com\\\/?p=44786\"]}]},{\"@type\":\"ImageObject\",\"inLanguage\":\"tr\",\"@id\":\"https:\\\/\\\/kibrisdakik.com\\\/?p=44786#primaryimage\",\"url\":\"https:\\\/\\\/kibrisdakik.com\\\/wp-content\\\/uploads\\\/2024\\\/06\\\/IMG-20240606-WA0016-740x420.jpg\",\"contentUrl\":\"https:\\\/\\\/kibrisdakik.com\\\/wp-content\\\/uploads\\\/2024\\\/06\\\/IMG-20240606-WA0016-740x420.jpg\",\"width\":1600,\"height\":1066},{\"@type\":\"BreadcrumbList\",\"@id\":\"https:\\\/\\\/kibrisdakik.com\\\/?p=44786#breadcrumb\",\"itemListElement\":[{\"@type\":\"ListItem\",\"position\":1,\"name\":\"Home\",\"item\":\"https:\\\/\\\/kibrisdakik.com\\\/\"},{\"@type\":\"ListItem\",\"position\":2,\"name\":\"T\u00f6re, Bak\u00fc\u2019de Aliyev\u2019in kabrini ve \u1e62ehitlikleri ziyaret etti\"}]},{\"@type\":\"WebSite\",\"@id\":\"https:\\\/\\\/kibrisdakik.com\\\/#website\",\"url\":\"https:\\\/\\\/kibrisdakik.com\\\/\",\"name\":\"\",\"description\":\"Tam vaktinde haber\",\"potentialAction\":[{\"@type\":\"SearchAction\",\"target\":{\"@type\":\"EntryPoint\",\"urlTemplate\":\"https:\\\/\\\/kibrisdakik.com\\\/?s={search_term_string}\"},\"query-input\":{\"@type\":\"PropertyValueSpecification\",\"valueRequired\":true,\"valueName\":\"search_term_string\"}}],\"inLanguage\":\"tr\"},{\"@type\":\"Person\",\"@id\":\"https:\\\/\\\/kibrisdakik.com\\\/#\\\/schema\\\/person\\\/9cd9d437bbb44f72b73ba127e06d8e79\",\"name\":\"admin\",\"image\":{\"@type\":\"ImageObject\",\"inLanguage\":\"tr\",\"@id\":\"https:\\\/\\\/secure.gravatar.com\\\/avatar\\\/ccc17943b9d660506c869530f897617f7cb1c21a4bf30023f252596d83e1f007?s=96&d=mm&r=g\",\"url\":\"https:\\\/\\\/secure.gravatar.com\\\/avatar\\\/ccc17943b9d660506c869530f897617f7cb1c21a4bf30023f252596d83e1f007?s=96&d=mm&r=g\",\"contentUrl\":\"https:\\\/\\\/secure.gravatar.com\\\/avatar\\\/ccc17943b9d660506c869530f897617f7cb1c21a4bf30023f252596d83e1f007?s=96&d=mm&r=g\",\"caption\":\"admin\"},\"sameAs\":[\"https:\\\/\\\/kibrisdakik.com\"],\"url\":\"https:\\\/\\\/kibrisdakik.com\\\/?author=1\"}]}<\/script>\n<!-- \/ Yoast SEO plugin. -->","yoast_head_json":{"title":"T\u00f6re, Bak\u00fc\u2019de Aliyev\u2019in kabrini ve \u1e62ehitlikleri ziyaret etti -","robots":{"index":"index","follow":"follow","max-snippet":"max-snippet:-1","max-image-preview":"max-image-preview:large","max-video-preview":"max-video-preview:-1"},"canonical":"https:\/\/kibrisdakik.com\/?p=44786","og_locale":"tr_TR","og_type":"article","og_title":"T\u00f6re, Bak\u00fc\u2019de Aliyev\u2019in kabrini ve \u1e62ehitlikleri ziyaret etti -","og_description":"T\u00fcrk Devletleri Parlamenter Asamblesi (T\u00dcRKPA) 13. Genel Kurulu\u2019na kat\u0131lmak \u00fczere Azerbaycan\u2019da temaslarda bulunan Cumhuriyet Meclisi Ba\u015fkan\u0131 Zorlu T\u00f6re, konuk heyet Meclis Ba\u015fkanlar\u0131 ve temsilciler ile birlikte Azerbaycan Milli Lideri Haydar Aliyev\u2019in kabrini ziyaret etti. Burada Azerbaycan Cumhuriyeti Milli Meclisi Ba\u015fkan\u0131 Sahibe Gafarova taraf\u0131ndan kar\u015f\u0131lanan T\u00f6re, heyet ile birlikte Aliyev\u2019in kabrinde sayg\u0131 duru\u015funda bulundu , daha","og_url":"https:\/\/kibrisdakik.com\/?p=44786","article_published_time":"2024-06-06T08:59:54+00:00","og_image":[{"width":1600,"height":1066,"url":"https:\/\/kibrisdakik.com\/wp-content\/uploads\/2024\/06\/IMG-20240606-WA0016-740x420.jpg","type":"image\/jpeg"}],"author":"admin","twitter_card":"summary_large_image","twitter_misc":{"Yazan:":"admin","Tahmini okuma s\u00fcresi":"1 dakika"},"schema":{"@context":"https:\/\/schema.org","@graph":[{"@type":"Article","@id":"https:\/\/kibrisdakik.com\/?p=44786#article","isPartOf":{"@id":"https:\/\/kibrisdakik.com\/?p=44786"},"author":{"name":"admin","@id":"https:\/\/kibrisdakik.com\/#\/schema\/person\/9cd9d437bbb44f72b73ba127e06d8e79"},"headline":"T\u00f6re, Bak\u00fc\u2019de Aliyev\u2019in kabrini ve \u1e62ehitlikleri ziyaret etti","datePublished":"2024-06-06T08:59:54+00:00","mainEntityOfPage":{"@id":"https:\/\/kibrisdakik.com\/?p=44786"},"wordCount":208,"commentCount":0,"image":{"@id":"https:\/\/kibrisdakik.com\/?p=44786#primaryimage"},"thumbnailUrl":"https:\/\/kibrisdakik.com\/wp-content\/uploads\/2024\/06\/IMG-20240606-WA0016-740x420.jpg","articleSection":["G\u00fcndem"],"inLanguage":"tr","potentialAction":[{"@type":"CommentAction","name":"Comment","target":["https:\/\/kibrisdakik.com\/?p=44786#respond"]}]},{"@type":"WebPage","@id":"https:\/\/kibrisdakik.com\/?p=44786","url":"https:\/\/kibrisdakik.com\/?p=44786","name":"T\u00f6re, Bak\u00fc\u2019de Aliyev\u2019in kabrini ve \u1e62ehitlikleri ziyaret etti -","isPartOf":{"@id":"https:\/\/kibrisdakik.com\/#website"},"primaryImageOfPage":{"@id":"https:\/\/kibrisdakik.com\/?p=44786#primaryimage"},"image":{"@id":"https:\/\/kibrisdakik.com\/?p=44786#primaryimage"},"thumbnailUrl":"https:\/\/kibrisdakik.com\/wp-content\/uploads\/2024\/06\/IMG-20240606-WA0016-740x420.jpg","datePublished":"2024-06-06T08:59:54+00:00","author":{"@id":"https:\/\/kibrisdakik.com\/#\/schema\/person\/9cd9d437bbb44f72b73ba127e06d8e79"},"breadcrumb":{"@id":"https:\/\/kibrisdakik.com\/?p=44786#breadcrumb"},"inLanguage":"tr","potentialAction":[{"@type":"ReadAction","target":["https:\/\/kibrisdakik.com\/?p=44786"]}]},{"@type":"ImageObject","inLanguage":"tr","@id":"https:\/\/kibrisdakik.com\/?p=44786#primaryimage","url":"https:\/\/kibrisdakik.com\/wp-content\/uploads\/2024\/06\/IMG-20240606-WA0016-740x420.jpg","contentUrl":"https:\/\/kibrisdakik.com\/wp-content\/uploads\/2024\/06\/IMG-20240606-WA0016-740x420.jpg","width":1600,"height":1066},{"@type":"BreadcrumbList","@id":"https:\/\/kibrisdakik.com\/?p=44786#breadcrumb","itemListElement":[{"@type":"ListItem","position":1,"name":"Home","item":"https:\/\/kibrisdakik.com\/"},{"@type":"ListItem","position":2,"name":"T\u00f6re, Bak\u00fc\u2019de Aliyev\u2019in kabrini ve \u1e62ehitlikleri ziyaret etti"}]},{"@type":"WebSite","@id":"https:\/\/kibrisdakik.com\/#website","url":"https:\/\/kibrisdakik.com\/","name":"","description":"Tam vaktinde haber","potentialAction":[{"@type":"SearchAction","target":{"@type":"EntryPoint","urlTemplate":"https:\/\/kibrisdakik.com\/?s={search_term_string}"},"query-input":{"@type":"PropertyValueSpecification","valueRequired":true,"valueName":"search_term_string"}}],"inLanguage":"tr"},{"@type":"Person","@id":"https:\/\/kibrisdakik.com\/#\/schema\/person\/9cd9d437bbb44f72b73ba127e06d8e79","name":"admin","image":{"@type":"ImageObject","inLanguage":"tr","@id":"https:\/\/secure.gravatar.com\/avatar\/ccc17943b9d660506c869530f897617f7cb1c21a4bf30023f252596d83e1f007?s=96&d=mm&r=g","url":"https:\/\/secure.gravatar.com\/avatar\/ccc17943b9d660506c869530f897617f7cb1c21a4bf30023f252596d83e1f007?s=96&d=mm&r=g","contentUrl":"https:\/\/secure.gravatar.com\/avatar\/ccc17943b9d660506c869530f897617f7cb1c21a4bf30023f252596d83e1f007?s=96&d=mm&r=g","caption":"admin"},"sameAs":["https:\/\/kibrisdakik.com"],"url":"https:\/\/kibrisdakik.com\/?author=1"}]}},"_links":{"self":[{"href":"https:\/\/kibrisdakik.com\/index.php?rest_route=\/wp\/v2\/posts\/44786","targetHints":{"allow":["GET"]}}],"collection":[{"href":"https:\/\/kibrisdakik.com\/index.php?rest_route=\/wp\/v2\/posts"}],"about":[{"href":"https:\/\/kibrisdakik.com\/index.php?rest_route=\/wp\/v2\/types\/post"}],"author":[{"embeddable":true,"href":"https:\/\/kibrisdakik.com\/index.php?rest_route=\/wp\/v2\/users\/1"}],"replies":[{"embeddable":true,"href":"https:\/\/kibrisdakik.com\/index.php?rest_route=%2Fwp%2Fv2%2Fcomments&post=44786"}],"version-history":[{"count":0,"href":"https:\/\/kibrisdakik.com\/index.php?rest_route=\/wp\/v2\/posts\/44786\/revisions"}],"wp:featuredmedia":[{"embeddable":true,"href":"https:\/\/kibrisdakik.com\/index.php?rest_route=\/wp\/v2\/media\/44787"}],"wp:attachment":[{"href":"https:\/\/kibrisdakik.com\/index.php?rest_route=%2Fwp%2Fv2%2Fmedia&parent=44786"}],"wp:term":[{"taxonomy":"category","embeddable":true,"href":"https:\/\/kibrisdakik.com\/index.php?rest_route=%2Fwp%2Fv2%2Fcategories&post=44786"},{"taxonomy":"post_tag","embeddable":true,"href":"https:\/\/kibrisdakik.com\/index.php?rest_route=%2Fwp%2Fv2%2Ftags&post=44786"}],"curies":[{"name":"wp","href":"https:\/\/api.w.org\/{rel}","templated":true}]}}