{"id":44798,"date":"2024-06-06T10:59:55","date_gmt":"2024-06-06T10:59:55","guid":{"rendered":"https:\/\/kibrisdakik.com\/index.php\/2024\/06\/06\/cinarli-bolgesindeki-yanginda-agaclar-bicilmemis-arpa-bugday-balya-ve-anizlar-yandi\/"},"modified":"2024-06-06T10:59:55","modified_gmt":"2024-06-06T10:59:55","slug":"cinarli-bolgesindeki-yanginda-agaclar-bicilmemis-arpa-bugday-balya-ve-anizlar-yandi","status":"publish","type":"post","link":"https:\/\/kibrisdakik.com\/?p=44798","title":{"rendered":"\u00c7\u0131narl\u0131 b\u00f6lgesindeki yang\u0131nda a\u011fa\u00e7lar, bi\u00e7ilmemi\u015f arpa, bu\u011fday, balya ve an\u0131zlar yand\u0131"},"content":{"rendered":"<p><\/p>\n<div>\n<div class=\"mariselle-image-container none\">\n                <img loading=\"lazy\" decoding=\"async\" width=\"963\" height=\"626\" class=\"lazy-image\" alt=\"\" sizes=\"auto, (max-width: 963px) 100vw, 963px\" src=\"https:\/\/brtk.net\/wp-content\/uploads\/2024\/06\/06\/cinarli-yangin.jpeg?ver=fd61d7a6b8641f6bfc27638ebdb958d2\" srcset=\"https:\/\/brtk.net\/wp-content\/uploads\/2024\/06\/06\/cinarli-yangin.jpeg?ver=fd61d7a6b8641f6bfc27638ebdb958d2 963w, https:\/\/brtk.net\/wp-content\/uploads\/2024\/06\/06\/cinarli-yangin-300x195.jpeg?ver=fd61d7a6b8641f6bfc27638ebdb958d2 300w, https:\/\/brtk.net\/wp-content\/uploads\/2024\/06\/06\/cinarli-yangin-768x499.jpeg?ver=d550deb815d27f20a972af9b8e4153e4 768w\"\/>                            <\/div>\n<p>\u00c7\u0131narl\u0131 k\u00f6y\u00fcn\u00fcn g\u00fcneydo\u011fusunda d\u00fcn \u00e7\u0131kan yang\u0131nda k\u0131z\u0131l\u00e7am, selvi, zeytin, harnup a\u011fa\u00e7lar\u0131, bi\u00e7ilmemi\u015f arpa, bu\u011fday ile balya ve an\u0131zlar yand\u0131.<\/p>\n<p>Polis Bas\u0131n Subayl\u0131\u011f\u0131\u2019ndan yap\u0131lan a\u00e7\u0131klamaya g\u00f6re, yang\u0131n sonucunda 2000 d\u00f6n\u00fcm alan i\u00e7erisindeki 120 d\u00f6n\u00fcm da\u011fl\u0131k alanda bulunan k\u0131z\u0131l\u00e7am, selvi, zeytin a\u011fa\u00e7lar\u0131; 50 d\u00f6n\u00fcml\u00fck dere yata\u011f\u0131 i\u00e7erisindeki k\u0131z\u0131l\u00e7am, selvi, zeytin ve harnup a\u011fa\u00e7lar\u0131, maki bitki \u00f6rt\u00fcs\u00fc; hen\u00fcz kime ait oldu\u011fu tespit edilmeyen 1830 d\u00f6n\u00fcml\u00fck alan i\u00e7erisindeki bi\u00e7ilmemi\u015f arpa-bu\u011fday, miktar\u0131 hen\u00fcz tespit edilemeyen rulo balya ve an\u0131zlar yand\u0131.<\/p>\n<\/p><\/div>\n<p><script async\n                    defer\n                    crossorigin=\"anonymous\"\n                    src=\"https:\/\/connect.facebook.net\/tr_TR\/sdk.js#xfbml=1&#038;version=v3.3\"\n            ><\/script><\/p>\n","protected":false},"excerpt":{"rendered":"<p>\u00c7\u0131narl\u0131 k\u00f6y\u00fcn\u00fcn g\u00fcneydo\u011fusunda d\u00fcn \u00e7\u0131kan yang\u0131nda k\u0131z\u0131l\u00e7am, selvi, zeytin, harnup a\u011fa\u00e7lar\u0131, bi\u00e7ilmemi\u015f arpa, bu\u011fday ile balya ve an\u0131zlar yand\u0131. Polis Bas\u0131n Subayl\u0131\u011f\u0131\u2019ndan yap\u0131lan a\u00e7\u0131klamaya g\u00f6re, yang\u0131n sonucunda 2000 d\u00f6n\u00fcm alan i\u00e7erisindeki 120 d\u00f6n\u00fcm da\u011fl\u0131k alanda bulunan k\u0131z\u0131l\u00e7am, selvi, zeytin a\u011fa\u00e7lar\u0131; 50 d\u00f6n\u00fcml\u00fck dere yata\u011f\u0131 i\u00e7erisindeki k\u0131z\u0131l\u00e7am, selvi, zeytin ve harnup a\u011fa\u00e7lar\u0131, maki bitki \u00f6rt\u00fcs\u00fc; hen\u00fcz<\/p>\n","protected":false},"author":1,"featured_media":44799,"comment_status":"open","ping_status":"open","sticky":false,"template":"","format":"standard","meta":{"footnotes":""},"categories":[1],"tags":[],"class_list":["post-44798","post","type-post","status-publish","format-standard","has-post-thumbnail","hentry","category-gundem"],"yoast_head":"<!-- This site is optimized with the Yoast SEO plugin v27.4 - https:\/\/yoast.com\/product\/yoast-seo-wordpress\/ -->\n<title>\u00c7\u0131narl\u0131 b\u00f6lgesindeki yang\u0131nda a\u011fa\u00e7lar, bi\u00e7ilmemi\u015f arpa, bu\u011fday, balya ve an\u0131zlar yand\u0131 -<\/title>\n<meta name=\"robots\" content=\"index, follow, max-snippet:-1, max-image-preview:large, max-video-preview:-1\" \/>\n<link rel=\"canonical\" href=\"https:\/\/kibrisdakik.com\/?p=44798\" \/>\n<meta property=\"og:locale\" content=\"tr_TR\" \/>\n<meta property=\"og:type\" content=\"article\" \/>\n<meta property=\"og:title\" content=\"\u00c7\u0131narl\u0131 b\u00f6lgesindeki yang\u0131nda a\u011fa\u00e7lar, bi\u00e7ilmemi\u015f arpa, bu\u011fday, balya ve an\u0131zlar yand\u0131 -\" \/>\n<meta property=\"og:description\" content=\"\u00c7\u0131narl\u0131 k\u00f6y\u00fcn\u00fcn g\u00fcneydo\u011fusunda d\u00fcn \u00e7\u0131kan yang\u0131nda k\u0131z\u0131l\u00e7am, selvi, zeytin, harnup a\u011fa\u00e7lar\u0131, bi\u00e7ilmemi\u015f arpa, bu\u011fday ile balya ve an\u0131zlar yand\u0131. Polis Bas\u0131n Subayl\u0131\u011f\u0131\u2019ndan yap\u0131lan a\u00e7\u0131klamaya g\u00f6re, yang\u0131n sonucunda 2000 d\u00f6n\u00fcm alan i\u00e7erisindeki 120 d\u00f6n\u00fcm da\u011fl\u0131k alanda bulunan k\u0131z\u0131l\u00e7am, selvi, zeytin a\u011fa\u00e7lar\u0131; 50 d\u00f6n\u00fcml\u00fck dere yata\u011f\u0131 i\u00e7erisindeki k\u0131z\u0131l\u00e7am, selvi, zeytin ve harnup a\u011fa\u00e7lar\u0131, maki bitki \u00f6rt\u00fcs\u00fc; hen\u00fcz\" \/>\n<meta property=\"og:url\" content=\"https:\/\/kibrisdakik.com\/?p=44798\" \/>\n<meta property=\"article:published_time\" content=\"2024-06-06T10:59:55+00:00\" \/>\n<meta property=\"og:image\" content=\"https:\/\/kibrisdakik.com\/wp-content\/uploads\/2024\/06\/cinarli-yangin-740x420.jpeg\" \/>\n\t<meta property=\"og:image:width\" content=\"963\" \/>\n\t<meta property=\"og:image:height\" content=\"626\" \/>\n\t<meta property=\"og:image:type\" content=\"image\/jpeg\" \/>\n<meta name=\"author\" content=\"admin\" \/>\n<meta name=\"twitter:card\" content=\"summary_large_image\" \/>\n<meta name=\"twitter:label1\" content=\"Yazan:\" \/>\n\t<meta name=\"twitter:data1\" content=\"admin\" \/>\n\t<meta name=\"twitter:label2\" content=\"Tahmini okuma s\u00fcresi\" \/>\n\t<meta name=\"twitter:data2\" content=\"1 dakika\" \/>\n<script type=\"application\/ld+json\" class=\"yoast-schema-graph\">{\"@context\":\"https:\\\/\\\/schema.org\",\"@graph\":[{\"@type\":\"Article\",\"@id\":\"https:\\\/\\\/kibrisdakik.com\\\/?p=44798#article\",\"isPartOf\":{\"@id\":\"https:\\\/\\\/kibrisdakik.com\\\/?p=44798\"},\"author\":{\"name\":\"admin\",\"@id\":\"https:\\\/\\\/kibrisdakik.com\\\/#\\\/schema\\\/person\\\/9cd9d437bbb44f72b73ba127e06d8e79\"},\"headline\":\"\u00c7\u0131narl\u0131 b\u00f6lgesindeki yang\u0131nda a\u011fa\u00e7lar, bi\u00e7ilmemi\u015f arpa, bu\u011fday, balya ve an\u0131zlar yand\u0131\",\"datePublished\":\"2024-06-06T10:59:55+00:00\",\"mainEntityOfPage\":{\"@id\":\"https:\\\/\\\/kibrisdakik.com\\\/?p=44798\"},\"wordCount\":142,\"commentCount\":0,\"image\":{\"@id\":\"https:\\\/\\\/kibrisdakik.com\\\/?p=44798#primaryimage\"},\"thumbnailUrl\":\"https:\\\/\\\/kibrisdakik.com\\\/wp-content\\\/uploads\\\/2024\\\/06\\\/cinarli-yangin-740x420.jpeg\",\"articleSection\":[\"G\u00fcndem\"],\"inLanguage\":\"tr\",\"potentialAction\":[{\"@type\":\"CommentAction\",\"name\":\"Comment\",\"target\":[\"https:\\\/\\\/kibrisdakik.com\\\/?p=44798#respond\"]}]},{\"@type\":\"WebPage\",\"@id\":\"https:\\\/\\\/kibrisdakik.com\\\/?p=44798\",\"url\":\"https:\\\/\\\/kibrisdakik.com\\\/?p=44798\",\"name\":\"\u00c7\u0131narl\u0131 b\u00f6lgesindeki yang\u0131nda a\u011fa\u00e7lar, bi\u00e7ilmemi\u015f arpa, bu\u011fday, balya ve an\u0131zlar yand\u0131 -\",\"isPartOf\":{\"@id\":\"https:\\\/\\\/kibrisdakik.com\\\/#website\"},\"primaryImageOfPage\":{\"@id\":\"https:\\\/\\\/kibrisdakik.com\\\/?p=44798#primaryimage\"},\"image\":{\"@id\":\"https:\\\/\\\/kibrisdakik.com\\\/?p=44798#primaryimage\"},\"thumbnailUrl\":\"https:\\\/\\\/kibrisdakik.com\\\/wp-content\\\/uploads\\\/2024\\\/06\\\/cinarli-yangin-740x420.jpeg\",\"datePublished\":\"2024-06-06T10:59:55+00:00\",\"author\":{\"@id\":\"https:\\\/\\\/kibrisdakik.com\\\/#\\\/schema\\\/person\\\/9cd9d437bbb44f72b73ba127e06d8e79\"},\"breadcrumb\":{\"@id\":\"https:\\\/\\\/kibrisdakik.com\\\/?p=44798#breadcrumb\"},\"inLanguage\":\"tr\",\"potentialAction\":[{\"@type\":\"ReadAction\",\"target\":[\"https:\\\/\\\/kibrisdakik.com\\\/?p=44798\"]}]},{\"@type\":\"ImageObject\",\"inLanguage\":\"tr\",\"@id\":\"https:\\\/\\\/kibrisdakik.com\\\/?p=44798#primaryimage\",\"url\":\"https:\\\/\\\/kibrisdakik.com\\\/wp-content\\\/uploads\\\/2024\\\/06\\\/cinarli-yangin-740x420.jpeg\",\"contentUrl\":\"https:\\\/\\\/kibrisdakik.com\\\/wp-content\\\/uploads\\\/2024\\\/06\\\/cinarli-yangin-740x420.jpeg\",\"width\":963,\"height\":626},{\"@type\":\"BreadcrumbList\",\"@id\":\"https:\\\/\\\/kibrisdakik.com\\\/?p=44798#breadcrumb\",\"itemListElement\":[{\"@type\":\"ListItem\",\"position\":1,\"name\":\"Home\",\"item\":\"https:\\\/\\\/kibrisdakik.com\\\/\"},{\"@type\":\"ListItem\",\"position\":2,\"name\":\"\u00c7\u0131narl\u0131 b\u00f6lgesindeki yang\u0131nda a\u011fa\u00e7lar, bi\u00e7ilmemi\u015f arpa, bu\u011fday, balya ve an\u0131zlar yand\u0131\"}]},{\"@type\":\"WebSite\",\"@id\":\"https:\\\/\\\/kibrisdakik.com\\\/#website\",\"url\":\"https:\\\/\\\/kibrisdakik.com\\\/\",\"name\":\"\",\"description\":\"Tam vaktinde haber\",\"potentialAction\":[{\"@type\":\"SearchAction\",\"target\":{\"@type\":\"EntryPoint\",\"urlTemplate\":\"https:\\\/\\\/kibrisdakik.com\\\/?s={search_term_string}\"},\"query-input\":{\"@type\":\"PropertyValueSpecification\",\"valueRequired\":true,\"valueName\":\"search_term_string\"}}],\"inLanguage\":\"tr\"},{\"@type\":\"Person\",\"@id\":\"https:\\\/\\\/kibrisdakik.com\\\/#\\\/schema\\\/person\\\/9cd9d437bbb44f72b73ba127e06d8e79\",\"name\":\"admin\",\"image\":{\"@type\":\"ImageObject\",\"inLanguage\":\"tr\",\"@id\":\"https:\\\/\\\/secure.gravatar.com\\\/avatar\\\/ccc17943b9d660506c869530f897617f7cb1c21a4bf30023f252596d83e1f007?s=96&d=mm&r=g\",\"url\":\"https:\\\/\\\/secure.gravatar.com\\\/avatar\\\/ccc17943b9d660506c869530f897617f7cb1c21a4bf30023f252596d83e1f007?s=96&d=mm&r=g\",\"contentUrl\":\"https:\\\/\\\/secure.gravatar.com\\\/avatar\\\/ccc17943b9d660506c869530f897617f7cb1c21a4bf30023f252596d83e1f007?s=96&d=mm&r=g\",\"caption\":\"admin\"},\"sameAs\":[\"https:\\\/\\\/kibrisdakik.com\"],\"url\":\"https:\\\/\\\/kibrisdakik.com\\\/?author=1\"}]}<\/script>\n<!-- \/ Yoast SEO plugin. -->","yoast_head_json":{"title":"\u00c7\u0131narl\u0131 b\u00f6lgesindeki yang\u0131nda a\u011fa\u00e7lar, bi\u00e7ilmemi\u015f arpa, bu\u011fday, balya ve an\u0131zlar yand\u0131 -","robots":{"index":"index","follow":"follow","max-snippet":"max-snippet:-1","max-image-preview":"max-image-preview:large","max-video-preview":"max-video-preview:-1"},"canonical":"https:\/\/kibrisdakik.com\/?p=44798","og_locale":"tr_TR","og_type":"article","og_title":"\u00c7\u0131narl\u0131 b\u00f6lgesindeki yang\u0131nda a\u011fa\u00e7lar, bi\u00e7ilmemi\u015f arpa, bu\u011fday, balya ve an\u0131zlar yand\u0131 -","og_description":"\u00c7\u0131narl\u0131 k\u00f6y\u00fcn\u00fcn g\u00fcneydo\u011fusunda d\u00fcn \u00e7\u0131kan yang\u0131nda k\u0131z\u0131l\u00e7am, selvi, zeytin, harnup a\u011fa\u00e7lar\u0131, bi\u00e7ilmemi\u015f arpa, bu\u011fday ile balya ve an\u0131zlar yand\u0131. Polis Bas\u0131n Subayl\u0131\u011f\u0131\u2019ndan yap\u0131lan a\u00e7\u0131klamaya g\u00f6re, yang\u0131n sonucunda 2000 d\u00f6n\u00fcm alan i\u00e7erisindeki 120 d\u00f6n\u00fcm da\u011fl\u0131k alanda bulunan k\u0131z\u0131l\u00e7am, selvi, zeytin a\u011fa\u00e7lar\u0131; 50 d\u00f6n\u00fcml\u00fck dere yata\u011f\u0131 i\u00e7erisindeki k\u0131z\u0131l\u00e7am, selvi, zeytin ve harnup a\u011fa\u00e7lar\u0131, maki bitki \u00f6rt\u00fcs\u00fc; hen\u00fcz","og_url":"https:\/\/kibrisdakik.com\/?p=44798","article_published_time":"2024-06-06T10:59:55+00:00","og_image":[{"width":963,"height":626,"url":"https:\/\/kibrisdakik.com\/wp-content\/uploads\/2024\/06\/cinarli-yangin-740x420.jpeg","type":"image\/jpeg"}],"author":"admin","twitter_card":"summary_large_image","twitter_misc":{"Yazan:":"admin","Tahmini okuma s\u00fcresi":"1 dakika"},"schema":{"@context":"https:\/\/schema.org","@graph":[{"@type":"Article","@id":"https:\/\/kibrisdakik.com\/?p=44798#article","isPartOf":{"@id":"https:\/\/kibrisdakik.com\/?p=44798"},"author":{"name":"admin","@id":"https:\/\/kibrisdakik.com\/#\/schema\/person\/9cd9d437bbb44f72b73ba127e06d8e79"},"headline":"\u00c7\u0131narl\u0131 b\u00f6lgesindeki yang\u0131nda a\u011fa\u00e7lar, bi\u00e7ilmemi\u015f arpa, bu\u011fday, balya ve an\u0131zlar yand\u0131","datePublished":"2024-06-06T10:59:55+00:00","mainEntityOfPage":{"@id":"https:\/\/kibrisdakik.com\/?p=44798"},"wordCount":142,"commentCount":0,"image":{"@id":"https:\/\/kibrisdakik.com\/?p=44798#primaryimage"},"thumbnailUrl":"https:\/\/kibrisdakik.com\/wp-content\/uploads\/2024\/06\/cinarli-yangin-740x420.jpeg","articleSection":["G\u00fcndem"],"inLanguage":"tr","potentialAction":[{"@type":"CommentAction","name":"Comment","target":["https:\/\/kibrisdakik.com\/?p=44798#respond"]}]},{"@type":"WebPage","@id":"https:\/\/kibrisdakik.com\/?p=44798","url":"https:\/\/kibrisdakik.com\/?p=44798","name":"\u00c7\u0131narl\u0131 b\u00f6lgesindeki yang\u0131nda a\u011fa\u00e7lar, bi\u00e7ilmemi\u015f arpa, bu\u011fday, balya ve an\u0131zlar yand\u0131 -","isPartOf":{"@id":"https:\/\/kibrisdakik.com\/#website"},"primaryImageOfPage":{"@id":"https:\/\/kibrisdakik.com\/?p=44798#primaryimage"},"image":{"@id":"https:\/\/kibrisdakik.com\/?p=44798#primaryimage"},"thumbnailUrl":"https:\/\/kibrisdakik.com\/wp-content\/uploads\/2024\/06\/cinarli-yangin-740x420.jpeg","datePublished":"2024-06-06T10:59:55+00:00","author":{"@id":"https:\/\/kibrisdakik.com\/#\/schema\/person\/9cd9d437bbb44f72b73ba127e06d8e79"},"breadcrumb":{"@id":"https:\/\/kibrisdakik.com\/?p=44798#breadcrumb"},"inLanguage":"tr","potentialAction":[{"@type":"ReadAction","target":["https:\/\/kibrisdakik.com\/?p=44798"]}]},{"@type":"ImageObject","inLanguage":"tr","@id":"https:\/\/kibrisdakik.com\/?p=44798#primaryimage","url":"https:\/\/kibrisdakik.com\/wp-content\/uploads\/2024\/06\/cinarli-yangin-740x420.jpeg","contentUrl":"https:\/\/kibrisdakik.com\/wp-content\/uploads\/2024\/06\/cinarli-yangin-740x420.jpeg","width":963,"height":626},{"@type":"BreadcrumbList","@id":"https:\/\/kibrisdakik.com\/?p=44798#breadcrumb","itemListElement":[{"@type":"ListItem","position":1,"name":"Home","item":"https:\/\/kibrisdakik.com\/"},{"@type":"ListItem","position":2,"name":"\u00c7\u0131narl\u0131 b\u00f6lgesindeki yang\u0131nda a\u011fa\u00e7lar, bi\u00e7ilmemi\u015f arpa, bu\u011fday, balya ve an\u0131zlar yand\u0131"}]},{"@type":"WebSite","@id":"https:\/\/kibrisdakik.com\/#website","url":"https:\/\/kibrisdakik.com\/","name":"","description":"Tam vaktinde haber","potentialAction":[{"@type":"SearchAction","target":{"@type":"EntryPoint","urlTemplate":"https:\/\/kibrisdakik.com\/?s={search_term_string}"},"query-input":{"@type":"PropertyValueSpecification","valueRequired":true,"valueName":"search_term_string"}}],"inLanguage":"tr"},{"@type":"Person","@id":"https:\/\/kibrisdakik.com\/#\/schema\/person\/9cd9d437bbb44f72b73ba127e06d8e79","name":"admin","image":{"@type":"ImageObject","inLanguage":"tr","@id":"https:\/\/secure.gravatar.com\/avatar\/ccc17943b9d660506c869530f897617f7cb1c21a4bf30023f252596d83e1f007?s=96&d=mm&r=g","url":"https:\/\/secure.gravatar.com\/avatar\/ccc17943b9d660506c869530f897617f7cb1c21a4bf30023f252596d83e1f007?s=96&d=mm&r=g","contentUrl":"https:\/\/secure.gravatar.com\/avatar\/ccc17943b9d660506c869530f897617f7cb1c21a4bf30023f252596d83e1f007?s=96&d=mm&r=g","caption":"admin"},"sameAs":["https:\/\/kibrisdakik.com"],"url":"https:\/\/kibrisdakik.com\/?author=1"}]}},"_links":{"self":[{"href":"https:\/\/kibrisdakik.com\/index.php?rest_route=\/wp\/v2\/posts\/44798","targetHints":{"allow":["GET"]}}],"collection":[{"href":"https:\/\/kibrisdakik.com\/index.php?rest_route=\/wp\/v2\/posts"}],"about":[{"href":"https:\/\/kibrisdakik.com\/index.php?rest_route=\/wp\/v2\/types\/post"}],"author":[{"embeddable":true,"href":"https:\/\/kibrisdakik.com\/index.php?rest_route=\/wp\/v2\/users\/1"}],"replies":[{"embeddable":true,"href":"https:\/\/kibrisdakik.com\/index.php?rest_route=%2Fwp%2Fv2%2Fcomments&post=44798"}],"version-history":[{"count":0,"href":"https:\/\/kibrisdakik.com\/index.php?rest_route=\/wp\/v2\/posts\/44798\/revisions"}],"wp:featuredmedia":[{"embeddable":true,"href":"https:\/\/kibrisdakik.com\/index.php?rest_route=\/wp\/v2\/media\/44799"}],"wp:attachment":[{"href":"https:\/\/kibrisdakik.com\/index.php?rest_route=%2Fwp%2Fv2%2Fmedia&parent=44798"}],"wp:term":[{"taxonomy":"category","embeddable":true,"href":"https:\/\/kibrisdakik.com\/index.php?rest_route=%2Fwp%2Fv2%2Fcategories&post=44798"},{"taxonomy":"post_tag","embeddable":true,"href":"https:\/\/kibrisdakik.com\/index.php?rest_route=%2Fwp%2Fv2%2Ftags&post=44798"}],"curies":[{"name":"wp","href":"https:\/\/api.w.org\/{rel}","templated":true}]}}