{"id":44817,"date":"2024-06-06T13:03:55","date_gmt":"2024-06-06T13:03:55","guid":{"rendered":"https:\/\/kibrisdakik.com\/index.php\/2024\/06\/06\/cumhurbaskani-tatar-beyarmudu-ii-cocuk-festivaline-katildi\/"},"modified":"2024-06-06T13:03:55","modified_gmt":"2024-06-06T13:03:55","slug":"cumhurbaskani-tatar-beyarmudu-ii-cocuk-festivaline-katildi","status":"publish","type":"post","link":"https:\/\/kibrisdakik.com\/?p=44817","title":{"rendered":"Cumhurba\u015fkan\u0131 Tatar, Beyarmudu \u201cII. \u00c7ocuk Festivali\u201dne kat\u0131ld\u0131"},"content":{"rendered":"<p><\/p>\n<div>\n<div class=\"mariselle-image-container center\">\n                <img loading=\"lazy\" decoding=\"async\" width=\"2048\" height=\"1336\" class=\"lazy-image\" alt=\"\" sizes=\"auto, (max-width: 2048px) 100vw, 2048px\" src=\"https:\/\/brtk.net\/wp-content\/uploads\/2024\/06\/06\/asf3.jpg?ver=a6d328a09b1d7ec0d87bfd7f5bd4800f\" srcset=\"https:\/\/brtk.net\/wp-content\/uploads\/2024\/06\/06\/asf3.jpg?ver=a6d328a09b1d7ec0d87bfd7f5bd4800f 2048w, https:\/\/brtk.net\/wp-content\/uploads\/2024\/06\/06\/asf3-300x196.jpg?ver=a6d328a09b1d7ec0d87bfd7f5bd4800f 300w, https:\/\/brtk.net\/wp-content\/uploads\/2024\/06\/06\/asf3-1024x668.jpg?ver=a6d328a09b1d7ec0d87bfd7f5bd4800f 1024w, https:\/\/brtk.net\/wp-content\/uploads\/2024\/06\/06\/asf3-768x501.jpg?ver=8e83130b10f1e935b9e0ca4702cff0f1 768w, https:\/\/brtk.net\/wp-content\/uploads\/2024\/06\/06\/asf3-1536x1002.jpg?ver=c01b91b4825a57ab27f68eaedfe2f6e4 1536w\"\/>                            <\/div>\n<p>Cumhurba\u015fkan\u0131 <a href=\"https:\/\/brtk.net\/\" target=\"_blank\" rel=\"noopener\">Ersin <\/a><a href=\"https:\/\/brtk.net\/\"\/><a href=\"https:\/\/brtk.net\/\"\/><a href=\"https:\/\/brtk.net\/\"\/><a href=\"https:\/\/brtk.net\/\">Tatar<\/a>, Beyarmudu Belediyesi II. \u00c7ocuk Festivali\u2019ne kat\u0131ld\u0131.<\/p>\n<p>Cumhurba\u015fkanl\u0131\u011f\u0131\u2019ndan verilen bilgiye g\u00f6re, <a href=\"https:\/\/brtk.net\/\">KKTC<\/a>, T\u00fcrkiye, K\u0131rg\u0131zistan, Kazakistan, Ukrayna ve Bulgaristan\u2019dan gelen ekiplerin g\u00f6sterilerinin yer ald\u0131\u011f\u0131 ve FOGEM 16. Uluslararas\u0131 Yaz Sevinci \u00c7ocuk \u015eenli\u011fi katk\u0131s\u0131yla ger\u00e7ekle\u015fen Festival, Beyarmudu Belediyesi G\u00fcney Mesarya Sosyal Tesisleri\u2019nde yer ald\u0131.<\/p>\n<p>Cumhurba\u015fkan\u0131 <a href=\"https:\/\/brtk.net\/\"\/><a href=\"https:\/\/brtk.net\/\"\/><a href=\"https:\/\/brtk.net\/\"\/><a href=\"https:\/\/brtk.net\/\">Tatar<\/a> Festivaldeki konu\u015fmas\u0131nda, yurt d\u0131\u015f\u0131ndan gelen misafir \u00f6\u011frenci ve \u00f6\u011fretmenlerine \u201cho\u015f geldiniz\u201d diyerek, Festivali d\u00fczenleyen ve eme\u011fi ge\u00e7en herkesi kutlad\u0131. <\/p>\n<p>\u00dclke tan\u0131t\u0131m\u0131na katk\u0131 yapan bu gibi etkinliklerin \u00f6nemini dile getiren Cumhurba\u015fkan\u0131 <a href=\"https:\/\/brtk.net\/\"\/><a href=\"https:\/\/brtk.net\/\"\/><a href=\"https:\/\/brtk.net\/\"\/><a href=\"https:\/\/brtk.net\/\">Tatar<\/a>, Beyarmudu b\u00f6lgesinin kalk\u0131nmakta ve ekonomik yap\u0131s\u0131n\u0131n g\u00fc\u00e7lenmekte oldu\u011funu belirterek, b\u00f6lgeye sahip \u00e7\u0131karak yat\u0131r\u0131m yapanlar\u0131 tebrik etti. <\/p>\n<p>\u201cBiz \u00e7ocuklar\u0131m\u0131za g\u00fcveniyoruz. \u00c7ocuklar\u0131m\u0131z bizim umudumuz, g\u00fcvencemizdir\u201d diyen Cumhurba\u015fkan\u0131 <a href=\"https:\/\/brtk.net\/\"\/><a href=\"https:\/\/brtk.net\/\"\/><a href=\"https:\/\/brtk.net\/\"\/><a href=\"https:\/\/brtk.net\/\">Tatar<\/a>, \u00e7ocuklar\u0131n ki\u015fisel geli\u015fiminin yan\u0131 s\u0131ra k\u00fclt\u00fcrel ve milli de\u011ferler temelinde sevgi ve \u015fefkat i\u00e7inde yeti\u015ftirilmelerinin \u00fclke i\u00e7in \u00f6nemine i\u015faret etti. <\/p>\n<p>Misafir \u00e7ocuklarla \u00fclke \u00e7ocuklar\u0131n\u0131n kayna\u015fmas\u0131 ve dostluk geli\u015ftirmelerinin \u00f6nemine de de\u011finen Cumhurba\u015fkan\u0131 <a href=\"https:\/\/brtk.net\/\"\/><a href=\"https:\/\/brtk.net\/\"\/><a href=\"https:\/\/brtk.net\/\"\/><a href=\"https:\/\/brtk.net\/\">Tatar<\/a>, Beyarmudu Belediyesi\u2019ni \u00e7al\u0131\u015fmalar\u0131 dolay\u0131s\u0131yla kutlayarak, <a href=\"https:\/\/brtk.net\/\">KKTC<\/a>\u2019nin geli\u015fmesi ve kalk\u0131nmas\u0131 i\u00e7in yap\u0131lan \u00e7al\u0131\u015fmalar\u0131n engellere ra\u011fmen s\u00fcrece\u011fine vurgu yapt\u0131.<\/p>\n<\/p><\/div>\n<p><script async\n                    defer\n                    crossorigin=\"anonymous\"\n                    src=\"https:\/\/connect.facebook.net\/tr_TR\/sdk.js#xfbml=1&#038;version=v3.3\"\n            ><\/script><\/p>\n","protected":false},"excerpt":{"rendered":"<p>Cumhurba\u015fkan\u0131 Ersin Tatar, Beyarmudu Belediyesi II. \u00c7ocuk Festivali\u2019ne kat\u0131ld\u0131. Cumhurba\u015fkanl\u0131\u011f\u0131\u2019ndan verilen bilgiye g\u00f6re, KKTC, T\u00fcrkiye, K\u0131rg\u0131zistan, Kazakistan, Ukrayna ve Bulgaristan\u2019dan gelen ekiplerin g\u00f6sterilerinin yer ald\u0131\u011f\u0131 ve FOGEM 16. Uluslararas\u0131 Yaz Sevinci \u00c7ocuk \u015eenli\u011fi katk\u0131s\u0131yla ger\u00e7ekle\u015fen Festival, Beyarmudu Belediyesi G\u00fcney Mesarya Sosyal Tesisleri\u2019nde yer ald\u0131. Cumhurba\u015fkan\u0131 Tatar Festivaldeki konu\u015fmas\u0131nda, yurt d\u0131\u015f\u0131ndan gelen misafir \u00f6\u011frenci ve \u00f6\u011fretmenlerine<\/p>\n","protected":false},"author":1,"featured_media":44818,"comment_status":"open","ping_status":"open","sticky":false,"template":"","format":"standard","meta":{"footnotes":""},"categories":[1],"tags":[],"class_list":["post-44817","post","type-post","status-publish","format-standard","has-post-thumbnail","hentry","category-gundem"],"yoast_head":"<!-- This site is optimized with the Yoast SEO plugin v27.5 - https:\/\/yoast.com\/product\/yoast-seo-wordpress\/ -->\n<title>Cumhurba\u015fkan\u0131 Tatar, Beyarmudu \u201cII. \u00c7ocuk Festivali\u201dne kat\u0131ld\u0131 -<\/title>\n<meta name=\"robots\" content=\"index, follow, max-snippet:-1, max-image-preview:large, max-video-preview:-1\" \/>\n<link rel=\"canonical\" href=\"https:\/\/kibrisdakik.com\/?p=44817\" \/>\n<meta property=\"og:locale\" content=\"tr_TR\" \/>\n<meta property=\"og:type\" content=\"article\" \/>\n<meta property=\"og:title\" content=\"Cumhurba\u015fkan\u0131 Tatar, Beyarmudu \u201cII. \u00c7ocuk Festivali\u201dne kat\u0131ld\u0131 -\" \/>\n<meta property=\"og:description\" content=\"Cumhurba\u015fkan\u0131 Ersin Tatar, Beyarmudu Belediyesi II. \u00c7ocuk Festivali\u2019ne kat\u0131ld\u0131. Cumhurba\u015fkanl\u0131\u011f\u0131\u2019ndan verilen bilgiye g\u00f6re, KKTC, T\u00fcrkiye, K\u0131rg\u0131zistan, Kazakistan, Ukrayna ve Bulgaristan\u2019dan gelen ekiplerin g\u00f6sterilerinin yer ald\u0131\u011f\u0131 ve FOGEM 16. Uluslararas\u0131 Yaz Sevinci \u00c7ocuk \u015eenli\u011fi katk\u0131s\u0131yla ger\u00e7ekle\u015fen Festival, Beyarmudu Belediyesi G\u00fcney Mesarya Sosyal Tesisleri\u2019nde yer ald\u0131. Cumhurba\u015fkan\u0131 Tatar Festivaldeki konu\u015fmas\u0131nda, yurt d\u0131\u015f\u0131ndan gelen misafir \u00f6\u011frenci ve \u00f6\u011fretmenlerine\" \/>\n<meta property=\"og:url\" content=\"https:\/\/kibrisdakik.com\/?p=44817\" \/>\n<meta property=\"article:published_time\" content=\"2024-06-06T13:03:55+00:00\" \/>\n<meta property=\"og:image\" content=\"https:\/\/kibrisdakik.com\/wp-content\/uploads\/2024\/06\/asf3-740x420.jpg\" \/>\n\t<meta property=\"og:image:width\" content=\"2048\" \/>\n\t<meta property=\"og:image:height\" content=\"1336\" \/>\n\t<meta property=\"og:image:type\" content=\"image\/jpeg\" \/>\n<meta name=\"author\" content=\"admin\" \/>\n<meta name=\"twitter:card\" content=\"summary_large_image\" \/>\n<meta name=\"twitter:label1\" content=\"Yazan:\" \/>\n\t<meta name=\"twitter:data1\" content=\"admin\" \/>\n\t<meta name=\"twitter:label2\" content=\"Tahmini okuma s\u00fcresi\" \/>\n\t<meta name=\"twitter:data2\" content=\"1 dakika\" \/>\n<script type=\"application\/ld+json\" class=\"yoast-schema-graph\">{\"@context\":\"https:\\\/\\\/schema.org\",\"@graph\":[{\"@type\":\"Article\",\"@id\":\"https:\\\/\\\/kibrisdakik.com\\\/?p=44817#article\",\"isPartOf\":{\"@id\":\"https:\\\/\\\/kibrisdakik.com\\\/?p=44817\"},\"author\":{\"name\":\"admin\",\"@id\":\"https:\\\/\\\/kibrisdakik.com\\\/#\\\/schema\\\/person\\\/9cd9d437bbb44f72b73ba127e06d8e79\"},\"headline\":\"Cumhurba\u015fkan\u0131 Tatar, Beyarmudu \u201cII. \u00c7ocuk Festivali\u201dne kat\u0131ld\u0131\",\"datePublished\":\"2024-06-06T13:03:55+00:00\",\"mainEntityOfPage\":{\"@id\":\"https:\\\/\\\/kibrisdakik.com\\\/?p=44817\"},\"wordCount\":239,\"commentCount\":0,\"image\":{\"@id\":\"https:\\\/\\\/kibrisdakik.com\\\/?p=44817#primaryimage\"},\"thumbnailUrl\":\"https:\\\/\\\/kibrisdakik.com\\\/wp-content\\\/uploads\\\/2024\\\/06\\\/asf3-740x420.jpg\",\"articleSection\":[\"G\u00fcndem\"],\"inLanguage\":\"tr\",\"potentialAction\":[{\"@type\":\"CommentAction\",\"name\":\"Comment\",\"target\":[\"https:\\\/\\\/kibrisdakik.com\\\/?p=44817#respond\"]}]},{\"@type\":\"WebPage\",\"@id\":\"https:\\\/\\\/kibrisdakik.com\\\/?p=44817\",\"url\":\"https:\\\/\\\/kibrisdakik.com\\\/?p=44817\",\"name\":\"Cumhurba\u015fkan\u0131 Tatar, Beyarmudu \u201cII. \u00c7ocuk Festivali\u201dne kat\u0131ld\u0131 -\",\"isPartOf\":{\"@id\":\"https:\\\/\\\/kibrisdakik.com\\\/#website\"},\"primaryImageOfPage\":{\"@id\":\"https:\\\/\\\/kibrisdakik.com\\\/?p=44817#primaryimage\"},\"image\":{\"@id\":\"https:\\\/\\\/kibrisdakik.com\\\/?p=44817#primaryimage\"},\"thumbnailUrl\":\"https:\\\/\\\/kibrisdakik.com\\\/wp-content\\\/uploads\\\/2024\\\/06\\\/asf3-740x420.jpg\",\"datePublished\":\"2024-06-06T13:03:55+00:00\",\"author\":{\"@id\":\"https:\\\/\\\/kibrisdakik.com\\\/#\\\/schema\\\/person\\\/9cd9d437bbb44f72b73ba127e06d8e79\"},\"breadcrumb\":{\"@id\":\"https:\\\/\\\/kibrisdakik.com\\\/?p=44817#breadcrumb\"},\"inLanguage\":\"tr\",\"potentialAction\":[{\"@type\":\"ReadAction\",\"target\":[\"https:\\\/\\\/kibrisdakik.com\\\/?p=44817\"]}]},{\"@type\":\"ImageObject\",\"inLanguage\":\"tr\",\"@id\":\"https:\\\/\\\/kibrisdakik.com\\\/?p=44817#primaryimage\",\"url\":\"https:\\\/\\\/kibrisdakik.com\\\/wp-content\\\/uploads\\\/2024\\\/06\\\/asf3-740x420.jpg\",\"contentUrl\":\"https:\\\/\\\/kibrisdakik.com\\\/wp-content\\\/uploads\\\/2024\\\/06\\\/asf3-740x420.jpg\",\"width\":2048,\"height\":1336},{\"@type\":\"BreadcrumbList\",\"@id\":\"https:\\\/\\\/kibrisdakik.com\\\/?p=44817#breadcrumb\",\"itemListElement\":[{\"@type\":\"ListItem\",\"position\":1,\"name\":\"Home\",\"item\":\"https:\\\/\\\/kibrisdakik.com\\\/\"},{\"@type\":\"ListItem\",\"position\":2,\"name\":\"Cumhurba\u015fkan\u0131 Tatar, Beyarmudu \u201cII. \u00c7ocuk Festivali\u201dne kat\u0131ld\u0131\"}]},{\"@type\":\"WebSite\",\"@id\":\"https:\\\/\\\/kibrisdakik.com\\\/#website\",\"url\":\"https:\\\/\\\/kibrisdakik.com\\\/\",\"name\":\"\",\"description\":\"Tam vaktinde haber\",\"potentialAction\":[{\"@type\":\"SearchAction\",\"target\":{\"@type\":\"EntryPoint\",\"urlTemplate\":\"https:\\\/\\\/kibrisdakik.com\\\/?s={search_term_string}\"},\"query-input\":{\"@type\":\"PropertyValueSpecification\",\"valueRequired\":true,\"valueName\":\"search_term_string\"}}],\"inLanguage\":\"tr\"},{\"@type\":\"Person\",\"@id\":\"https:\\\/\\\/kibrisdakik.com\\\/#\\\/schema\\\/person\\\/9cd9d437bbb44f72b73ba127e06d8e79\",\"name\":\"admin\",\"image\":{\"@type\":\"ImageObject\",\"inLanguage\":\"tr\",\"@id\":\"https:\\\/\\\/secure.gravatar.com\\\/avatar\\\/ccc17943b9d660506c869530f897617f7cb1c21a4bf30023f252596d83e1f007?s=96&d=mm&r=g\",\"url\":\"https:\\\/\\\/secure.gravatar.com\\\/avatar\\\/ccc17943b9d660506c869530f897617f7cb1c21a4bf30023f252596d83e1f007?s=96&d=mm&r=g\",\"contentUrl\":\"https:\\\/\\\/secure.gravatar.com\\\/avatar\\\/ccc17943b9d660506c869530f897617f7cb1c21a4bf30023f252596d83e1f007?s=96&d=mm&r=g\",\"caption\":\"admin\"},\"sameAs\":[\"https:\\\/\\\/kibrisdakik.com\"],\"url\":\"https:\\\/\\\/kibrisdakik.com\\\/?author=1\"}]}<\/script>\n<!-- \/ Yoast SEO plugin. -->","yoast_head_json":{"title":"Cumhurba\u015fkan\u0131 Tatar, Beyarmudu \u201cII. \u00c7ocuk Festivali\u201dne kat\u0131ld\u0131 -","robots":{"index":"index","follow":"follow","max-snippet":"max-snippet:-1","max-image-preview":"max-image-preview:large","max-video-preview":"max-video-preview:-1"},"canonical":"https:\/\/kibrisdakik.com\/?p=44817","og_locale":"tr_TR","og_type":"article","og_title":"Cumhurba\u015fkan\u0131 Tatar, Beyarmudu \u201cII. \u00c7ocuk Festivali\u201dne kat\u0131ld\u0131 -","og_description":"Cumhurba\u015fkan\u0131 Ersin Tatar, Beyarmudu Belediyesi II. \u00c7ocuk Festivali\u2019ne kat\u0131ld\u0131. Cumhurba\u015fkanl\u0131\u011f\u0131\u2019ndan verilen bilgiye g\u00f6re, KKTC, T\u00fcrkiye, K\u0131rg\u0131zistan, Kazakistan, Ukrayna ve Bulgaristan\u2019dan gelen ekiplerin g\u00f6sterilerinin yer ald\u0131\u011f\u0131 ve FOGEM 16. Uluslararas\u0131 Yaz Sevinci \u00c7ocuk \u015eenli\u011fi katk\u0131s\u0131yla ger\u00e7ekle\u015fen Festival, Beyarmudu Belediyesi G\u00fcney Mesarya Sosyal Tesisleri\u2019nde yer ald\u0131. Cumhurba\u015fkan\u0131 Tatar Festivaldeki konu\u015fmas\u0131nda, yurt d\u0131\u015f\u0131ndan gelen misafir \u00f6\u011frenci ve \u00f6\u011fretmenlerine","og_url":"https:\/\/kibrisdakik.com\/?p=44817","article_published_time":"2024-06-06T13:03:55+00:00","og_image":[{"width":2048,"height":1336,"url":"https:\/\/kibrisdakik.com\/wp-content\/uploads\/2024\/06\/asf3-740x420.jpg","type":"image\/jpeg"}],"author":"admin","twitter_card":"summary_large_image","twitter_misc":{"Yazan:":"admin","Tahmini okuma s\u00fcresi":"1 dakika"},"schema":{"@context":"https:\/\/schema.org","@graph":[{"@type":"Article","@id":"https:\/\/kibrisdakik.com\/?p=44817#article","isPartOf":{"@id":"https:\/\/kibrisdakik.com\/?p=44817"},"author":{"name":"admin","@id":"https:\/\/kibrisdakik.com\/#\/schema\/person\/9cd9d437bbb44f72b73ba127e06d8e79"},"headline":"Cumhurba\u015fkan\u0131 Tatar, Beyarmudu \u201cII. \u00c7ocuk Festivali\u201dne kat\u0131ld\u0131","datePublished":"2024-06-06T13:03:55+00:00","mainEntityOfPage":{"@id":"https:\/\/kibrisdakik.com\/?p=44817"},"wordCount":239,"commentCount":0,"image":{"@id":"https:\/\/kibrisdakik.com\/?p=44817#primaryimage"},"thumbnailUrl":"https:\/\/kibrisdakik.com\/wp-content\/uploads\/2024\/06\/asf3-740x420.jpg","articleSection":["G\u00fcndem"],"inLanguage":"tr","potentialAction":[{"@type":"CommentAction","name":"Comment","target":["https:\/\/kibrisdakik.com\/?p=44817#respond"]}]},{"@type":"WebPage","@id":"https:\/\/kibrisdakik.com\/?p=44817","url":"https:\/\/kibrisdakik.com\/?p=44817","name":"Cumhurba\u015fkan\u0131 Tatar, Beyarmudu \u201cII. \u00c7ocuk Festivali\u201dne kat\u0131ld\u0131 -","isPartOf":{"@id":"https:\/\/kibrisdakik.com\/#website"},"primaryImageOfPage":{"@id":"https:\/\/kibrisdakik.com\/?p=44817#primaryimage"},"image":{"@id":"https:\/\/kibrisdakik.com\/?p=44817#primaryimage"},"thumbnailUrl":"https:\/\/kibrisdakik.com\/wp-content\/uploads\/2024\/06\/asf3-740x420.jpg","datePublished":"2024-06-06T13:03:55+00:00","author":{"@id":"https:\/\/kibrisdakik.com\/#\/schema\/person\/9cd9d437bbb44f72b73ba127e06d8e79"},"breadcrumb":{"@id":"https:\/\/kibrisdakik.com\/?p=44817#breadcrumb"},"inLanguage":"tr","potentialAction":[{"@type":"ReadAction","target":["https:\/\/kibrisdakik.com\/?p=44817"]}]},{"@type":"ImageObject","inLanguage":"tr","@id":"https:\/\/kibrisdakik.com\/?p=44817#primaryimage","url":"https:\/\/kibrisdakik.com\/wp-content\/uploads\/2024\/06\/asf3-740x420.jpg","contentUrl":"https:\/\/kibrisdakik.com\/wp-content\/uploads\/2024\/06\/asf3-740x420.jpg","width":2048,"height":1336},{"@type":"BreadcrumbList","@id":"https:\/\/kibrisdakik.com\/?p=44817#breadcrumb","itemListElement":[{"@type":"ListItem","position":1,"name":"Home","item":"https:\/\/kibrisdakik.com\/"},{"@type":"ListItem","position":2,"name":"Cumhurba\u015fkan\u0131 Tatar, Beyarmudu \u201cII. \u00c7ocuk Festivali\u201dne kat\u0131ld\u0131"}]},{"@type":"WebSite","@id":"https:\/\/kibrisdakik.com\/#website","url":"https:\/\/kibrisdakik.com\/","name":"","description":"Tam vaktinde haber","potentialAction":[{"@type":"SearchAction","target":{"@type":"EntryPoint","urlTemplate":"https:\/\/kibrisdakik.com\/?s={search_term_string}"},"query-input":{"@type":"PropertyValueSpecification","valueRequired":true,"valueName":"search_term_string"}}],"inLanguage":"tr"},{"@type":"Person","@id":"https:\/\/kibrisdakik.com\/#\/schema\/person\/9cd9d437bbb44f72b73ba127e06d8e79","name":"admin","image":{"@type":"ImageObject","inLanguage":"tr","@id":"https:\/\/secure.gravatar.com\/avatar\/ccc17943b9d660506c869530f897617f7cb1c21a4bf30023f252596d83e1f007?s=96&d=mm&r=g","url":"https:\/\/secure.gravatar.com\/avatar\/ccc17943b9d660506c869530f897617f7cb1c21a4bf30023f252596d83e1f007?s=96&d=mm&r=g","contentUrl":"https:\/\/secure.gravatar.com\/avatar\/ccc17943b9d660506c869530f897617f7cb1c21a4bf30023f252596d83e1f007?s=96&d=mm&r=g","caption":"admin"},"sameAs":["https:\/\/kibrisdakik.com"],"url":"https:\/\/kibrisdakik.com\/?author=1"}]}},"_links":{"self":[{"href":"https:\/\/kibrisdakik.com\/index.php?rest_route=\/wp\/v2\/posts\/44817","targetHints":{"allow":["GET"]}}],"collection":[{"href":"https:\/\/kibrisdakik.com\/index.php?rest_route=\/wp\/v2\/posts"}],"about":[{"href":"https:\/\/kibrisdakik.com\/index.php?rest_route=\/wp\/v2\/types\/post"}],"author":[{"embeddable":true,"href":"https:\/\/kibrisdakik.com\/index.php?rest_route=\/wp\/v2\/users\/1"}],"replies":[{"embeddable":true,"href":"https:\/\/kibrisdakik.com\/index.php?rest_route=%2Fwp%2Fv2%2Fcomments&post=44817"}],"version-history":[{"count":0,"href":"https:\/\/kibrisdakik.com\/index.php?rest_route=\/wp\/v2\/posts\/44817\/revisions"}],"wp:featuredmedia":[{"embeddable":true,"href":"https:\/\/kibrisdakik.com\/index.php?rest_route=\/wp\/v2\/media\/44818"}],"wp:attachment":[{"href":"https:\/\/kibrisdakik.com\/index.php?rest_route=%2Fwp%2Fv2%2Fmedia&parent=44817"}],"wp:term":[{"taxonomy":"category","embeddable":true,"href":"https:\/\/kibrisdakik.com\/index.php?rest_route=%2Fwp%2Fv2%2Fcategories&post=44817"},{"taxonomy":"post_tag","embeddable":true,"href":"https:\/\/kibrisdakik.com\/index.php?rest_route=%2Fwp%2Fv2%2Ftags&post=44817"}],"curies":[{"name":"wp","href":"https:\/\/api.w.org\/{rel}","templated":true}]}}