{"id":44846,"date":"2024-06-06T16:12:57","date_gmt":"2024-06-06T16:12:57","guid":{"rendered":"https:\/\/kibrisdakik.com\/index.php\/2024\/06\/06\/konut-edindirme-degisiklik-yasa-tasarisi-meclis-genel-kuruluna-sevk-edildi\/"},"modified":"2024-06-06T16:12:57","modified_gmt":"2024-06-06T16:12:57","slug":"konut-edindirme-degisiklik-yasa-tasarisi-meclis-genel-kuruluna-sevk-edildi","status":"publish","type":"post","link":"https:\/\/kibrisdakik.com\/?p=44846","title":{"rendered":"Konut Edindirme (De\u011fi\u015fiklik) Yasa Tasar\u0131s\u0131 Meclis Genel Kurulu&#039;na sevk edildi"},"content":{"rendered":"<p><img decoding=\"async\" src=\"https:\/\/www.kibristurk.com\/images\/haberler\/2024\/06\/konut-edindirme-degisiklik-yasa-tasarisi-meclis-genel-kuruluna-sevk-edildi-1717689270.webp\" \/><\/p>\n<p style=\"text-align:left\"><span style=\"font-size:16px\"><span style=\"font-family:Merriweather,serif !important\"><span style=\"color:#000000\"><span style=\"background-color:#ffffff\">Meclisten verilen bilgiye g\u00f6re, komite, bug\u00fcn toplanarak g\u00fcndeminde bulunan \u201cKonut Edindirme (De\u011fi\u015fiklik) Yasa Tasar\u0131s\u0131\u201dn\u0131 ele ald\u0131. Komite, tasar\u0131y\u0131 oy \u00e7oklu\u011fuyla onaylayarak Genel Kurul\u2019un g\u00fcndemine sevk etti.<\/span><\/span><\/span><\/span><\/p>\n<p style=\"text-align:left\"><span style=\"font-size:16px\"><span style=\"font-family:Merriweather,serif !important\"><span style=\"color:#000000\"><span style=\"background-color:#ffffff\">Komite toplant\u0131s\u0131na davetli olarak, Ba\u015fbakanl\u0131k, Ba\u015fbakan Yard\u0131mc\u0131l\u0131\u011f\u0131, Turizm, K\u00fclt\u00fcr, Gen\u00e7lik ve \u00c7evre Bakanl\u0131\u011f\u0131, \u0130\u00e7i\u015fleri Bakanl\u0131\u011f\u0131, \u015eehir Planlama Dairesi, K\u0131br\u0131s T\u00fcrk Belediyeler Birli\u011fi, K\u0131br\u0131s T\u00fcrk M\u00fchendis ve Mimar Odalar\u0131 Birli\u011fi, K\u0131br\u0131s T\u00fcrk \u0130n\u015faat M\u00fcteahhitleri Birli\u011fi\u2019nden yetkililer kat\u0131larak konu ile ilgili g\u00f6r\u00fc\u015flerini sundu.<\/span><\/span><\/span><\/span><\/p>\n<p style=\"text-align:left\"><span style=\"font-size:16px\"><span style=\"font-family:Merriweather,serif !important\"><span style=\"color:#000000\"><span style=\"background-color:#ffffff\">UBP Milletvekili Sunat Atun ba\u015fkanl\u0131\u011f\u0131nda toplanan \u0130dari, Kamu ve Sa\u011fl\u0131k \u0130\u015fleri Komitesi toplant\u0131s\u0131na, Komite \u00dcyesi UBP Milletvekili Ziya \u00d6zt\u00fcrkler, Komite \u00dcyesi UBP Milletvekili Ahmet Sava\u015fan ve CTP Milletvekili Devrim Bar\u00e7\u0131n kat\u0131ld\u0131. Komite toplant\u0131s\u0131nda ayr\u0131ca Ba\u011f\u0131ms\u0131z Milletvekili Ay\u015feg\u00fcl Baybars da yer ald\u0131..<\/span><\/span><\/span><\/span><\/p>\n","protected":false},"excerpt":{"rendered":"<p>Meclisten verilen bilgiye g\u00f6re, komite, bug\u00fcn toplanarak g\u00fcndeminde bulunan \u201cKonut Edindirme (De\u011fi\u015fiklik) Yasa Tasar\u0131s\u0131\u201dn\u0131 ele ald\u0131. Komite, tasar\u0131y\u0131 oy \u00e7oklu\u011fuyla onaylayarak Genel Kurul\u2019un g\u00fcndemine sevk etti. Komite toplant\u0131s\u0131na davetli olarak, Ba\u015fbakanl\u0131k, Ba\u015fbakan Yard\u0131mc\u0131l\u0131\u011f\u0131, Turizm, K\u00fclt\u00fcr, Gen\u00e7lik ve \u00c7evre Bakanl\u0131\u011f\u0131, \u0130\u00e7i\u015fleri Bakanl\u0131\u011f\u0131, \u015eehir Planlama Dairesi, K\u0131br\u0131s T\u00fcrk Belediyeler Birli\u011fi, K\u0131br\u0131s T\u00fcrk M\u00fchendis ve Mimar Odalar\u0131 Birli\u011fi,<\/p>\n","protected":false},"author":1,"featured_media":44847,"comment_status":"open","ping_status":"open","sticky":false,"template":"","format":"standard","meta":{"footnotes":""},"categories":[79],"tags":[],"class_list":["post-44846","post","type-post","status-publish","format-standard","has-post-thumbnail","hentry","category-ekonomi"],"yoast_head":"<!-- This site is optimized with the Yoast SEO plugin v27.5 - https:\/\/yoast.com\/product\/yoast-seo-wordpress\/ -->\n<title>Konut Edindirme (De\u011fi\u015fiklik) Yasa Tasar\u0131s\u0131 Meclis Genel Kurulu&#039;na sevk edildi -<\/title>\n<meta name=\"robots\" content=\"index, follow, max-snippet:-1, max-image-preview:large, max-video-preview:-1\" \/>\n<link rel=\"canonical\" href=\"https:\/\/kibrisdakik.com\/?p=44846\" \/>\n<meta property=\"og:locale\" content=\"tr_TR\" \/>\n<meta property=\"og:type\" content=\"article\" \/>\n<meta property=\"og:title\" content=\"Konut Edindirme (De\u011fi\u015fiklik) Yasa Tasar\u0131s\u0131 Meclis Genel Kurulu&#039;na sevk edildi -\" \/>\n<meta property=\"og:description\" content=\"Meclisten verilen bilgiye g\u00f6re, komite, bug\u00fcn toplanarak g\u00fcndeminde bulunan \u201cKonut Edindirme (De\u011fi\u015fiklik) Yasa Tasar\u0131s\u0131\u201dn\u0131 ele ald\u0131. Komite, tasar\u0131y\u0131 oy \u00e7oklu\u011fuyla onaylayarak Genel Kurul\u2019un g\u00fcndemine sevk etti. Komite toplant\u0131s\u0131na davetli olarak, Ba\u015fbakanl\u0131k, Ba\u015fbakan Yard\u0131mc\u0131l\u0131\u011f\u0131, Turizm, K\u00fclt\u00fcr, Gen\u00e7lik ve \u00c7evre Bakanl\u0131\u011f\u0131, \u0130\u00e7i\u015fleri Bakanl\u0131\u011f\u0131, \u015eehir Planlama Dairesi, K\u0131br\u0131s T\u00fcrk Belediyeler Birli\u011fi, K\u0131br\u0131s T\u00fcrk M\u00fchendis ve Mimar Odalar\u0131 Birli\u011fi,\" \/>\n<meta property=\"og:url\" content=\"https:\/\/kibrisdakik.com\/?p=44846\" \/>\n<meta property=\"article:published_time\" content=\"2024-06-06T16:12:57+00:00\" \/>\n<meta property=\"og:image\" content=\"https:\/\/kibrisdakik.com\/wp-content\/uploads\/2024\/06\/konut-edindirme-degisiklik-yasa-tasarisi-meclis-genel-kuruluna-sevk-edildi-1717689270.webp.webp\" \/>\n\t<meta property=\"og:image:width\" content=\"710\" \/>\n\t<meta property=\"og:image:height\" content=\"370\" \/>\n\t<meta property=\"og:image:type\" content=\"image\/webp\" \/>\n<meta name=\"author\" content=\"admin\" \/>\n<meta name=\"twitter:card\" content=\"summary_large_image\" \/>\n<meta name=\"twitter:label1\" content=\"Yazan:\" \/>\n\t<meta name=\"twitter:data1\" content=\"admin\" \/>\n\t<meta name=\"twitter:label2\" content=\"Tahmini okuma s\u00fcresi\" \/>\n\t<meta name=\"twitter:data2\" content=\"1 dakika\" \/>\n<script type=\"application\/ld+json\" class=\"yoast-schema-graph\">{\"@context\":\"https:\\\/\\\/schema.org\",\"@graph\":[{\"@type\":\"Article\",\"@id\":\"https:\\\/\\\/kibrisdakik.com\\\/?p=44846#article\",\"isPartOf\":{\"@id\":\"https:\\\/\\\/kibrisdakik.com\\\/?p=44846\"},\"author\":{\"name\":\"admin\",\"@id\":\"https:\\\/\\\/kibrisdakik.com\\\/#\\\/schema\\\/person\\\/9cd9d437bbb44f72b73ba127e06d8e79\"},\"headline\":\"Konut Edindirme (De\u011fi\u015fiklik) Yasa Tasar\u0131s\u0131 Meclis Genel Kurulu&#039;na sevk edildi\",\"datePublished\":\"2024-06-06T16:12:57+00:00\",\"mainEntityOfPage\":{\"@id\":\"https:\\\/\\\/kibrisdakik.com\\\/?p=44846\"},\"wordCount\":180,\"commentCount\":0,\"image\":{\"@id\":\"https:\\\/\\\/kibrisdakik.com\\\/?p=44846#primaryimage\"},\"thumbnailUrl\":\"https:\\\/\\\/kibrisdakik.com\\\/wp-content\\\/uploads\\\/2024\\\/06\\\/konut-edindirme-degisiklik-yasa-tasarisi-meclis-genel-kuruluna-sevk-edildi-1717689270.webp.webp\",\"articleSection\":[\"Ekonomi\"],\"inLanguage\":\"tr\",\"potentialAction\":[{\"@type\":\"CommentAction\",\"name\":\"Comment\",\"target\":[\"https:\\\/\\\/kibrisdakik.com\\\/?p=44846#respond\"]}]},{\"@type\":\"WebPage\",\"@id\":\"https:\\\/\\\/kibrisdakik.com\\\/?p=44846\",\"url\":\"https:\\\/\\\/kibrisdakik.com\\\/?p=44846\",\"name\":\"Konut Edindirme (De\u011fi\u015fiklik) Yasa Tasar\u0131s\u0131 Meclis Genel Kurulu&#039;na sevk edildi -\",\"isPartOf\":{\"@id\":\"https:\\\/\\\/kibrisdakik.com\\\/#website\"},\"primaryImageOfPage\":{\"@id\":\"https:\\\/\\\/kibrisdakik.com\\\/?p=44846#primaryimage\"},\"image\":{\"@id\":\"https:\\\/\\\/kibrisdakik.com\\\/?p=44846#primaryimage\"},\"thumbnailUrl\":\"https:\\\/\\\/kibrisdakik.com\\\/wp-content\\\/uploads\\\/2024\\\/06\\\/konut-edindirme-degisiklik-yasa-tasarisi-meclis-genel-kuruluna-sevk-edildi-1717689270.webp.webp\",\"datePublished\":\"2024-06-06T16:12:57+00:00\",\"author\":{\"@id\":\"https:\\\/\\\/kibrisdakik.com\\\/#\\\/schema\\\/person\\\/9cd9d437bbb44f72b73ba127e06d8e79\"},\"breadcrumb\":{\"@id\":\"https:\\\/\\\/kibrisdakik.com\\\/?p=44846#breadcrumb\"},\"inLanguage\":\"tr\",\"potentialAction\":[{\"@type\":\"ReadAction\",\"target\":[\"https:\\\/\\\/kibrisdakik.com\\\/?p=44846\"]}]},{\"@type\":\"ImageObject\",\"inLanguage\":\"tr\",\"@id\":\"https:\\\/\\\/kibrisdakik.com\\\/?p=44846#primaryimage\",\"url\":\"https:\\\/\\\/kibrisdakik.com\\\/wp-content\\\/uploads\\\/2024\\\/06\\\/konut-edindirme-degisiklik-yasa-tasarisi-meclis-genel-kuruluna-sevk-edildi-1717689270.webp.webp\",\"contentUrl\":\"https:\\\/\\\/kibrisdakik.com\\\/wp-content\\\/uploads\\\/2024\\\/06\\\/konut-edindirme-degisiklik-yasa-tasarisi-meclis-genel-kuruluna-sevk-edildi-1717689270.webp.webp\",\"width\":710,\"height\":370},{\"@type\":\"BreadcrumbList\",\"@id\":\"https:\\\/\\\/kibrisdakik.com\\\/?p=44846#breadcrumb\",\"itemListElement\":[{\"@type\":\"ListItem\",\"position\":1,\"name\":\"Home\",\"item\":\"https:\\\/\\\/kibrisdakik.com\\\/\"},{\"@type\":\"ListItem\",\"position\":2,\"name\":\"Konut Edindirme (De\u011fi\u015fiklik) Yasa Tasar\u0131s\u0131 Meclis Genel Kurulu&#039;na sevk edildi\"}]},{\"@type\":\"WebSite\",\"@id\":\"https:\\\/\\\/kibrisdakik.com\\\/#website\",\"url\":\"https:\\\/\\\/kibrisdakik.com\\\/\",\"name\":\"\",\"description\":\"Tam vaktinde haber\",\"potentialAction\":[{\"@type\":\"SearchAction\",\"target\":{\"@type\":\"EntryPoint\",\"urlTemplate\":\"https:\\\/\\\/kibrisdakik.com\\\/?s={search_term_string}\"},\"query-input\":{\"@type\":\"PropertyValueSpecification\",\"valueRequired\":true,\"valueName\":\"search_term_string\"}}],\"inLanguage\":\"tr\"},{\"@type\":\"Person\",\"@id\":\"https:\\\/\\\/kibrisdakik.com\\\/#\\\/schema\\\/person\\\/9cd9d437bbb44f72b73ba127e06d8e79\",\"name\":\"admin\",\"image\":{\"@type\":\"ImageObject\",\"inLanguage\":\"tr\",\"@id\":\"https:\\\/\\\/secure.gravatar.com\\\/avatar\\\/ccc17943b9d660506c869530f897617f7cb1c21a4bf30023f252596d83e1f007?s=96&d=mm&r=g\",\"url\":\"https:\\\/\\\/secure.gravatar.com\\\/avatar\\\/ccc17943b9d660506c869530f897617f7cb1c21a4bf30023f252596d83e1f007?s=96&d=mm&r=g\",\"contentUrl\":\"https:\\\/\\\/secure.gravatar.com\\\/avatar\\\/ccc17943b9d660506c869530f897617f7cb1c21a4bf30023f252596d83e1f007?s=96&d=mm&r=g\",\"caption\":\"admin\"},\"sameAs\":[\"https:\\\/\\\/kibrisdakik.com\"],\"url\":\"https:\\\/\\\/kibrisdakik.com\\\/?author=1\"}]}<\/script>\n<!-- \/ Yoast SEO plugin. -->","yoast_head_json":{"title":"Konut Edindirme (De\u011fi\u015fiklik) Yasa Tasar\u0131s\u0131 Meclis Genel Kurulu&#039;na sevk edildi -","robots":{"index":"index","follow":"follow","max-snippet":"max-snippet:-1","max-image-preview":"max-image-preview:large","max-video-preview":"max-video-preview:-1"},"canonical":"https:\/\/kibrisdakik.com\/?p=44846","og_locale":"tr_TR","og_type":"article","og_title":"Konut Edindirme (De\u011fi\u015fiklik) Yasa Tasar\u0131s\u0131 Meclis Genel Kurulu&#039;na sevk edildi -","og_description":"Meclisten verilen bilgiye g\u00f6re, komite, bug\u00fcn toplanarak g\u00fcndeminde bulunan \u201cKonut Edindirme (De\u011fi\u015fiklik) Yasa Tasar\u0131s\u0131\u201dn\u0131 ele ald\u0131. Komite, tasar\u0131y\u0131 oy \u00e7oklu\u011fuyla onaylayarak Genel Kurul\u2019un g\u00fcndemine sevk etti. Komite toplant\u0131s\u0131na davetli olarak, Ba\u015fbakanl\u0131k, Ba\u015fbakan Yard\u0131mc\u0131l\u0131\u011f\u0131, Turizm, K\u00fclt\u00fcr, Gen\u00e7lik ve \u00c7evre Bakanl\u0131\u011f\u0131, \u0130\u00e7i\u015fleri Bakanl\u0131\u011f\u0131, \u015eehir Planlama Dairesi, K\u0131br\u0131s T\u00fcrk Belediyeler Birli\u011fi, K\u0131br\u0131s T\u00fcrk M\u00fchendis ve Mimar Odalar\u0131 Birli\u011fi,","og_url":"https:\/\/kibrisdakik.com\/?p=44846","article_published_time":"2024-06-06T16:12:57+00:00","og_image":[{"width":710,"height":370,"url":"https:\/\/kibrisdakik.com\/wp-content\/uploads\/2024\/06\/konut-edindirme-degisiklik-yasa-tasarisi-meclis-genel-kuruluna-sevk-edildi-1717689270.webp.webp","type":"image\/webp"}],"author":"admin","twitter_card":"summary_large_image","twitter_misc":{"Yazan:":"admin","Tahmini okuma s\u00fcresi":"1 dakika"},"schema":{"@context":"https:\/\/schema.org","@graph":[{"@type":"Article","@id":"https:\/\/kibrisdakik.com\/?p=44846#article","isPartOf":{"@id":"https:\/\/kibrisdakik.com\/?p=44846"},"author":{"name":"admin","@id":"https:\/\/kibrisdakik.com\/#\/schema\/person\/9cd9d437bbb44f72b73ba127e06d8e79"},"headline":"Konut Edindirme (De\u011fi\u015fiklik) Yasa Tasar\u0131s\u0131 Meclis Genel Kurulu&#039;na sevk edildi","datePublished":"2024-06-06T16:12:57+00:00","mainEntityOfPage":{"@id":"https:\/\/kibrisdakik.com\/?p=44846"},"wordCount":180,"commentCount":0,"image":{"@id":"https:\/\/kibrisdakik.com\/?p=44846#primaryimage"},"thumbnailUrl":"https:\/\/kibrisdakik.com\/wp-content\/uploads\/2024\/06\/konut-edindirme-degisiklik-yasa-tasarisi-meclis-genel-kuruluna-sevk-edildi-1717689270.webp.webp","articleSection":["Ekonomi"],"inLanguage":"tr","potentialAction":[{"@type":"CommentAction","name":"Comment","target":["https:\/\/kibrisdakik.com\/?p=44846#respond"]}]},{"@type":"WebPage","@id":"https:\/\/kibrisdakik.com\/?p=44846","url":"https:\/\/kibrisdakik.com\/?p=44846","name":"Konut Edindirme (De\u011fi\u015fiklik) Yasa Tasar\u0131s\u0131 Meclis Genel Kurulu&#039;na sevk edildi -","isPartOf":{"@id":"https:\/\/kibrisdakik.com\/#website"},"primaryImageOfPage":{"@id":"https:\/\/kibrisdakik.com\/?p=44846#primaryimage"},"image":{"@id":"https:\/\/kibrisdakik.com\/?p=44846#primaryimage"},"thumbnailUrl":"https:\/\/kibrisdakik.com\/wp-content\/uploads\/2024\/06\/konut-edindirme-degisiklik-yasa-tasarisi-meclis-genel-kuruluna-sevk-edildi-1717689270.webp.webp","datePublished":"2024-06-06T16:12:57+00:00","author":{"@id":"https:\/\/kibrisdakik.com\/#\/schema\/person\/9cd9d437bbb44f72b73ba127e06d8e79"},"breadcrumb":{"@id":"https:\/\/kibrisdakik.com\/?p=44846#breadcrumb"},"inLanguage":"tr","potentialAction":[{"@type":"ReadAction","target":["https:\/\/kibrisdakik.com\/?p=44846"]}]},{"@type":"ImageObject","inLanguage":"tr","@id":"https:\/\/kibrisdakik.com\/?p=44846#primaryimage","url":"https:\/\/kibrisdakik.com\/wp-content\/uploads\/2024\/06\/konut-edindirme-degisiklik-yasa-tasarisi-meclis-genel-kuruluna-sevk-edildi-1717689270.webp.webp","contentUrl":"https:\/\/kibrisdakik.com\/wp-content\/uploads\/2024\/06\/konut-edindirme-degisiklik-yasa-tasarisi-meclis-genel-kuruluna-sevk-edildi-1717689270.webp.webp","width":710,"height":370},{"@type":"BreadcrumbList","@id":"https:\/\/kibrisdakik.com\/?p=44846#breadcrumb","itemListElement":[{"@type":"ListItem","position":1,"name":"Home","item":"https:\/\/kibrisdakik.com\/"},{"@type":"ListItem","position":2,"name":"Konut Edindirme (De\u011fi\u015fiklik) Yasa Tasar\u0131s\u0131 Meclis Genel Kurulu&#039;na sevk edildi"}]},{"@type":"WebSite","@id":"https:\/\/kibrisdakik.com\/#website","url":"https:\/\/kibrisdakik.com\/","name":"","description":"Tam vaktinde haber","potentialAction":[{"@type":"SearchAction","target":{"@type":"EntryPoint","urlTemplate":"https:\/\/kibrisdakik.com\/?s={search_term_string}"},"query-input":{"@type":"PropertyValueSpecification","valueRequired":true,"valueName":"search_term_string"}}],"inLanguage":"tr"},{"@type":"Person","@id":"https:\/\/kibrisdakik.com\/#\/schema\/person\/9cd9d437bbb44f72b73ba127e06d8e79","name":"admin","image":{"@type":"ImageObject","inLanguage":"tr","@id":"https:\/\/secure.gravatar.com\/avatar\/ccc17943b9d660506c869530f897617f7cb1c21a4bf30023f252596d83e1f007?s=96&d=mm&r=g","url":"https:\/\/secure.gravatar.com\/avatar\/ccc17943b9d660506c869530f897617f7cb1c21a4bf30023f252596d83e1f007?s=96&d=mm&r=g","contentUrl":"https:\/\/secure.gravatar.com\/avatar\/ccc17943b9d660506c869530f897617f7cb1c21a4bf30023f252596d83e1f007?s=96&d=mm&r=g","caption":"admin"},"sameAs":["https:\/\/kibrisdakik.com"],"url":"https:\/\/kibrisdakik.com\/?author=1"}]}},"_links":{"self":[{"href":"https:\/\/kibrisdakik.com\/index.php?rest_route=\/wp\/v2\/posts\/44846","targetHints":{"allow":["GET"]}}],"collection":[{"href":"https:\/\/kibrisdakik.com\/index.php?rest_route=\/wp\/v2\/posts"}],"about":[{"href":"https:\/\/kibrisdakik.com\/index.php?rest_route=\/wp\/v2\/types\/post"}],"author":[{"embeddable":true,"href":"https:\/\/kibrisdakik.com\/index.php?rest_route=\/wp\/v2\/users\/1"}],"replies":[{"embeddable":true,"href":"https:\/\/kibrisdakik.com\/index.php?rest_route=%2Fwp%2Fv2%2Fcomments&post=44846"}],"version-history":[{"count":0,"href":"https:\/\/kibrisdakik.com\/index.php?rest_route=\/wp\/v2\/posts\/44846\/revisions"}],"wp:featuredmedia":[{"embeddable":true,"href":"https:\/\/kibrisdakik.com\/index.php?rest_route=\/wp\/v2\/media\/44847"}],"wp:attachment":[{"href":"https:\/\/kibrisdakik.com\/index.php?rest_route=%2Fwp%2Fv2%2Fmedia&parent=44846"}],"wp:term":[{"taxonomy":"category","embeddable":true,"href":"https:\/\/kibrisdakik.com\/index.php?rest_route=%2Fwp%2Fv2%2Fcategories&post=44846"},{"taxonomy":"post_tag","embeddable":true,"href":"https:\/\/kibrisdakik.com\/index.php?rest_route=%2Fwp%2Fv2%2Ftags&post=44846"}],"curies":[{"name":"wp","href":"https:\/\/api.w.org\/{rel}","templated":true}]}}