{"id":4488,"date":"2023-04-03T12:59:44","date_gmt":"2023-04-03T12:59:44","guid":{"rendered":"https:\/\/kibrisdakik.com\/index.php\/2023\/04\/03\/itfaiye-gecen-hafta-12-yangina-ve-33-olaya-mudahale-etti\/"},"modified":"2023-04-03T12:59:44","modified_gmt":"2023-04-03T12:59:44","slug":"itfaiye-gecen-hafta-12-yangina-ve-33-olaya-mudahale-etti","status":"publish","type":"post","link":"https:\/\/kibrisdakik.com\/?p=4488","title":{"rendered":"\u0130tfaiye ge\u00e7en hafta 12 yang\u0131na ve 33 olaya m\u00fcdahale etti"},"content":{"rendered":"<p><\/p>\n<div>\n<div class=\"mariselle-image-container center\">\n                <img width=\"880\" height=\"440\" class=\"lazy-image\" alt=\"\" decoding=\"async\" loading=\"lazy\" sizes=\"auto, (max-width: 880px) 100vw, 880px\" src=\"https:\/\/brtk.net\/wp-content\/uploads\/2023\/01\/20\/ITFAIYEEE.jpg?ver=4eea5cad0f5a5e7065757cea5b601bff\" srcset=\"https:\/\/brtk.net\/wp-content\/uploads\/2023\/01\/20\/ITFAIYEEE.jpg?ver=4eea5cad0f5a5e7065757cea5b601bff 880w, https:\/\/brtk.net\/wp-content\/uploads\/2023\/01\/20\/ITFAIYEEE-300x150.jpg?ver=d292f082827a059af5b02c2d55f48063 300w, https:\/\/brtk.net\/wp-content\/uploads\/2023\/01\/20\/ITFAIYEEE-768x384.jpg?ver=d292f082827a059af5b02c2d55f48063 768w, https:\/\/brtk.net\/wp-content\/uploads\/2023\/01\/20\/ITFAIYEEE-720x360.jpg?ver=8896501e2da30c599dbffca9010f98fd 720w\"\/>                            <\/div>\n<p>Polis itfaiye ekipleri ge\u00e7en hafta 12 yang\u0131n\u0131 s\u00f6nd\u00fcr\u00fcrken 33 de farkl\u0131 olaya m\u00fcdahale etti.<\/p>\n<p><a href=\"https:\/\/brtk.net\/\">KKTC<\/a>\u2019de 27 Mart-2 Nisan tarihleri aras\u0131nda 12 yang\u0131n ve 33 hususi servis olay\u0131 meydana geldi. Yang\u0131nlar sonucunda yakla\u015f\u0131k 1.945,00 TL hasar olu\u015ftu.<\/p>\n<p>\u0130tfaiye M\u00fcd\u00fcrl\u00fc\u011f\u00fc a\u00e7\u0131klamas\u0131nda, s\u00f6z konusu yang\u0131nlar\u0131n muhtemel sebepleri, \u201celektrik kaynakl\u0131 k\u0131sa devre, a\u015f\u0131r\u0131 \u0131s\u0131nan plastik borunun alevlenmesi, \u00e7ama\u015f\u0131r kurutma makinesi \u00fczerinde unutulan k\u0131yafetlerin makinenin hava giri\u015fini t\u0131kay\u0131p k\u0131yafetleri tutu\u015fturmas\u0131, elektrikli soban\u0131n devrilmesi, temizlik maksatl\u0131 yakma, elektrikli \u015fofbenin a\u015f\u0131r\u0131 \u0131s\u0131nmas\u0131 ve tamamen s\u00f6nmeden at\u0131lan sigara izmaritinin naylonu tutu\u015fturmas\u0131\u201d olarak s\u0131raland\u0131.<\/p>\n<p>\u0130tfaiyenin m\u00fcdahale etti\u011fi hususi servis olaylar\u0131 ise; \u201casans\u00f6r ile oda i\u00e7erisinde mahsur kalan ve bodrum kat\u0131na d\u00fc\u015fen \u015fah\u0131slar\u0131n kurtar\u0131lmas\u0131, arac\u0131n motor b\u00f6l\u00fcm\u00fcnde mahsur kalan kedilerin kurtar\u0131lmas\u0131, kuyuya d\u00fc\u015fen kuzunun kurtar\u0131lmas\u0131, \u00f6zel g\u00f6rev, yang\u0131n e\u011fitimi verilmesi, yang\u0131na kar\u015f\u0131 tedbir al\u0131nmas\u0131, yol g\u00fcvenli\u011fi sa\u011flanmas\u0131, trafik kazas\u0131 sonucu ara\u00e7ta s\u0131k\u0131\u015fan \u015fah\u0131slar\u0131n \u00e7\u0131kar\u0131l\u0131p ambulansla hastaneye sevkinin sa\u011flanmas\u0131 ve hayat\u0131n\u0131 kaybeden \u015fah\u0131slar\u0131n adli soru\u015fturma maksatl\u0131 devlet hastanesi morguna sevk edilmesi\u201d olarak duyuruldu.<\/p>\n<\/p><\/div>\n<p><script async\n                    defer\n                    crossorigin=\"anonymous\"\n                    src=\"https:\/\/connect.facebook.net\/tr_TR\/sdk.js#xfbml=1&#038;version=v3.3\"\n            ><\/script><\/p>\n","protected":false},"excerpt":{"rendered":"<p>Polis itfaiye ekipleri ge\u00e7en hafta 12 yang\u0131n\u0131 s\u00f6nd\u00fcr\u00fcrken 33 de farkl\u0131 olaya m\u00fcdahale etti. KKTC\u2019de 27 Mart-2 Nisan tarihleri aras\u0131nda 12 yang\u0131n ve 33 hususi servis olay\u0131 meydana geldi. Yang\u0131nlar sonucunda yakla\u015f\u0131k 1.945,00 TL hasar olu\u015ftu. \u0130tfaiye M\u00fcd\u00fcrl\u00fc\u011f\u00fc a\u00e7\u0131klamas\u0131nda, s\u00f6z konusu yang\u0131nlar\u0131n muhtemel sebepleri, \u201celektrik kaynakl\u0131 k\u0131sa devre, a\u015f\u0131r\u0131 \u0131s\u0131nan plastik borunun alevlenmesi, \u00e7ama\u015f\u0131r kurutma<\/p>\n","protected":false},"author":1,"featured_media":4489,"comment_status":"open","ping_status":"open","sticky":false,"template":"","format":"standard","meta":{"footnotes":""},"categories":[1],"tags":[],"class_list":["post-4488","post","type-post","status-publish","format-standard","has-post-thumbnail","hentry","category-gundem"],"yoast_head":"<!-- This site is optimized with the Yoast SEO plugin v27.5 - https:\/\/yoast.com\/product\/yoast-seo-wordpress\/ -->\n<title>\u0130tfaiye ge\u00e7en hafta 12 yang\u0131na ve 33 olaya m\u00fcdahale etti -<\/title>\n<meta name=\"robots\" content=\"index, follow, max-snippet:-1, max-image-preview:large, max-video-preview:-1\" \/>\n<link rel=\"canonical\" href=\"https:\/\/kibrisdakik.com\/?p=4488\" \/>\n<meta property=\"og:locale\" content=\"tr_TR\" \/>\n<meta property=\"og:type\" content=\"article\" \/>\n<meta property=\"og:title\" content=\"\u0130tfaiye ge\u00e7en hafta 12 yang\u0131na ve 33 olaya m\u00fcdahale etti -\" \/>\n<meta property=\"og:description\" content=\"Polis itfaiye ekipleri ge\u00e7en hafta 12 yang\u0131n\u0131 s\u00f6nd\u00fcr\u00fcrken 33 de farkl\u0131 olaya m\u00fcdahale etti. KKTC\u2019de 27 Mart-2 Nisan tarihleri aras\u0131nda 12 yang\u0131n ve 33 hususi servis olay\u0131 meydana geldi. Yang\u0131nlar sonucunda yakla\u015f\u0131k 1.945,00 TL hasar olu\u015ftu. \u0130tfaiye M\u00fcd\u00fcrl\u00fc\u011f\u00fc a\u00e7\u0131klamas\u0131nda, s\u00f6z konusu yang\u0131nlar\u0131n muhtemel sebepleri, \u201celektrik kaynakl\u0131 k\u0131sa devre, a\u015f\u0131r\u0131 \u0131s\u0131nan plastik borunun alevlenmesi, \u00e7ama\u015f\u0131r kurutma\" \/>\n<meta property=\"og:url\" content=\"https:\/\/kibrisdakik.com\/?p=4488\" \/>\n<meta property=\"article:published_time\" content=\"2023-04-03T12:59:44+00:00\" \/>\n<meta property=\"og:image\" content=\"https:\/\/kibrisdakik.com\/wp-content\/uploads\/2023\/04\/itfaiyeeee-740x420.jpg\" \/>\n\t<meta property=\"og:image:width\" content=\"1280\" \/>\n\t<meta property=\"og:image:height\" content=\"720\" \/>\n\t<meta property=\"og:image:type\" content=\"image\/jpeg\" \/>\n<meta name=\"author\" content=\"admin\" \/>\n<meta name=\"twitter:card\" content=\"summary_large_image\" \/>\n<meta name=\"twitter:label1\" content=\"Yazan:\" \/>\n\t<meta name=\"twitter:data1\" content=\"admin\" \/>\n\t<meta name=\"twitter:label2\" content=\"Tahmini okuma s\u00fcresi\" \/>\n\t<meta name=\"twitter:data2\" content=\"1 dakika\" \/>\n<script type=\"application\/ld+json\" class=\"yoast-schema-graph\">{\"@context\":\"https:\\\/\\\/schema.org\",\"@graph\":[{\"@type\":\"Article\",\"@id\":\"https:\\\/\\\/kibrisdakik.com\\\/?p=4488#article\",\"isPartOf\":{\"@id\":\"https:\\\/\\\/kibrisdakik.com\\\/?p=4488\"},\"author\":{\"name\":\"admin\",\"@id\":\"https:\\\/\\\/kibrisdakik.com\\\/#\\\/schema\\\/person\\\/9cd9d437bbb44f72b73ba127e06d8e79\"},\"headline\":\"\u0130tfaiye ge\u00e7en hafta 12 yang\u0131na ve 33 olaya m\u00fcdahale etti\",\"datePublished\":\"2023-04-03T12:59:44+00:00\",\"mainEntityOfPage\":{\"@id\":\"https:\\\/\\\/kibrisdakik.com\\\/?p=4488\"},\"wordCount\":229,\"commentCount\":0,\"image\":{\"@id\":\"https:\\\/\\\/kibrisdakik.com\\\/?p=4488#primaryimage\"},\"thumbnailUrl\":\"https:\\\/\\\/kibrisdakik.com\\\/wp-content\\\/uploads\\\/2023\\\/04\\\/itfaiyeeee-740x420.jpg\",\"articleSection\":[\"G\u00fcndem\"],\"inLanguage\":\"tr\",\"potentialAction\":[{\"@type\":\"CommentAction\",\"name\":\"Comment\",\"target\":[\"https:\\\/\\\/kibrisdakik.com\\\/?p=4488#respond\"]}]},{\"@type\":\"WebPage\",\"@id\":\"https:\\\/\\\/kibrisdakik.com\\\/?p=4488\",\"url\":\"https:\\\/\\\/kibrisdakik.com\\\/?p=4488\",\"name\":\"\u0130tfaiye ge\u00e7en hafta 12 yang\u0131na ve 33 olaya m\u00fcdahale etti -\",\"isPartOf\":{\"@id\":\"https:\\\/\\\/kibrisdakik.com\\\/#website\"},\"primaryImageOfPage\":{\"@id\":\"https:\\\/\\\/kibrisdakik.com\\\/?p=4488#primaryimage\"},\"image\":{\"@id\":\"https:\\\/\\\/kibrisdakik.com\\\/?p=4488#primaryimage\"},\"thumbnailUrl\":\"https:\\\/\\\/kibrisdakik.com\\\/wp-content\\\/uploads\\\/2023\\\/04\\\/itfaiyeeee-740x420.jpg\",\"datePublished\":\"2023-04-03T12:59:44+00:00\",\"author\":{\"@id\":\"https:\\\/\\\/kibrisdakik.com\\\/#\\\/schema\\\/person\\\/9cd9d437bbb44f72b73ba127e06d8e79\"},\"breadcrumb\":{\"@id\":\"https:\\\/\\\/kibrisdakik.com\\\/?p=4488#breadcrumb\"},\"inLanguage\":\"tr\",\"potentialAction\":[{\"@type\":\"ReadAction\",\"target\":[\"https:\\\/\\\/kibrisdakik.com\\\/?p=4488\"]}]},{\"@type\":\"ImageObject\",\"inLanguage\":\"tr\",\"@id\":\"https:\\\/\\\/kibrisdakik.com\\\/?p=4488#primaryimage\",\"url\":\"https:\\\/\\\/kibrisdakik.com\\\/wp-content\\\/uploads\\\/2023\\\/04\\\/itfaiyeeee-740x420.jpg\",\"contentUrl\":\"https:\\\/\\\/kibrisdakik.com\\\/wp-content\\\/uploads\\\/2023\\\/04\\\/itfaiyeeee-740x420.jpg\",\"width\":1280,\"height\":720},{\"@type\":\"BreadcrumbList\",\"@id\":\"https:\\\/\\\/kibrisdakik.com\\\/?p=4488#breadcrumb\",\"itemListElement\":[{\"@type\":\"ListItem\",\"position\":1,\"name\":\"Home\",\"item\":\"https:\\\/\\\/kibrisdakik.com\\\/\"},{\"@type\":\"ListItem\",\"position\":2,\"name\":\"\u0130tfaiye ge\u00e7en hafta 12 yang\u0131na ve 33 olaya m\u00fcdahale etti\"}]},{\"@type\":\"WebSite\",\"@id\":\"https:\\\/\\\/kibrisdakik.com\\\/#website\",\"url\":\"https:\\\/\\\/kibrisdakik.com\\\/\",\"name\":\"\",\"description\":\"Tam vaktinde haber\",\"potentialAction\":[{\"@type\":\"SearchAction\",\"target\":{\"@type\":\"EntryPoint\",\"urlTemplate\":\"https:\\\/\\\/kibrisdakik.com\\\/?s={search_term_string}\"},\"query-input\":{\"@type\":\"PropertyValueSpecification\",\"valueRequired\":true,\"valueName\":\"search_term_string\"}}],\"inLanguage\":\"tr\"},{\"@type\":\"Person\",\"@id\":\"https:\\\/\\\/kibrisdakik.com\\\/#\\\/schema\\\/person\\\/9cd9d437bbb44f72b73ba127e06d8e79\",\"name\":\"admin\",\"image\":{\"@type\":\"ImageObject\",\"inLanguage\":\"tr\",\"@id\":\"https:\\\/\\\/secure.gravatar.com\\\/avatar\\\/ccc17943b9d660506c869530f897617f7cb1c21a4bf30023f252596d83e1f007?s=96&d=mm&r=g\",\"url\":\"https:\\\/\\\/secure.gravatar.com\\\/avatar\\\/ccc17943b9d660506c869530f897617f7cb1c21a4bf30023f252596d83e1f007?s=96&d=mm&r=g\",\"contentUrl\":\"https:\\\/\\\/secure.gravatar.com\\\/avatar\\\/ccc17943b9d660506c869530f897617f7cb1c21a4bf30023f252596d83e1f007?s=96&d=mm&r=g\",\"caption\":\"admin\"},\"sameAs\":[\"https:\\\/\\\/kibrisdakik.com\"],\"url\":\"https:\\\/\\\/kibrisdakik.com\\\/?author=1\"}]}<\/script>\n<!-- \/ Yoast SEO plugin. -->","yoast_head_json":{"title":"\u0130tfaiye ge\u00e7en hafta 12 yang\u0131na ve 33 olaya m\u00fcdahale etti -","robots":{"index":"index","follow":"follow","max-snippet":"max-snippet:-1","max-image-preview":"max-image-preview:large","max-video-preview":"max-video-preview:-1"},"canonical":"https:\/\/kibrisdakik.com\/?p=4488","og_locale":"tr_TR","og_type":"article","og_title":"\u0130tfaiye ge\u00e7en hafta 12 yang\u0131na ve 33 olaya m\u00fcdahale etti -","og_description":"Polis itfaiye ekipleri ge\u00e7en hafta 12 yang\u0131n\u0131 s\u00f6nd\u00fcr\u00fcrken 33 de farkl\u0131 olaya m\u00fcdahale etti. KKTC\u2019de 27 Mart-2 Nisan tarihleri aras\u0131nda 12 yang\u0131n ve 33 hususi servis olay\u0131 meydana geldi. Yang\u0131nlar sonucunda yakla\u015f\u0131k 1.945,00 TL hasar olu\u015ftu. \u0130tfaiye M\u00fcd\u00fcrl\u00fc\u011f\u00fc a\u00e7\u0131klamas\u0131nda, s\u00f6z konusu yang\u0131nlar\u0131n muhtemel sebepleri, \u201celektrik kaynakl\u0131 k\u0131sa devre, a\u015f\u0131r\u0131 \u0131s\u0131nan plastik borunun alevlenmesi, \u00e7ama\u015f\u0131r kurutma","og_url":"https:\/\/kibrisdakik.com\/?p=4488","article_published_time":"2023-04-03T12:59:44+00:00","og_image":[{"width":1280,"height":720,"url":"https:\/\/kibrisdakik.com\/wp-content\/uploads\/2023\/04\/itfaiyeeee-740x420.jpg","type":"image\/jpeg"}],"author":"admin","twitter_card":"summary_large_image","twitter_misc":{"Yazan:":"admin","Tahmini okuma s\u00fcresi":"1 dakika"},"schema":{"@context":"https:\/\/schema.org","@graph":[{"@type":"Article","@id":"https:\/\/kibrisdakik.com\/?p=4488#article","isPartOf":{"@id":"https:\/\/kibrisdakik.com\/?p=4488"},"author":{"name":"admin","@id":"https:\/\/kibrisdakik.com\/#\/schema\/person\/9cd9d437bbb44f72b73ba127e06d8e79"},"headline":"\u0130tfaiye ge\u00e7en hafta 12 yang\u0131na ve 33 olaya m\u00fcdahale etti","datePublished":"2023-04-03T12:59:44+00:00","mainEntityOfPage":{"@id":"https:\/\/kibrisdakik.com\/?p=4488"},"wordCount":229,"commentCount":0,"image":{"@id":"https:\/\/kibrisdakik.com\/?p=4488#primaryimage"},"thumbnailUrl":"https:\/\/kibrisdakik.com\/wp-content\/uploads\/2023\/04\/itfaiyeeee-740x420.jpg","articleSection":["G\u00fcndem"],"inLanguage":"tr","potentialAction":[{"@type":"CommentAction","name":"Comment","target":["https:\/\/kibrisdakik.com\/?p=4488#respond"]}]},{"@type":"WebPage","@id":"https:\/\/kibrisdakik.com\/?p=4488","url":"https:\/\/kibrisdakik.com\/?p=4488","name":"\u0130tfaiye ge\u00e7en hafta 12 yang\u0131na ve 33 olaya m\u00fcdahale etti -","isPartOf":{"@id":"https:\/\/kibrisdakik.com\/#website"},"primaryImageOfPage":{"@id":"https:\/\/kibrisdakik.com\/?p=4488#primaryimage"},"image":{"@id":"https:\/\/kibrisdakik.com\/?p=4488#primaryimage"},"thumbnailUrl":"https:\/\/kibrisdakik.com\/wp-content\/uploads\/2023\/04\/itfaiyeeee-740x420.jpg","datePublished":"2023-04-03T12:59:44+00:00","author":{"@id":"https:\/\/kibrisdakik.com\/#\/schema\/person\/9cd9d437bbb44f72b73ba127e06d8e79"},"breadcrumb":{"@id":"https:\/\/kibrisdakik.com\/?p=4488#breadcrumb"},"inLanguage":"tr","potentialAction":[{"@type":"ReadAction","target":["https:\/\/kibrisdakik.com\/?p=4488"]}]},{"@type":"ImageObject","inLanguage":"tr","@id":"https:\/\/kibrisdakik.com\/?p=4488#primaryimage","url":"https:\/\/kibrisdakik.com\/wp-content\/uploads\/2023\/04\/itfaiyeeee-740x420.jpg","contentUrl":"https:\/\/kibrisdakik.com\/wp-content\/uploads\/2023\/04\/itfaiyeeee-740x420.jpg","width":1280,"height":720},{"@type":"BreadcrumbList","@id":"https:\/\/kibrisdakik.com\/?p=4488#breadcrumb","itemListElement":[{"@type":"ListItem","position":1,"name":"Home","item":"https:\/\/kibrisdakik.com\/"},{"@type":"ListItem","position":2,"name":"\u0130tfaiye ge\u00e7en hafta 12 yang\u0131na ve 33 olaya m\u00fcdahale etti"}]},{"@type":"WebSite","@id":"https:\/\/kibrisdakik.com\/#website","url":"https:\/\/kibrisdakik.com\/","name":"","description":"Tam vaktinde haber","potentialAction":[{"@type":"SearchAction","target":{"@type":"EntryPoint","urlTemplate":"https:\/\/kibrisdakik.com\/?s={search_term_string}"},"query-input":{"@type":"PropertyValueSpecification","valueRequired":true,"valueName":"search_term_string"}}],"inLanguage":"tr"},{"@type":"Person","@id":"https:\/\/kibrisdakik.com\/#\/schema\/person\/9cd9d437bbb44f72b73ba127e06d8e79","name":"admin","image":{"@type":"ImageObject","inLanguage":"tr","@id":"https:\/\/secure.gravatar.com\/avatar\/ccc17943b9d660506c869530f897617f7cb1c21a4bf30023f252596d83e1f007?s=96&d=mm&r=g","url":"https:\/\/secure.gravatar.com\/avatar\/ccc17943b9d660506c869530f897617f7cb1c21a4bf30023f252596d83e1f007?s=96&d=mm&r=g","contentUrl":"https:\/\/secure.gravatar.com\/avatar\/ccc17943b9d660506c869530f897617f7cb1c21a4bf30023f252596d83e1f007?s=96&d=mm&r=g","caption":"admin"},"sameAs":["https:\/\/kibrisdakik.com"],"url":"https:\/\/kibrisdakik.com\/?author=1"}]}},"_links":{"self":[{"href":"https:\/\/kibrisdakik.com\/index.php?rest_route=\/wp\/v2\/posts\/4488","targetHints":{"allow":["GET"]}}],"collection":[{"href":"https:\/\/kibrisdakik.com\/index.php?rest_route=\/wp\/v2\/posts"}],"about":[{"href":"https:\/\/kibrisdakik.com\/index.php?rest_route=\/wp\/v2\/types\/post"}],"author":[{"embeddable":true,"href":"https:\/\/kibrisdakik.com\/index.php?rest_route=\/wp\/v2\/users\/1"}],"replies":[{"embeddable":true,"href":"https:\/\/kibrisdakik.com\/index.php?rest_route=%2Fwp%2Fv2%2Fcomments&post=4488"}],"version-history":[{"count":0,"href":"https:\/\/kibrisdakik.com\/index.php?rest_route=\/wp\/v2\/posts\/4488\/revisions"}],"wp:featuredmedia":[{"embeddable":true,"href":"https:\/\/kibrisdakik.com\/index.php?rest_route=\/wp\/v2\/media\/4489"}],"wp:attachment":[{"href":"https:\/\/kibrisdakik.com\/index.php?rest_route=%2Fwp%2Fv2%2Fmedia&parent=4488"}],"wp:term":[{"taxonomy":"category","embeddable":true,"href":"https:\/\/kibrisdakik.com\/index.php?rest_route=%2Fwp%2Fv2%2Fcategories&post=4488"},{"taxonomy":"post_tag","embeddable":true,"href":"https:\/\/kibrisdakik.com\/index.php?rest_route=%2Fwp%2Fv2%2Ftags&post=4488"}],"curies":[{"name":"wp","href":"https:\/\/api.w.org\/{rel}","templated":true}]}}