{"id":44913,"date":"2024-06-07T02:23:56","date_gmt":"2024-06-07T02:23:56","guid":{"rendered":"https:\/\/kibrisdakik.com\/index.php\/2024\/06\/07\/saglik-bakani-dincyurek-evrensel-hasta-haklari-dernegini-kabul-etti\/"},"modified":"2024-06-07T02:23:56","modified_gmt":"2024-06-07T02:23:56","slug":"saglik-bakani-dincyurek-evrensel-hasta-haklari-dernegini-kabul-etti","status":"publish","type":"post","link":"https:\/\/kibrisdakik.com\/?p=44913","title":{"rendered":"Sa\u011fl\u0131k Bakan\u0131 Din\u00e7y\u00fcrek, Evrensel Hasta Haklar\u0131 Derne\u011fi\u2019ni kabul etti"},"content":{"rendered":"<p><img decoding=\"async\" src=\"https:\/\/www.kibristurk.com\/images\/haberler\/2024\/06\/saglik-bakani-dincyurek-evrensel-hasta-haklari-dernegini-kabul-etti-1717683035.webp\" \/><\/p>\n<p style=\"text-align:left\"><span style=\"font-size:16px\"><span style=\"font-family:Merriweather,serif !important\"><span style=\"color:#000000\"><span style=\"background-color:#ffffff\">Bakanl\u0131ktan yap\u0131lan a\u00e7\u0131klamaya g\u00f6re g\u00f6r\u00fc\u015fmede, sa\u011fl\u0131k hizmetlerinin iyile\u015ftirilmesi, mevcut \u00e7al\u0131\u015fmalar ve ortak hedefler konu\u015fuldu.<\/span><\/span><\/span><\/span><\/p>\n<p style=\"text-align:left\"><span style=\"font-size:16px\"><span style=\"font-family:Merriweather,serif !important\"><span style=\"color:#000000\"><span style=\"background-color:#ffffff\">Bakan Din\u00e7y\u00fcrek, g\u00f6r\u00fc\u015fme sonras\u0131nda yapt\u0131\u011f\u0131 a\u00e7\u0131klamada, Evrensel Hasta Haklar\u0131 Derne\u011fi ile detayl\u0131 bir toplant\u0131 yapt\u0131klar\u0131n\u0131 belirterek, sa\u011fl\u0131kta mevcut durumu, y\u00fcr\u00fct\u00fclen \u00e7al\u0131\u015fmalar\u0131 ile hedefleri ele ald\u0131klar\u0131n\u0131 s\u00f6yledi.<\/span><\/span><\/span><\/span><\/p>\n<p style=\"text-align:left\"><span style=\"font-size:16px\"><span style=\"font-family:Merriweather,serif !important\"><span style=\"color:#000000\"><span style=\"background-color:#ffffff\">Bakan Din\u00e7y\u00fcrek, g\u00f6r\u00fc\u015fmede, birlikte hareket etmek i\u00e7in bir \u201cmutabakat\u201d sa\u011flad\u0131klar\u0131n\u0131 belirterek, \u201cHepimizin hedefi tektir; o da hastalar\u0131m\u0131z\u0131n bu \u00fclkede en iyi \u015fartlarda, sa\u011fl\u0131k hizmeti g\u00f6rmeleridir. Bu bakanl\u0131\u011f\u0131n bir numaral\u0131 g\u00f6revidir ve Evrensel Hasta Haklar\u0131 Derne\u011fi&#8217;nin de, sa\u011fl\u0131kla ilgili sendikalar\u0131n da ortak bir hedefidir. Sa\u011fl\u0131k hizmetlerini daha iyi bir seviyeye getirmek, hasta memnuniyetini art\u0131rmak ad\u0131na t\u00fcm payda\u015flarla ortak \u00e7al\u0131\u015fmalar yapma konusunda hemfikiriz.\u201d dedi.<\/span><\/span><\/span><\/span><\/p>\n<p style=\"text-align:left\"><span style=\"font-size:16px\"><span style=\"font-family:Merriweather,serif !important\"><span style=\"color:#000000\"><span style=\"background-color:#ffffff\">Bakan Din\u00e7y\u00fcrek . Evrensel Hasta Haklar\u0131 Derne\u011fi&#8217;ne katk\u0131lar\u0131ndan dolay\u0131 te\u015fekk\u00fcr ederek, \u201cHepimizin ortak noktas\u0131, \u00fclkemiz vatanda\u015flar\u0131na daha \u00e7a\u011fda\u015f ve daha iyi sa\u011fl\u0131k hizmeti vermektir\u201d ifadelerini kulland\u0131.<\/span><\/span><\/span><\/span><\/p>\n<p style=\"text-align:left\"><span style=\"font-size:16px\"><span style=\"font-family:Merriweather,serif !important\"><span style=\"color:#000000\"><span style=\"background-color:#ffffff\">-\u0130mge<\/span><\/span><\/span><\/span><\/p>\n<p style=\"text-align:left\"><span style=\"font-size:16px\"><span style=\"font-family:Merriweather,serif !important\"><span style=\"color:#000000\"><span style=\"background-color:#ffffff\">Emete \u0130mge de, Sa\u011fl\u0131k Bakan\u0131 ile \u201cverimli\u201d bir toplant\u0131 yapt\u0131klar\u0131n\u0131, dernek olarak y\u00fcr\u00fctt\u00fckleri \u00e7al\u0131\u015fmalar ve projeler hakk\u0131nda Bakan\u2019a bilgi verdiklerini belirtti.<\/span><\/span><\/span><\/span><\/p>\n<p style=\"text-align:left\"><span style=\"font-size:16px\"><span style=\"font-family:Merriweather,serif !important\"><span style=\"color:#000000\"><span style=\"background-color:#ffffff\">\u0130mge, \u201cBirlikte nas\u0131l hareket edebilece\u011fimizin ana hatlar\u0131n\u0131 belirledik. Hangi payda\u015flarla i\u015f birli\u011fi yaparak ya\u015fam ve sa\u011fl\u0131k hakk\u0131n\u0131 bu \u00fclkede daha iyi koruyabilece\u011fimizi ele ald\u0131k\u201d diyerek \u201cOrtak noktada bulu\u015ftu\u011fumuz bu toplant\u0131 i\u00e7in te\u015fekk\u00fcr ederiz.\u201d ifadelerini kulland\u0131.<\/span><\/span><\/span><\/span><\/p>\n","protected":false},"excerpt":{"rendered":"<p>Bakanl\u0131ktan yap\u0131lan a\u00e7\u0131klamaya g\u00f6re g\u00f6r\u00fc\u015fmede, sa\u011fl\u0131k hizmetlerinin iyile\u015ftirilmesi, mevcut \u00e7al\u0131\u015fmalar ve ortak hedefler konu\u015fuldu. Bakan Din\u00e7y\u00fcrek, g\u00f6r\u00fc\u015fme sonras\u0131nda yapt\u0131\u011f\u0131 a\u00e7\u0131klamada, Evrensel Hasta Haklar\u0131 Derne\u011fi ile detayl\u0131 bir toplant\u0131 yapt\u0131klar\u0131n\u0131 belirterek, sa\u011fl\u0131kta mevcut durumu, y\u00fcr\u00fct\u00fclen \u00e7al\u0131\u015fmalar\u0131 ile hedefleri ele ald\u0131klar\u0131n\u0131 s\u00f6yledi. Bakan Din\u00e7y\u00fcrek, g\u00f6r\u00fc\u015fmede, birlikte hareket etmek i\u00e7in bir \u201cmutabakat\u201d sa\u011flad\u0131klar\u0131n\u0131 belirterek, \u201cHepimizin hedefi tektir; o<\/p>\n","protected":false},"author":1,"featured_media":44914,"comment_status":"open","ping_status":"open","sticky":false,"template":"","format":"standard","meta":{"footnotes":""},"categories":[79],"tags":[],"class_list":["post-44913","post","type-post","status-publish","format-standard","has-post-thumbnail","hentry","category-ekonomi"],"yoast_head":"<!-- This site is optimized with the Yoast SEO plugin v27.5 - https:\/\/yoast.com\/product\/yoast-seo-wordpress\/ -->\n<title>Sa\u011fl\u0131k Bakan\u0131 Din\u00e7y\u00fcrek, Evrensel Hasta Haklar\u0131 Derne\u011fi\u2019ni kabul etti -<\/title>\n<meta name=\"robots\" content=\"index, follow, max-snippet:-1, max-image-preview:large, max-video-preview:-1\" \/>\n<link rel=\"canonical\" href=\"https:\/\/kibrisdakik.com\/?p=44913\" \/>\n<meta property=\"og:locale\" content=\"tr_TR\" \/>\n<meta property=\"og:type\" content=\"article\" \/>\n<meta property=\"og:title\" content=\"Sa\u011fl\u0131k Bakan\u0131 Din\u00e7y\u00fcrek, Evrensel Hasta Haklar\u0131 Derne\u011fi\u2019ni kabul etti -\" \/>\n<meta property=\"og:description\" content=\"Bakanl\u0131ktan yap\u0131lan a\u00e7\u0131klamaya g\u00f6re g\u00f6r\u00fc\u015fmede, sa\u011fl\u0131k hizmetlerinin iyile\u015ftirilmesi, mevcut \u00e7al\u0131\u015fmalar ve ortak hedefler konu\u015fuldu. Bakan Din\u00e7y\u00fcrek, g\u00f6r\u00fc\u015fme sonras\u0131nda yapt\u0131\u011f\u0131 a\u00e7\u0131klamada, Evrensel Hasta Haklar\u0131 Derne\u011fi ile detayl\u0131 bir toplant\u0131 yapt\u0131klar\u0131n\u0131 belirterek, sa\u011fl\u0131kta mevcut durumu, y\u00fcr\u00fct\u00fclen \u00e7al\u0131\u015fmalar\u0131 ile hedefleri ele ald\u0131klar\u0131n\u0131 s\u00f6yledi. Bakan Din\u00e7y\u00fcrek, g\u00f6r\u00fc\u015fmede, birlikte hareket etmek i\u00e7in bir \u201cmutabakat\u201d sa\u011flad\u0131klar\u0131n\u0131 belirterek, \u201cHepimizin hedefi tektir; o\" \/>\n<meta property=\"og:url\" content=\"https:\/\/kibrisdakik.com\/?p=44913\" \/>\n<meta property=\"article:published_time\" content=\"2024-06-07T02:23:56+00:00\" \/>\n<meta property=\"og:image\" content=\"https:\/\/kibrisdakik.com\/wp-content\/uploads\/2024\/06\/saglik-bakani-dincyurek-evrensel-hasta-haklari-dernegini-kabul-etti-1717683035.webp.webp\" \/>\n\t<meta property=\"og:image:width\" content=\"710\" \/>\n\t<meta property=\"og:image:height\" content=\"370\" \/>\n\t<meta property=\"og:image:type\" content=\"image\/webp\" \/>\n<meta name=\"author\" content=\"admin\" \/>\n<meta name=\"twitter:card\" content=\"summary_large_image\" \/>\n<meta name=\"twitter:label1\" content=\"Yazan:\" \/>\n\t<meta name=\"twitter:data1\" content=\"admin\" \/>\n\t<meta name=\"twitter:label2\" content=\"Tahmini okuma s\u00fcresi\" \/>\n\t<meta name=\"twitter:data2\" content=\"1 dakika\" \/>\n<script type=\"application\/ld+json\" class=\"yoast-schema-graph\">{\"@context\":\"https:\\\/\\\/schema.org\",\"@graph\":[{\"@type\":\"Article\",\"@id\":\"https:\\\/\\\/kibrisdakik.com\\\/?p=44913#article\",\"isPartOf\":{\"@id\":\"https:\\\/\\\/kibrisdakik.com\\\/?p=44913\"},\"author\":{\"name\":\"admin\",\"@id\":\"https:\\\/\\\/kibrisdakik.com\\\/#\\\/schema\\\/person\\\/9cd9d437bbb44f72b73ba127e06d8e79\"},\"headline\":\"Sa\u011fl\u0131k Bakan\u0131 Din\u00e7y\u00fcrek, Evrensel Hasta Haklar\u0131 Derne\u011fi\u2019ni kabul etti\",\"datePublished\":\"2024-06-07T02:23:56+00:00\",\"mainEntityOfPage\":{\"@id\":\"https:\\\/\\\/kibrisdakik.com\\\/?p=44913\"},\"wordCount\":294,\"commentCount\":0,\"image\":{\"@id\":\"https:\\\/\\\/kibrisdakik.com\\\/?p=44913#primaryimage\"},\"thumbnailUrl\":\"https:\\\/\\\/kibrisdakik.com\\\/wp-content\\\/uploads\\\/2024\\\/06\\\/saglik-bakani-dincyurek-evrensel-hasta-haklari-dernegini-kabul-etti-1717683035.webp.webp\",\"articleSection\":[\"Ekonomi\"],\"inLanguage\":\"tr\",\"potentialAction\":[{\"@type\":\"CommentAction\",\"name\":\"Comment\",\"target\":[\"https:\\\/\\\/kibrisdakik.com\\\/?p=44913#respond\"]}]},{\"@type\":\"WebPage\",\"@id\":\"https:\\\/\\\/kibrisdakik.com\\\/?p=44913\",\"url\":\"https:\\\/\\\/kibrisdakik.com\\\/?p=44913\",\"name\":\"Sa\u011fl\u0131k Bakan\u0131 Din\u00e7y\u00fcrek, Evrensel Hasta Haklar\u0131 Derne\u011fi\u2019ni kabul etti -\",\"isPartOf\":{\"@id\":\"https:\\\/\\\/kibrisdakik.com\\\/#website\"},\"primaryImageOfPage\":{\"@id\":\"https:\\\/\\\/kibrisdakik.com\\\/?p=44913#primaryimage\"},\"image\":{\"@id\":\"https:\\\/\\\/kibrisdakik.com\\\/?p=44913#primaryimage\"},\"thumbnailUrl\":\"https:\\\/\\\/kibrisdakik.com\\\/wp-content\\\/uploads\\\/2024\\\/06\\\/saglik-bakani-dincyurek-evrensel-hasta-haklari-dernegini-kabul-etti-1717683035.webp.webp\",\"datePublished\":\"2024-06-07T02:23:56+00:00\",\"author\":{\"@id\":\"https:\\\/\\\/kibrisdakik.com\\\/#\\\/schema\\\/person\\\/9cd9d437bbb44f72b73ba127e06d8e79\"},\"breadcrumb\":{\"@id\":\"https:\\\/\\\/kibrisdakik.com\\\/?p=44913#breadcrumb\"},\"inLanguage\":\"tr\",\"potentialAction\":[{\"@type\":\"ReadAction\",\"target\":[\"https:\\\/\\\/kibrisdakik.com\\\/?p=44913\"]}]},{\"@type\":\"ImageObject\",\"inLanguage\":\"tr\",\"@id\":\"https:\\\/\\\/kibrisdakik.com\\\/?p=44913#primaryimage\",\"url\":\"https:\\\/\\\/kibrisdakik.com\\\/wp-content\\\/uploads\\\/2024\\\/06\\\/saglik-bakani-dincyurek-evrensel-hasta-haklari-dernegini-kabul-etti-1717683035.webp.webp\",\"contentUrl\":\"https:\\\/\\\/kibrisdakik.com\\\/wp-content\\\/uploads\\\/2024\\\/06\\\/saglik-bakani-dincyurek-evrensel-hasta-haklari-dernegini-kabul-etti-1717683035.webp.webp\",\"width\":710,\"height\":370},{\"@type\":\"BreadcrumbList\",\"@id\":\"https:\\\/\\\/kibrisdakik.com\\\/?p=44913#breadcrumb\",\"itemListElement\":[{\"@type\":\"ListItem\",\"position\":1,\"name\":\"Home\",\"item\":\"https:\\\/\\\/kibrisdakik.com\\\/\"},{\"@type\":\"ListItem\",\"position\":2,\"name\":\"Sa\u011fl\u0131k Bakan\u0131 Din\u00e7y\u00fcrek, Evrensel Hasta Haklar\u0131 Derne\u011fi\u2019ni kabul etti\"}]},{\"@type\":\"WebSite\",\"@id\":\"https:\\\/\\\/kibrisdakik.com\\\/#website\",\"url\":\"https:\\\/\\\/kibrisdakik.com\\\/\",\"name\":\"\",\"description\":\"Tam vaktinde haber\",\"potentialAction\":[{\"@type\":\"SearchAction\",\"target\":{\"@type\":\"EntryPoint\",\"urlTemplate\":\"https:\\\/\\\/kibrisdakik.com\\\/?s={search_term_string}\"},\"query-input\":{\"@type\":\"PropertyValueSpecification\",\"valueRequired\":true,\"valueName\":\"search_term_string\"}}],\"inLanguage\":\"tr\"},{\"@type\":\"Person\",\"@id\":\"https:\\\/\\\/kibrisdakik.com\\\/#\\\/schema\\\/person\\\/9cd9d437bbb44f72b73ba127e06d8e79\",\"name\":\"admin\",\"image\":{\"@type\":\"ImageObject\",\"inLanguage\":\"tr\",\"@id\":\"https:\\\/\\\/secure.gravatar.com\\\/avatar\\\/ccc17943b9d660506c869530f897617f7cb1c21a4bf30023f252596d83e1f007?s=96&d=mm&r=g\",\"url\":\"https:\\\/\\\/secure.gravatar.com\\\/avatar\\\/ccc17943b9d660506c869530f897617f7cb1c21a4bf30023f252596d83e1f007?s=96&d=mm&r=g\",\"contentUrl\":\"https:\\\/\\\/secure.gravatar.com\\\/avatar\\\/ccc17943b9d660506c869530f897617f7cb1c21a4bf30023f252596d83e1f007?s=96&d=mm&r=g\",\"caption\":\"admin\"},\"sameAs\":[\"https:\\\/\\\/kibrisdakik.com\"],\"url\":\"https:\\\/\\\/kibrisdakik.com\\\/?author=1\"}]}<\/script>\n<!-- \/ Yoast SEO plugin. -->","yoast_head_json":{"title":"Sa\u011fl\u0131k Bakan\u0131 Din\u00e7y\u00fcrek, Evrensel Hasta Haklar\u0131 Derne\u011fi\u2019ni kabul etti -","robots":{"index":"index","follow":"follow","max-snippet":"max-snippet:-1","max-image-preview":"max-image-preview:large","max-video-preview":"max-video-preview:-1"},"canonical":"https:\/\/kibrisdakik.com\/?p=44913","og_locale":"tr_TR","og_type":"article","og_title":"Sa\u011fl\u0131k Bakan\u0131 Din\u00e7y\u00fcrek, Evrensel Hasta Haklar\u0131 Derne\u011fi\u2019ni kabul etti -","og_description":"Bakanl\u0131ktan yap\u0131lan a\u00e7\u0131klamaya g\u00f6re g\u00f6r\u00fc\u015fmede, sa\u011fl\u0131k hizmetlerinin iyile\u015ftirilmesi, mevcut \u00e7al\u0131\u015fmalar ve ortak hedefler konu\u015fuldu. Bakan Din\u00e7y\u00fcrek, g\u00f6r\u00fc\u015fme sonras\u0131nda yapt\u0131\u011f\u0131 a\u00e7\u0131klamada, Evrensel Hasta Haklar\u0131 Derne\u011fi ile detayl\u0131 bir toplant\u0131 yapt\u0131klar\u0131n\u0131 belirterek, sa\u011fl\u0131kta mevcut durumu, y\u00fcr\u00fct\u00fclen \u00e7al\u0131\u015fmalar\u0131 ile hedefleri ele ald\u0131klar\u0131n\u0131 s\u00f6yledi. Bakan Din\u00e7y\u00fcrek, g\u00f6r\u00fc\u015fmede, birlikte hareket etmek i\u00e7in bir \u201cmutabakat\u201d sa\u011flad\u0131klar\u0131n\u0131 belirterek, \u201cHepimizin hedefi tektir; o","og_url":"https:\/\/kibrisdakik.com\/?p=44913","article_published_time":"2024-06-07T02:23:56+00:00","og_image":[{"width":710,"height":370,"url":"https:\/\/kibrisdakik.com\/wp-content\/uploads\/2024\/06\/saglik-bakani-dincyurek-evrensel-hasta-haklari-dernegini-kabul-etti-1717683035.webp.webp","type":"image\/webp"}],"author":"admin","twitter_card":"summary_large_image","twitter_misc":{"Yazan:":"admin","Tahmini okuma s\u00fcresi":"1 dakika"},"schema":{"@context":"https:\/\/schema.org","@graph":[{"@type":"Article","@id":"https:\/\/kibrisdakik.com\/?p=44913#article","isPartOf":{"@id":"https:\/\/kibrisdakik.com\/?p=44913"},"author":{"name":"admin","@id":"https:\/\/kibrisdakik.com\/#\/schema\/person\/9cd9d437bbb44f72b73ba127e06d8e79"},"headline":"Sa\u011fl\u0131k Bakan\u0131 Din\u00e7y\u00fcrek, Evrensel Hasta Haklar\u0131 Derne\u011fi\u2019ni kabul etti","datePublished":"2024-06-07T02:23:56+00:00","mainEntityOfPage":{"@id":"https:\/\/kibrisdakik.com\/?p=44913"},"wordCount":294,"commentCount":0,"image":{"@id":"https:\/\/kibrisdakik.com\/?p=44913#primaryimage"},"thumbnailUrl":"https:\/\/kibrisdakik.com\/wp-content\/uploads\/2024\/06\/saglik-bakani-dincyurek-evrensel-hasta-haklari-dernegini-kabul-etti-1717683035.webp.webp","articleSection":["Ekonomi"],"inLanguage":"tr","potentialAction":[{"@type":"CommentAction","name":"Comment","target":["https:\/\/kibrisdakik.com\/?p=44913#respond"]}]},{"@type":"WebPage","@id":"https:\/\/kibrisdakik.com\/?p=44913","url":"https:\/\/kibrisdakik.com\/?p=44913","name":"Sa\u011fl\u0131k Bakan\u0131 Din\u00e7y\u00fcrek, Evrensel Hasta Haklar\u0131 Derne\u011fi\u2019ni kabul etti -","isPartOf":{"@id":"https:\/\/kibrisdakik.com\/#website"},"primaryImageOfPage":{"@id":"https:\/\/kibrisdakik.com\/?p=44913#primaryimage"},"image":{"@id":"https:\/\/kibrisdakik.com\/?p=44913#primaryimage"},"thumbnailUrl":"https:\/\/kibrisdakik.com\/wp-content\/uploads\/2024\/06\/saglik-bakani-dincyurek-evrensel-hasta-haklari-dernegini-kabul-etti-1717683035.webp.webp","datePublished":"2024-06-07T02:23:56+00:00","author":{"@id":"https:\/\/kibrisdakik.com\/#\/schema\/person\/9cd9d437bbb44f72b73ba127e06d8e79"},"breadcrumb":{"@id":"https:\/\/kibrisdakik.com\/?p=44913#breadcrumb"},"inLanguage":"tr","potentialAction":[{"@type":"ReadAction","target":["https:\/\/kibrisdakik.com\/?p=44913"]}]},{"@type":"ImageObject","inLanguage":"tr","@id":"https:\/\/kibrisdakik.com\/?p=44913#primaryimage","url":"https:\/\/kibrisdakik.com\/wp-content\/uploads\/2024\/06\/saglik-bakani-dincyurek-evrensel-hasta-haklari-dernegini-kabul-etti-1717683035.webp.webp","contentUrl":"https:\/\/kibrisdakik.com\/wp-content\/uploads\/2024\/06\/saglik-bakani-dincyurek-evrensel-hasta-haklari-dernegini-kabul-etti-1717683035.webp.webp","width":710,"height":370},{"@type":"BreadcrumbList","@id":"https:\/\/kibrisdakik.com\/?p=44913#breadcrumb","itemListElement":[{"@type":"ListItem","position":1,"name":"Home","item":"https:\/\/kibrisdakik.com\/"},{"@type":"ListItem","position":2,"name":"Sa\u011fl\u0131k Bakan\u0131 Din\u00e7y\u00fcrek, Evrensel Hasta Haklar\u0131 Derne\u011fi\u2019ni kabul etti"}]},{"@type":"WebSite","@id":"https:\/\/kibrisdakik.com\/#website","url":"https:\/\/kibrisdakik.com\/","name":"","description":"Tam vaktinde haber","potentialAction":[{"@type":"SearchAction","target":{"@type":"EntryPoint","urlTemplate":"https:\/\/kibrisdakik.com\/?s={search_term_string}"},"query-input":{"@type":"PropertyValueSpecification","valueRequired":true,"valueName":"search_term_string"}}],"inLanguage":"tr"},{"@type":"Person","@id":"https:\/\/kibrisdakik.com\/#\/schema\/person\/9cd9d437bbb44f72b73ba127e06d8e79","name":"admin","image":{"@type":"ImageObject","inLanguage":"tr","@id":"https:\/\/secure.gravatar.com\/avatar\/ccc17943b9d660506c869530f897617f7cb1c21a4bf30023f252596d83e1f007?s=96&d=mm&r=g","url":"https:\/\/secure.gravatar.com\/avatar\/ccc17943b9d660506c869530f897617f7cb1c21a4bf30023f252596d83e1f007?s=96&d=mm&r=g","contentUrl":"https:\/\/secure.gravatar.com\/avatar\/ccc17943b9d660506c869530f897617f7cb1c21a4bf30023f252596d83e1f007?s=96&d=mm&r=g","caption":"admin"},"sameAs":["https:\/\/kibrisdakik.com"],"url":"https:\/\/kibrisdakik.com\/?author=1"}]}},"_links":{"self":[{"href":"https:\/\/kibrisdakik.com\/index.php?rest_route=\/wp\/v2\/posts\/44913","targetHints":{"allow":["GET"]}}],"collection":[{"href":"https:\/\/kibrisdakik.com\/index.php?rest_route=\/wp\/v2\/posts"}],"about":[{"href":"https:\/\/kibrisdakik.com\/index.php?rest_route=\/wp\/v2\/types\/post"}],"author":[{"embeddable":true,"href":"https:\/\/kibrisdakik.com\/index.php?rest_route=\/wp\/v2\/users\/1"}],"replies":[{"embeddable":true,"href":"https:\/\/kibrisdakik.com\/index.php?rest_route=%2Fwp%2Fv2%2Fcomments&post=44913"}],"version-history":[{"count":0,"href":"https:\/\/kibrisdakik.com\/index.php?rest_route=\/wp\/v2\/posts\/44913\/revisions"}],"wp:featuredmedia":[{"embeddable":true,"href":"https:\/\/kibrisdakik.com\/index.php?rest_route=\/wp\/v2\/media\/44914"}],"wp:attachment":[{"href":"https:\/\/kibrisdakik.com\/index.php?rest_route=%2Fwp%2Fv2%2Fmedia&parent=44913"}],"wp:term":[{"taxonomy":"category","embeddable":true,"href":"https:\/\/kibrisdakik.com\/index.php?rest_route=%2Fwp%2Fv2%2Fcategories&post=44913"},{"taxonomy":"post_tag","embeddable":true,"href":"https:\/\/kibrisdakik.com\/index.php?rest_route=%2Fwp%2Fv2%2Ftags&post=44913"}],"curies":[{"name":"wp","href":"https:\/\/api.w.org\/{rel}","templated":true}]}}