{"id":44999,"date":"2024-06-07T16:31:50","date_gmt":"2024-06-07T16:31:50","guid":{"rendered":"https:\/\/kibrisdakik.com\/index.php\/2024\/06\/07\/dr-aytenin-tanikligi-ile-kibris-meselesi-belgesel-gosterimi-ankarada-yapildi\/"},"modified":"2024-06-07T16:31:50","modified_gmt":"2024-06-07T16:31:50","slug":"dr-aytenin-tanikligi-ile-kibris-meselesi-belgesel-gosterimi-ankarada-yapildi","status":"publish","type":"post","link":"https:\/\/kibrisdakik.com\/?p=44999","title":{"rendered":"\u201d Dr. Ayten\u2019in tan\u0131kl\u0131\u011f\u0131 ile K\u0131br\u0131s Meselesi\u201d belgesel g\u00f6sterimi Ankara\u2019da yap\u0131ld\u0131"},"content":{"rendered":"<p><\/p>\n<div>\n<div class=\"mariselle-image-container center\">\n                <img loading=\"lazy\" decoding=\"async\" width=\"1600\" height=\"1066\" class=\"lazy-image\" alt=\"\" sizes=\"auto, (max-width: 1600px) 100vw, 1600px\" src=\"https:\/\/brtk.net\/wp-content\/uploads\/2024\/06\/07\/19757216-0c09-4b89-995e-25b0a6ba9df2.jpg?ver=a58551442268c11f244498fab47ad7ba\" srcset=\"https:\/\/brtk.net\/wp-content\/uploads\/2024\/06\/07\/19757216-0c09-4b89-995e-25b0a6ba9df2.jpg?ver=a58551442268c11f244498fab47ad7ba 1600w, https:\/\/brtk.net\/wp-content\/uploads\/2024\/06\/07\/19757216-0c09-4b89-995e-25b0a6ba9df2-300x200.jpg?ver=a58551442268c11f244498fab47ad7ba 300w, https:\/\/brtk.net\/wp-content\/uploads\/2024\/06\/07\/19757216-0c09-4b89-995e-25b0a6ba9df2-1024x682.jpg?ver=c44e02768a9fa3b7aef9b4374745ea71 1024w, https:\/\/brtk.net\/wp-content\/uploads\/2024\/06\/07\/19757216-0c09-4b89-995e-25b0a6ba9df2-768x512.jpg?ver=c44e02768a9fa3b7aef9b4374745ea71 768w, https:\/\/brtk.net\/wp-content\/uploads\/2024\/06\/07\/19757216-0c09-4b89-995e-25b0a6ba9df2-1536x1023.jpg?ver=bed57d01542aa77fa4bcf086a54f90f1 1536w\"\/>                            <\/div>\n<p>Kuzey K\u0131br\u0131s T\u00fcrk Cumhuriyeti\u2019nin kad\u0131n kahraman\u0131, hekim, sporcu Dr.Ayten Salih Berkalp\u2019in ya\u015fam\u0131n\u0131 ve \u00fclkenin m\u00fccadele tarihini anlatt\u0131\u011f\u0131 \u201d Dr.Ayten\u2019in tan\u0131kl\u0131\u011f\u0131 \u0130le K\u0131br\u0131s Meselesi\u201d belgesel g\u00f6sterimi yap\u0131ld\u0131.<\/p>\n<p> \tAnkara\u2019da Gazeteciler Cemiyeti Bas\u0131n Evi\u2019nde yer alan etkinli\u011fe \u00e7ok say\u0131da politikac\u0131, diplomat ve bas\u0131n mensubu kat\u0131ld\u0131.<\/p>\n<div class=\"mariselle-image-container center\">\n                <img loading=\"lazy\" decoding=\"async\" width=\"1600\" height=\"1066\" class=\"lazy-image\" alt=\"\" sizes=\"auto, (max-width: 1600px) 100vw, 1600px\" src=\"https:\/\/brtk.net\/wp-content\/uploads\/2024\/06\/07\/2a309ad9-e0a6-4148-83eb-df9fcc1bf833.jpg?ver=62c9d2003c73705e4c06bdee3b257901\" srcset=\"https:\/\/brtk.net\/wp-content\/uploads\/2024\/06\/07\/2a309ad9-e0a6-4148-83eb-df9fcc1bf833.jpg?ver=62c9d2003c73705e4c06bdee3b257901 1600w, https:\/\/brtk.net\/wp-content\/uploads\/2024\/06\/07\/2a309ad9-e0a6-4148-83eb-df9fcc1bf833-300x200.jpg?ver=62c9d2003c73705e4c06bdee3b257901 300w, https:\/\/brtk.net\/wp-content\/uploads\/2024\/06\/07\/2a309ad9-e0a6-4148-83eb-df9fcc1bf833-1024x682.jpg?ver=d0b6f3d6f9bd669ce1c3a91310429945 1024w, https:\/\/brtk.net\/wp-content\/uploads\/2024\/06\/07\/2a309ad9-e0a6-4148-83eb-df9fcc1bf833-768x512.jpg?ver=d0b6f3d6f9bd669ce1c3a91310429945 768w, https:\/\/brtk.net\/wp-content\/uploads\/2024\/06\/07\/2a309ad9-e0a6-4148-83eb-df9fcc1bf833-1536x1023.jpg?ver=d0b6f3d6f9bd669ce1c3a91310429945 1536w\"\/>                            <\/div>\n<p>G\u00f6sterim \u00f6ncesinde belgeselin yarat\u0131c\u0131lar\u0131yla ger\u00e7ekle\u015ftirilen s\u00f6yle\u015fide, filmin yap\u0131m s\u00fcreci ve Dr. Ayten Salih Berkalp\u2019in hayat\u0131 hakk\u0131nda detayl\u0131 bilgiler verildi.<\/p>\n<div class=\"mariselle-image-container center\">\n                <img loading=\"lazy\" decoding=\"async\" width=\"1600\" height=\"1066\" class=\"lazy-image\" alt=\"\" sizes=\"auto, (max-width: 1600px) 100vw, 1600px\" src=\"https:\/\/brtk.net\/wp-content\/uploads\/2024\/06\/07\/e51a0e91-7aa0-40cc-9d43-b690264ce1d0.jpg?ver=ff6a49a1e94e3791b86e8d610deaa5b8\" srcset=\"https:\/\/brtk.net\/wp-content\/uploads\/2024\/06\/07\/e51a0e91-7aa0-40cc-9d43-b690264ce1d0.jpg?ver=ff6a49a1e94e3791b86e8d610deaa5b8 1600w, https:\/\/brtk.net\/wp-content\/uploads\/2024\/06\/07\/e51a0e91-7aa0-40cc-9d43-b690264ce1d0-300x200.jpg?ver=c836204eec6574804687c8f3488da616 300w, https:\/\/brtk.net\/wp-content\/uploads\/2024\/06\/07\/e51a0e91-7aa0-40cc-9d43-b690264ce1d0-1024x682.jpg?ver=c836204eec6574804687c8f3488da616 1024w, https:\/\/brtk.net\/wp-content\/uploads\/2024\/06\/07\/e51a0e91-7aa0-40cc-9d43-b690264ce1d0-768x512.jpg?ver=5b1725a11310d5e1dd6f3cda26daf1a8 768w, https:\/\/brtk.net\/wp-content\/uploads\/2024\/06\/07\/e51a0e91-7aa0-40cc-9d43-b690264ce1d0-1536x1023.jpg?ver=5b1725a11310d5e1dd6f3cda26daf1a8 1536w\"\/>                            <\/div>\n<p>Y\u00f6netmen Mehmet Yay\u0131no\u011flu, Prof. Dr. P\u0131nar Eraslan Yay\u0131no\u011flu ve Yap\u0131mc\u0131 Ercan \u00c7al\u0131k\u2019\u0131n kat\u0131l\u0131m\u0131yla d\u00fczenlenen s\u00f6yle\u015finin moderat\u00f6rl\u00fc\u011f\u00fcn\u00fc Gazeteci Y\u0131ld\u0131z Yaz\u0131c\u0131o\u011flu \u00fcstlendi.<\/p>\n<\/p><\/div>\n<p><script async\n                    defer\n                    crossorigin=\"anonymous\"\n                    src=\"https:\/\/connect.facebook.net\/tr_TR\/sdk.js#xfbml=1&#038;version=v3.3\"\n            ><\/script><\/p>\n","protected":false},"excerpt":{"rendered":"<p>Kuzey K\u0131br\u0131s T\u00fcrk Cumhuriyeti\u2019nin kad\u0131n kahraman\u0131, hekim, sporcu Dr.Ayten Salih Berkalp\u2019in ya\u015fam\u0131n\u0131 ve \u00fclkenin m\u00fccadele tarihini anlatt\u0131\u011f\u0131 \u201d Dr.Ayten\u2019in tan\u0131kl\u0131\u011f\u0131 \u0130le K\u0131br\u0131s Meselesi\u201d belgesel g\u00f6sterimi yap\u0131ld\u0131. Ankara\u2019da Gazeteciler Cemiyeti Bas\u0131n Evi\u2019nde yer alan etkinli\u011fe \u00e7ok say\u0131da politikac\u0131, diplomat ve bas\u0131n mensubu kat\u0131ld\u0131. G\u00f6sterim \u00f6ncesinde belgeselin yarat\u0131c\u0131lar\u0131yla ger\u00e7ekle\u015ftirilen s\u00f6yle\u015fide, filmin yap\u0131m s\u00fcreci ve Dr. Ayten Salih<\/p>\n","protected":false},"author":1,"featured_media":45000,"comment_status":"open","ping_status":"open","sticky":false,"template":"","format":"standard","meta":{"footnotes":""},"categories":[1],"tags":[],"class_list":["post-44999","post","type-post","status-publish","format-standard","has-post-thumbnail","hentry","category-gundem"],"yoast_head":"<!-- This site is optimized with the Yoast SEO plugin v27.4 - https:\/\/yoast.com\/product\/yoast-seo-wordpress\/ -->\n<title>\u201d Dr. Ayten\u2019in tan\u0131kl\u0131\u011f\u0131 ile K\u0131br\u0131s Meselesi\u201d belgesel g\u00f6sterimi Ankara\u2019da yap\u0131ld\u0131 -<\/title>\n<meta name=\"robots\" content=\"index, follow, max-snippet:-1, max-image-preview:large, max-video-preview:-1\" \/>\n<link rel=\"canonical\" href=\"https:\/\/kibrisdakik.com\/?p=44999\" \/>\n<meta property=\"og:locale\" content=\"tr_TR\" \/>\n<meta property=\"og:type\" content=\"article\" \/>\n<meta property=\"og:title\" content=\"\u201d Dr. Ayten\u2019in tan\u0131kl\u0131\u011f\u0131 ile K\u0131br\u0131s Meselesi\u201d belgesel g\u00f6sterimi Ankara\u2019da yap\u0131ld\u0131 -\" \/>\n<meta property=\"og:description\" content=\"Kuzey K\u0131br\u0131s T\u00fcrk Cumhuriyeti\u2019nin kad\u0131n kahraman\u0131, hekim, sporcu Dr.Ayten Salih Berkalp\u2019in ya\u015fam\u0131n\u0131 ve \u00fclkenin m\u00fccadele tarihini anlatt\u0131\u011f\u0131 \u201d Dr.Ayten\u2019in tan\u0131kl\u0131\u011f\u0131 \u0130le K\u0131br\u0131s Meselesi\u201d belgesel g\u00f6sterimi yap\u0131ld\u0131. Ankara\u2019da Gazeteciler Cemiyeti Bas\u0131n Evi\u2019nde yer alan etkinli\u011fe \u00e7ok say\u0131da politikac\u0131, diplomat ve bas\u0131n mensubu kat\u0131ld\u0131. G\u00f6sterim \u00f6ncesinde belgeselin yarat\u0131c\u0131lar\u0131yla ger\u00e7ekle\u015ftirilen s\u00f6yle\u015fide, filmin yap\u0131m s\u00fcreci ve Dr. Ayten Salih\" \/>\n<meta property=\"og:url\" content=\"https:\/\/kibrisdakik.com\/?p=44999\" \/>\n<meta property=\"article:published_time\" content=\"2024-06-07T16:31:50+00:00\" \/>\n<meta property=\"og:image\" content=\"https:\/\/kibrisdakik.com\/wp-content\/uploads\/2024\/06\/19757216-0c09-4b89-995e-25b0a6ba9df2-740x420.jpg\" \/>\n\t<meta property=\"og:image:width\" content=\"1600\" \/>\n\t<meta property=\"og:image:height\" content=\"1066\" \/>\n\t<meta property=\"og:image:type\" content=\"image\/jpeg\" \/>\n<meta name=\"author\" content=\"admin\" \/>\n<meta name=\"twitter:card\" content=\"summary_large_image\" \/>\n<meta name=\"twitter:label1\" content=\"Yazan:\" \/>\n\t<meta name=\"twitter:data1\" content=\"admin\" \/>\n\t<meta name=\"twitter:label2\" content=\"Tahmini okuma s\u00fcresi\" \/>\n\t<meta name=\"twitter:data2\" content=\"1 dakika\" \/>\n<script type=\"application\/ld+json\" class=\"yoast-schema-graph\">{\"@context\":\"https:\\\/\\\/schema.org\",\"@graph\":[{\"@type\":\"Article\",\"@id\":\"https:\\\/\\\/kibrisdakik.com\\\/?p=44999#article\",\"isPartOf\":{\"@id\":\"https:\\\/\\\/kibrisdakik.com\\\/?p=44999\"},\"author\":{\"name\":\"admin\",\"@id\":\"https:\\\/\\\/kibrisdakik.com\\\/#\\\/schema\\\/person\\\/9cd9d437bbb44f72b73ba127e06d8e79\"},\"headline\":\"\u201d Dr. Ayten\u2019in tan\u0131kl\u0131\u011f\u0131 ile K\u0131br\u0131s Meselesi\u201d belgesel g\u00f6sterimi Ankara\u2019da yap\u0131ld\u0131\",\"datePublished\":\"2024-06-07T16:31:50+00:00\",\"mainEntityOfPage\":{\"@id\":\"https:\\\/\\\/kibrisdakik.com\\\/?p=44999\"},\"wordCount\":155,\"commentCount\":0,\"image\":{\"@id\":\"https:\\\/\\\/kibrisdakik.com\\\/?p=44999#primaryimage\"},\"thumbnailUrl\":\"https:\\\/\\\/kibrisdakik.com\\\/wp-content\\\/uploads\\\/2024\\\/06\\\/19757216-0c09-4b89-995e-25b0a6ba9df2-740x420.jpg\",\"articleSection\":[\"G\u00fcndem\"],\"inLanguage\":\"tr\",\"potentialAction\":[{\"@type\":\"CommentAction\",\"name\":\"Comment\",\"target\":[\"https:\\\/\\\/kibrisdakik.com\\\/?p=44999#respond\"]}]},{\"@type\":\"WebPage\",\"@id\":\"https:\\\/\\\/kibrisdakik.com\\\/?p=44999\",\"url\":\"https:\\\/\\\/kibrisdakik.com\\\/?p=44999\",\"name\":\"\u201d Dr. Ayten\u2019in tan\u0131kl\u0131\u011f\u0131 ile K\u0131br\u0131s Meselesi\u201d belgesel g\u00f6sterimi Ankara\u2019da yap\u0131ld\u0131 -\",\"isPartOf\":{\"@id\":\"https:\\\/\\\/kibrisdakik.com\\\/#website\"},\"primaryImageOfPage\":{\"@id\":\"https:\\\/\\\/kibrisdakik.com\\\/?p=44999#primaryimage\"},\"image\":{\"@id\":\"https:\\\/\\\/kibrisdakik.com\\\/?p=44999#primaryimage\"},\"thumbnailUrl\":\"https:\\\/\\\/kibrisdakik.com\\\/wp-content\\\/uploads\\\/2024\\\/06\\\/19757216-0c09-4b89-995e-25b0a6ba9df2-740x420.jpg\",\"datePublished\":\"2024-06-07T16:31:50+00:00\",\"author\":{\"@id\":\"https:\\\/\\\/kibrisdakik.com\\\/#\\\/schema\\\/person\\\/9cd9d437bbb44f72b73ba127e06d8e79\"},\"breadcrumb\":{\"@id\":\"https:\\\/\\\/kibrisdakik.com\\\/?p=44999#breadcrumb\"},\"inLanguage\":\"tr\",\"potentialAction\":[{\"@type\":\"ReadAction\",\"target\":[\"https:\\\/\\\/kibrisdakik.com\\\/?p=44999\"]}]},{\"@type\":\"ImageObject\",\"inLanguage\":\"tr\",\"@id\":\"https:\\\/\\\/kibrisdakik.com\\\/?p=44999#primaryimage\",\"url\":\"https:\\\/\\\/kibrisdakik.com\\\/wp-content\\\/uploads\\\/2024\\\/06\\\/19757216-0c09-4b89-995e-25b0a6ba9df2-740x420.jpg\",\"contentUrl\":\"https:\\\/\\\/kibrisdakik.com\\\/wp-content\\\/uploads\\\/2024\\\/06\\\/19757216-0c09-4b89-995e-25b0a6ba9df2-740x420.jpg\",\"width\":1600,\"height\":1066},{\"@type\":\"BreadcrumbList\",\"@id\":\"https:\\\/\\\/kibrisdakik.com\\\/?p=44999#breadcrumb\",\"itemListElement\":[{\"@type\":\"ListItem\",\"position\":1,\"name\":\"Home\",\"item\":\"https:\\\/\\\/kibrisdakik.com\\\/\"},{\"@type\":\"ListItem\",\"position\":2,\"name\":\"\u201d Dr. Ayten\u2019in tan\u0131kl\u0131\u011f\u0131 ile K\u0131br\u0131s Meselesi\u201d belgesel g\u00f6sterimi Ankara\u2019da yap\u0131ld\u0131\"}]},{\"@type\":\"WebSite\",\"@id\":\"https:\\\/\\\/kibrisdakik.com\\\/#website\",\"url\":\"https:\\\/\\\/kibrisdakik.com\\\/\",\"name\":\"\",\"description\":\"Tam vaktinde haber\",\"potentialAction\":[{\"@type\":\"SearchAction\",\"target\":{\"@type\":\"EntryPoint\",\"urlTemplate\":\"https:\\\/\\\/kibrisdakik.com\\\/?s={search_term_string}\"},\"query-input\":{\"@type\":\"PropertyValueSpecification\",\"valueRequired\":true,\"valueName\":\"search_term_string\"}}],\"inLanguage\":\"tr\"},{\"@type\":\"Person\",\"@id\":\"https:\\\/\\\/kibrisdakik.com\\\/#\\\/schema\\\/person\\\/9cd9d437bbb44f72b73ba127e06d8e79\",\"name\":\"admin\",\"image\":{\"@type\":\"ImageObject\",\"inLanguage\":\"tr\",\"@id\":\"https:\\\/\\\/secure.gravatar.com\\\/avatar\\\/ccc17943b9d660506c869530f897617f7cb1c21a4bf30023f252596d83e1f007?s=96&d=mm&r=g\",\"url\":\"https:\\\/\\\/secure.gravatar.com\\\/avatar\\\/ccc17943b9d660506c869530f897617f7cb1c21a4bf30023f252596d83e1f007?s=96&d=mm&r=g\",\"contentUrl\":\"https:\\\/\\\/secure.gravatar.com\\\/avatar\\\/ccc17943b9d660506c869530f897617f7cb1c21a4bf30023f252596d83e1f007?s=96&d=mm&r=g\",\"caption\":\"admin\"},\"sameAs\":[\"https:\\\/\\\/kibrisdakik.com\"],\"url\":\"https:\\\/\\\/kibrisdakik.com\\\/?author=1\"}]}<\/script>\n<!-- \/ Yoast SEO plugin. -->","yoast_head_json":{"title":"\u201d Dr. Ayten\u2019in tan\u0131kl\u0131\u011f\u0131 ile K\u0131br\u0131s Meselesi\u201d belgesel g\u00f6sterimi Ankara\u2019da yap\u0131ld\u0131 -","robots":{"index":"index","follow":"follow","max-snippet":"max-snippet:-1","max-image-preview":"max-image-preview:large","max-video-preview":"max-video-preview:-1"},"canonical":"https:\/\/kibrisdakik.com\/?p=44999","og_locale":"tr_TR","og_type":"article","og_title":"\u201d Dr. Ayten\u2019in tan\u0131kl\u0131\u011f\u0131 ile K\u0131br\u0131s Meselesi\u201d belgesel g\u00f6sterimi Ankara\u2019da yap\u0131ld\u0131 -","og_description":"Kuzey K\u0131br\u0131s T\u00fcrk Cumhuriyeti\u2019nin kad\u0131n kahraman\u0131, hekim, sporcu Dr.Ayten Salih Berkalp\u2019in ya\u015fam\u0131n\u0131 ve \u00fclkenin m\u00fccadele tarihini anlatt\u0131\u011f\u0131 \u201d Dr.Ayten\u2019in tan\u0131kl\u0131\u011f\u0131 \u0130le K\u0131br\u0131s Meselesi\u201d belgesel g\u00f6sterimi yap\u0131ld\u0131. Ankara\u2019da Gazeteciler Cemiyeti Bas\u0131n Evi\u2019nde yer alan etkinli\u011fe \u00e7ok say\u0131da politikac\u0131, diplomat ve bas\u0131n mensubu kat\u0131ld\u0131. G\u00f6sterim \u00f6ncesinde belgeselin yarat\u0131c\u0131lar\u0131yla ger\u00e7ekle\u015ftirilen s\u00f6yle\u015fide, filmin yap\u0131m s\u00fcreci ve Dr. Ayten Salih","og_url":"https:\/\/kibrisdakik.com\/?p=44999","article_published_time":"2024-06-07T16:31:50+00:00","og_image":[{"width":1600,"height":1066,"url":"https:\/\/kibrisdakik.com\/wp-content\/uploads\/2024\/06\/19757216-0c09-4b89-995e-25b0a6ba9df2-740x420.jpg","type":"image\/jpeg"}],"author":"admin","twitter_card":"summary_large_image","twitter_misc":{"Yazan:":"admin","Tahmini okuma s\u00fcresi":"1 dakika"},"schema":{"@context":"https:\/\/schema.org","@graph":[{"@type":"Article","@id":"https:\/\/kibrisdakik.com\/?p=44999#article","isPartOf":{"@id":"https:\/\/kibrisdakik.com\/?p=44999"},"author":{"name":"admin","@id":"https:\/\/kibrisdakik.com\/#\/schema\/person\/9cd9d437bbb44f72b73ba127e06d8e79"},"headline":"\u201d Dr. Ayten\u2019in tan\u0131kl\u0131\u011f\u0131 ile K\u0131br\u0131s Meselesi\u201d belgesel g\u00f6sterimi Ankara\u2019da yap\u0131ld\u0131","datePublished":"2024-06-07T16:31:50+00:00","mainEntityOfPage":{"@id":"https:\/\/kibrisdakik.com\/?p=44999"},"wordCount":155,"commentCount":0,"image":{"@id":"https:\/\/kibrisdakik.com\/?p=44999#primaryimage"},"thumbnailUrl":"https:\/\/kibrisdakik.com\/wp-content\/uploads\/2024\/06\/19757216-0c09-4b89-995e-25b0a6ba9df2-740x420.jpg","articleSection":["G\u00fcndem"],"inLanguage":"tr","potentialAction":[{"@type":"CommentAction","name":"Comment","target":["https:\/\/kibrisdakik.com\/?p=44999#respond"]}]},{"@type":"WebPage","@id":"https:\/\/kibrisdakik.com\/?p=44999","url":"https:\/\/kibrisdakik.com\/?p=44999","name":"\u201d Dr. Ayten\u2019in tan\u0131kl\u0131\u011f\u0131 ile K\u0131br\u0131s Meselesi\u201d belgesel g\u00f6sterimi Ankara\u2019da yap\u0131ld\u0131 -","isPartOf":{"@id":"https:\/\/kibrisdakik.com\/#website"},"primaryImageOfPage":{"@id":"https:\/\/kibrisdakik.com\/?p=44999#primaryimage"},"image":{"@id":"https:\/\/kibrisdakik.com\/?p=44999#primaryimage"},"thumbnailUrl":"https:\/\/kibrisdakik.com\/wp-content\/uploads\/2024\/06\/19757216-0c09-4b89-995e-25b0a6ba9df2-740x420.jpg","datePublished":"2024-06-07T16:31:50+00:00","author":{"@id":"https:\/\/kibrisdakik.com\/#\/schema\/person\/9cd9d437bbb44f72b73ba127e06d8e79"},"breadcrumb":{"@id":"https:\/\/kibrisdakik.com\/?p=44999#breadcrumb"},"inLanguage":"tr","potentialAction":[{"@type":"ReadAction","target":["https:\/\/kibrisdakik.com\/?p=44999"]}]},{"@type":"ImageObject","inLanguage":"tr","@id":"https:\/\/kibrisdakik.com\/?p=44999#primaryimage","url":"https:\/\/kibrisdakik.com\/wp-content\/uploads\/2024\/06\/19757216-0c09-4b89-995e-25b0a6ba9df2-740x420.jpg","contentUrl":"https:\/\/kibrisdakik.com\/wp-content\/uploads\/2024\/06\/19757216-0c09-4b89-995e-25b0a6ba9df2-740x420.jpg","width":1600,"height":1066},{"@type":"BreadcrumbList","@id":"https:\/\/kibrisdakik.com\/?p=44999#breadcrumb","itemListElement":[{"@type":"ListItem","position":1,"name":"Home","item":"https:\/\/kibrisdakik.com\/"},{"@type":"ListItem","position":2,"name":"\u201d Dr. Ayten\u2019in tan\u0131kl\u0131\u011f\u0131 ile K\u0131br\u0131s Meselesi\u201d belgesel g\u00f6sterimi Ankara\u2019da yap\u0131ld\u0131"}]},{"@type":"WebSite","@id":"https:\/\/kibrisdakik.com\/#website","url":"https:\/\/kibrisdakik.com\/","name":"","description":"Tam vaktinde haber","potentialAction":[{"@type":"SearchAction","target":{"@type":"EntryPoint","urlTemplate":"https:\/\/kibrisdakik.com\/?s={search_term_string}"},"query-input":{"@type":"PropertyValueSpecification","valueRequired":true,"valueName":"search_term_string"}}],"inLanguage":"tr"},{"@type":"Person","@id":"https:\/\/kibrisdakik.com\/#\/schema\/person\/9cd9d437bbb44f72b73ba127e06d8e79","name":"admin","image":{"@type":"ImageObject","inLanguage":"tr","@id":"https:\/\/secure.gravatar.com\/avatar\/ccc17943b9d660506c869530f897617f7cb1c21a4bf30023f252596d83e1f007?s=96&d=mm&r=g","url":"https:\/\/secure.gravatar.com\/avatar\/ccc17943b9d660506c869530f897617f7cb1c21a4bf30023f252596d83e1f007?s=96&d=mm&r=g","contentUrl":"https:\/\/secure.gravatar.com\/avatar\/ccc17943b9d660506c869530f897617f7cb1c21a4bf30023f252596d83e1f007?s=96&d=mm&r=g","caption":"admin"},"sameAs":["https:\/\/kibrisdakik.com"],"url":"https:\/\/kibrisdakik.com\/?author=1"}]}},"_links":{"self":[{"href":"https:\/\/kibrisdakik.com\/index.php?rest_route=\/wp\/v2\/posts\/44999","targetHints":{"allow":["GET"]}}],"collection":[{"href":"https:\/\/kibrisdakik.com\/index.php?rest_route=\/wp\/v2\/posts"}],"about":[{"href":"https:\/\/kibrisdakik.com\/index.php?rest_route=\/wp\/v2\/types\/post"}],"author":[{"embeddable":true,"href":"https:\/\/kibrisdakik.com\/index.php?rest_route=\/wp\/v2\/users\/1"}],"replies":[{"embeddable":true,"href":"https:\/\/kibrisdakik.com\/index.php?rest_route=%2Fwp%2Fv2%2Fcomments&post=44999"}],"version-history":[{"count":0,"href":"https:\/\/kibrisdakik.com\/index.php?rest_route=\/wp\/v2\/posts\/44999\/revisions"}],"wp:featuredmedia":[{"embeddable":true,"href":"https:\/\/kibrisdakik.com\/index.php?rest_route=\/wp\/v2\/media\/45000"}],"wp:attachment":[{"href":"https:\/\/kibrisdakik.com\/index.php?rest_route=%2Fwp%2Fv2%2Fmedia&parent=44999"}],"wp:term":[{"taxonomy":"category","embeddable":true,"href":"https:\/\/kibrisdakik.com\/index.php?rest_route=%2Fwp%2Fv2%2Fcategories&post=44999"},{"taxonomy":"post_tag","embeddable":true,"href":"https:\/\/kibrisdakik.com\/index.php?rest_route=%2Fwp%2Fv2%2Ftags&post=44999"}],"curies":[{"name":"wp","href":"https:\/\/api.w.org\/{rel}","templated":true}]}}