{"id":45008,"date":"2024-06-07T17:37:57","date_gmt":"2024-06-07T17:37:57","guid":{"rendered":"https:\/\/kibrisdakik.com\/index.php\/2024\/06\/07\/windows-12nin-gelmeyecegi-aciklandi\/"},"modified":"2024-06-07T17:37:57","modified_gmt":"2024-06-07T17:37:57","slug":"windows-12nin-gelmeyecegi-aciklandi","status":"publish","type":"post","link":"https:\/\/kibrisdakik.com\/?p=45008","title":{"rendered":"Windows 12&#039;nin gelmeyece\u011fi a\u00e7\u0131kland\u0131"},"content":{"rendered":"<p><\/p>\n<p>Microsoft, Windows 10\u2019un 2025\u2019e kadar desteklenece\u011fini duyurmu\u015ftu.<\/p>\n<p>Ayn\u0131 anda hem Windows 10 hem de Windows 11\u2019i desteklemesi gerekti\u011fini belirtirken, kullan\u0131c\u0131lar Windows 12 ne zaman gelecek sorusunu g\u00fcndeme getirdi.<\/p>\n<p>\u00dc\u00e7\u00fcnc\u00fc bir i\u015fletim sistemi olan Windows 12&#8217;yi \u00e7\u0131karmak, Microsoft\u2019un i\u015f y\u00fck\u00fcn\u00fc art\u0131raca\u011f\u0131 kesin.<\/p>\n<p><img decoding=\"async\" alt=\"Windows 12'nin gelmeyece\u011fi a\u00e7\u0131kland\u0131, Microsoft uzun bir s\u00fcre Windows 11'i g\u00fcncelleyecek - 1. Resim\" src=\"https:\/\/i.tgrthaber.com\/images\/haberler\/24-06\/07\/windows-12nin-gelmeyecegi-aciklandi-microsoft-uzun-bir-sure-windows-11i-guncelleyecek-17177740485450_1.jpg\" title=\"Windows 12'nin gelmeyece\u011fi a\u00e7\u0131kland\u0131, Microsoft uzun bir s\u00fcre Windows 11'i g\u00fcncelleyecek\" \/><\/p>\n<p>Bunun yerine, Windows 11\u2019in yeni s\u00fcr\u00fcm\u00fc 24H2 ile mevcut sistemi b\u00fcy\u00fck \u00f6l\u00e7\u00fcde g\u00fcncelleyecekler.<\/p>\n<p>Kullan\u0131c\u0131 deneyimini iyile\u015ftirmeyi hedefleyen. Microsoft\u2019un i\u015flerini daha d\u00fczenli ve sorunsuz y\u00fcr\u00fctmesine yard\u0131mc\u0131 olacak.<\/p>\n<p>Ayr\u0131ca Windows s\u00fcr\u00fcm say\u0131s\u0131 atlamas\u0131 da yapabiliyor. \u00d6rne\u011fin, Windows 8&#8217;in ard\u0131ndan 8.1 \u00e7\u0131kt\u0131\u011f\u0131 i\u00e7in hi\u00e7bir zaman Windows 9 yay\u0131nlanmad\u0131.<\/p>\n<p>9 yay\u0131nlanmadan, Windows 10 s\u00fcr\u00fcm\u00fcne ge\u00e7ildi.&nbsp;<\/p>\n<p>Dolay\u0131s\u0131yla, Windows 11&#8217;e gelen g\u00fcncelleme de b\u00f6yle olursa, y\u0131llar sonra bir sonraki s\u00fcr\u00fcm olarak Windows 13&#8217;\u00fc g\u00f6rebiliriz.<\/p>\n","protected":false},"excerpt":{"rendered":"<p>Microsoft, Windows 10\u2019un 2025\u2019e kadar desteklenece\u011fini duyurmu\u015ftu. Ayn\u0131 anda hem Windows 10 hem de Windows 11\u2019i desteklemesi gerekti\u011fini belirtirken, kullan\u0131c\u0131lar Windows 12 ne zaman gelecek sorusunu g\u00fcndeme getirdi. \u00dc\u00e7\u00fcnc\u00fc bir i\u015fletim sistemi olan Windows 12&#8217;yi \u00e7\u0131karmak, Microsoft\u2019un i\u015f y\u00fck\u00fcn\u00fc art\u0131raca\u011f\u0131 kesin. Bunun yerine, Windows 11\u2019in yeni s\u00fcr\u00fcm\u00fc 24H2 ile mevcut sistemi b\u00fcy\u00fck \u00f6l\u00e7\u00fcde g\u00fcncelleyecekler. Kullan\u0131c\u0131<\/p>\n","protected":false},"author":1,"featured_media":45009,"comment_status":"open","ping_status":"open","sticky":false,"template":"","format":"standard","meta":{"footnotes":""},"categories":[85],"tags":[],"class_list":["post-45008","post","type-post","status-publish","format-standard","has-post-thumbnail","hentry","category-spor"],"yoast_head":"<!-- This site is optimized with the Yoast SEO plugin v27.4 - https:\/\/yoast.com\/product\/yoast-seo-wordpress\/ -->\n<title>Windows 12&#039;nin gelmeyece\u011fi a\u00e7\u0131kland\u0131 -<\/title>\n<meta name=\"robots\" content=\"index, follow, max-snippet:-1, max-image-preview:large, max-video-preview:-1\" \/>\n<link rel=\"canonical\" href=\"https:\/\/kibrisdakik.com\/?p=45008\" \/>\n<meta property=\"og:locale\" content=\"tr_TR\" \/>\n<meta property=\"og:type\" content=\"article\" \/>\n<meta property=\"og:title\" content=\"Windows 12&#039;nin gelmeyece\u011fi a\u00e7\u0131kland\u0131 -\" \/>\n<meta property=\"og:description\" content=\"Microsoft, Windows 10\u2019un 2025\u2019e kadar desteklenece\u011fini duyurmu\u015ftu. Ayn\u0131 anda hem Windows 10 hem de Windows 11\u2019i desteklemesi gerekti\u011fini belirtirken, kullan\u0131c\u0131lar Windows 12 ne zaman gelecek sorusunu g\u00fcndeme getirdi. \u00dc\u00e7\u00fcnc\u00fc bir i\u015fletim sistemi olan Windows 12&#8217;yi \u00e7\u0131karmak, Microsoft\u2019un i\u015f y\u00fck\u00fcn\u00fc art\u0131raca\u011f\u0131 kesin. Bunun yerine, Windows 11\u2019in yeni s\u00fcr\u00fcm\u00fc 24H2 ile mevcut sistemi b\u00fcy\u00fck \u00f6l\u00e7\u00fcde g\u00fcncelleyecekler. Kullan\u0131c\u0131\" \/>\n<meta property=\"og:url\" content=\"https:\/\/kibrisdakik.com\/?p=45008\" \/>\n<meta property=\"article:published_time\" content=\"2024-06-07T17:37:57+00:00\" \/>\n<meta property=\"og:image\" content=\"https:\/\/kibrisdakik.com\/wp-content\/uploads\/2024\/06\/windows-12nin-gelmeyecegi-aciklandi-microsoft-uzun-bir-sure-windows-11i-guncelleyecek-17177740485450_1-740x420.jpg\" \/>\n\t<meta property=\"og:image:width\" content=\"1280\" \/>\n\t<meta property=\"og:image:height\" content=\"720\" \/>\n\t<meta property=\"og:image:type\" content=\"image\/jpeg\" \/>\n<meta name=\"author\" content=\"admin\" \/>\n<meta name=\"twitter:card\" content=\"summary_large_image\" \/>\n<meta name=\"twitter:label1\" content=\"Yazan:\" \/>\n\t<meta name=\"twitter:data1\" content=\"admin\" \/>\n\t<meta name=\"twitter:label2\" content=\"Tahmini okuma s\u00fcresi\" \/>\n\t<meta name=\"twitter:data2\" content=\"1 dakika\" \/>\n<script type=\"application\/ld+json\" class=\"yoast-schema-graph\">{\"@context\":\"https:\\\/\\\/schema.org\",\"@graph\":[{\"@type\":\"Article\",\"@id\":\"https:\\\/\\\/kibrisdakik.com\\\/?p=45008#article\",\"isPartOf\":{\"@id\":\"https:\\\/\\\/kibrisdakik.com\\\/?p=45008\"},\"author\":{\"name\":\"admin\",\"@id\":\"https:\\\/\\\/kibrisdakik.com\\\/#\\\/schema\\\/person\\\/9cd9d437bbb44f72b73ba127e06d8e79\"},\"headline\":\"Windows 12&#039;nin gelmeyece\u011fi a\u00e7\u0131kland\u0131\",\"datePublished\":\"2024-06-07T17:37:57+00:00\",\"mainEntityOfPage\":{\"@id\":\"https:\\\/\\\/kibrisdakik.com\\\/?p=45008\"},\"wordCount\":157,\"commentCount\":0,\"image\":{\"@id\":\"https:\\\/\\\/kibrisdakik.com\\\/?p=45008#primaryimage\"},\"thumbnailUrl\":\"https:\\\/\\\/kibrisdakik.com\\\/wp-content\\\/uploads\\\/2024\\\/06\\\/windows-12nin-gelmeyecegi-aciklandi-microsoft-uzun-bir-sure-windows-11i-guncelleyecek-17177740485450_1-740x420.jpg\",\"articleSection\":[\"Spor\"],\"inLanguage\":\"tr\",\"potentialAction\":[{\"@type\":\"CommentAction\",\"name\":\"Comment\",\"target\":[\"https:\\\/\\\/kibrisdakik.com\\\/?p=45008#respond\"]}]},{\"@type\":\"WebPage\",\"@id\":\"https:\\\/\\\/kibrisdakik.com\\\/?p=45008\",\"url\":\"https:\\\/\\\/kibrisdakik.com\\\/?p=45008\",\"name\":\"Windows 12&#039;nin gelmeyece\u011fi a\u00e7\u0131kland\u0131 -\",\"isPartOf\":{\"@id\":\"https:\\\/\\\/kibrisdakik.com\\\/#website\"},\"primaryImageOfPage\":{\"@id\":\"https:\\\/\\\/kibrisdakik.com\\\/?p=45008#primaryimage\"},\"image\":{\"@id\":\"https:\\\/\\\/kibrisdakik.com\\\/?p=45008#primaryimage\"},\"thumbnailUrl\":\"https:\\\/\\\/kibrisdakik.com\\\/wp-content\\\/uploads\\\/2024\\\/06\\\/windows-12nin-gelmeyecegi-aciklandi-microsoft-uzun-bir-sure-windows-11i-guncelleyecek-17177740485450_1-740x420.jpg\",\"datePublished\":\"2024-06-07T17:37:57+00:00\",\"author\":{\"@id\":\"https:\\\/\\\/kibrisdakik.com\\\/#\\\/schema\\\/person\\\/9cd9d437bbb44f72b73ba127e06d8e79\"},\"breadcrumb\":{\"@id\":\"https:\\\/\\\/kibrisdakik.com\\\/?p=45008#breadcrumb\"},\"inLanguage\":\"tr\",\"potentialAction\":[{\"@type\":\"ReadAction\",\"target\":[\"https:\\\/\\\/kibrisdakik.com\\\/?p=45008\"]}]},{\"@type\":\"ImageObject\",\"inLanguage\":\"tr\",\"@id\":\"https:\\\/\\\/kibrisdakik.com\\\/?p=45008#primaryimage\",\"url\":\"https:\\\/\\\/kibrisdakik.com\\\/wp-content\\\/uploads\\\/2024\\\/06\\\/windows-12nin-gelmeyecegi-aciklandi-microsoft-uzun-bir-sure-windows-11i-guncelleyecek-17177740485450_1-740x420.jpg\",\"contentUrl\":\"https:\\\/\\\/kibrisdakik.com\\\/wp-content\\\/uploads\\\/2024\\\/06\\\/windows-12nin-gelmeyecegi-aciklandi-microsoft-uzun-bir-sure-windows-11i-guncelleyecek-17177740485450_1-740x420.jpg\",\"width\":1280,\"height\":720},{\"@type\":\"BreadcrumbList\",\"@id\":\"https:\\\/\\\/kibrisdakik.com\\\/?p=45008#breadcrumb\",\"itemListElement\":[{\"@type\":\"ListItem\",\"position\":1,\"name\":\"Home\",\"item\":\"https:\\\/\\\/kibrisdakik.com\\\/\"},{\"@type\":\"ListItem\",\"position\":2,\"name\":\"Windows 12&#039;nin gelmeyece\u011fi a\u00e7\u0131kland\u0131\"}]},{\"@type\":\"WebSite\",\"@id\":\"https:\\\/\\\/kibrisdakik.com\\\/#website\",\"url\":\"https:\\\/\\\/kibrisdakik.com\\\/\",\"name\":\"\",\"description\":\"Tam vaktinde haber\",\"potentialAction\":[{\"@type\":\"SearchAction\",\"target\":{\"@type\":\"EntryPoint\",\"urlTemplate\":\"https:\\\/\\\/kibrisdakik.com\\\/?s={search_term_string}\"},\"query-input\":{\"@type\":\"PropertyValueSpecification\",\"valueRequired\":true,\"valueName\":\"search_term_string\"}}],\"inLanguage\":\"tr\"},{\"@type\":\"Person\",\"@id\":\"https:\\\/\\\/kibrisdakik.com\\\/#\\\/schema\\\/person\\\/9cd9d437bbb44f72b73ba127e06d8e79\",\"name\":\"admin\",\"image\":{\"@type\":\"ImageObject\",\"inLanguage\":\"tr\",\"@id\":\"https:\\\/\\\/secure.gravatar.com\\\/avatar\\\/ccc17943b9d660506c869530f897617f7cb1c21a4bf30023f252596d83e1f007?s=96&d=mm&r=g\",\"url\":\"https:\\\/\\\/secure.gravatar.com\\\/avatar\\\/ccc17943b9d660506c869530f897617f7cb1c21a4bf30023f252596d83e1f007?s=96&d=mm&r=g\",\"contentUrl\":\"https:\\\/\\\/secure.gravatar.com\\\/avatar\\\/ccc17943b9d660506c869530f897617f7cb1c21a4bf30023f252596d83e1f007?s=96&d=mm&r=g\",\"caption\":\"admin\"},\"sameAs\":[\"https:\\\/\\\/kibrisdakik.com\"],\"url\":\"https:\\\/\\\/kibrisdakik.com\\\/?author=1\"}]}<\/script>\n<!-- \/ Yoast SEO plugin. -->","yoast_head_json":{"title":"Windows 12&#039;nin gelmeyece\u011fi a\u00e7\u0131kland\u0131 -","robots":{"index":"index","follow":"follow","max-snippet":"max-snippet:-1","max-image-preview":"max-image-preview:large","max-video-preview":"max-video-preview:-1"},"canonical":"https:\/\/kibrisdakik.com\/?p=45008","og_locale":"tr_TR","og_type":"article","og_title":"Windows 12&#039;nin gelmeyece\u011fi a\u00e7\u0131kland\u0131 -","og_description":"Microsoft, Windows 10\u2019un 2025\u2019e kadar desteklenece\u011fini duyurmu\u015ftu. Ayn\u0131 anda hem Windows 10 hem de Windows 11\u2019i desteklemesi gerekti\u011fini belirtirken, kullan\u0131c\u0131lar Windows 12 ne zaman gelecek sorusunu g\u00fcndeme getirdi. \u00dc\u00e7\u00fcnc\u00fc bir i\u015fletim sistemi olan Windows 12&#8217;yi \u00e7\u0131karmak, Microsoft\u2019un i\u015f y\u00fck\u00fcn\u00fc art\u0131raca\u011f\u0131 kesin. Bunun yerine, Windows 11\u2019in yeni s\u00fcr\u00fcm\u00fc 24H2 ile mevcut sistemi b\u00fcy\u00fck \u00f6l\u00e7\u00fcde g\u00fcncelleyecekler. Kullan\u0131c\u0131","og_url":"https:\/\/kibrisdakik.com\/?p=45008","article_published_time":"2024-06-07T17:37:57+00:00","og_image":[{"width":1280,"height":720,"url":"https:\/\/kibrisdakik.com\/wp-content\/uploads\/2024\/06\/windows-12nin-gelmeyecegi-aciklandi-microsoft-uzun-bir-sure-windows-11i-guncelleyecek-17177740485450_1-740x420.jpg","type":"image\/jpeg"}],"author":"admin","twitter_card":"summary_large_image","twitter_misc":{"Yazan:":"admin","Tahmini okuma s\u00fcresi":"1 dakika"},"schema":{"@context":"https:\/\/schema.org","@graph":[{"@type":"Article","@id":"https:\/\/kibrisdakik.com\/?p=45008#article","isPartOf":{"@id":"https:\/\/kibrisdakik.com\/?p=45008"},"author":{"name":"admin","@id":"https:\/\/kibrisdakik.com\/#\/schema\/person\/9cd9d437bbb44f72b73ba127e06d8e79"},"headline":"Windows 12&#039;nin gelmeyece\u011fi a\u00e7\u0131kland\u0131","datePublished":"2024-06-07T17:37:57+00:00","mainEntityOfPage":{"@id":"https:\/\/kibrisdakik.com\/?p=45008"},"wordCount":157,"commentCount":0,"image":{"@id":"https:\/\/kibrisdakik.com\/?p=45008#primaryimage"},"thumbnailUrl":"https:\/\/kibrisdakik.com\/wp-content\/uploads\/2024\/06\/windows-12nin-gelmeyecegi-aciklandi-microsoft-uzun-bir-sure-windows-11i-guncelleyecek-17177740485450_1-740x420.jpg","articleSection":["Spor"],"inLanguage":"tr","potentialAction":[{"@type":"CommentAction","name":"Comment","target":["https:\/\/kibrisdakik.com\/?p=45008#respond"]}]},{"@type":"WebPage","@id":"https:\/\/kibrisdakik.com\/?p=45008","url":"https:\/\/kibrisdakik.com\/?p=45008","name":"Windows 12&#039;nin gelmeyece\u011fi a\u00e7\u0131kland\u0131 -","isPartOf":{"@id":"https:\/\/kibrisdakik.com\/#website"},"primaryImageOfPage":{"@id":"https:\/\/kibrisdakik.com\/?p=45008#primaryimage"},"image":{"@id":"https:\/\/kibrisdakik.com\/?p=45008#primaryimage"},"thumbnailUrl":"https:\/\/kibrisdakik.com\/wp-content\/uploads\/2024\/06\/windows-12nin-gelmeyecegi-aciklandi-microsoft-uzun-bir-sure-windows-11i-guncelleyecek-17177740485450_1-740x420.jpg","datePublished":"2024-06-07T17:37:57+00:00","author":{"@id":"https:\/\/kibrisdakik.com\/#\/schema\/person\/9cd9d437bbb44f72b73ba127e06d8e79"},"breadcrumb":{"@id":"https:\/\/kibrisdakik.com\/?p=45008#breadcrumb"},"inLanguage":"tr","potentialAction":[{"@type":"ReadAction","target":["https:\/\/kibrisdakik.com\/?p=45008"]}]},{"@type":"ImageObject","inLanguage":"tr","@id":"https:\/\/kibrisdakik.com\/?p=45008#primaryimage","url":"https:\/\/kibrisdakik.com\/wp-content\/uploads\/2024\/06\/windows-12nin-gelmeyecegi-aciklandi-microsoft-uzun-bir-sure-windows-11i-guncelleyecek-17177740485450_1-740x420.jpg","contentUrl":"https:\/\/kibrisdakik.com\/wp-content\/uploads\/2024\/06\/windows-12nin-gelmeyecegi-aciklandi-microsoft-uzun-bir-sure-windows-11i-guncelleyecek-17177740485450_1-740x420.jpg","width":1280,"height":720},{"@type":"BreadcrumbList","@id":"https:\/\/kibrisdakik.com\/?p=45008#breadcrumb","itemListElement":[{"@type":"ListItem","position":1,"name":"Home","item":"https:\/\/kibrisdakik.com\/"},{"@type":"ListItem","position":2,"name":"Windows 12&#039;nin gelmeyece\u011fi a\u00e7\u0131kland\u0131"}]},{"@type":"WebSite","@id":"https:\/\/kibrisdakik.com\/#website","url":"https:\/\/kibrisdakik.com\/","name":"","description":"Tam vaktinde haber","potentialAction":[{"@type":"SearchAction","target":{"@type":"EntryPoint","urlTemplate":"https:\/\/kibrisdakik.com\/?s={search_term_string}"},"query-input":{"@type":"PropertyValueSpecification","valueRequired":true,"valueName":"search_term_string"}}],"inLanguage":"tr"},{"@type":"Person","@id":"https:\/\/kibrisdakik.com\/#\/schema\/person\/9cd9d437bbb44f72b73ba127e06d8e79","name":"admin","image":{"@type":"ImageObject","inLanguage":"tr","@id":"https:\/\/secure.gravatar.com\/avatar\/ccc17943b9d660506c869530f897617f7cb1c21a4bf30023f252596d83e1f007?s=96&d=mm&r=g","url":"https:\/\/secure.gravatar.com\/avatar\/ccc17943b9d660506c869530f897617f7cb1c21a4bf30023f252596d83e1f007?s=96&d=mm&r=g","contentUrl":"https:\/\/secure.gravatar.com\/avatar\/ccc17943b9d660506c869530f897617f7cb1c21a4bf30023f252596d83e1f007?s=96&d=mm&r=g","caption":"admin"},"sameAs":["https:\/\/kibrisdakik.com"],"url":"https:\/\/kibrisdakik.com\/?author=1"}]}},"_links":{"self":[{"href":"https:\/\/kibrisdakik.com\/index.php?rest_route=\/wp\/v2\/posts\/45008","targetHints":{"allow":["GET"]}}],"collection":[{"href":"https:\/\/kibrisdakik.com\/index.php?rest_route=\/wp\/v2\/posts"}],"about":[{"href":"https:\/\/kibrisdakik.com\/index.php?rest_route=\/wp\/v2\/types\/post"}],"author":[{"embeddable":true,"href":"https:\/\/kibrisdakik.com\/index.php?rest_route=\/wp\/v2\/users\/1"}],"replies":[{"embeddable":true,"href":"https:\/\/kibrisdakik.com\/index.php?rest_route=%2Fwp%2Fv2%2Fcomments&post=45008"}],"version-history":[{"count":0,"href":"https:\/\/kibrisdakik.com\/index.php?rest_route=\/wp\/v2\/posts\/45008\/revisions"}],"wp:featuredmedia":[{"embeddable":true,"href":"https:\/\/kibrisdakik.com\/index.php?rest_route=\/wp\/v2\/media\/45009"}],"wp:attachment":[{"href":"https:\/\/kibrisdakik.com\/index.php?rest_route=%2Fwp%2Fv2%2Fmedia&parent=45008"}],"wp:term":[{"taxonomy":"category","embeddable":true,"href":"https:\/\/kibrisdakik.com\/index.php?rest_route=%2Fwp%2Fv2%2Fcategories&post=45008"},{"taxonomy":"post_tag","embeddable":true,"href":"https:\/\/kibrisdakik.com\/index.php?rest_route=%2Fwp%2Fv2%2Ftags&post=45008"}],"curies":[{"name":"wp","href":"https:\/\/api.w.org\/{rel}","templated":true}]}}