{"id":45014,"date":"2024-06-07T18:39:24","date_gmt":"2024-06-07T18:39:24","guid":{"rendered":"https:\/\/kibrisdakik.com\/index.php\/2024\/06\/07\/galatasaray-okan-buruk-ile-sozlesme-yeniledi\/"},"modified":"2024-06-07T18:39:24","modified_gmt":"2024-06-07T18:39:24","slug":"galatasaray-okan-buruk-ile-sozlesme-yeniledi","status":"publish","type":"post","link":"https:\/\/kibrisdakik.com\/?p=45014","title":{"rendered":"Galatasaray Okan Buruk ile s\u00f6zle\u015fme yeniledi"},"content":{"rendered":"<p><\/p>\n<p>Galatasaray, teknik direkt\u00f6r Okan Buruk ile s\u00f6zle\u015fme yeniledi. Galatasaray\u2019\u0131n 2 y\u0131ll\u0131\u011f\u0131na yeniden anla\u015ft\u0131\u011f\u0131 Teknik Direkt\u00f6r Okan Buruk\u2019un yeni s\u00f6zle\u015fmesi Kamuyu Ayd\u0131nlatma Platformu\u2019na (KAP) bildirildi.<\/p>\n<p>Sar\u0131-k\u0131rm\u0131z\u0131l\u0131 kul\u00fcb\u00fcn resmi internet sitesinden konuya ili\u015fkin yap\u0131lan a\u00e7\u0131klama \u015f\u00f6yle:<\/p>\n<p><strong>\u201cFutbol A Tak\u0131m\u0131m\u0131z\u0131n Teknik Direkt\u00f6r\u00fc Okan Buruk ile 2024-2025 ve 2025-2026 sezonlar\u0131n\u0131 kapsayan 2 y\u0131ll\u0131k s\u00f6zle\u015fme imzalanm\u0131\u015ft\u0131r. Teknik Direkt\u00f6r\u00fcm\u00fcze, 2024-2025 sezonu i\u00e7in net 110 milyon 250 bin TL sezonluk \u00fccret \u00f6denecek olup, 2025-2026 sezonu i\u00e7in \u00f6denecek \u00fccretler TU\u0130K taraf\u0131ndan belirlenecek \u00dcFE-T\u00dcFE ortalamas\u0131 oran\u0131nda art\u0131\u015f yap\u0131larak belirlenecektir.\u201d<\/strong><\/p>\n<p>\u0130mza t\u00f6reninde sar\u0131-k\u0131rm\u0131z\u0131l\u0131 tak\u0131m\u0131n &#8220;2000 ruhunu&#8221; yakalad\u0131\u011f\u0131n\u0131 kaydeden \u00d6zbek, &#8220;Galatasaray&#8217;da hedefler hep b\u00fcy\u00fcyerek devam eder. O d\u00f6nem d\u00f6rt sene arka arkaya \u015fampiyon olduk, UEFA Kupas\u0131&#8217;n\u0131 ald\u0131k. Hedefimiz 25 sene \u00f6nce yakalanan hedefleri ge\u00e7mek. Onun i\u00e7in Galatasaray&#8217;\u0131n ba\u015f\u0131nday\u0131z. Ge\u00e7mi\u015ftekilerle yetinmek istemiyoruz. Her t\u00fcrl\u00fc fedakarl\u0131\u011f\u0131 yapmaya haz\u0131r\u0131z.&#8221; ifadelerini kulland\u0131.<\/p>\n<p>Galatasaray&#8217;\u0131n son 2 y\u0131lda olu\u015fturdu\u011fu hakimiyetle birlikte, rakiplerinin birtak\u0131m transferler ve planlamalar yapt\u0131\u011f\u0131n\u0131 aktaran \u00d6zbek, &#8220;Onlar\u0131, sahada kalmaya ve orada rekabet etmeye davet ediyorum. Umar\u0131m rekabetin sahada kalmas\u0131 gerekti\u011fini kabul edip buna uygun davran\u0131rlar.&#8221; \u015feklinde konu\u015ftu.<\/p>\n<h3>ERDEN T\u0130MUR&#8217;A TEKL\u0130F<\/h3>\n<p>Ba\u015fkan \u00d6zbek, Galatasaray Sportif A\u015e Ba\u015fkan Vekili\u011fi g\u00f6revinden ayr\u0131lan Erden Timur&#8217;u 2016 y\u0131l\u0131nda kendisinin davet davet etti\u011fini ve forma sponsoru olmas\u0131 i\u00e7in ikna etti\u011fini belirterek, sonraki d\u00f6nemde \u00e7ok g\u00fczel \u00e7al\u0131\u015ft\u0131klar\u0131n\u0131 s\u00f6yledi.<\/p>\n<p>Erden Timur&#8217;a yeni d\u00f6nemde de devam etmesi i\u00e7in teklifte bulundu\u011funu anlatan \u00d6zbek, s\u00f6zlerini \u015f\u00f6yle s\u00fcrd\u00fcrd\u00fc:<\/p>\n<p>&#8220;Yeni d\u00f6nemde \u00e7al\u0131\u015fmayaca\u011f\u0131n\u0131 ifade etti. Galatasaray di\u011fer kul\u00fcplere benzemez. Galatasaray ele\u015ftirilere a\u00e7\u0131k ve \u015feffaf bir kul\u00fcp. Tarihi 1905&#8217;ten gelmiyor, daha \u00f6ncesinden geliyor. Her y\u00f6netim ele\u015ftirildi. Benim ilk d\u00f6nemimi, rahmetli Mustafa Cengiz&#8217;in d\u00f6nemini hat\u0131rlay\u0131n. Erden karde\u015fim i\u00e7in de bu ele\u015ftiriler g\u00fcndeme geldi. Bana &#8216;Daha \u00f6nceki d\u00f6neminizdeki gibi de\u011filsiniz&#8217; deniyor. Birtak\u0131m tecr\u00fcbeler edindik. Erden karde\u015fimiz gen\u00e7 ve hassas. Etkilendi\u011fini d\u00fc\u015f\u00fcn\u00fcyorum. Galatasaray&#8217;a verece\u011fi katk\u0131lar bitmemi\u015ftir, devam edecektir. Kap\u0131m\u0131z kendisine her zaman a\u00e7\u0131k. &#8216;Tutunacak dal\u0131m yok&#8217; dediniz ya, Galatasaray 500 y\u0131ll\u0131k bir \u00e7\u0131nar. B\u00f6yle bir \u00e7\u0131nar\u0131n ne kadar \u00e7ok dal\u0131 vard\u0131r, tutunacak dal ararsan, mutlaka vard\u0131r. Tart\u0131\u015f\u0131l\u0131r, ele\u015ftirilir ve ortak ak\u0131l aran\u0131r. Onun i\u00e7in T\u00fcrkiye&#8217;nin en b\u00fcy\u00fck kul\u00fcb\u00fc, Avrupa&#8217;n\u0131n \u00f6nemli bir markas\u0131. Bunlar\u0131 dikkate almak laz\u0131m. Gen\u00e7 olmas\u0131n\u0131n etkisiyle belki b\u00f6yle bir karar ald\u0131.&#8221;<\/p>\n<p><img decoding=\"async\" alt=\"Galatasaray Okan Buruk ile s\u00f6zle\u015fme yeniledi: Alaca\u011f\u0131 net \u00fccret belli oldu! - 1. Resim\" src=\"https:\/\/i.tgrthaber.com\/images\/haberler\/24-06\/07\/galatasaray-okan-buruk-ile-sozlesme-yeniledi-alacagi-net-ucret-belli-oldu-1717778350799_1.jpg\" title=\"Galatasaray Okan Buruk ile s\u00f6zle\u015fme yeniledi: Alaca\u011f\u0131 net \u00fccret belli oldu!\" \/><\/p>\n<p>Erden Timur&#8217;un kendisine k\u0131rg\u0131n oldu\u011funu d\u00fc\u015f\u00fcnmedi\u011fini anlatan \u00d6zbek, &#8220;Ben, onun babas\u0131 ya\u015f\u0131nday\u0131m. Ba\u015fkan\u0131y\u0131m. Bana k\u0131rg\u0131n oldu\u011funu d\u00fc\u015f\u00fcnm\u00fcyorum ve ben de ona k\u0131rg\u0131n de\u011filim. Galatasaray&#8217;a hizmet etmek i\u00e7in var\u0131z. &#8216;Ba\u015fkan olacakt\u0131m, olmad\u0131m&#8217; Galatasaray&#8217;da b\u00f6yle d\u00fc\u015f\u00fcn\u00fclmez. Biz borcumuzu hizmet ederek \u00f6d\u00fcyoruz. Ba\u015fkanl\u0131k s\u00f6z\u00fc, k\u00fcst\u00fcm. Kimse Galatasaray&#8217;a k\u00fcsemez. Yap\u0131lanlar\u0131n Galatasaray&#8217;\u0131n faydas\u0131 i\u00e7in oldu\u011funu unutmay\u0131n. Hizmet i\u00e7in koltuk davas\u0131 bizde yok. Bu y\u00fczden d\u00fcnya markas\u0131y\u0131z.&#8221; diye konu\u015ftu.<\/p>\n<p>\u00d6zbek, Erden Timur&#8217;un ayr\u0131lmas\u0131n\u0131n ard\u0131ndan transferleri kimin y\u00fcr\u00fctece\u011fi sorusuna, &#8220;Galatasaray Sportif A\u015e&#8217;deki kadro transferi y\u00fcr\u00fct\u00fcyor. Buran\u0131n da ba\u015fkan\u0131 d\u00fcn bendim, bug\u00fcn de benim. Yap\u0131lan b\u00fct\u00fcn transferlerin ba\u015f\u0131nda ben vard\u0131m, bug\u00fcn de ben var\u0131m. Her olay\u0131n sorumlusu ba\u015fkand\u0131r, bunun b\u00f6yle bilinmesinde fayda var.&#8221; yan\u0131t\u0131n\u0131 verdi.<br \/>\nFenerbah\u00e7e Kul\u00fcb\u00fcn\u00fcn hafta sonunda yap\u0131lacak ola\u011fan genel kuruluyla ilgili soru \u00fczerine \u00d6zbek, &#8220;Bize rakip fark etmez. Aziz Bey ile de Ali Bey ile de \u00e7al\u0131\u015ft\u0131m. Fenerbah\u00e7e&#8217;yi ilgilendiren konu. En iyisini se\u00e7eceklerdir diye d\u00fc\u015f\u00fcn\u00fcyorum.&#8221; de\u011ferlendirmesinde bulundu.<\/p>\n<h3>&#8220;HEDEF 5. YILDIZ&#8221;<\/h3>\n<p>Teknik direkt\u00f6r Okan Buruk ise Galatasaray&#8217;\u0131n her zaman kupalar\u0131 kazanmak isteyen, T\u00fcrk futbolunda bunu en \u00e7ok ba\u015faran tak\u0131m oldu\u011funu belirterek, &#8220;Hedef 25. \u015fampiyonluk, hedef 5. y\u0131ld\u0131z. Bu bizim i\u00e7in \u00e7ok b\u00fcy\u00fck bir motivasyon olacak.&#8221; dedi.<br \/>\nSar\u0131-k\u0131rm\u0131z\u0131l\u0131 camian\u0131n kupalarla mutlu oldu\u011funu dile getiren Buruk, &#8220;Kupalara her zaman aday olan, taraftar\u0131yla birlikte \u00e7ok g\u00fc\u00e7l\u00fc bir tak\u0131m Galatasaray. Biz de ona hizmet etmeye \u00e7al\u0131\u015f\u0131yoruz. Beni buraya lay\u0131k g\u00f6rd\u00fc\u011f\u00fc i\u00e7in say\u0131n ba\u015fkan\u0131ma tekrar te\u015fekk\u00fcr etmek istiyorum. \u0130lk g\u00fcnk\u00fc motivasyonumuz neyse, \u015fimdi de ayn\u0131 motivasyonday\u0131z. \u0130n\u015fallah daha nice kupalara, ba\u015far\u0131lara ula\u015faca\u011f\u0131z. Hedefimiz tekrar \u015fampiyonluk, Avrupa&#8217;da ba\u015far\u0131.&#8221; diye konu\u015ftu.<\/p>\n<h3>&#8220;3 KUPA KAZANDIK&#8221;<\/h3>\n<p>\u0130ki \u015fampiyonluk ya\u015fad\u0131klar\u0131n\u0131 ve verdikleri s\u00f6zleri tuttuklar\u0131n\u0131 aktaran Buruk, &#8220;\u0130ki senede 3 kupa kazand\u0131k. Avrupa&#8217;da bu sene oynad\u0131\u011f\u0131m\u0131z oyun, \u015eampiyonlar Ligi&#8217;nde bir T\u00fcrk tak\u0131m\u0131n\u0131n ad\u0131n\u0131 duyurmak \u00e7ok \u00f6nemliydi. \u0130lk g\u00fcnk\u00fc istek ve konsantrasyonla devam ediyoruz. Her sene daha zor oluyor, yine zor bir sezona ba\u015flayaca\u011f\u0131z. Devam etmemi isteyen ba\u015fkan ve y\u00f6netime te\u015fekk\u00fcrler.&#8221; ifadelerini kulland\u0131.<\/p>\n<p>Portekizli teknik adam Jose Mourinho&#8217;nun Fenerbah\u00e7e&#8217;ye gelmesinde pay\u0131n\u0131n olup olmamas\u0131yla ilgili soruya, &#8220;G\u00f6r\u00fc\u015fmelerde ben yoktum.&#8221; diyerek esprili bir yan\u0131t veren Buruk, &#8220;Her tak\u0131m i\u00e7in teknik direkt\u00f6r \u00e7ok \u00f6nemli. Be\u015fikta\u015f ba\u015far\u0131l\u0131 bir teknik adamla imza att\u0131. Trabzonspor, Abdullah Avc\u0131 gibi ba\u015far\u0131l\u0131 bir teknik adamla devam ediyor. 4 tak\u0131m da yar\u0131\u015f\u0131n i\u00e7inde olacak ve ge\u00e7en y\u0131ldan daha \u00e7eki\u015fmeli bir sezon olacak. Rekorlar\u0131 rakiplerimiz oldu\u011fu i\u00e7in k\u0131r\u0131yoruz. Bu rekabetin i\u00e7inde yine b\u00fcy\u00fck ba\u015far\u0131lara ula\u015fmak istiyoruz. Biz sadece kendi tak\u0131m\u0131m\u0131za odaklanaca\u011f\u0131z. Bunu yapt\u0131\u011f\u0131m\u0131zda ligin en iddial\u0131 tak\u0131m\u0131 olacakt\u0131r.&#8221; de\u011ferlendirmesinde bulundu.<\/p>\n<p><img decoding=\"async\" alt=\"Galatasaray Okan Buruk ile s\u00f6zle\u015fme yeniledi: Alaca\u011f\u0131 net \u00fccret belli oldu! - 2. Resim\" src=\"https:\/\/i.tgrthaber.com\/images\/haberler\/24-06\/07\/galatasaray-okan-buruk-ile-sozlesme-yeniledi-alacagi-net-ucret-belli-oldu-17177783504892_2.jpg\" title=\"Galatasaray Okan Buruk ile s\u00f6zle\u015fme yeniledi: Alaca\u011f\u0131 net \u00fccret belli oldu!\" \/><\/p>\n<h3>&#8220;\u00c7OK AC\u0130L SA\u011e BEK ALINACAK&#8221;<\/h3>\n<p>Kadro yap\u0131s\u0131n\u0131n bir y\u0131l \u00f6ncesine g\u00f6re daha oturmu\u015f oldu\u011funu anlatan deneyimli teknik adam, transfer planlamas\u0131yla ilgili \u015funlar\u0131 kaydetti:<br \/>\n&#8220;Elimizde \u00e7ok iyi oyuncular var. Orta sahada \u00e7ok iyi oyuncular\u0131m\u0131z var, onlar\u0131n d\u0131\u015f\u0131nda profil bakaca\u011f\u0131z. Hem T\u00fcrkiye hem de \u015eampiyonlar Ligi&#8217;ne uygun orta saha bakaca\u011f\u0131z. Bize \u00e7ok b\u00fcy\u00fck katk\u0131 sa\u011flayacak oyuncu laz\u0131m. Ba\u015fkan\u0131m\u0131z en iyisi i\u00e7in yetki verdi. B\u00fct\u00e7emiz olacak. Alabilece\u011fimiz en iyi oyuncular\u0131 alaca\u011f\u0131z. \u00c7ok acil sa\u011f bek al\u0131nacak. Orta sahaya transfer yapaca\u011f\u0131z. H\u00fccum hatt\u0131na destek olabilecek oyuncular d\u00fc\u015f\u00fcn\u00fcyoruz. \u00c7ok \u00f6nemli oyuncular belirledik. Taraftarlar\u0131 \u00e7ok mutlu edecek transferler yapaca\u011f\u0131z, hepsi rahat olsun.&#8221;<\/p>\n<p>Buruk, Bayern M\u00fcnih&#8217;e transfer olan Sacha Boey&#8217;in kiralanmas\u0131yla ilgili soruya, &#8220;Yeni gitti ve sakatl\u0131k ya\u015fad\u0131. Bayern M\u00fcnih&#8217;in k\u0131sa s\u00fcrede vazge\u00e7ece\u011fini d\u00fc\u015f\u00fcnm\u00fcyorum. Herhangi bir g\u00f6r\u00fc\u015fme olmad\u0131. Vincent Kompany geldi, planlama yapacakt\u0131r. \u015eu anda \u00f6yle bir konu yok.&#8221; yan\u0131t\u0131n\u0131 verdi.<\/p>\n<p>Deneyimli teknik adam, transfer d\u00f6neminde bir\u00e7ok futbolcunun isminin ge\u00e7ti\u011fini, forvet i\u00e7in haz\u0131rl\u0131klar\u0131n\u0131n devam etti\u011fini ancak Michy Batshuayi ile ilgili transfer d\u00fc\u015f\u00fcncelerinin olmad\u0131\u011f\u0131n\u0131 s\u00f6yledi.<\/p>\n<p>Barcelona&#8217;da forma giyen \u0130lkay G\u00fcndo\u011fan&#8217;\u0131n transferiyle ilgili soru \u00fczerine Buruk, T\u00fcrk k\u00f6kenli Alman futbolcuyu herkesin kadrosunda g\u00f6rmek isteyece\u011fini ama y\u0131ld\u0131z oyuncunun Katalan ekibiyle s\u00f6zle\u015fmesinin devam etti\u011fini kaydetti.<\/p>\n","protected":false},"excerpt":{"rendered":"<p>Galatasaray, teknik direkt\u00f6r Okan Buruk ile s\u00f6zle\u015fme yeniledi. Galatasaray\u2019\u0131n 2 y\u0131ll\u0131\u011f\u0131na yeniden anla\u015ft\u0131\u011f\u0131 Teknik Direkt\u00f6r Okan Buruk\u2019un yeni s\u00f6zle\u015fmesi Kamuyu Ayd\u0131nlatma Platformu\u2019na (KAP) bildirildi. Sar\u0131-k\u0131rm\u0131z\u0131l\u0131 kul\u00fcb\u00fcn resmi internet sitesinden konuya ili\u015fkin yap\u0131lan a\u00e7\u0131klama \u015f\u00f6yle: \u201cFutbol A Tak\u0131m\u0131m\u0131z\u0131n Teknik Direkt\u00f6r\u00fc Okan Buruk ile 2024-2025 ve 2025-2026 sezonlar\u0131n\u0131 kapsayan 2 y\u0131ll\u0131k s\u00f6zle\u015fme imzalanm\u0131\u015ft\u0131r. Teknik Direkt\u00f6r\u00fcm\u00fcze, 2024-2025 sezonu<\/p>\n","protected":false},"author":1,"featured_media":45015,"comment_status":"open","ping_status":"open","sticky":false,"template":"","format":"standard","meta":{"footnotes":""},"categories":[85],"tags":[],"class_list":["post-45014","post","type-post","status-publish","format-standard","has-post-thumbnail","hentry","category-spor"],"yoast_head":"<!-- This site is optimized with the Yoast SEO plugin v27.5 - https:\/\/yoast.com\/product\/yoast-seo-wordpress\/ -->\n<title>Galatasaray Okan Buruk ile s\u00f6zle\u015fme yeniledi -<\/title>\n<meta name=\"robots\" content=\"index, follow, max-snippet:-1, max-image-preview:large, max-video-preview:-1\" \/>\n<link rel=\"canonical\" href=\"https:\/\/kibrisdakik.com\/?p=45014\" \/>\n<meta property=\"og:locale\" content=\"tr_TR\" \/>\n<meta property=\"og:type\" content=\"article\" \/>\n<meta property=\"og:title\" content=\"Galatasaray Okan Buruk ile s\u00f6zle\u015fme yeniledi -\" \/>\n<meta property=\"og:description\" content=\"Galatasaray, teknik direkt\u00f6r Okan Buruk ile s\u00f6zle\u015fme yeniledi. Galatasaray\u2019\u0131n 2 y\u0131ll\u0131\u011f\u0131na yeniden anla\u015ft\u0131\u011f\u0131 Teknik Direkt\u00f6r Okan Buruk\u2019un yeni s\u00f6zle\u015fmesi Kamuyu Ayd\u0131nlatma Platformu\u2019na (KAP) bildirildi. Sar\u0131-k\u0131rm\u0131z\u0131l\u0131 kul\u00fcb\u00fcn resmi internet sitesinden konuya ili\u015fkin yap\u0131lan a\u00e7\u0131klama \u015f\u00f6yle: \u201cFutbol A Tak\u0131m\u0131m\u0131z\u0131n Teknik Direkt\u00f6r\u00fc Okan Buruk ile 2024-2025 ve 2025-2026 sezonlar\u0131n\u0131 kapsayan 2 y\u0131ll\u0131k s\u00f6zle\u015fme imzalanm\u0131\u015ft\u0131r. Teknik Direkt\u00f6r\u00fcm\u00fcze, 2024-2025 sezonu\" \/>\n<meta property=\"og:url\" content=\"https:\/\/kibrisdakik.com\/?p=45014\" \/>\n<meta property=\"article:published_time\" content=\"2024-06-07T18:39:24+00:00\" \/>\n<meta property=\"og:image\" content=\"https:\/\/kibrisdakik.com\/wp-content\/uploads\/2024\/06\/galatasaray-okan-buruk-ile-sozlesme-yeniledi-alacagi-net-ucret-belli-oldu-1717778350799_1-740x420.jpg\" \/>\n\t<meta property=\"og:image:width\" content=\"1280\" \/>\n\t<meta property=\"og:image:height\" content=\"880\" \/>\n\t<meta property=\"og:image:type\" content=\"image\/jpeg\" \/>\n<meta name=\"author\" content=\"admin\" \/>\n<meta name=\"twitter:card\" content=\"summary_large_image\" \/>\n<meta name=\"twitter:label1\" content=\"Yazan:\" \/>\n\t<meta name=\"twitter:data1\" content=\"admin\" \/>\n\t<meta name=\"twitter:label2\" content=\"Tahmini okuma s\u00fcresi\" \/>\n\t<meta name=\"twitter:data2\" content=\"6 dakika\" \/>\n<script type=\"application\/ld+json\" class=\"yoast-schema-graph\">{\"@context\":\"https:\\\/\\\/schema.org\",\"@graph\":[{\"@type\":\"Article\",\"@id\":\"https:\\\/\\\/kibrisdakik.com\\\/?p=45014#article\",\"isPartOf\":{\"@id\":\"https:\\\/\\\/kibrisdakik.com\\\/?p=45014\"},\"author\":{\"name\":\"admin\",\"@id\":\"https:\\\/\\\/kibrisdakik.com\\\/#\\\/schema\\\/person\\\/9cd9d437bbb44f72b73ba127e06d8e79\"},\"headline\":\"Galatasaray Okan Buruk ile s\u00f6zle\u015fme yeniledi\",\"datePublished\":\"2024-06-07T18:39:24+00:00\",\"mainEntityOfPage\":{\"@id\":\"https:\\\/\\\/kibrisdakik.com\\\/?p=45014\"},\"wordCount\":1305,\"commentCount\":0,\"image\":{\"@id\":\"https:\\\/\\\/kibrisdakik.com\\\/?p=45014#primaryimage\"},\"thumbnailUrl\":\"https:\\\/\\\/kibrisdakik.com\\\/wp-content\\\/uploads\\\/2024\\\/06\\\/galatasaray-okan-buruk-ile-sozlesme-yeniledi-alacagi-net-ucret-belli-oldu-1717778350799_1-740x420.jpg\",\"articleSection\":[\"Spor\"],\"inLanguage\":\"tr\",\"potentialAction\":[{\"@type\":\"CommentAction\",\"name\":\"Comment\",\"target\":[\"https:\\\/\\\/kibrisdakik.com\\\/?p=45014#respond\"]}]},{\"@type\":\"WebPage\",\"@id\":\"https:\\\/\\\/kibrisdakik.com\\\/?p=45014\",\"url\":\"https:\\\/\\\/kibrisdakik.com\\\/?p=45014\",\"name\":\"Galatasaray Okan Buruk ile s\u00f6zle\u015fme yeniledi -\",\"isPartOf\":{\"@id\":\"https:\\\/\\\/kibrisdakik.com\\\/#website\"},\"primaryImageOfPage\":{\"@id\":\"https:\\\/\\\/kibrisdakik.com\\\/?p=45014#primaryimage\"},\"image\":{\"@id\":\"https:\\\/\\\/kibrisdakik.com\\\/?p=45014#primaryimage\"},\"thumbnailUrl\":\"https:\\\/\\\/kibrisdakik.com\\\/wp-content\\\/uploads\\\/2024\\\/06\\\/galatasaray-okan-buruk-ile-sozlesme-yeniledi-alacagi-net-ucret-belli-oldu-1717778350799_1-740x420.jpg\",\"datePublished\":\"2024-06-07T18:39:24+00:00\",\"author\":{\"@id\":\"https:\\\/\\\/kibrisdakik.com\\\/#\\\/schema\\\/person\\\/9cd9d437bbb44f72b73ba127e06d8e79\"},\"breadcrumb\":{\"@id\":\"https:\\\/\\\/kibrisdakik.com\\\/?p=45014#breadcrumb\"},\"inLanguage\":\"tr\",\"potentialAction\":[{\"@type\":\"ReadAction\",\"target\":[\"https:\\\/\\\/kibrisdakik.com\\\/?p=45014\"]}]},{\"@type\":\"ImageObject\",\"inLanguage\":\"tr\",\"@id\":\"https:\\\/\\\/kibrisdakik.com\\\/?p=45014#primaryimage\",\"url\":\"https:\\\/\\\/kibrisdakik.com\\\/wp-content\\\/uploads\\\/2024\\\/06\\\/galatasaray-okan-buruk-ile-sozlesme-yeniledi-alacagi-net-ucret-belli-oldu-1717778350799_1-740x420.jpg\",\"contentUrl\":\"https:\\\/\\\/kibrisdakik.com\\\/wp-content\\\/uploads\\\/2024\\\/06\\\/galatasaray-okan-buruk-ile-sozlesme-yeniledi-alacagi-net-ucret-belli-oldu-1717778350799_1-740x420.jpg\",\"width\":1280,\"height\":880},{\"@type\":\"BreadcrumbList\",\"@id\":\"https:\\\/\\\/kibrisdakik.com\\\/?p=45014#breadcrumb\",\"itemListElement\":[{\"@type\":\"ListItem\",\"position\":1,\"name\":\"Home\",\"item\":\"https:\\\/\\\/kibrisdakik.com\\\/\"},{\"@type\":\"ListItem\",\"position\":2,\"name\":\"Galatasaray Okan Buruk ile s\u00f6zle\u015fme yeniledi\"}]},{\"@type\":\"WebSite\",\"@id\":\"https:\\\/\\\/kibrisdakik.com\\\/#website\",\"url\":\"https:\\\/\\\/kibrisdakik.com\\\/\",\"name\":\"\",\"description\":\"Tam vaktinde haber\",\"potentialAction\":[{\"@type\":\"SearchAction\",\"target\":{\"@type\":\"EntryPoint\",\"urlTemplate\":\"https:\\\/\\\/kibrisdakik.com\\\/?s={search_term_string}\"},\"query-input\":{\"@type\":\"PropertyValueSpecification\",\"valueRequired\":true,\"valueName\":\"search_term_string\"}}],\"inLanguage\":\"tr\"},{\"@type\":\"Person\",\"@id\":\"https:\\\/\\\/kibrisdakik.com\\\/#\\\/schema\\\/person\\\/9cd9d437bbb44f72b73ba127e06d8e79\",\"name\":\"admin\",\"image\":{\"@type\":\"ImageObject\",\"inLanguage\":\"tr\",\"@id\":\"https:\\\/\\\/secure.gravatar.com\\\/avatar\\\/ccc17943b9d660506c869530f897617f7cb1c21a4bf30023f252596d83e1f007?s=96&d=mm&r=g\",\"url\":\"https:\\\/\\\/secure.gravatar.com\\\/avatar\\\/ccc17943b9d660506c869530f897617f7cb1c21a4bf30023f252596d83e1f007?s=96&d=mm&r=g\",\"contentUrl\":\"https:\\\/\\\/secure.gravatar.com\\\/avatar\\\/ccc17943b9d660506c869530f897617f7cb1c21a4bf30023f252596d83e1f007?s=96&d=mm&r=g\",\"caption\":\"admin\"},\"sameAs\":[\"https:\\\/\\\/kibrisdakik.com\"],\"url\":\"https:\\\/\\\/kibrisdakik.com\\\/?author=1\"}]}<\/script>\n<!-- \/ Yoast SEO plugin. -->","yoast_head_json":{"title":"Galatasaray Okan Buruk ile s\u00f6zle\u015fme yeniledi -","robots":{"index":"index","follow":"follow","max-snippet":"max-snippet:-1","max-image-preview":"max-image-preview:large","max-video-preview":"max-video-preview:-1"},"canonical":"https:\/\/kibrisdakik.com\/?p=45014","og_locale":"tr_TR","og_type":"article","og_title":"Galatasaray Okan Buruk ile s\u00f6zle\u015fme yeniledi -","og_description":"Galatasaray, teknik direkt\u00f6r Okan Buruk ile s\u00f6zle\u015fme yeniledi. Galatasaray\u2019\u0131n 2 y\u0131ll\u0131\u011f\u0131na yeniden anla\u015ft\u0131\u011f\u0131 Teknik Direkt\u00f6r Okan Buruk\u2019un yeni s\u00f6zle\u015fmesi Kamuyu Ayd\u0131nlatma Platformu\u2019na (KAP) bildirildi. Sar\u0131-k\u0131rm\u0131z\u0131l\u0131 kul\u00fcb\u00fcn resmi internet sitesinden konuya ili\u015fkin yap\u0131lan a\u00e7\u0131klama \u015f\u00f6yle: \u201cFutbol A Tak\u0131m\u0131m\u0131z\u0131n Teknik Direkt\u00f6r\u00fc Okan Buruk ile 2024-2025 ve 2025-2026 sezonlar\u0131n\u0131 kapsayan 2 y\u0131ll\u0131k s\u00f6zle\u015fme imzalanm\u0131\u015ft\u0131r. Teknik Direkt\u00f6r\u00fcm\u00fcze, 2024-2025 sezonu","og_url":"https:\/\/kibrisdakik.com\/?p=45014","article_published_time":"2024-06-07T18:39:24+00:00","og_image":[{"width":1280,"height":880,"url":"https:\/\/kibrisdakik.com\/wp-content\/uploads\/2024\/06\/galatasaray-okan-buruk-ile-sozlesme-yeniledi-alacagi-net-ucret-belli-oldu-1717778350799_1-740x420.jpg","type":"image\/jpeg"}],"author":"admin","twitter_card":"summary_large_image","twitter_misc":{"Yazan:":"admin","Tahmini okuma s\u00fcresi":"6 dakika"},"schema":{"@context":"https:\/\/schema.org","@graph":[{"@type":"Article","@id":"https:\/\/kibrisdakik.com\/?p=45014#article","isPartOf":{"@id":"https:\/\/kibrisdakik.com\/?p=45014"},"author":{"name":"admin","@id":"https:\/\/kibrisdakik.com\/#\/schema\/person\/9cd9d437bbb44f72b73ba127e06d8e79"},"headline":"Galatasaray Okan Buruk ile s\u00f6zle\u015fme yeniledi","datePublished":"2024-06-07T18:39:24+00:00","mainEntityOfPage":{"@id":"https:\/\/kibrisdakik.com\/?p=45014"},"wordCount":1305,"commentCount":0,"image":{"@id":"https:\/\/kibrisdakik.com\/?p=45014#primaryimage"},"thumbnailUrl":"https:\/\/kibrisdakik.com\/wp-content\/uploads\/2024\/06\/galatasaray-okan-buruk-ile-sozlesme-yeniledi-alacagi-net-ucret-belli-oldu-1717778350799_1-740x420.jpg","articleSection":["Spor"],"inLanguage":"tr","potentialAction":[{"@type":"CommentAction","name":"Comment","target":["https:\/\/kibrisdakik.com\/?p=45014#respond"]}]},{"@type":"WebPage","@id":"https:\/\/kibrisdakik.com\/?p=45014","url":"https:\/\/kibrisdakik.com\/?p=45014","name":"Galatasaray Okan Buruk ile s\u00f6zle\u015fme yeniledi -","isPartOf":{"@id":"https:\/\/kibrisdakik.com\/#website"},"primaryImageOfPage":{"@id":"https:\/\/kibrisdakik.com\/?p=45014#primaryimage"},"image":{"@id":"https:\/\/kibrisdakik.com\/?p=45014#primaryimage"},"thumbnailUrl":"https:\/\/kibrisdakik.com\/wp-content\/uploads\/2024\/06\/galatasaray-okan-buruk-ile-sozlesme-yeniledi-alacagi-net-ucret-belli-oldu-1717778350799_1-740x420.jpg","datePublished":"2024-06-07T18:39:24+00:00","author":{"@id":"https:\/\/kibrisdakik.com\/#\/schema\/person\/9cd9d437bbb44f72b73ba127e06d8e79"},"breadcrumb":{"@id":"https:\/\/kibrisdakik.com\/?p=45014#breadcrumb"},"inLanguage":"tr","potentialAction":[{"@type":"ReadAction","target":["https:\/\/kibrisdakik.com\/?p=45014"]}]},{"@type":"ImageObject","inLanguage":"tr","@id":"https:\/\/kibrisdakik.com\/?p=45014#primaryimage","url":"https:\/\/kibrisdakik.com\/wp-content\/uploads\/2024\/06\/galatasaray-okan-buruk-ile-sozlesme-yeniledi-alacagi-net-ucret-belli-oldu-1717778350799_1-740x420.jpg","contentUrl":"https:\/\/kibrisdakik.com\/wp-content\/uploads\/2024\/06\/galatasaray-okan-buruk-ile-sozlesme-yeniledi-alacagi-net-ucret-belli-oldu-1717778350799_1-740x420.jpg","width":1280,"height":880},{"@type":"BreadcrumbList","@id":"https:\/\/kibrisdakik.com\/?p=45014#breadcrumb","itemListElement":[{"@type":"ListItem","position":1,"name":"Home","item":"https:\/\/kibrisdakik.com\/"},{"@type":"ListItem","position":2,"name":"Galatasaray Okan Buruk ile s\u00f6zle\u015fme yeniledi"}]},{"@type":"WebSite","@id":"https:\/\/kibrisdakik.com\/#website","url":"https:\/\/kibrisdakik.com\/","name":"","description":"Tam vaktinde haber","potentialAction":[{"@type":"SearchAction","target":{"@type":"EntryPoint","urlTemplate":"https:\/\/kibrisdakik.com\/?s={search_term_string}"},"query-input":{"@type":"PropertyValueSpecification","valueRequired":true,"valueName":"search_term_string"}}],"inLanguage":"tr"},{"@type":"Person","@id":"https:\/\/kibrisdakik.com\/#\/schema\/person\/9cd9d437bbb44f72b73ba127e06d8e79","name":"admin","image":{"@type":"ImageObject","inLanguage":"tr","@id":"https:\/\/secure.gravatar.com\/avatar\/ccc17943b9d660506c869530f897617f7cb1c21a4bf30023f252596d83e1f007?s=96&d=mm&r=g","url":"https:\/\/secure.gravatar.com\/avatar\/ccc17943b9d660506c869530f897617f7cb1c21a4bf30023f252596d83e1f007?s=96&d=mm&r=g","contentUrl":"https:\/\/secure.gravatar.com\/avatar\/ccc17943b9d660506c869530f897617f7cb1c21a4bf30023f252596d83e1f007?s=96&d=mm&r=g","caption":"admin"},"sameAs":["https:\/\/kibrisdakik.com"],"url":"https:\/\/kibrisdakik.com\/?author=1"}]}},"_links":{"self":[{"href":"https:\/\/kibrisdakik.com\/index.php?rest_route=\/wp\/v2\/posts\/45014","targetHints":{"allow":["GET"]}}],"collection":[{"href":"https:\/\/kibrisdakik.com\/index.php?rest_route=\/wp\/v2\/posts"}],"about":[{"href":"https:\/\/kibrisdakik.com\/index.php?rest_route=\/wp\/v2\/types\/post"}],"author":[{"embeddable":true,"href":"https:\/\/kibrisdakik.com\/index.php?rest_route=\/wp\/v2\/users\/1"}],"replies":[{"embeddable":true,"href":"https:\/\/kibrisdakik.com\/index.php?rest_route=%2Fwp%2Fv2%2Fcomments&post=45014"}],"version-history":[{"count":0,"href":"https:\/\/kibrisdakik.com\/index.php?rest_route=\/wp\/v2\/posts\/45014\/revisions"}],"wp:featuredmedia":[{"embeddable":true,"href":"https:\/\/kibrisdakik.com\/index.php?rest_route=\/wp\/v2\/media\/45015"}],"wp:attachment":[{"href":"https:\/\/kibrisdakik.com\/index.php?rest_route=%2Fwp%2Fv2%2Fmedia&parent=45014"}],"wp:term":[{"taxonomy":"category","embeddable":true,"href":"https:\/\/kibrisdakik.com\/index.php?rest_route=%2Fwp%2Fv2%2Fcategories&post=45014"},{"taxonomy":"post_tag","embeddable":true,"href":"https:\/\/kibrisdakik.com\/index.php?rest_route=%2Fwp%2Fv2%2Ftags&post=45014"}],"curies":[{"name":"wp","href":"https:\/\/api.w.org\/{rel}","templated":true}]}}