{"id":45016,"date":"2024-06-07T18:41:59","date_gmt":"2024-06-07T18:41:59","guid":{"rendered":"https:\/\/kibrisdakik.com\/index.php\/2024\/06\/07\/lapta-balikci-barinagi-calismalarina-baslandi\/"},"modified":"2024-06-07T18:41:59","modified_gmt":"2024-06-07T18:41:59","slug":"lapta-balikci-barinagi-calismalarina-baslandi","status":"publish","type":"post","link":"https:\/\/kibrisdakik.com\/?p=45016","title":{"rendered":"Lapta Bal\u0131k\u00e7\u0131 Bar\u0131na\u011f\u0131 \u00e7al\u0131\u015fmalar\u0131na ba\u015fland\u0131"},"content":{"rendered":"<p><img decoding=\"async\" src=\"https:\/\/www.kibristurk.com\/images\/haberler\/2024\/06\/lapta-balikci-barinagi-calismalarina-baslandi-1717777613.webp\" \/><\/p>\n<p style=\"text-align:left\"><span style=\"font-size:16px\"><span style=\"font-family:Merriweather,serif !important\"><span style=\"color:#000000\"><span style=\"background-color:#ffffff\">Tar\u0131m ve Do\u011fal Bakanl\u0131\u011f\u0131\u2019ndan yap\u0131lan yaz\u0131l\u0131 a\u00e7\u0131klamaya g\u00f6re, \u00e7al\u0131\u015fmalar kapsam\u0131nda \u00f6ncelikle teknelerin ba\u011fl\u0131 bulundu\u011fu alan ekskavat\u00f6r ile geni\u015fletilerek hem g\u00fcvenli bir \u00e7al\u0131\u015fma alan\u0131 yarat\u0131lacak hem de r\u0131ht\u0131m geni\u015fletilmi\u015f olacak.<\/span><\/span><\/span><\/span><\/p>\n<p style=\"text-align:left\"><span style=\"font-size:16px\"><span style=\"font-family:Merriweather,serif !important\"><span style=\"color:#000000\"><span style=\"background-color:#ffffff\">&nbsp;<\/span><\/span><\/span><\/span><\/p>\n<p style=\"text-align:left\"><span style=\"font-size:16px\"><span style=\"font-family:Merriweather,serif !important\"><span style=\"color:#000000\"><span style=\"background-color:#ffffff\">\u00c7al\u0131\u015fmalar kapsam\u0131nda bar\u0131nak i\u00e7erisine r\u00fczg\u00e2r, ak\u0131nt\u0131 ve di\u011fer hava ko\u015fullar\u0131 nedeniyle dolan \u00e7amur, yosun ve kum temizlenecek. B\u00f6ylelikle bar\u0131nak, giri\u015f-\u00e7\u0131k\u0131\u015flar\u0131 ile bal\u0131k\u00e7\u0131l\u0131k faaliyetlerinde ya\u015fanan g\u00fc\u00e7l\u00fckler de bertaraf edilmi\u015f olacak.<\/span><\/span><\/span><\/span><\/p>\n","protected":false},"excerpt":{"rendered":"<p>Tar\u0131m ve Do\u011fal Bakanl\u0131\u011f\u0131\u2019ndan yap\u0131lan yaz\u0131l\u0131 a\u00e7\u0131klamaya g\u00f6re, \u00e7al\u0131\u015fmalar kapsam\u0131nda \u00f6ncelikle teknelerin ba\u011fl\u0131 bulundu\u011fu alan ekskavat\u00f6r ile geni\u015fletilerek hem g\u00fcvenli bir \u00e7al\u0131\u015fma alan\u0131 yarat\u0131lacak hem de r\u0131ht\u0131m geni\u015fletilmi\u015f olacak. &nbsp; \u00c7al\u0131\u015fmalar kapsam\u0131nda bar\u0131nak i\u00e7erisine r\u00fczg\u00e2r, ak\u0131nt\u0131 ve di\u011fer hava ko\u015fullar\u0131 nedeniyle dolan \u00e7amur, yosun ve kum temizlenecek. B\u00f6ylelikle bar\u0131nak, giri\u015f-\u00e7\u0131k\u0131\u015flar\u0131 ile bal\u0131k\u00e7\u0131l\u0131k faaliyetlerinde ya\u015fanan g\u00fc\u00e7l\u00fckler<\/p>\n","protected":false},"author":1,"featured_media":45017,"comment_status":"open","ping_status":"open","sticky":false,"template":"","format":"standard","meta":{"footnotes":""},"categories":[79],"tags":[],"class_list":["post-45016","post","type-post","status-publish","format-standard","has-post-thumbnail","hentry","category-ekonomi"],"yoast_head":"<!-- This site is optimized with the Yoast SEO plugin v27.5 - https:\/\/yoast.com\/product\/yoast-seo-wordpress\/ -->\n<title>Lapta Bal\u0131k\u00e7\u0131 Bar\u0131na\u011f\u0131 \u00e7al\u0131\u015fmalar\u0131na ba\u015fland\u0131 -<\/title>\n<meta name=\"robots\" content=\"index, follow, max-snippet:-1, max-image-preview:large, max-video-preview:-1\" \/>\n<link rel=\"canonical\" href=\"https:\/\/kibrisdakik.com\/?p=45016\" \/>\n<meta property=\"og:locale\" content=\"tr_TR\" \/>\n<meta property=\"og:type\" content=\"article\" \/>\n<meta property=\"og:title\" content=\"Lapta Bal\u0131k\u00e7\u0131 Bar\u0131na\u011f\u0131 \u00e7al\u0131\u015fmalar\u0131na ba\u015fland\u0131 -\" \/>\n<meta property=\"og:description\" content=\"Tar\u0131m ve Do\u011fal Bakanl\u0131\u011f\u0131\u2019ndan yap\u0131lan yaz\u0131l\u0131 a\u00e7\u0131klamaya g\u00f6re, \u00e7al\u0131\u015fmalar kapsam\u0131nda \u00f6ncelikle teknelerin ba\u011fl\u0131 bulundu\u011fu alan ekskavat\u00f6r ile geni\u015fletilerek hem g\u00fcvenli bir \u00e7al\u0131\u015fma alan\u0131 yarat\u0131lacak hem de r\u0131ht\u0131m geni\u015fletilmi\u015f olacak. &nbsp; \u00c7al\u0131\u015fmalar kapsam\u0131nda bar\u0131nak i\u00e7erisine r\u00fczg\u00e2r, ak\u0131nt\u0131 ve di\u011fer hava ko\u015fullar\u0131 nedeniyle dolan \u00e7amur, yosun ve kum temizlenecek. B\u00f6ylelikle bar\u0131nak, giri\u015f-\u00e7\u0131k\u0131\u015flar\u0131 ile bal\u0131k\u00e7\u0131l\u0131k faaliyetlerinde ya\u015fanan g\u00fc\u00e7l\u00fckler\" \/>\n<meta property=\"og:url\" content=\"https:\/\/kibrisdakik.com\/?p=45016\" \/>\n<meta property=\"article:published_time\" content=\"2024-06-07T18:41:59+00:00\" \/>\n<meta property=\"og:image\" content=\"https:\/\/kibrisdakik.com\/wp-content\/uploads\/2024\/06\/lapta-balikci-barinagi-calismalarina-baslandi-1717777613.webp.webp\" \/>\n\t<meta property=\"og:image:width\" content=\"710\" \/>\n\t<meta property=\"og:image:height\" content=\"370\" \/>\n\t<meta property=\"og:image:type\" content=\"image\/webp\" \/>\n<meta name=\"author\" content=\"admin\" \/>\n<meta name=\"twitter:card\" content=\"summary_large_image\" \/>\n<meta name=\"twitter:label1\" content=\"Yazan:\" \/>\n\t<meta name=\"twitter:data1\" content=\"admin\" \/>\n<script type=\"application\/ld+json\" class=\"yoast-schema-graph\">{\"@context\":\"https:\\\/\\\/schema.org\",\"@graph\":[{\"@type\":\"Article\",\"@id\":\"https:\\\/\\\/kibrisdakik.com\\\/?p=45016#article\",\"isPartOf\":{\"@id\":\"https:\\\/\\\/kibrisdakik.com\\\/?p=45016\"},\"author\":{\"name\":\"admin\",\"@id\":\"https:\\\/\\\/kibrisdakik.com\\\/#\\\/schema\\\/person\\\/9cd9d437bbb44f72b73ba127e06d8e79\"},\"headline\":\"Lapta Bal\u0131k\u00e7\u0131 Bar\u0131na\u011f\u0131 \u00e7al\u0131\u015fmalar\u0131na ba\u015fland\u0131\",\"datePublished\":\"2024-06-07T18:41:59+00:00\",\"mainEntityOfPage\":{\"@id\":\"https:\\\/\\\/kibrisdakik.com\\\/?p=45016\"},\"wordCount\":108,\"commentCount\":0,\"image\":{\"@id\":\"https:\\\/\\\/kibrisdakik.com\\\/?p=45016#primaryimage\"},\"thumbnailUrl\":\"https:\\\/\\\/kibrisdakik.com\\\/wp-content\\\/uploads\\\/2024\\\/06\\\/lapta-balikci-barinagi-calismalarina-baslandi-1717777613.webp.webp\",\"articleSection\":[\"Ekonomi\"],\"inLanguage\":\"tr\",\"potentialAction\":[{\"@type\":\"CommentAction\",\"name\":\"Comment\",\"target\":[\"https:\\\/\\\/kibrisdakik.com\\\/?p=45016#respond\"]}]},{\"@type\":\"WebPage\",\"@id\":\"https:\\\/\\\/kibrisdakik.com\\\/?p=45016\",\"url\":\"https:\\\/\\\/kibrisdakik.com\\\/?p=45016\",\"name\":\"Lapta Bal\u0131k\u00e7\u0131 Bar\u0131na\u011f\u0131 \u00e7al\u0131\u015fmalar\u0131na ba\u015fland\u0131 -\",\"isPartOf\":{\"@id\":\"https:\\\/\\\/kibrisdakik.com\\\/#website\"},\"primaryImageOfPage\":{\"@id\":\"https:\\\/\\\/kibrisdakik.com\\\/?p=45016#primaryimage\"},\"image\":{\"@id\":\"https:\\\/\\\/kibrisdakik.com\\\/?p=45016#primaryimage\"},\"thumbnailUrl\":\"https:\\\/\\\/kibrisdakik.com\\\/wp-content\\\/uploads\\\/2024\\\/06\\\/lapta-balikci-barinagi-calismalarina-baslandi-1717777613.webp.webp\",\"datePublished\":\"2024-06-07T18:41:59+00:00\",\"author\":{\"@id\":\"https:\\\/\\\/kibrisdakik.com\\\/#\\\/schema\\\/person\\\/9cd9d437bbb44f72b73ba127e06d8e79\"},\"breadcrumb\":{\"@id\":\"https:\\\/\\\/kibrisdakik.com\\\/?p=45016#breadcrumb\"},\"inLanguage\":\"tr\",\"potentialAction\":[{\"@type\":\"ReadAction\",\"target\":[\"https:\\\/\\\/kibrisdakik.com\\\/?p=45016\"]}]},{\"@type\":\"ImageObject\",\"inLanguage\":\"tr\",\"@id\":\"https:\\\/\\\/kibrisdakik.com\\\/?p=45016#primaryimage\",\"url\":\"https:\\\/\\\/kibrisdakik.com\\\/wp-content\\\/uploads\\\/2024\\\/06\\\/lapta-balikci-barinagi-calismalarina-baslandi-1717777613.webp.webp\",\"contentUrl\":\"https:\\\/\\\/kibrisdakik.com\\\/wp-content\\\/uploads\\\/2024\\\/06\\\/lapta-balikci-barinagi-calismalarina-baslandi-1717777613.webp.webp\",\"width\":710,\"height\":370},{\"@type\":\"BreadcrumbList\",\"@id\":\"https:\\\/\\\/kibrisdakik.com\\\/?p=45016#breadcrumb\",\"itemListElement\":[{\"@type\":\"ListItem\",\"position\":1,\"name\":\"Home\",\"item\":\"https:\\\/\\\/kibrisdakik.com\\\/\"},{\"@type\":\"ListItem\",\"position\":2,\"name\":\"Lapta Bal\u0131k\u00e7\u0131 Bar\u0131na\u011f\u0131 \u00e7al\u0131\u015fmalar\u0131na ba\u015fland\u0131\"}]},{\"@type\":\"WebSite\",\"@id\":\"https:\\\/\\\/kibrisdakik.com\\\/#website\",\"url\":\"https:\\\/\\\/kibrisdakik.com\\\/\",\"name\":\"\",\"description\":\"Tam vaktinde haber\",\"potentialAction\":[{\"@type\":\"SearchAction\",\"target\":{\"@type\":\"EntryPoint\",\"urlTemplate\":\"https:\\\/\\\/kibrisdakik.com\\\/?s={search_term_string}\"},\"query-input\":{\"@type\":\"PropertyValueSpecification\",\"valueRequired\":true,\"valueName\":\"search_term_string\"}}],\"inLanguage\":\"tr\"},{\"@type\":\"Person\",\"@id\":\"https:\\\/\\\/kibrisdakik.com\\\/#\\\/schema\\\/person\\\/9cd9d437bbb44f72b73ba127e06d8e79\",\"name\":\"admin\",\"image\":{\"@type\":\"ImageObject\",\"inLanguage\":\"tr\",\"@id\":\"https:\\\/\\\/secure.gravatar.com\\\/avatar\\\/ccc17943b9d660506c869530f897617f7cb1c21a4bf30023f252596d83e1f007?s=96&d=mm&r=g\",\"url\":\"https:\\\/\\\/secure.gravatar.com\\\/avatar\\\/ccc17943b9d660506c869530f897617f7cb1c21a4bf30023f252596d83e1f007?s=96&d=mm&r=g\",\"contentUrl\":\"https:\\\/\\\/secure.gravatar.com\\\/avatar\\\/ccc17943b9d660506c869530f897617f7cb1c21a4bf30023f252596d83e1f007?s=96&d=mm&r=g\",\"caption\":\"admin\"},\"sameAs\":[\"https:\\\/\\\/kibrisdakik.com\"],\"url\":\"https:\\\/\\\/kibrisdakik.com\\\/?author=1\"}]}<\/script>\n<!-- \/ Yoast SEO plugin. -->","yoast_head_json":{"title":"Lapta Bal\u0131k\u00e7\u0131 Bar\u0131na\u011f\u0131 \u00e7al\u0131\u015fmalar\u0131na ba\u015fland\u0131 -","robots":{"index":"index","follow":"follow","max-snippet":"max-snippet:-1","max-image-preview":"max-image-preview:large","max-video-preview":"max-video-preview:-1"},"canonical":"https:\/\/kibrisdakik.com\/?p=45016","og_locale":"tr_TR","og_type":"article","og_title":"Lapta Bal\u0131k\u00e7\u0131 Bar\u0131na\u011f\u0131 \u00e7al\u0131\u015fmalar\u0131na ba\u015fland\u0131 -","og_description":"Tar\u0131m ve Do\u011fal Bakanl\u0131\u011f\u0131\u2019ndan yap\u0131lan yaz\u0131l\u0131 a\u00e7\u0131klamaya g\u00f6re, \u00e7al\u0131\u015fmalar kapsam\u0131nda \u00f6ncelikle teknelerin ba\u011fl\u0131 bulundu\u011fu alan ekskavat\u00f6r ile geni\u015fletilerek hem g\u00fcvenli bir \u00e7al\u0131\u015fma alan\u0131 yarat\u0131lacak hem de r\u0131ht\u0131m geni\u015fletilmi\u015f olacak. &nbsp; \u00c7al\u0131\u015fmalar kapsam\u0131nda bar\u0131nak i\u00e7erisine r\u00fczg\u00e2r, ak\u0131nt\u0131 ve di\u011fer hava ko\u015fullar\u0131 nedeniyle dolan \u00e7amur, yosun ve kum temizlenecek. B\u00f6ylelikle bar\u0131nak, giri\u015f-\u00e7\u0131k\u0131\u015flar\u0131 ile bal\u0131k\u00e7\u0131l\u0131k faaliyetlerinde ya\u015fanan g\u00fc\u00e7l\u00fckler","og_url":"https:\/\/kibrisdakik.com\/?p=45016","article_published_time":"2024-06-07T18:41:59+00:00","og_image":[{"width":710,"height":370,"url":"https:\/\/kibrisdakik.com\/wp-content\/uploads\/2024\/06\/lapta-balikci-barinagi-calismalarina-baslandi-1717777613.webp.webp","type":"image\/webp"}],"author":"admin","twitter_card":"summary_large_image","twitter_misc":{"Yazan:":"admin"},"schema":{"@context":"https:\/\/schema.org","@graph":[{"@type":"Article","@id":"https:\/\/kibrisdakik.com\/?p=45016#article","isPartOf":{"@id":"https:\/\/kibrisdakik.com\/?p=45016"},"author":{"name":"admin","@id":"https:\/\/kibrisdakik.com\/#\/schema\/person\/9cd9d437bbb44f72b73ba127e06d8e79"},"headline":"Lapta Bal\u0131k\u00e7\u0131 Bar\u0131na\u011f\u0131 \u00e7al\u0131\u015fmalar\u0131na ba\u015fland\u0131","datePublished":"2024-06-07T18:41:59+00:00","mainEntityOfPage":{"@id":"https:\/\/kibrisdakik.com\/?p=45016"},"wordCount":108,"commentCount":0,"image":{"@id":"https:\/\/kibrisdakik.com\/?p=45016#primaryimage"},"thumbnailUrl":"https:\/\/kibrisdakik.com\/wp-content\/uploads\/2024\/06\/lapta-balikci-barinagi-calismalarina-baslandi-1717777613.webp.webp","articleSection":["Ekonomi"],"inLanguage":"tr","potentialAction":[{"@type":"CommentAction","name":"Comment","target":["https:\/\/kibrisdakik.com\/?p=45016#respond"]}]},{"@type":"WebPage","@id":"https:\/\/kibrisdakik.com\/?p=45016","url":"https:\/\/kibrisdakik.com\/?p=45016","name":"Lapta Bal\u0131k\u00e7\u0131 Bar\u0131na\u011f\u0131 \u00e7al\u0131\u015fmalar\u0131na ba\u015fland\u0131 -","isPartOf":{"@id":"https:\/\/kibrisdakik.com\/#website"},"primaryImageOfPage":{"@id":"https:\/\/kibrisdakik.com\/?p=45016#primaryimage"},"image":{"@id":"https:\/\/kibrisdakik.com\/?p=45016#primaryimage"},"thumbnailUrl":"https:\/\/kibrisdakik.com\/wp-content\/uploads\/2024\/06\/lapta-balikci-barinagi-calismalarina-baslandi-1717777613.webp.webp","datePublished":"2024-06-07T18:41:59+00:00","author":{"@id":"https:\/\/kibrisdakik.com\/#\/schema\/person\/9cd9d437bbb44f72b73ba127e06d8e79"},"breadcrumb":{"@id":"https:\/\/kibrisdakik.com\/?p=45016#breadcrumb"},"inLanguage":"tr","potentialAction":[{"@type":"ReadAction","target":["https:\/\/kibrisdakik.com\/?p=45016"]}]},{"@type":"ImageObject","inLanguage":"tr","@id":"https:\/\/kibrisdakik.com\/?p=45016#primaryimage","url":"https:\/\/kibrisdakik.com\/wp-content\/uploads\/2024\/06\/lapta-balikci-barinagi-calismalarina-baslandi-1717777613.webp.webp","contentUrl":"https:\/\/kibrisdakik.com\/wp-content\/uploads\/2024\/06\/lapta-balikci-barinagi-calismalarina-baslandi-1717777613.webp.webp","width":710,"height":370},{"@type":"BreadcrumbList","@id":"https:\/\/kibrisdakik.com\/?p=45016#breadcrumb","itemListElement":[{"@type":"ListItem","position":1,"name":"Home","item":"https:\/\/kibrisdakik.com\/"},{"@type":"ListItem","position":2,"name":"Lapta Bal\u0131k\u00e7\u0131 Bar\u0131na\u011f\u0131 \u00e7al\u0131\u015fmalar\u0131na ba\u015fland\u0131"}]},{"@type":"WebSite","@id":"https:\/\/kibrisdakik.com\/#website","url":"https:\/\/kibrisdakik.com\/","name":"","description":"Tam vaktinde haber","potentialAction":[{"@type":"SearchAction","target":{"@type":"EntryPoint","urlTemplate":"https:\/\/kibrisdakik.com\/?s={search_term_string}"},"query-input":{"@type":"PropertyValueSpecification","valueRequired":true,"valueName":"search_term_string"}}],"inLanguage":"tr"},{"@type":"Person","@id":"https:\/\/kibrisdakik.com\/#\/schema\/person\/9cd9d437bbb44f72b73ba127e06d8e79","name":"admin","image":{"@type":"ImageObject","inLanguage":"tr","@id":"https:\/\/secure.gravatar.com\/avatar\/ccc17943b9d660506c869530f897617f7cb1c21a4bf30023f252596d83e1f007?s=96&d=mm&r=g","url":"https:\/\/secure.gravatar.com\/avatar\/ccc17943b9d660506c869530f897617f7cb1c21a4bf30023f252596d83e1f007?s=96&d=mm&r=g","contentUrl":"https:\/\/secure.gravatar.com\/avatar\/ccc17943b9d660506c869530f897617f7cb1c21a4bf30023f252596d83e1f007?s=96&d=mm&r=g","caption":"admin"},"sameAs":["https:\/\/kibrisdakik.com"],"url":"https:\/\/kibrisdakik.com\/?author=1"}]}},"_links":{"self":[{"href":"https:\/\/kibrisdakik.com\/index.php?rest_route=\/wp\/v2\/posts\/45016","targetHints":{"allow":["GET"]}}],"collection":[{"href":"https:\/\/kibrisdakik.com\/index.php?rest_route=\/wp\/v2\/posts"}],"about":[{"href":"https:\/\/kibrisdakik.com\/index.php?rest_route=\/wp\/v2\/types\/post"}],"author":[{"embeddable":true,"href":"https:\/\/kibrisdakik.com\/index.php?rest_route=\/wp\/v2\/users\/1"}],"replies":[{"embeddable":true,"href":"https:\/\/kibrisdakik.com\/index.php?rest_route=%2Fwp%2Fv2%2Fcomments&post=45016"}],"version-history":[{"count":0,"href":"https:\/\/kibrisdakik.com\/index.php?rest_route=\/wp\/v2\/posts\/45016\/revisions"}],"wp:featuredmedia":[{"embeddable":true,"href":"https:\/\/kibrisdakik.com\/index.php?rest_route=\/wp\/v2\/media\/45017"}],"wp:attachment":[{"href":"https:\/\/kibrisdakik.com\/index.php?rest_route=%2Fwp%2Fv2%2Fmedia&parent=45016"}],"wp:term":[{"taxonomy":"category","embeddable":true,"href":"https:\/\/kibrisdakik.com\/index.php?rest_route=%2Fwp%2Fv2%2Fcategories&post=45016"},{"taxonomy":"post_tag","embeddable":true,"href":"https:\/\/kibrisdakik.com\/index.php?rest_route=%2Fwp%2Fv2%2Ftags&post=45016"}],"curies":[{"name":"wp","href":"https:\/\/api.w.org\/{rel}","templated":true}]}}