{"id":45036,"date":"2024-06-07T21:45:27","date_gmt":"2024-06-07T21:45:27","guid":{"rendered":"https:\/\/kibrisdakik.com\/index.php\/2024\/06\/07\/almanyada-aile-ici-siddet-vakalarinda-artis-kaydedildi\/"},"modified":"2024-06-07T21:45:27","modified_gmt":"2024-06-07T21:45:27","slug":"almanyada-aile-ici-siddet-vakalarinda-artis-kaydedildi","status":"publish","type":"post","link":"https:\/\/kibrisdakik.com\/?p=45036","title":{"rendered":"Almanya&#039;da aile i\u00e7i \u015fiddet vakalar\u0131nda art\u0131\u015f kaydedildi"},"content":{"rendered":"<p><img decoding=\"async\" src=\"https:\/\/www.kibristurk.com\/images\/haberler\/2024\/06\/almanyada-aile-ici-siddet-vakalarinda-artis-kaydedildi-1717773354.webp\" \/><\/p>\n<p style=\"text-align:left\"><span style=\"font-size:16px\"><span style=\"font-family:Merriweather,serif !important\"><span style=\"color:#000000\"><span style=\"background-color:#ffffff\">Almanya \u0130\u00e7i\u015fleri Bakan\u0131 Nancy Faeser ve Aile Bakan\u0131 Lisa Paus&#8217;un Federal Emniyet Te\u015fkilat\u0131 (BKA) Ba\u015fkan Yard\u0131mc\u0131s\u0131 Martina Link ile kamuoyuna a\u00e7\u0131klad\u0131\u011f\u0131 2023 y\u0131l\u0131 aile i\u00e7i \u015fiddet raporuna g\u00f6re, Almanya&#8217;da 2023 y\u0131l\u0131nda 256 bin 276 ki\u015fi aile i\u00e7i \u015fiddet ma\u011fduru oldu.<\/span><\/span><\/span><\/span><\/p>\n<p style=\"text-align:left\"><span style=\"font-size:16px\"><span style=\"font-family:Merriweather,serif !important\"><span style=\"color:#000000\"><span style=\"background-color:#ffffff\">Bu t\u00fcr \u015fiddete maruz kalanlar\u0131n y\u00fczde 70&#8217;ini kad\u0131nlar\u0131n olu\u015fturdu\u011fu kaydedildi.<\/span><\/span><\/span><\/span><\/p>\n<p style=\"text-align:left\"><span style=\"font-size:16px\"><span style=\"font-family:Merriweather,serif !important\"><span style=\"color:#000000\"><span style=\"background-color:#ffffff\">Aile i\u00e7i \u015fiddet vakalar\u0131nda 2022 y\u0131l\u0131nda 2021&#8217;e g\u00f6re y\u00fczde 8&#8217;lik art\u0131\u015f g\u00f6r\u00fclm\u00fc\u015ft\u00fc.<\/span><\/span><\/span><\/span><\/p>\n<p style=\"text-align:left\"><span style=\"font-size:16px\"><span style=\"font-family:Merriweather,serif !important\"><span style=\"color:#000000\"><span style=\"background-color:#ffffff\">Federal \u0130\u00e7i\u015fleri Bakan\u0131 Nancy Faeser, yapt\u0131\u011f\u0131 a\u00e7\u0131klamada, \u201cToplum olarak kad\u0131na y\u00f6nelik \u015fiddeti ve aile i\u00e7i \u015fiddeti ara\u015ft\u0131rd\u0131\u011f\u0131m\u0131z\u0131, m\u00fcdahale etti\u011fimizi ve hi\u00e7bir ko\u015fulda kabul etmedi\u011fimizi a\u00e7\u0131k\u00e7a belirtmeliyiz. Etkilenenleri g\u00fc\u00e7lendirmek ve onlar\u0131 su\u00e7lular\u0131 bildirmeye te\u015fvik etmek istiyoruz. O zaman daha fazla fail cezai olarak sorumlu tutulabilir. Kimse \u015fiddet ma\u011fduru olmaktan utanmamal\u0131. Su\u00e7 hi\u00e7bir zaman ma\u011fdurda de\u011fil, her zaman faildedir.&#8221; dedi.<\/span><\/span><\/span><\/span><\/p>\n<p style=\"text-align:left\"><span style=\"font-size:16px\"><span style=\"font-family:Merriweather,serif !important\"><span style=\"color:#000000\"><span style=\"background-color:#ffffff\">Federal polis noktalar\u0131nda \u015fiddetten etkilenen kad\u0131nlar i\u00e7in s\u00fcrekli bulunacak saya\u00e7lar kurulaca\u011f\u0131n\u0131 aktaran Faeser, \u00f6zel e\u011fitimli memurlar\u0131n \u015fikayetleri buraya kaydedip yard\u0131mc\u0131 olabilece\u011fini belirtti.<\/span><\/span><\/span><\/span><\/p>\n<p style=\"text-align:left\"><span style=\"font-size:16px\"><span style=\"font-family:Merriweather,serif !important\"><span style=\"color:#000000\"><span style=\"background-color:#ffffff\">Faeser, &#8220;Ayr\u0131ca ba\u015fka bir ad\u0131m\u0131 da tart\u0131\u015f\u0131yoruz. Failler elektronik bileklikle takip edilirse polis acil bir durumda daha h\u0131zl\u0131 m\u00fcdahale edebilir ve kad\u0131na y\u00f6nelik \u015fiddetin yeniden ba\u015flamas\u0131n\u0131 daha iyi \u00f6nleyebilir.&#8221; ifadesini kulland\u0131.<\/span><\/span><\/span><\/span><\/p>\n<p style=\"text-align:left\"><span style=\"font-size:16px\"><span style=\"font-family:Merriweather,serif !important\"><span style=\"color:#000000\"><span style=\"background-color:#ffffff\">Federal Kad\u0131n Bakan\u0131 Lisa Paus ise \u201cAile i\u00e7i \u015fiddete ili\u015fkin ciddi oranda artan rakamlar \u00fcz\u00fcc\u00fc bir ger\u00e7e\u011fin korkutucu boyutlar\u0131n\u0131 bir kez daha g\u00f6steriyor. \u015eiddet g\u00fcndelik bir olgudur, bu kabul edilemez. Bu beni derinden etkiliyor. Federal h\u00fck\u00fcmetin amac\u0131 ba\u015fta kad\u0131nlar olmak \u00fczere t\u00fcm insanlar\u0131 \u015fiddetten etkili bir \u015fekilde korumakt\u0131r.&#8221; de\u011ferlendirmesinde bulundu.<\/span><\/span><\/span><\/span><\/p>\n","protected":false},"excerpt":{"rendered":"<p>Almanya \u0130\u00e7i\u015fleri Bakan\u0131 Nancy Faeser ve Aile Bakan\u0131 Lisa Paus&#8217;un Federal Emniyet Te\u015fkilat\u0131 (BKA) Ba\u015fkan Yard\u0131mc\u0131s\u0131 Martina Link ile kamuoyuna a\u00e7\u0131klad\u0131\u011f\u0131 2023 y\u0131l\u0131 aile i\u00e7i \u015fiddet raporuna g\u00f6re, Almanya&#8217;da 2023 y\u0131l\u0131nda 256 bin 276 ki\u015fi aile i\u00e7i \u015fiddet ma\u011fduru oldu. Bu t\u00fcr \u015fiddete maruz kalanlar\u0131n y\u00fczde 70&#8217;ini kad\u0131nlar\u0131n olu\u015fturdu\u011fu kaydedildi. Aile i\u00e7i \u015fiddet vakalar\u0131nda 2022<\/p>\n","protected":false},"author":1,"featured_media":45037,"comment_status":"open","ping_status":"open","sticky":false,"template":"","format":"standard","meta":{"footnotes":""},"categories":[79],"tags":[],"class_list":["post-45036","post","type-post","status-publish","format-standard","has-post-thumbnail","hentry","category-ekonomi"],"yoast_head":"<!-- This site is optimized with the Yoast SEO plugin v28.3 - https:\/\/yoast.com\/product\/yoast-seo-wordpress\/ -->\n<title>Almanya&#039;da aile i\u00e7i \u015fiddet vakalar\u0131nda art\u0131\u015f kaydedildi -<\/title>\n<meta name=\"robots\" content=\"index, follow, max-snippet:-1, max-image-preview:large, max-video-preview:-1\" \/>\n<link rel=\"canonical\" href=\"https:\/\/kibrisdakik.com\/?p=45036\" \/>\n<meta property=\"og:locale\" content=\"tr_TR\" \/>\n<meta property=\"og:type\" content=\"article\" \/>\n<meta property=\"og:title\" content=\"Almanya&#039;da aile i\u00e7i \u015fiddet vakalar\u0131nda art\u0131\u015f kaydedildi -\" \/>\n<meta property=\"og:description\" content=\"Almanya \u0130\u00e7i\u015fleri Bakan\u0131 Nancy Faeser ve Aile Bakan\u0131 Lisa Paus&#8217;un Federal Emniyet Te\u015fkilat\u0131 (BKA) Ba\u015fkan Yard\u0131mc\u0131s\u0131 Martina Link ile kamuoyuna a\u00e7\u0131klad\u0131\u011f\u0131 2023 y\u0131l\u0131 aile i\u00e7i \u015fiddet raporuna g\u00f6re, Almanya&#8217;da 2023 y\u0131l\u0131nda 256 bin 276 ki\u015fi aile i\u00e7i \u015fiddet ma\u011fduru oldu. Bu t\u00fcr \u015fiddete maruz kalanlar\u0131n y\u00fczde 70&#8217;ini kad\u0131nlar\u0131n olu\u015fturdu\u011fu kaydedildi. Aile i\u00e7i \u015fiddet vakalar\u0131nda 2022\" \/>\n<meta property=\"og:url\" content=\"https:\/\/kibrisdakik.com\/?p=45036\" \/>\n<meta property=\"article:published_time\" content=\"2024-06-07T21:45:27+00:00\" \/>\n<meta property=\"og:image\" content=\"https:\/\/kibrisdakik.com\/wp-content\/uploads\/2024\/06\/almanyada-aile-ici-siddet-vakalarinda-artis-kaydedildi-1717773354.webp.webp\" \/>\n\t<meta property=\"og:image:width\" content=\"710\" \/>\n\t<meta property=\"og:image:height\" content=\"370\" \/>\n\t<meta property=\"og:image:type\" content=\"image\/webp\" \/>\n<meta name=\"author\" content=\"admin\" \/>\n<meta name=\"twitter:card\" content=\"summary_large_image\" \/>\n<meta name=\"twitter:label1\" content=\"Yazan:\" \/>\n\t<meta name=\"twitter:data1\" content=\"admin\" \/>\n\t<meta name=\"twitter:label2\" content=\"Tahmini okuma s\u00fcresi\" \/>\n\t<meta name=\"twitter:data2\" content=\"2 dakika\" \/>\n<script type=\"application\/ld+json\" class=\"yoast-schema-graph\">{\"@context\":\"https:\\\/\\\/schema.org\",\"@graph\":[{\"@type\":\"Article\",\"@id\":\"https:\\\/\\\/kibrisdakik.com\\\/?p=45036#article\",\"isPartOf\":{\"@id\":\"https:\\\/\\\/kibrisdakik.com\\\/?p=45036\"},\"author\":{\"name\":\"admin\",\"@id\":\"https:\\\/\\\/kibrisdakik.com\\\/#\\\/schema\\\/person\\\/9cd9d437bbb44f72b73ba127e06d8e79\"},\"headline\":\"Almanya&#039;da aile i\u00e7i \u015fiddet vakalar\u0131nda art\u0131\u015f kaydedildi\",\"datePublished\":\"2024-06-07T21:45:27+00:00\",\"mainEntityOfPage\":{\"@id\":\"https:\\\/\\\/kibrisdakik.com\\\/?p=45036\"},\"wordCount\":319,\"commentCount\":0,\"publisher\":{\"@id\":\"https:\\\/\\\/kibrisdakik.com\\\/#organization\"},\"image\":{\"@id\":\"https:\\\/\\\/kibrisdakik.com\\\/?p=45036#primaryimage\"},\"thumbnailUrl\":\"https:\\\/\\\/kibrisdakik.com\\\/wp-content\\\/uploads\\\/2024\\\/06\\\/almanyada-aile-ici-siddet-vakalarinda-artis-kaydedildi-1717773354.webp.webp\",\"articleSection\":[\"Ekonomi\"],\"inLanguage\":\"tr\",\"potentialAction\":[{\"@type\":\"CommentAction\",\"name\":\"Comment\",\"target\":[\"https:\\\/\\\/kibrisdakik.com\\\/?p=45036#respond\"]}]},{\"@type\":\"WebPage\",\"@id\":\"https:\\\/\\\/kibrisdakik.com\\\/?p=45036\",\"url\":\"https:\\\/\\\/kibrisdakik.com\\\/?p=45036\",\"name\":\"Almanya&#039;da aile i\u00e7i \u015fiddet vakalar\u0131nda art\u0131\u015f kaydedildi -\",\"isPartOf\":{\"@id\":\"https:\\\/\\\/kibrisdakik.com\\\/#website\"},\"primaryImageOfPage\":{\"@id\":\"https:\\\/\\\/kibrisdakik.com\\\/?p=45036#primaryimage\"},\"image\":{\"@id\":\"https:\\\/\\\/kibrisdakik.com\\\/?p=45036#primaryimage\"},\"thumbnailUrl\":\"https:\\\/\\\/kibrisdakik.com\\\/wp-content\\\/uploads\\\/2024\\\/06\\\/almanyada-aile-ici-siddet-vakalarinda-artis-kaydedildi-1717773354.webp.webp\",\"datePublished\":\"2024-06-07T21:45:27+00:00\",\"breadcrumb\":{\"@id\":\"https:\\\/\\\/kibrisdakik.com\\\/?p=45036#breadcrumb\"},\"inLanguage\":\"tr\",\"potentialAction\":[{\"@type\":\"ReadAction\",\"target\":[\"https:\\\/\\\/kibrisdakik.com\\\/?p=45036\"]}]},{\"@type\":\"ImageObject\",\"inLanguage\":\"tr\",\"@id\":\"https:\\\/\\\/kibrisdakik.com\\\/?p=45036#primaryimage\",\"url\":\"https:\\\/\\\/kibrisdakik.com\\\/wp-content\\\/uploads\\\/2024\\\/06\\\/almanyada-aile-ici-siddet-vakalarinda-artis-kaydedildi-1717773354.webp.webp\",\"contentUrl\":\"https:\\\/\\\/kibrisdakik.com\\\/wp-content\\\/uploads\\\/2024\\\/06\\\/almanyada-aile-ici-siddet-vakalarinda-artis-kaydedildi-1717773354.webp.webp\",\"width\":710,\"height\":370},{\"@type\":\"BreadcrumbList\",\"@id\":\"https:\\\/\\\/kibrisdakik.com\\\/?p=45036#breadcrumb\",\"itemListElement\":[{\"@type\":\"ListItem\",\"position\":1,\"name\":\"Home\",\"item\":\"https:\\\/\\\/kibrisdakik.com\\\/\"},{\"@type\":\"ListItem\",\"position\":2,\"name\":\"Almanya&#039;da aile i\u00e7i \u015fiddet vakalar\u0131nda art\u0131\u015f kaydedildi\"}]},{\"@type\":\"WebSite\",\"@id\":\"https:\\\/\\\/kibrisdakik.com\\\/#website\",\"url\":\"https:\\\/\\\/kibrisdakik.com\\\/\",\"name\":\"K\u0131br\u0131s Dakik\",\"description\":\"Tam vaktinde haber\",\"publisher\":{\"@id\":\"https:\\\/\\\/kibrisdakik.com\\\/#organization\"},\"potentialAction\":[{\"@type\":\"SearchAction\",\"target\":{\"@type\":\"EntryPoint\",\"urlTemplate\":\"https:\\\/\\\/kibrisdakik.com\\\/?s={search_term_string}\"},\"query-input\":{\"@type\":\"PropertyValueSpecification\",\"valueRequired\":true,\"valueName\":\"search_term_string\"}}],\"inLanguage\":\"tr\"},{\"@type\":\"Organization\",\"@id\":\"https:\\\/\\\/kibrisdakik.com\\\/#organization\",\"name\":\"K\u0131br\u0131s Dakik\",\"url\":\"https:\\\/\\\/kibrisdakik.com\\\/\",\"logo\":{\"@type\":\"ImageObject\",\"inLanguage\":\"tr\",\"@id\":\"https:\\\/\\\/kibrisdakik.com\\\/#\\\/schema\\\/logo\\\/image\\\/\",\"url\":\"https:\\\/\\\/kibrisdakik.com\\\/wp-content\\\/uploads\\\/2025\\\/10\\\/cropped-WhatsApp-Image-2025-10-02-at-12.58.31.jpeg\",\"contentUrl\":\"https:\\\/\\\/kibrisdakik.com\\\/wp-content\\\/uploads\\\/2025\\\/10\\\/cropped-WhatsApp-Image-2025-10-02-at-12.58.31.jpeg\",\"width\":1237,\"height\":190,\"caption\":\"K\u0131br\u0131s Dakik\"},\"image\":{\"@id\":\"https:\\\/\\\/kibrisdakik.com\\\/#\\\/schema\\\/logo\\\/image\\\/\"}},{\"@type\":\"Person\",\"@id\":\"https:\\\/\\\/kibrisdakik.com\\\/#\\\/schema\\\/person\\\/9cd9d437bbb44f72b73ba127e06d8e79\",\"name\":\"admin\",\"image\":{\"@type\":\"ImageObject\",\"inLanguage\":\"tr\",\"@id\":\"https:\\\/\\\/secure.gravatar.com\\\/avatar\\\/ccc17943b9d660506c869530f897617f7cb1c21a4bf30023f252596d83e1f007?s=96&d=mm&r=g\",\"url\":\"https:\\\/\\\/secure.gravatar.com\\\/avatar\\\/ccc17943b9d660506c869530f897617f7cb1c21a4bf30023f252596d83e1f007?s=96&d=mm&r=g\",\"contentUrl\":\"https:\\\/\\\/secure.gravatar.com\\\/avatar\\\/ccc17943b9d660506c869530f897617f7cb1c21a4bf30023f252596d83e1f007?s=96&d=mm&r=g\",\"caption\":\"admin\"},\"sameAs\":[\"https:\\\/\\\/kibrisdakik.com\"],\"url\":\"https:\\\/\\\/kibrisdakik.com\\\/?author=1\"}]}<\/script>\n<!-- \/ Yoast SEO plugin. -->","yoast_head_json":{"title":"Almanya&#039;da aile i\u00e7i \u015fiddet vakalar\u0131nda art\u0131\u015f kaydedildi -","robots":{"index":"index","follow":"follow","max-snippet":"max-snippet:-1","max-image-preview":"max-image-preview:large","max-video-preview":"max-video-preview:-1"},"canonical":"https:\/\/kibrisdakik.com\/?p=45036","og_locale":"tr_TR","og_type":"article","og_title":"Almanya&#039;da aile i\u00e7i \u015fiddet vakalar\u0131nda art\u0131\u015f kaydedildi -","og_description":"Almanya \u0130\u00e7i\u015fleri Bakan\u0131 Nancy Faeser ve Aile Bakan\u0131 Lisa Paus&#8217;un Federal Emniyet Te\u015fkilat\u0131 (BKA) Ba\u015fkan Yard\u0131mc\u0131s\u0131 Martina Link ile kamuoyuna a\u00e7\u0131klad\u0131\u011f\u0131 2023 y\u0131l\u0131 aile i\u00e7i \u015fiddet raporuna g\u00f6re, Almanya&#8217;da 2023 y\u0131l\u0131nda 256 bin 276 ki\u015fi aile i\u00e7i \u015fiddet ma\u011fduru oldu. Bu t\u00fcr \u015fiddete maruz kalanlar\u0131n y\u00fczde 70&#8217;ini kad\u0131nlar\u0131n olu\u015fturdu\u011fu kaydedildi. Aile i\u00e7i \u015fiddet vakalar\u0131nda 2022","og_url":"https:\/\/kibrisdakik.com\/?p=45036","article_published_time":"2024-06-07T21:45:27+00:00","og_image":[{"width":710,"height":370,"url":"https:\/\/kibrisdakik.com\/wp-content\/uploads\/2024\/06\/almanyada-aile-ici-siddet-vakalarinda-artis-kaydedildi-1717773354.webp.webp","type":"image\/webp"}],"author":"admin","twitter_card":"summary_large_image","twitter_misc":{"Yazan:":"admin","Tahmini okuma s\u00fcresi":"2 dakika"},"schema":{"@context":"https:\/\/schema.org","@graph":[{"@type":"Article","@id":"https:\/\/kibrisdakik.com\/?p=45036#article","isPartOf":{"@id":"https:\/\/kibrisdakik.com\/?p=45036"},"author":{"name":"admin","@id":"https:\/\/kibrisdakik.com\/#\/schema\/person\/9cd9d437bbb44f72b73ba127e06d8e79"},"headline":"Almanya&#039;da aile i\u00e7i \u015fiddet vakalar\u0131nda art\u0131\u015f kaydedildi","datePublished":"2024-06-07T21:45:27+00:00","mainEntityOfPage":{"@id":"https:\/\/kibrisdakik.com\/?p=45036"},"wordCount":319,"commentCount":0,"publisher":{"@id":"https:\/\/kibrisdakik.com\/#organization"},"image":{"@id":"https:\/\/kibrisdakik.com\/?p=45036#primaryimage"},"thumbnailUrl":"https:\/\/kibrisdakik.com\/wp-content\/uploads\/2024\/06\/almanyada-aile-ici-siddet-vakalarinda-artis-kaydedildi-1717773354.webp.webp","articleSection":["Ekonomi"],"inLanguage":"tr","potentialAction":[{"@type":"CommentAction","name":"Comment","target":["https:\/\/kibrisdakik.com\/?p=45036#respond"]}]},{"@type":"WebPage","@id":"https:\/\/kibrisdakik.com\/?p=45036","url":"https:\/\/kibrisdakik.com\/?p=45036","name":"Almanya&#039;da aile i\u00e7i \u015fiddet vakalar\u0131nda art\u0131\u015f kaydedildi -","isPartOf":{"@id":"https:\/\/kibrisdakik.com\/#website"},"primaryImageOfPage":{"@id":"https:\/\/kibrisdakik.com\/?p=45036#primaryimage"},"image":{"@id":"https:\/\/kibrisdakik.com\/?p=45036#primaryimage"},"thumbnailUrl":"https:\/\/kibrisdakik.com\/wp-content\/uploads\/2024\/06\/almanyada-aile-ici-siddet-vakalarinda-artis-kaydedildi-1717773354.webp.webp","datePublished":"2024-06-07T21:45:27+00:00","breadcrumb":{"@id":"https:\/\/kibrisdakik.com\/?p=45036#breadcrumb"},"inLanguage":"tr","potentialAction":[{"@type":"ReadAction","target":["https:\/\/kibrisdakik.com\/?p=45036"]}]},{"@type":"ImageObject","inLanguage":"tr","@id":"https:\/\/kibrisdakik.com\/?p=45036#primaryimage","url":"https:\/\/kibrisdakik.com\/wp-content\/uploads\/2024\/06\/almanyada-aile-ici-siddet-vakalarinda-artis-kaydedildi-1717773354.webp.webp","contentUrl":"https:\/\/kibrisdakik.com\/wp-content\/uploads\/2024\/06\/almanyada-aile-ici-siddet-vakalarinda-artis-kaydedildi-1717773354.webp.webp","width":710,"height":370},{"@type":"BreadcrumbList","@id":"https:\/\/kibrisdakik.com\/?p=45036#breadcrumb","itemListElement":[{"@type":"ListItem","position":1,"name":"Home","item":"https:\/\/kibrisdakik.com\/"},{"@type":"ListItem","position":2,"name":"Almanya&#039;da aile i\u00e7i \u015fiddet vakalar\u0131nda art\u0131\u015f kaydedildi"}]},{"@type":"WebSite","@id":"https:\/\/kibrisdakik.com\/#website","url":"https:\/\/kibrisdakik.com\/","name":"K\u0131br\u0131s Dakik","description":"Tam vaktinde haber","publisher":{"@id":"https:\/\/kibrisdakik.com\/#organization"},"potentialAction":[{"@type":"SearchAction","target":{"@type":"EntryPoint","urlTemplate":"https:\/\/kibrisdakik.com\/?s={search_term_string}"},"query-input":{"@type":"PropertyValueSpecification","valueRequired":true,"valueName":"search_term_string"}}],"inLanguage":"tr"},{"@type":"Organization","@id":"https:\/\/kibrisdakik.com\/#organization","name":"K\u0131br\u0131s Dakik","url":"https:\/\/kibrisdakik.com\/","logo":{"@type":"ImageObject","inLanguage":"tr","@id":"https:\/\/kibrisdakik.com\/#\/schema\/logo\/image\/","url":"https:\/\/kibrisdakik.com\/wp-content\/uploads\/2025\/10\/cropped-WhatsApp-Image-2025-10-02-at-12.58.31.jpeg","contentUrl":"https:\/\/kibrisdakik.com\/wp-content\/uploads\/2025\/10\/cropped-WhatsApp-Image-2025-10-02-at-12.58.31.jpeg","width":1237,"height":190,"caption":"K\u0131br\u0131s Dakik"},"image":{"@id":"https:\/\/kibrisdakik.com\/#\/schema\/logo\/image\/"}},{"@type":"Person","@id":"https:\/\/kibrisdakik.com\/#\/schema\/person\/9cd9d437bbb44f72b73ba127e06d8e79","name":"admin","image":{"@type":"ImageObject","inLanguage":"tr","@id":"https:\/\/secure.gravatar.com\/avatar\/ccc17943b9d660506c869530f897617f7cb1c21a4bf30023f252596d83e1f007?s=96&d=mm&r=g","url":"https:\/\/secure.gravatar.com\/avatar\/ccc17943b9d660506c869530f897617f7cb1c21a4bf30023f252596d83e1f007?s=96&d=mm&r=g","contentUrl":"https:\/\/secure.gravatar.com\/avatar\/ccc17943b9d660506c869530f897617f7cb1c21a4bf30023f252596d83e1f007?s=96&d=mm&r=g","caption":"admin"},"sameAs":["https:\/\/kibrisdakik.com"],"url":"https:\/\/kibrisdakik.com\/?author=1"}]}},"_links":{"self":[{"href":"https:\/\/kibrisdakik.com\/index.php?rest_route=\/wp\/v2\/posts\/45036","targetHints":{"allow":["GET"]}}],"collection":[{"href":"https:\/\/kibrisdakik.com\/index.php?rest_route=\/wp\/v2\/posts"}],"about":[{"href":"https:\/\/kibrisdakik.com\/index.php?rest_route=\/wp\/v2\/types\/post"}],"author":[{"embeddable":true,"href":"https:\/\/kibrisdakik.com\/index.php?rest_route=\/wp\/v2\/users\/1"}],"replies":[{"embeddable":true,"href":"https:\/\/kibrisdakik.com\/index.php?rest_route=%2Fwp%2Fv2%2Fcomments&post=45036"}],"version-history":[{"count":0,"href":"https:\/\/kibrisdakik.com\/index.php?rest_route=\/wp\/v2\/posts\/45036\/revisions"}],"wp:featuredmedia":[{"embeddable":true,"href":"https:\/\/kibrisdakik.com\/index.php?rest_route=\/wp\/v2\/media\/45037"}],"wp:attachment":[{"href":"https:\/\/kibrisdakik.com\/index.php?rest_route=%2Fwp%2Fv2%2Fmedia&parent=45036"}],"wp:term":[{"taxonomy":"category","embeddable":true,"href":"https:\/\/kibrisdakik.com\/index.php?rest_route=%2Fwp%2Fv2%2Fcategories&post=45036"},{"taxonomy":"post_tag","embeddable":true,"href":"https:\/\/kibrisdakik.com\/index.php?rest_route=%2Fwp%2Fv2%2Ftags&post=45036"}],"curies":[{"name":"wp","href":"https:\/\/api.w.org\/{rel}","templated":true}]}}