{"id":45128,"date":"2024-06-08T15:09:30","date_gmt":"2024-06-08T15:09:30","guid":{"rendered":"https:\/\/kibrisdakik.com\/index.php\/2024\/06\/08\/girne-lefkosa-anayolunda-arac-yandi\/"},"modified":"2024-06-08T15:09:30","modified_gmt":"2024-06-08T15:09:30","slug":"girne-lefkosa-anayolunda-arac-yandi","status":"publish","type":"post","link":"https:\/\/kibrisdakik.com\/?p=45128","title":{"rendered":"Girne-Lefko\u015fa anayolunda ara\u00e7 yand\u0131"},"content":{"rendered":"<p><\/p>\n<div>\n<div class=\"mariselle-image-container center\">\n                <img loading=\"lazy\" decoding=\"async\" width=\"971\" height=\"551\" class=\"lazy-image\" alt=\"\" sizes=\"auto, (max-width: 971px) 100vw, 971px\" src=\"https:\/\/brtk.net\/wp-content\/uploads\/2023\/06\/25\/arac-yangini-3.webp?ver=9163510874c8eeabf9855b8734379e46\" srcset=\"https:\/\/brtk.net\/wp-content\/uploads\/2023\/06\/25\/arac-yangini-3.webp?ver=9163510874c8eeabf9855b8734379e46 971w, https:\/\/brtk.net\/wp-content\/uploads\/2023\/06\/25\/arac-yangini-3-300x170.webp?ver=9163510874c8eeabf9855b8734379e46 300w, https:\/\/brtk.net\/wp-content\/uploads\/2023\/06\/25\/arac-yangini-3-768x436.webp?ver=f2280d600338bfa35004ed36296a8a42 768w\"\/>                            <\/div>\n<p>Girne-Lefko\u015fa anayolunda Erdo\u011fan Tuna\u00e7\u2019\u0131n kullan\u0131m\u0131ndaki DV 358 plakal\u0131 Jeep ara\u00e7, elektrik aksamlar\u0131n\u0131n k\u0131sa devre yapmas\u0131 sonucu yand\u0131.  <\/p>\n<p>Polisten verilen bilgiye g\u00f6re, olay bug\u00fcn saat 11.45\u2019te meydana geldi.<\/p>\n<p>\u0130tfaiye ekipleri taraf\u0131ndan s\u00f6nd\u00fcr\u00fclen yang\u0131nda, arac\u0131n \u00f6n sol far\u0131, panjur ve motor b\u00f6l\u00fcm\u00fc tamamen, motor kaput b\u00f6l\u00fcm\u00fc k\u0131smen yand\u0131.<\/p>\n<\/p><\/div>\n<p><script async\n                    defer\n                    crossorigin=\"anonymous\"\n                    src=\"https:\/\/connect.facebook.net\/tr_TR\/sdk.js#xfbml=1&#038;version=v3.3\"\n            ><\/script><\/p>\n","protected":false},"excerpt":{"rendered":"<p>Girne-Lefko\u015fa anayolunda Erdo\u011fan Tuna\u00e7\u2019\u0131n kullan\u0131m\u0131ndaki DV 358 plakal\u0131 Jeep ara\u00e7, elektrik aksamlar\u0131n\u0131n k\u0131sa devre yapmas\u0131 sonucu yand\u0131. Polisten verilen bilgiye g\u00f6re, olay bug\u00fcn saat 11.45\u2019te meydana geldi. \u0130tfaiye ekipleri taraf\u0131ndan s\u00f6nd\u00fcr\u00fclen yang\u0131nda, arac\u0131n \u00f6n sol far\u0131, panjur ve motor b\u00f6l\u00fcm\u00fc tamamen, motor kaput b\u00f6l\u00fcm\u00fc k\u0131smen yand\u0131.<\/p>\n","protected":false},"author":1,"featured_media":13103,"comment_status":"open","ping_status":"open","sticky":false,"template":"","format":"standard","meta":{"footnotes":""},"categories":[1],"tags":[],"class_list":["post-45128","post","type-post","status-publish","format-standard","has-post-thumbnail","hentry","category-gundem"],"yoast_head":"<!-- This site is optimized with the Yoast SEO plugin v27.5 - https:\/\/yoast.com\/product\/yoast-seo-wordpress\/ -->\n<title>Girne-Lefko\u015fa anayolunda ara\u00e7 yand\u0131 -<\/title>\n<meta name=\"robots\" content=\"index, follow, max-snippet:-1, max-image-preview:large, max-video-preview:-1\" \/>\n<link rel=\"canonical\" href=\"https:\/\/kibrisdakik.com\/?p=45128\" \/>\n<meta property=\"og:locale\" content=\"tr_TR\" \/>\n<meta property=\"og:type\" content=\"article\" \/>\n<meta property=\"og:title\" content=\"Girne-Lefko\u015fa anayolunda ara\u00e7 yand\u0131 -\" \/>\n<meta property=\"og:description\" content=\"Girne-Lefko\u015fa anayolunda Erdo\u011fan Tuna\u00e7\u2019\u0131n kullan\u0131m\u0131ndaki DV 358 plakal\u0131 Jeep ara\u00e7, elektrik aksamlar\u0131n\u0131n k\u0131sa devre yapmas\u0131 sonucu yand\u0131. Polisten verilen bilgiye g\u00f6re, olay bug\u00fcn saat 11.45\u2019te meydana geldi. \u0130tfaiye ekipleri taraf\u0131ndan s\u00f6nd\u00fcr\u00fclen yang\u0131nda, arac\u0131n \u00f6n sol far\u0131, panjur ve motor b\u00f6l\u00fcm\u00fc tamamen, motor kaput b\u00f6l\u00fcm\u00fc k\u0131smen yand\u0131.\" \/>\n<meta property=\"og:url\" content=\"https:\/\/kibrisdakik.com\/?p=45128\" \/>\n<meta property=\"article:published_time\" content=\"2024-06-08T15:09:30+00:00\" \/>\n<meta property=\"og:image\" content=\"https:\/\/kibrisdakik.com\/wp-content\/uploads\/2023\/09\/arac-yangini-3.webp-740x420.webp\" \/>\n\t<meta property=\"og:image:width\" content=\"971\" \/>\n\t<meta property=\"og:image:height\" content=\"551\" \/>\n\t<meta property=\"og:image:type\" content=\"image\/webp\" \/>\n<meta name=\"author\" content=\"admin\" \/>\n<meta name=\"twitter:card\" content=\"summary_large_image\" \/>\n<meta name=\"twitter:label1\" content=\"Yazan:\" \/>\n\t<meta name=\"twitter:data1\" content=\"admin\" \/>\n<script type=\"application\/ld+json\" class=\"yoast-schema-graph\">{\"@context\":\"https:\\\/\\\/schema.org\",\"@graph\":[{\"@type\":\"Article\",\"@id\":\"https:\\\/\\\/kibrisdakik.com\\\/?p=45128#article\",\"isPartOf\":{\"@id\":\"https:\\\/\\\/kibrisdakik.com\\\/?p=45128\"},\"author\":{\"name\":\"admin\",\"@id\":\"https:\\\/\\\/kibrisdakik.com\\\/#\\\/schema\\\/person\\\/9cd9d437bbb44f72b73ba127e06d8e79\"},\"headline\":\"Girne-Lefko\u015fa anayolunda ara\u00e7 yand\u0131\",\"datePublished\":\"2024-06-08T15:09:30+00:00\",\"mainEntityOfPage\":{\"@id\":\"https:\\\/\\\/kibrisdakik.com\\\/?p=45128\"},\"wordCount\":71,\"commentCount\":0,\"image\":{\"@id\":\"https:\\\/\\\/kibrisdakik.com\\\/?p=45128#primaryimage\"},\"thumbnailUrl\":\"https:\\\/\\\/kibrisdakik.com\\\/wp-content\\\/uploads\\\/2023\\\/09\\\/arac-yangini-3.webp-740x420.webp\",\"articleSection\":[\"G\u00fcndem\"],\"inLanguage\":\"tr\",\"potentialAction\":[{\"@type\":\"CommentAction\",\"name\":\"Comment\",\"target\":[\"https:\\\/\\\/kibrisdakik.com\\\/?p=45128#respond\"]}]},{\"@type\":\"WebPage\",\"@id\":\"https:\\\/\\\/kibrisdakik.com\\\/?p=45128\",\"url\":\"https:\\\/\\\/kibrisdakik.com\\\/?p=45128\",\"name\":\"Girne-Lefko\u015fa anayolunda ara\u00e7 yand\u0131 -\",\"isPartOf\":{\"@id\":\"https:\\\/\\\/kibrisdakik.com\\\/#website\"},\"primaryImageOfPage\":{\"@id\":\"https:\\\/\\\/kibrisdakik.com\\\/?p=45128#primaryimage\"},\"image\":{\"@id\":\"https:\\\/\\\/kibrisdakik.com\\\/?p=45128#primaryimage\"},\"thumbnailUrl\":\"https:\\\/\\\/kibrisdakik.com\\\/wp-content\\\/uploads\\\/2023\\\/09\\\/arac-yangini-3.webp-740x420.webp\",\"datePublished\":\"2024-06-08T15:09:30+00:00\",\"author\":{\"@id\":\"https:\\\/\\\/kibrisdakik.com\\\/#\\\/schema\\\/person\\\/9cd9d437bbb44f72b73ba127e06d8e79\"},\"breadcrumb\":{\"@id\":\"https:\\\/\\\/kibrisdakik.com\\\/?p=45128#breadcrumb\"},\"inLanguage\":\"tr\",\"potentialAction\":[{\"@type\":\"ReadAction\",\"target\":[\"https:\\\/\\\/kibrisdakik.com\\\/?p=45128\"]}]},{\"@type\":\"ImageObject\",\"inLanguage\":\"tr\",\"@id\":\"https:\\\/\\\/kibrisdakik.com\\\/?p=45128#primaryimage\",\"url\":\"https:\\\/\\\/kibrisdakik.com\\\/wp-content\\\/uploads\\\/2023\\\/09\\\/arac-yangini-3.webp-740x420.webp\",\"contentUrl\":\"https:\\\/\\\/kibrisdakik.com\\\/wp-content\\\/uploads\\\/2023\\\/09\\\/arac-yangini-3.webp-740x420.webp\",\"width\":971,\"height\":551},{\"@type\":\"BreadcrumbList\",\"@id\":\"https:\\\/\\\/kibrisdakik.com\\\/?p=45128#breadcrumb\",\"itemListElement\":[{\"@type\":\"ListItem\",\"position\":1,\"name\":\"Home\",\"item\":\"https:\\\/\\\/kibrisdakik.com\\\/\"},{\"@type\":\"ListItem\",\"position\":2,\"name\":\"Girne-Lefko\u015fa anayolunda ara\u00e7 yand\u0131\"}]},{\"@type\":\"WebSite\",\"@id\":\"https:\\\/\\\/kibrisdakik.com\\\/#website\",\"url\":\"https:\\\/\\\/kibrisdakik.com\\\/\",\"name\":\"\",\"description\":\"Tam vaktinde haber\",\"potentialAction\":[{\"@type\":\"SearchAction\",\"target\":{\"@type\":\"EntryPoint\",\"urlTemplate\":\"https:\\\/\\\/kibrisdakik.com\\\/?s={search_term_string}\"},\"query-input\":{\"@type\":\"PropertyValueSpecification\",\"valueRequired\":true,\"valueName\":\"search_term_string\"}}],\"inLanguage\":\"tr\"},{\"@type\":\"Person\",\"@id\":\"https:\\\/\\\/kibrisdakik.com\\\/#\\\/schema\\\/person\\\/9cd9d437bbb44f72b73ba127e06d8e79\",\"name\":\"admin\",\"image\":{\"@type\":\"ImageObject\",\"inLanguage\":\"tr\",\"@id\":\"https:\\\/\\\/secure.gravatar.com\\\/avatar\\\/ccc17943b9d660506c869530f897617f7cb1c21a4bf30023f252596d83e1f007?s=96&d=mm&r=g\",\"url\":\"https:\\\/\\\/secure.gravatar.com\\\/avatar\\\/ccc17943b9d660506c869530f897617f7cb1c21a4bf30023f252596d83e1f007?s=96&d=mm&r=g\",\"contentUrl\":\"https:\\\/\\\/secure.gravatar.com\\\/avatar\\\/ccc17943b9d660506c869530f897617f7cb1c21a4bf30023f252596d83e1f007?s=96&d=mm&r=g\",\"caption\":\"admin\"},\"sameAs\":[\"https:\\\/\\\/kibrisdakik.com\"],\"url\":\"https:\\\/\\\/kibrisdakik.com\\\/?author=1\"}]}<\/script>\n<!-- \/ Yoast SEO plugin. -->","yoast_head_json":{"title":"Girne-Lefko\u015fa anayolunda ara\u00e7 yand\u0131 -","robots":{"index":"index","follow":"follow","max-snippet":"max-snippet:-1","max-image-preview":"max-image-preview:large","max-video-preview":"max-video-preview:-1"},"canonical":"https:\/\/kibrisdakik.com\/?p=45128","og_locale":"tr_TR","og_type":"article","og_title":"Girne-Lefko\u015fa anayolunda ara\u00e7 yand\u0131 -","og_description":"Girne-Lefko\u015fa anayolunda Erdo\u011fan Tuna\u00e7\u2019\u0131n kullan\u0131m\u0131ndaki DV 358 plakal\u0131 Jeep ara\u00e7, elektrik aksamlar\u0131n\u0131n k\u0131sa devre yapmas\u0131 sonucu yand\u0131. Polisten verilen bilgiye g\u00f6re, olay bug\u00fcn saat 11.45\u2019te meydana geldi. \u0130tfaiye ekipleri taraf\u0131ndan s\u00f6nd\u00fcr\u00fclen yang\u0131nda, arac\u0131n \u00f6n sol far\u0131, panjur ve motor b\u00f6l\u00fcm\u00fc tamamen, motor kaput b\u00f6l\u00fcm\u00fc k\u0131smen yand\u0131.","og_url":"https:\/\/kibrisdakik.com\/?p=45128","article_published_time":"2024-06-08T15:09:30+00:00","og_image":[{"width":971,"height":551,"url":"https:\/\/kibrisdakik.com\/wp-content\/uploads\/2023\/09\/arac-yangini-3.webp-740x420.webp","type":"image\/webp"}],"author":"admin","twitter_card":"summary_large_image","twitter_misc":{"Yazan:":"admin"},"schema":{"@context":"https:\/\/schema.org","@graph":[{"@type":"Article","@id":"https:\/\/kibrisdakik.com\/?p=45128#article","isPartOf":{"@id":"https:\/\/kibrisdakik.com\/?p=45128"},"author":{"name":"admin","@id":"https:\/\/kibrisdakik.com\/#\/schema\/person\/9cd9d437bbb44f72b73ba127e06d8e79"},"headline":"Girne-Lefko\u015fa anayolunda ara\u00e7 yand\u0131","datePublished":"2024-06-08T15:09:30+00:00","mainEntityOfPage":{"@id":"https:\/\/kibrisdakik.com\/?p=45128"},"wordCount":71,"commentCount":0,"image":{"@id":"https:\/\/kibrisdakik.com\/?p=45128#primaryimage"},"thumbnailUrl":"https:\/\/kibrisdakik.com\/wp-content\/uploads\/2023\/09\/arac-yangini-3.webp-740x420.webp","articleSection":["G\u00fcndem"],"inLanguage":"tr","potentialAction":[{"@type":"CommentAction","name":"Comment","target":["https:\/\/kibrisdakik.com\/?p=45128#respond"]}]},{"@type":"WebPage","@id":"https:\/\/kibrisdakik.com\/?p=45128","url":"https:\/\/kibrisdakik.com\/?p=45128","name":"Girne-Lefko\u015fa anayolunda ara\u00e7 yand\u0131 -","isPartOf":{"@id":"https:\/\/kibrisdakik.com\/#website"},"primaryImageOfPage":{"@id":"https:\/\/kibrisdakik.com\/?p=45128#primaryimage"},"image":{"@id":"https:\/\/kibrisdakik.com\/?p=45128#primaryimage"},"thumbnailUrl":"https:\/\/kibrisdakik.com\/wp-content\/uploads\/2023\/09\/arac-yangini-3.webp-740x420.webp","datePublished":"2024-06-08T15:09:30+00:00","author":{"@id":"https:\/\/kibrisdakik.com\/#\/schema\/person\/9cd9d437bbb44f72b73ba127e06d8e79"},"breadcrumb":{"@id":"https:\/\/kibrisdakik.com\/?p=45128#breadcrumb"},"inLanguage":"tr","potentialAction":[{"@type":"ReadAction","target":["https:\/\/kibrisdakik.com\/?p=45128"]}]},{"@type":"ImageObject","inLanguage":"tr","@id":"https:\/\/kibrisdakik.com\/?p=45128#primaryimage","url":"https:\/\/kibrisdakik.com\/wp-content\/uploads\/2023\/09\/arac-yangini-3.webp-740x420.webp","contentUrl":"https:\/\/kibrisdakik.com\/wp-content\/uploads\/2023\/09\/arac-yangini-3.webp-740x420.webp","width":971,"height":551},{"@type":"BreadcrumbList","@id":"https:\/\/kibrisdakik.com\/?p=45128#breadcrumb","itemListElement":[{"@type":"ListItem","position":1,"name":"Home","item":"https:\/\/kibrisdakik.com\/"},{"@type":"ListItem","position":2,"name":"Girne-Lefko\u015fa anayolunda ara\u00e7 yand\u0131"}]},{"@type":"WebSite","@id":"https:\/\/kibrisdakik.com\/#website","url":"https:\/\/kibrisdakik.com\/","name":"","description":"Tam vaktinde haber","potentialAction":[{"@type":"SearchAction","target":{"@type":"EntryPoint","urlTemplate":"https:\/\/kibrisdakik.com\/?s={search_term_string}"},"query-input":{"@type":"PropertyValueSpecification","valueRequired":true,"valueName":"search_term_string"}}],"inLanguage":"tr"},{"@type":"Person","@id":"https:\/\/kibrisdakik.com\/#\/schema\/person\/9cd9d437bbb44f72b73ba127e06d8e79","name":"admin","image":{"@type":"ImageObject","inLanguage":"tr","@id":"https:\/\/secure.gravatar.com\/avatar\/ccc17943b9d660506c869530f897617f7cb1c21a4bf30023f252596d83e1f007?s=96&d=mm&r=g","url":"https:\/\/secure.gravatar.com\/avatar\/ccc17943b9d660506c869530f897617f7cb1c21a4bf30023f252596d83e1f007?s=96&d=mm&r=g","contentUrl":"https:\/\/secure.gravatar.com\/avatar\/ccc17943b9d660506c869530f897617f7cb1c21a4bf30023f252596d83e1f007?s=96&d=mm&r=g","caption":"admin"},"sameAs":["https:\/\/kibrisdakik.com"],"url":"https:\/\/kibrisdakik.com\/?author=1"}]}},"_links":{"self":[{"href":"https:\/\/kibrisdakik.com\/index.php?rest_route=\/wp\/v2\/posts\/45128","targetHints":{"allow":["GET"]}}],"collection":[{"href":"https:\/\/kibrisdakik.com\/index.php?rest_route=\/wp\/v2\/posts"}],"about":[{"href":"https:\/\/kibrisdakik.com\/index.php?rest_route=\/wp\/v2\/types\/post"}],"author":[{"embeddable":true,"href":"https:\/\/kibrisdakik.com\/index.php?rest_route=\/wp\/v2\/users\/1"}],"replies":[{"embeddable":true,"href":"https:\/\/kibrisdakik.com\/index.php?rest_route=%2Fwp%2Fv2%2Fcomments&post=45128"}],"version-history":[{"count":0,"href":"https:\/\/kibrisdakik.com\/index.php?rest_route=\/wp\/v2\/posts\/45128\/revisions"}],"wp:featuredmedia":[{"embeddable":true,"href":"https:\/\/kibrisdakik.com\/index.php?rest_route=\/wp\/v2\/media\/13103"}],"wp:attachment":[{"href":"https:\/\/kibrisdakik.com\/index.php?rest_route=%2Fwp%2Fv2%2Fmedia&parent=45128"}],"wp:term":[{"taxonomy":"category","embeddable":true,"href":"https:\/\/kibrisdakik.com\/index.php?rest_route=%2Fwp%2Fv2%2Fcategories&post=45128"},{"taxonomy":"post_tag","embeddable":true,"href":"https:\/\/kibrisdakik.com\/index.php?rest_route=%2Fwp%2Fv2%2Ftags&post=45128"}],"curies":[{"name":"wp","href":"https:\/\/api.w.org\/{rel}","templated":true}]}}