{"id":45171,"date":"2024-06-08T20:16:59","date_gmt":"2024-06-08T20:16:59","guid":{"rendered":"https:\/\/kibrisdakik.com\/index.php\/2024\/06\/08\/kibris-turk-fotografciliginin-sembol-isimlerinden-mustafa-diana-defnedildi-2\/"},"modified":"2024-06-08T20:16:59","modified_gmt":"2024-06-08T20:16:59","slug":"kibris-turk-fotografciliginin-sembol-isimlerinden-mustafa-diana-defnedildi-2","status":"publish","type":"post","link":"https:\/\/kibrisdakik.com\/?p=45171","title":{"rendered":"K\u0131br\u0131s T\u00fcrk foto\u011fraf\u00e7\u0131l\u0131\u011f\u0131n\u0131n sembol isimlerinden Mustafa Diana defnedildi"},"content":{"rendered":"<p><\/p>\n<div>\n<div class=\"mariselle-image-container none\">\n                <img loading=\"lazy\" decoding=\"async\" width=\"930\" height=\"400\" class=\"lazy-image\" alt=\"\" sizes=\"auto, (max-width: 930px) 100vw, 930px\" src=\"https:\/\/brtk.net\/wp-content\/uploads\/2024\/06\/08\/diana-56.png?ver=8976a719fa39d8f4460f3e5108b83583\" srcset=\"https:\/\/brtk.net\/wp-content\/uploads\/2024\/06\/08\/diana-56.png?ver=8976a719fa39d8f4460f3e5108b83583 930w, https:\/\/brtk.net\/wp-content\/uploads\/2024\/06\/08\/diana-56-300x129.png?ver=bf595a926697900e87b1525453c9636c 300w, https:\/\/brtk.net\/wp-content\/uploads\/2024\/06\/08\/diana-56-768x330.png?ver=727d0e4eead130daf88401491827f560 768w\"\/>                            <\/div>\n<p>K\u0131br\u0131s T\u00fcrk foto\u011fraf\u00e7\u0131l\u0131\u011f\u0131n\u0131n sembol isimlerinden olan ve d\u00fcn 102 ya\u015f\u0131nda hayat\u0131n\u0131 kaybeden Mustafa Diana (Mustafa Salih Okay) , Lefko\u015fa kabristanl\u0131\u011f\u0131na defnedildi.<\/p>\n<p>Cenazeye, ailesinin yan\u0131s\u0131ra Cumhurba\u015fkan\u0131 <a href=\"https:\/\/brtk.net\/\" target=\"_blank\" rel=\"noopener\">Ersin Tatar<\/a>, Ba\u015fbakan Yard\u0131mc\u0131s\u0131, Turizm, K\u00fclt\u00fcr, Gen\u00e7lik ve \u00c7evre Bakan\u0131 Fikri Atao\u011flu, foto\u011fraf\u00e7\u0131 dostlar\u0131, baz\u0131 gazeteciler ve sevenleri kat\u0131ld\u0131.<\/p>\n<p>Mustafa Diana\u2019n\u0131n cenazesi, Lefko\u015fa \u0130smail Safa Camii\u2019nde \u00f6\u011fle namaz\u0131na m\u00fcteakip k\u0131l\u0131nan cenaze namaz\u0131n\u0131n ard\u0131ndan topra\u011fa verildi.<\/p>\n<p><strong>Mustafa Diana kimdir?<\/strong><\/p>\n<p>Ger\u00e7ek ismi Mustafa Mehmet Salih Okay olan Mustafa Diana, 20 A\u011fustos 1922\u2019de Lefko\u015fa\u2019da do\u011fdu.<\/p>\n<p>2022 y\u0131l\u0131nda 100 ya\u015f\u0131n\u0131 kutlarken T\u00fcrk Ajans\u0131 K\u0131br\u0131s\u2019a (TAK) ya\u015fam hikayesini anlatan Mustafa Diana, foto\u011frafla tan\u0131\u015fmas\u0131n\u0131 \u015f\u00f6yle anlatm\u0131\u015ft\u0131:<\/p>\n<p>\u201cO d\u00f6nemin \u00fcnl\u00fc foto\u011fraf\u00e7\u0131s\u0131 Fevzi Akarsu, eni\u015ftemdi. K\u0131br\u0131sl\u0131 T\u00fcrkler\u2019in en birinci foto\u011fraf\u00e7\u0131s\u0131yd\u0131 o d\u00f6nem. Benim abilerim baba mesle\u011fini se\u00e7ti ve polis yaz\u0131ld\u0131. Babam beni de polis yazd\u0131rmak istedi ama ben kabul etmedim, \u2018Ben foto\u011fraf\u00e7\u0131 olaca\u011f\u0131m\u2019 dedim. Onun yan\u0131na gidip gelirken al\u0131\u015fmaya ba\u015flam\u0131\u015ft\u0131m.\u00a0 \u2018Tamam\u2019 deyip beni yan\u0131na ald\u0131. Ve \u00f6ylece 14-15 ya\u015f\u0131nda foto\u011fraf\u00e7\u0131l\u0131\u011fa ba\u015flam\u0131\u015f oldum.\u201d<\/p>\n<p>Filmleri aratmayan bir ya\u015fam\u0131 olan Mustafa Diana\u2019n\u0131n hayat\u0131n\u0131n d\u00f6n\u00fcm noktalar\u0131ndan biri de daha sonra soyad\u0131 olarak ald\u0131\u011f\u0131 ve foto\u011fraf st\u00fcdyosu ile \u00c7atalk\u00f6y\u2019deki sahil i\u015fletmesine de ad\u0131n\u0131 verdi\u011fi \u201cDiana\u201d ile tan\u0131\u015fmas\u0131 oldu.<\/p>\n<p>Vahan Avedissian adl\u0131 Ermeni foto\u011fraf\u00e7\u0131n\u0131n yan\u0131nda Mustafa Mehmet Salih Okay\u2019\u0131 g\u00f6ren Diana Samuel adl\u0131 \u0130srailli kad\u0131n, Yahudi toplama kamp\u0131nda kaybetti\u011fi \u00fc\u00e7 o\u011flundan birine onu \u00e7ok benzetti\u011fi i\u00e7in yan\u0131na al\u0131p \u0130srail\u2019e g\u00f6t\u00fcrmek istedi.<\/p>\n<p>18 ya\u015f\u0131nda \u0130srail\u2019e giden ve Diana Samuel ve e\u015finin foto\u011fraf st\u00fcdyosunda \u00e7al\u0131\u015fmaya ba\u015flayan Mustafa Mehmet Salih Okay, \u0130srail\u2019de ge\u00e7irdi\u011fi 4 y\u0131l boyunca kendini \u00e7ok geli\u015ftirdi ve ustala\u015ft\u0131.<\/p>\n<p>D\u00f6rt y\u0131l sonra K\u0131br\u0131s\u2019a d\u00f6nen Mustafa Mehmet Salih Okay, \u201canne\u201d dedi\u011fi Diana Samuel ile yak\u0131n ili\u015fkisini s\u00fcrd\u00fcrd\u00fc ve onlar\u0131n da deste\u011fiyle K\u0131br\u0131s\u2019ta kendi foto\u011fraf st\u00fcdyolar\u0131n\u0131 a\u00e7maya ba\u015flad\u0131.\u00a0 Art\u0131k hem K\u0131br\u0131sl\u0131 T\u00fcrkler hem de K\u0131br\u0131sl\u0131 Rumlar aras\u0131nda en tan\u0131nm\u0131\u015f foto\u011fraf\u00e7\u0131lardan biri olmu\u015ftu.<\/p>\n<p>Mustafa Mehmet Salih Okay, art\u0131k t\u00fcm adada, Mustafa Diana ya da Foto Diana olarak \u00fcn yapacak ve tan\u0131nacakt\u0131.<\/p>\n<p>\u0130ngilizlerin kurdu\u011fu K\u0131br\u0131s Foto\u011fraf\u00e7\u0131lar Birli\u011fi\u2019nin 1949 y\u0131l\u0131nda d\u00fczenledi\u011fi yar\u0131\u015fmada Rum, Ermeni ve \u0130ngiliz rakiplerini geride b\u0131rakan Mustafa Diana, ald\u0131\u011f\u0131 \u00f6d\u00fcl\u00fc \u00f6m\u00fcr boyu saklad\u0131.<\/p>\n<p>Foto\u011fraf\u00e7\u0131l\u0131k sekt\u00f6r\u00fcndeki yeni teknikleri ve \u00fcr\u00fcnleri kullanan Mustafa Diana, tutkusunu ve yetene\u011fini birle\u015ftirince, K\u0131br\u0131s\u2019ta sadece T\u00fcrkler aras\u0131nda de\u011fil, Rumlar, Ermeniler ve \u0130ngilizler aras\u0131nda da nam sald\u0131, b\u00fcy\u00fck bir pop\u00fclarite kazand\u0131.\u00a0 Talep o kadar fazlayd\u0131 ki adan\u0131n farkl\u0131 noktalar\u0131nda foto\u011fraf st\u00fcdyolar\u0131 a\u00e7t\u0131.<\/p>\n<p>K\u0131br\u0131sl\u0131 T\u00fcrk liderlerin yan\u0131s\u0131ra, Rum lider Makarios\u2019un tercih etti\u011fi isim de Mustafa Diana idi.<\/p>\n<p>Mustafa Diana, yine TAK\u2019a verdi\u011fi r\u00f6portajda o g\u00fcnleri \u015fu s\u00f6zlerle anlatm\u0131\u015ft\u0131:<\/p>\n<p>\u201cDoktor K\u00fc\u00e7\u00fck beni \u00e7a\u011f\u0131r\u0131rd\u0131 \u2018Gel Mustafa foto\u011fraf\u0131m\u0131 \u00e7ek\u2019 diye. Denkta\u015f Bey\u2019in de hem foto\u011fraflar\u0131n\u0131 \u00e7ektim hem de foto\u011fraf\u00e7\u0131l\u0131k merak\u0131 vard\u0131, ona nas\u0131l foto\u011fraf \u00e7ekece\u011fini \u00f6\u011frettim. \u00d6nce ona bir foto\u011fraf makinesi tavsiye ettim, sonra gelirdi \u00e7ekti\u011fi foto\u011fraflar\u0131 beraber temizlerdik. Denkta\u015f ve Doktor K\u00fc\u00e7\u00fck ile birlikte \u00e7ok vakit ge\u00e7irdik. Rahmetli Ecevit geldi, Ecevit ile de tan\u0131\u015ft\u0131rd\u0131 beni Denkta\u015f Bey.<\/p>\n<p>Makarios\u2019un Rum bir foto\u011fraf\u00e7\u0131s\u0131 vard\u0131 ama beni de \u00e7a\u011f\u0131r\u0131rd\u0131 foto\u011fraflar\u0131n\u0131 \u00e7ekmem i\u00e7in.\u00a0 Benim foto\u011fraflar\u0131m\u0131 \u00e7ok be\u011fenirdi.\u00a0 \u00c7ok foto\u011fraf\u0131n\u0131 \u00e7ektim. Bug\u00fcn hala Rum devlet dairelerinde as\u0131l\u0131 foto\u011fraflar\u0131n\u0131n \u00e7o\u011fu bana aittir. Ad\u0131m\u0131 koymad\u0131m yaln\u0131z. \u2018\u0130smini koymayacan\u2019 dedi.\u201d<\/p>\n<p>1952 y\u0131l\u0131nda Melek Han\u0131m ile evlenen, Mehmet, Konceg\u00fcl ve Dervi\u015f ad\u0131nda \u00e7ocuklara ve 6 toruna sahip olan Mustafa Diana, 1972\u2019de de ilk renkli foto\u011fraf laboratuvar\u0131na sahip K\u0131br\u0131sl\u0131 T\u00fcrk foto\u011fraf\u00e7\u0131 oldu.<\/p>\n<p>Foto\u011fraf\u00e7\u0131l\u0131k i\u015fini b\u00fcy\u00fck bir tutkuyla yapt\u0131\u011f\u0131n\u0131 ve son ana kadar da devam etti\u011fini anlatan Mustafa Diana, d\u00fcnyaya bir daha gelse yine foto\u011fraf\u00e7\u0131 olmak istedi\u011fini s\u00f6yl\u00fcyordu.<\/p>\n<\/p><\/div>\n<p><script async\n                    defer\n                    crossorigin=\"anonymous\"\n                    src=\"https:\/\/connect.facebook.net\/tr_TR\/sdk.js#xfbml=1&#038;version=v3.3\"\n            ><\/script><\/p>\n","protected":false},"excerpt":{"rendered":"<p>K\u0131br\u0131s T\u00fcrk foto\u011fraf\u00e7\u0131l\u0131\u011f\u0131n\u0131n sembol isimlerinden olan ve d\u00fcn 102 ya\u015f\u0131nda hayat\u0131n\u0131 kaybeden Mustafa Diana (Mustafa Salih Okay) , Lefko\u015fa kabristanl\u0131\u011f\u0131na defnedildi. Cenazeye, ailesinin yan\u0131s\u0131ra Cumhurba\u015fkan\u0131 Ersin Tatar, Ba\u015fbakan Yard\u0131mc\u0131s\u0131, Turizm, K\u00fclt\u00fcr, Gen\u00e7lik ve \u00c7evre Bakan\u0131 Fikri Atao\u011flu, foto\u011fraf\u00e7\u0131 dostlar\u0131, baz\u0131 gazeteciler ve sevenleri kat\u0131ld\u0131. Mustafa Diana\u2019n\u0131n cenazesi, Lefko\u015fa \u0130smail Safa Camii\u2019nde \u00f6\u011fle namaz\u0131na m\u00fcteakip k\u0131l\u0131nan<\/p>\n","protected":false},"author":1,"featured_media":45172,"comment_status":"open","ping_status":"open","sticky":false,"template":"","format":"standard","meta":{"footnotes":""},"categories":[1],"tags":[],"class_list":["post-45171","post","type-post","status-publish","format-standard","has-post-thumbnail","hentry","category-gundem"],"yoast_head":"<!-- This site is optimized with the Yoast SEO plugin v27.5 - https:\/\/yoast.com\/product\/yoast-seo-wordpress\/ -->\n<title>K\u0131br\u0131s T\u00fcrk foto\u011fraf\u00e7\u0131l\u0131\u011f\u0131n\u0131n sembol isimlerinden Mustafa Diana defnedildi -<\/title>\n<meta name=\"robots\" content=\"index, follow, max-snippet:-1, max-image-preview:large, max-video-preview:-1\" \/>\n<link rel=\"canonical\" href=\"https:\/\/kibrisdakik.com\/?p=45171\" \/>\n<meta property=\"og:locale\" content=\"tr_TR\" \/>\n<meta property=\"og:type\" content=\"article\" \/>\n<meta property=\"og:title\" content=\"K\u0131br\u0131s T\u00fcrk foto\u011fraf\u00e7\u0131l\u0131\u011f\u0131n\u0131n sembol isimlerinden Mustafa Diana defnedildi -\" \/>\n<meta property=\"og:description\" content=\"K\u0131br\u0131s T\u00fcrk foto\u011fraf\u00e7\u0131l\u0131\u011f\u0131n\u0131n sembol isimlerinden olan ve d\u00fcn 102 ya\u015f\u0131nda hayat\u0131n\u0131 kaybeden Mustafa Diana (Mustafa Salih Okay) , Lefko\u015fa kabristanl\u0131\u011f\u0131na defnedildi. Cenazeye, ailesinin yan\u0131s\u0131ra Cumhurba\u015fkan\u0131 Ersin Tatar, Ba\u015fbakan Yard\u0131mc\u0131s\u0131, Turizm, K\u00fclt\u00fcr, Gen\u00e7lik ve \u00c7evre Bakan\u0131 Fikri Atao\u011flu, foto\u011fraf\u00e7\u0131 dostlar\u0131, baz\u0131 gazeteciler ve sevenleri kat\u0131ld\u0131. Mustafa Diana\u2019n\u0131n cenazesi, Lefko\u015fa \u0130smail Safa Camii\u2019nde \u00f6\u011fle namaz\u0131na m\u00fcteakip k\u0131l\u0131nan\" \/>\n<meta property=\"og:url\" content=\"https:\/\/kibrisdakik.com\/?p=45171\" \/>\n<meta property=\"article:published_time\" content=\"2024-06-08T20:16:59+00:00\" \/>\n<meta property=\"og:image\" content=\"https:\/\/kibrisdakik.com\/wp-content\/uploads\/2024\/06\/diana-56-740x400.png\" \/>\n\t<meta property=\"og:image:width\" content=\"930\" \/>\n\t<meta property=\"og:image:height\" content=\"400\" \/>\n\t<meta property=\"og:image:type\" content=\"image\/png\" \/>\n<meta name=\"author\" content=\"admin\" \/>\n<meta name=\"twitter:card\" content=\"summary_large_image\" \/>\n<meta name=\"twitter:label1\" content=\"Yazan:\" \/>\n\t<meta name=\"twitter:data1\" content=\"admin\" \/>\n\t<meta name=\"twitter:label2\" content=\"Tahmini okuma s\u00fcresi\" \/>\n\t<meta name=\"twitter:data2\" content=\"4 dakika\" \/>\n<script type=\"application\/ld+json\" class=\"yoast-schema-graph\">{\"@context\":\"https:\\\/\\\/schema.org\",\"@graph\":[{\"@type\":\"Article\",\"@id\":\"https:\\\/\\\/kibrisdakik.com\\\/?p=45171#article\",\"isPartOf\":{\"@id\":\"https:\\\/\\\/kibrisdakik.com\\\/?p=45171\"},\"author\":{\"name\":\"admin\",\"@id\":\"https:\\\/\\\/kibrisdakik.com\\\/#\\\/schema\\\/person\\\/9cd9d437bbb44f72b73ba127e06d8e79\"},\"headline\":\"K\u0131br\u0131s T\u00fcrk foto\u011fraf\u00e7\u0131l\u0131\u011f\u0131n\u0131n sembol isimlerinden Mustafa Diana defnedildi\",\"datePublished\":\"2024-06-08T20:16:59+00:00\",\"mainEntityOfPage\":{\"@id\":\"https:\\\/\\\/kibrisdakik.com\\\/?p=45171\"},\"wordCount\":818,\"commentCount\":0,\"image\":{\"@id\":\"https:\\\/\\\/kibrisdakik.com\\\/?p=45171#primaryimage\"},\"thumbnailUrl\":\"https:\\\/\\\/kibrisdakik.com\\\/wp-content\\\/uploads\\\/2024\\\/06\\\/diana-56-740x400.png\",\"articleSection\":[\"G\u00fcndem\"],\"inLanguage\":\"tr\",\"potentialAction\":[{\"@type\":\"CommentAction\",\"name\":\"Comment\",\"target\":[\"https:\\\/\\\/kibrisdakik.com\\\/?p=45171#respond\"]}]},{\"@type\":\"WebPage\",\"@id\":\"https:\\\/\\\/kibrisdakik.com\\\/?p=45171\",\"url\":\"https:\\\/\\\/kibrisdakik.com\\\/?p=45171\",\"name\":\"K\u0131br\u0131s T\u00fcrk foto\u011fraf\u00e7\u0131l\u0131\u011f\u0131n\u0131n sembol isimlerinden Mustafa Diana defnedildi -\",\"isPartOf\":{\"@id\":\"https:\\\/\\\/kibrisdakik.com\\\/#website\"},\"primaryImageOfPage\":{\"@id\":\"https:\\\/\\\/kibrisdakik.com\\\/?p=45171#primaryimage\"},\"image\":{\"@id\":\"https:\\\/\\\/kibrisdakik.com\\\/?p=45171#primaryimage\"},\"thumbnailUrl\":\"https:\\\/\\\/kibrisdakik.com\\\/wp-content\\\/uploads\\\/2024\\\/06\\\/diana-56-740x400.png\",\"datePublished\":\"2024-06-08T20:16:59+00:00\",\"author\":{\"@id\":\"https:\\\/\\\/kibrisdakik.com\\\/#\\\/schema\\\/person\\\/9cd9d437bbb44f72b73ba127e06d8e79\"},\"breadcrumb\":{\"@id\":\"https:\\\/\\\/kibrisdakik.com\\\/?p=45171#breadcrumb\"},\"inLanguage\":\"tr\",\"potentialAction\":[{\"@type\":\"ReadAction\",\"target\":[\"https:\\\/\\\/kibrisdakik.com\\\/?p=45171\"]}]},{\"@type\":\"ImageObject\",\"inLanguage\":\"tr\",\"@id\":\"https:\\\/\\\/kibrisdakik.com\\\/?p=45171#primaryimage\",\"url\":\"https:\\\/\\\/kibrisdakik.com\\\/wp-content\\\/uploads\\\/2024\\\/06\\\/diana-56-740x400.png\",\"contentUrl\":\"https:\\\/\\\/kibrisdakik.com\\\/wp-content\\\/uploads\\\/2024\\\/06\\\/diana-56-740x400.png\",\"width\":930,\"height\":400},{\"@type\":\"BreadcrumbList\",\"@id\":\"https:\\\/\\\/kibrisdakik.com\\\/?p=45171#breadcrumb\",\"itemListElement\":[{\"@type\":\"ListItem\",\"position\":1,\"name\":\"Home\",\"item\":\"https:\\\/\\\/kibrisdakik.com\\\/\"},{\"@type\":\"ListItem\",\"position\":2,\"name\":\"K\u0131br\u0131s T\u00fcrk foto\u011fraf\u00e7\u0131l\u0131\u011f\u0131n\u0131n sembol isimlerinden Mustafa Diana defnedildi\"}]},{\"@type\":\"WebSite\",\"@id\":\"https:\\\/\\\/kibrisdakik.com\\\/#website\",\"url\":\"https:\\\/\\\/kibrisdakik.com\\\/\",\"name\":\"\",\"description\":\"Tam vaktinde haber\",\"potentialAction\":[{\"@type\":\"SearchAction\",\"target\":{\"@type\":\"EntryPoint\",\"urlTemplate\":\"https:\\\/\\\/kibrisdakik.com\\\/?s={search_term_string}\"},\"query-input\":{\"@type\":\"PropertyValueSpecification\",\"valueRequired\":true,\"valueName\":\"search_term_string\"}}],\"inLanguage\":\"tr\"},{\"@type\":\"Person\",\"@id\":\"https:\\\/\\\/kibrisdakik.com\\\/#\\\/schema\\\/person\\\/9cd9d437bbb44f72b73ba127e06d8e79\",\"name\":\"admin\",\"image\":{\"@type\":\"ImageObject\",\"inLanguage\":\"tr\",\"@id\":\"https:\\\/\\\/secure.gravatar.com\\\/avatar\\\/ccc17943b9d660506c869530f897617f7cb1c21a4bf30023f252596d83e1f007?s=96&d=mm&r=g\",\"url\":\"https:\\\/\\\/secure.gravatar.com\\\/avatar\\\/ccc17943b9d660506c869530f897617f7cb1c21a4bf30023f252596d83e1f007?s=96&d=mm&r=g\",\"contentUrl\":\"https:\\\/\\\/secure.gravatar.com\\\/avatar\\\/ccc17943b9d660506c869530f897617f7cb1c21a4bf30023f252596d83e1f007?s=96&d=mm&r=g\",\"caption\":\"admin\"},\"sameAs\":[\"https:\\\/\\\/kibrisdakik.com\"],\"url\":\"https:\\\/\\\/kibrisdakik.com\\\/?author=1\"}]}<\/script>\n<!-- \/ Yoast SEO plugin. -->","yoast_head_json":{"title":"K\u0131br\u0131s T\u00fcrk foto\u011fraf\u00e7\u0131l\u0131\u011f\u0131n\u0131n sembol isimlerinden Mustafa Diana defnedildi -","robots":{"index":"index","follow":"follow","max-snippet":"max-snippet:-1","max-image-preview":"max-image-preview:large","max-video-preview":"max-video-preview:-1"},"canonical":"https:\/\/kibrisdakik.com\/?p=45171","og_locale":"tr_TR","og_type":"article","og_title":"K\u0131br\u0131s T\u00fcrk foto\u011fraf\u00e7\u0131l\u0131\u011f\u0131n\u0131n sembol isimlerinden Mustafa Diana defnedildi -","og_description":"K\u0131br\u0131s T\u00fcrk foto\u011fraf\u00e7\u0131l\u0131\u011f\u0131n\u0131n sembol isimlerinden olan ve d\u00fcn 102 ya\u015f\u0131nda hayat\u0131n\u0131 kaybeden Mustafa Diana (Mustafa Salih Okay) , Lefko\u015fa kabristanl\u0131\u011f\u0131na defnedildi. Cenazeye, ailesinin yan\u0131s\u0131ra Cumhurba\u015fkan\u0131 Ersin Tatar, Ba\u015fbakan Yard\u0131mc\u0131s\u0131, Turizm, K\u00fclt\u00fcr, Gen\u00e7lik ve \u00c7evre Bakan\u0131 Fikri Atao\u011flu, foto\u011fraf\u00e7\u0131 dostlar\u0131, baz\u0131 gazeteciler ve sevenleri kat\u0131ld\u0131. Mustafa Diana\u2019n\u0131n cenazesi, Lefko\u015fa \u0130smail Safa Camii\u2019nde \u00f6\u011fle namaz\u0131na m\u00fcteakip k\u0131l\u0131nan","og_url":"https:\/\/kibrisdakik.com\/?p=45171","article_published_time":"2024-06-08T20:16:59+00:00","og_image":[{"width":930,"height":400,"url":"https:\/\/kibrisdakik.com\/wp-content\/uploads\/2024\/06\/diana-56-740x400.png","type":"image\/png"}],"author":"admin","twitter_card":"summary_large_image","twitter_misc":{"Yazan:":"admin","Tahmini okuma s\u00fcresi":"4 dakika"},"schema":{"@context":"https:\/\/schema.org","@graph":[{"@type":"Article","@id":"https:\/\/kibrisdakik.com\/?p=45171#article","isPartOf":{"@id":"https:\/\/kibrisdakik.com\/?p=45171"},"author":{"name":"admin","@id":"https:\/\/kibrisdakik.com\/#\/schema\/person\/9cd9d437bbb44f72b73ba127e06d8e79"},"headline":"K\u0131br\u0131s T\u00fcrk foto\u011fraf\u00e7\u0131l\u0131\u011f\u0131n\u0131n sembol isimlerinden Mustafa Diana defnedildi","datePublished":"2024-06-08T20:16:59+00:00","mainEntityOfPage":{"@id":"https:\/\/kibrisdakik.com\/?p=45171"},"wordCount":818,"commentCount":0,"image":{"@id":"https:\/\/kibrisdakik.com\/?p=45171#primaryimage"},"thumbnailUrl":"https:\/\/kibrisdakik.com\/wp-content\/uploads\/2024\/06\/diana-56-740x400.png","articleSection":["G\u00fcndem"],"inLanguage":"tr","potentialAction":[{"@type":"CommentAction","name":"Comment","target":["https:\/\/kibrisdakik.com\/?p=45171#respond"]}]},{"@type":"WebPage","@id":"https:\/\/kibrisdakik.com\/?p=45171","url":"https:\/\/kibrisdakik.com\/?p=45171","name":"K\u0131br\u0131s T\u00fcrk foto\u011fraf\u00e7\u0131l\u0131\u011f\u0131n\u0131n sembol isimlerinden Mustafa Diana defnedildi -","isPartOf":{"@id":"https:\/\/kibrisdakik.com\/#website"},"primaryImageOfPage":{"@id":"https:\/\/kibrisdakik.com\/?p=45171#primaryimage"},"image":{"@id":"https:\/\/kibrisdakik.com\/?p=45171#primaryimage"},"thumbnailUrl":"https:\/\/kibrisdakik.com\/wp-content\/uploads\/2024\/06\/diana-56-740x400.png","datePublished":"2024-06-08T20:16:59+00:00","author":{"@id":"https:\/\/kibrisdakik.com\/#\/schema\/person\/9cd9d437bbb44f72b73ba127e06d8e79"},"breadcrumb":{"@id":"https:\/\/kibrisdakik.com\/?p=45171#breadcrumb"},"inLanguage":"tr","potentialAction":[{"@type":"ReadAction","target":["https:\/\/kibrisdakik.com\/?p=45171"]}]},{"@type":"ImageObject","inLanguage":"tr","@id":"https:\/\/kibrisdakik.com\/?p=45171#primaryimage","url":"https:\/\/kibrisdakik.com\/wp-content\/uploads\/2024\/06\/diana-56-740x400.png","contentUrl":"https:\/\/kibrisdakik.com\/wp-content\/uploads\/2024\/06\/diana-56-740x400.png","width":930,"height":400},{"@type":"BreadcrumbList","@id":"https:\/\/kibrisdakik.com\/?p=45171#breadcrumb","itemListElement":[{"@type":"ListItem","position":1,"name":"Home","item":"https:\/\/kibrisdakik.com\/"},{"@type":"ListItem","position":2,"name":"K\u0131br\u0131s T\u00fcrk foto\u011fraf\u00e7\u0131l\u0131\u011f\u0131n\u0131n sembol isimlerinden Mustafa Diana defnedildi"}]},{"@type":"WebSite","@id":"https:\/\/kibrisdakik.com\/#website","url":"https:\/\/kibrisdakik.com\/","name":"","description":"Tam vaktinde haber","potentialAction":[{"@type":"SearchAction","target":{"@type":"EntryPoint","urlTemplate":"https:\/\/kibrisdakik.com\/?s={search_term_string}"},"query-input":{"@type":"PropertyValueSpecification","valueRequired":true,"valueName":"search_term_string"}}],"inLanguage":"tr"},{"@type":"Person","@id":"https:\/\/kibrisdakik.com\/#\/schema\/person\/9cd9d437bbb44f72b73ba127e06d8e79","name":"admin","image":{"@type":"ImageObject","inLanguage":"tr","@id":"https:\/\/secure.gravatar.com\/avatar\/ccc17943b9d660506c869530f897617f7cb1c21a4bf30023f252596d83e1f007?s=96&d=mm&r=g","url":"https:\/\/secure.gravatar.com\/avatar\/ccc17943b9d660506c869530f897617f7cb1c21a4bf30023f252596d83e1f007?s=96&d=mm&r=g","contentUrl":"https:\/\/secure.gravatar.com\/avatar\/ccc17943b9d660506c869530f897617f7cb1c21a4bf30023f252596d83e1f007?s=96&d=mm&r=g","caption":"admin"},"sameAs":["https:\/\/kibrisdakik.com"],"url":"https:\/\/kibrisdakik.com\/?author=1"}]}},"_links":{"self":[{"href":"https:\/\/kibrisdakik.com\/index.php?rest_route=\/wp\/v2\/posts\/45171","targetHints":{"allow":["GET"]}}],"collection":[{"href":"https:\/\/kibrisdakik.com\/index.php?rest_route=\/wp\/v2\/posts"}],"about":[{"href":"https:\/\/kibrisdakik.com\/index.php?rest_route=\/wp\/v2\/types\/post"}],"author":[{"embeddable":true,"href":"https:\/\/kibrisdakik.com\/index.php?rest_route=\/wp\/v2\/users\/1"}],"replies":[{"embeddable":true,"href":"https:\/\/kibrisdakik.com\/index.php?rest_route=%2Fwp%2Fv2%2Fcomments&post=45171"}],"version-history":[{"count":0,"href":"https:\/\/kibrisdakik.com\/index.php?rest_route=\/wp\/v2\/posts\/45171\/revisions"}],"wp:featuredmedia":[{"embeddable":true,"href":"https:\/\/kibrisdakik.com\/index.php?rest_route=\/wp\/v2\/media\/45172"}],"wp:attachment":[{"href":"https:\/\/kibrisdakik.com\/index.php?rest_route=%2Fwp%2Fv2%2Fmedia&parent=45171"}],"wp:term":[{"taxonomy":"category","embeddable":true,"href":"https:\/\/kibrisdakik.com\/index.php?rest_route=%2Fwp%2Fv2%2Fcategories&post=45171"},{"taxonomy":"post_tag","embeddable":true,"href":"https:\/\/kibrisdakik.com\/index.php?rest_route=%2Fwp%2Fv2%2Ftags&post=45171"}],"curies":[{"name":"wp","href":"https:\/\/api.w.org\/{rel}","templated":true}]}}