{"id":45203,"date":"2024-06-09T08:52:40","date_gmt":"2024-06-09T08:52:40","guid":{"rendered":"https:\/\/kibrisdakik.com\/index.php\/2024\/06\/09\/meclis-genel-kurulu-yarin-cumhurbaskani-tatarin-katilimiyla-olaganustu-toplanacak\/"},"modified":"2024-06-09T08:52:40","modified_gmt":"2024-06-09T08:52:40","slug":"meclis-genel-kurulu-yarin-cumhurbaskani-tatarin-katilimiyla-olaganustu-toplanacak","status":"publish","type":"post","link":"https:\/\/kibrisdakik.com\/?p=45203","title":{"rendered":"Meclis Genel Kurulu yar\u0131n Cumhurba\u015fkan\u0131 Tatar\u2019\u0131n kat\u0131l\u0131m\u0131yla ola\u011fan\u00fcst\u00fc toplanacak"},"content":{"rendered":"<p><\/p>\n<div>\n<div class=\"mariselle-image-container center\">\n                <img loading=\"lazy\" decoding=\"async\" width=\"864\" height=\"486\" class=\"lazy-image\" alt=\"\" sizes=\"auto, (max-width: 864px) 100vw, 864px\" src=\"https:\/\/brtk.net\/wp-content\/uploads\/2024\/06\/09\/meclis-binasi.jpeg?ver=94a86efe62aeabfd3a8ae85f29e6aa60\" srcset=\"https:\/\/brtk.net\/wp-content\/uploads\/2024\/06\/09\/meclis-binasi.jpeg?ver=94a86efe62aeabfd3a8ae85f29e6aa60 864w, https:\/\/brtk.net\/wp-content\/uploads\/2024\/06\/09\/meclis-binasi-300x169.jpeg?ver=2e5318bf4f064361d1a02b488984f15c 300w, https:\/\/brtk.net\/wp-content\/uploads\/2024\/06\/09\/meclis-binasi-768x432.jpeg?ver=2e5318bf4f064361d1a02b488984f15c 768w\"\/>                            <\/div>\n<p>Cumhuriyet Meclisi Genel Kurulu, yar\u0131n saat 10.00\u2019da \u201cCumhurba\u015fkan\u0131 <a href=\"https:\/\/brtk.net\/\" target=\"_blank\" rel=\"noopener\">Ersin <\/a><a href=\"https:\/\/brtk.net\/\">Tatar<\/a>\u2018\u0131n K\u0131br\u0131s konusuyla ilgili bilgilendirmesi\u201d g\u00fcndemiyle ola\u011fan\u00fcst\u00fc toplanacak.<\/p>\n<p>Ola\u011fan\u00fcst\u00fc birle\u015fim, Cumhuriyet Meclisi \u0130\u00e7t\u00fcz\u00fc\u011f\u00fcn\u00fcn 60\u2019\u0131nc\u0131 maddesi ikinci f\u0131kras\u0131 uyar\u0131nca Cumhuriyet\u00e7i T\u00fcrk Partisi grubuna ba\u011fl\u0131 baz\u0131 milletvekillerinin istemi \u00fczerine yap\u0131lacak.<\/p>\n<p>Genel Kurul\u2019un a\u00e7\u0131l\u0131\u015f\u0131n\u0131n ard\u0131ndan Ba\u015fbakanl\u0131k\u2019tan oturumun kapal\u0131 olmas\u0131 istemiyle g\u00f6nderilen \u00f6nerge oylanacak. \u00d6nergenin kabul edilmesi halinde Cumhurba\u015fkan\u0131 <a href=\"https:\/\/brtk.net\/\">Tatar<\/a>\u2018\u0131n Meclis Genel Kurulu\u2019nu K\u0131br\u0131s konusunda bilgilendirece\u011fi toplant\u0131, kapal\u0131 yap\u0131lacak. <\/p>\n<p>Pazartesi g\u00fcnleri yasama, sal\u0131 g\u00fcnleri de denetim i\u015fleviyle toplanan Meclis Genel Kurulu, bu ay sonu yasama y\u0131l\u0131n\u0131 tamamlayarak 1 Temmuz\u2019dan itibaren tatile girecek.<\/p>\n<\/p><\/div>\n<p><script async\n                    defer\n                    crossorigin=\"anonymous\"\n                    src=\"https:\/\/connect.facebook.net\/tr_TR\/sdk.js#xfbml=1&#038;version=v3.3\"\n            ><\/script><\/p>\n","protected":false},"excerpt":{"rendered":"<p>Cumhuriyet Meclisi Genel Kurulu, yar\u0131n saat 10.00\u2019da \u201cCumhurba\u015fkan\u0131 Ersin Tatar\u2018\u0131n K\u0131br\u0131s konusuyla ilgili bilgilendirmesi\u201d g\u00fcndemiyle ola\u011fan\u00fcst\u00fc toplanacak. Ola\u011fan\u00fcst\u00fc birle\u015fim, Cumhuriyet Meclisi \u0130\u00e7t\u00fcz\u00fc\u011f\u00fcn\u00fcn 60\u2019\u0131nc\u0131 maddesi ikinci f\u0131kras\u0131 uyar\u0131nca Cumhuriyet\u00e7i T\u00fcrk Partisi grubuna ba\u011fl\u0131 baz\u0131 milletvekillerinin istemi \u00fczerine yap\u0131lacak. Genel Kurul\u2019un a\u00e7\u0131l\u0131\u015f\u0131n\u0131n ard\u0131ndan Ba\u015fbakanl\u0131k\u2019tan oturumun kapal\u0131 olmas\u0131 istemiyle g\u00f6nderilen \u00f6nerge oylanacak. \u00d6nergenin kabul edilmesi halinde Cumhurba\u015fkan\u0131 Tatar\u2018\u0131n<\/p>\n","protected":false},"author":1,"featured_media":45204,"comment_status":"open","ping_status":"open","sticky":false,"template":"","format":"standard","meta":{"footnotes":""},"categories":[1],"tags":[],"class_list":["post-45203","post","type-post","status-publish","format-standard","has-post-thumbnail","hentry","category-gundem"],"yoast_head":"<!-- This site is optimized with the Yoast SEO plugin v27.5 - https:\/\/yoast.com\/product\/yoast-seo-wordpress\/ -->\n<title>Meclis Genel Kurulu yar\u0131n Cumhurba\u015fkan\u0131 Tatar\u2019\u0131n kat\u0131l\u0131m\u0131yla ola\u011fan\u00fcst\u00fc toplanacak -<\/title>\n<meta name=\"robots\" content=\"index, follow, max-snippet:-1, max-image-preview:large, max-video-preview:-1\" \/>\n<link rel=\"canonical\" href=\"https:\/\/kibrisdakik.com\/?p=45203\" \/>\n<meta property=\"og:locale\" content=\"tr_TR\" \/>\n<meta property=\"og:type\" content=\"article\" \/>\n<meta property=\"og:title\" content=\"Meclis Genel Kurulu yar\u0131n Cumhurba\u015fkan\u0131 Tatar\u2019\u0131n kat\u0131l\u0131m\u0131yla ola\u011fan\u00fcst\u00fc toplanacak -\" \/>\n<meta property=\"og:description\" content=\"Cumhuriyet Meclisi Genel Kurulu, yar\u0131n saat 10.00\u2019da \u201cCumhurba\u015fkan\u0131 Ersin Tatar\u2018\u0131n K\u0131br\u0131s konusuyla ilgili bilgilendirmesi\u201d g\u00fcndemiyle ola\u011fan\u00fcst\u00fc toplanacak. Ola\u011fan\u00fcst\u00fc birle\u015fim, Cumhuriyet Meclisi \u0130\u00e7t\u00fcz\u00fc\u011f\u00fcn\u00fcn 60\u2019\u0131nc\u0131 maddesi ikinci f\u0131kras\u0131 uyar\u0131nca Cumhuriyet\u00e7i T\u00fcrk Partisi grubuna ba\u011fl\u0131 baz\u0131 milletvekillerinin istemi \u00fczerine yap\u0131lacak. Genel Kurul\u2019un a\u00e7\u0131l\u0131\u015f\u0131n\u0131n ard\u0131ndan Ba\u015fbakanl\u0131k\u2019tan oturumun kapal\u0131 olmas\u0131 istemiyle g\u00f6nderilen \u00f6nerge oylanacak. \u00d6nergenin kabul edilmesi halinde Cumhurba\u015fkan\u0131 Tatar\u2018\u0131n\" \/>\n<meta property=\"og:url\" content=\"https:\/\/kibrisdakik.com\/?p=45203\" \/>\n<meta property=\"article:published_time\" content=\"2024-06-09T08:52:40+00:00\" \/>\n<meta property=\"og:image\" content=\"https:\/\/kibrisdakik.com\/wp-content\/uploads\/2024\/06\/meclis-binasi-740x420.jpeg\" \/>\n\t<meta property=\"og:image:width\" content=\"864\" \/>\n\t<meta property=\"og:image:height\" content=\"486\" \/>\n\t<meta property=\"og:image:type\" content=\"image\/jpeg\" \/>\n<meta name=\"author\" content=\"admin\" \/>\n<meta name=\"twitter:card\" content=\"summary_large_image\" \/>\n<meta name=\"twitter:label1\" content=\"Yazan:\" \/>\n\t<meta name=\"twitter:data1\" content=\"admin\" \/>\n\t<meta name=\"twitter:label2\" content=\"Tahmini okuma s\u00fcresi\" \/>\n\t<meta name=\"twitter:data2\" content=\"1 dakika\" \/>\n<script type=\"application\/ld+json\" class=\"yoast-schema-graph\">{\"@context\":\"https:\\\/\\\/schema.org\",\"@graph\":[{\"@type\":\"Article\",\"@id\":\"https:\\\/\\\/kibrisdakik.com\\\/?p=45203#article\",\"isPartOf\":{\"@id\":\"https:\\\/\\\/kibrisdakik.com\\\/?p=45203\"},\"author\":{\"name\":\"admin\",\"@id\":\"https:\\\/\\\/kibrisdakik.com\\\/#\\\/schema\\\/person\\\/9cd9d437bbb44f72b73ba127e06d8e79\"},\"headline\":\"Meclis Genel Kurulu yar\u0131n Cumhurba\u015fkan\u0131 Tatar\u2019\u0131n kat\u0131l\u0131m\u0131yla ola\u011fan\u00fcst\u00fc toplanacak\",\"datePublished\":\"2024-06-09T08:52:40+00:00\",\"mainEntityOfPage\":{\"@id\":\"https:\\\/\\\/kibrisdakik.com\\\/?p=45203\"},\"wordCount\":145,\"commentCount\":0,\"image\":{\"@id\":\"https:\\\/\\\/kibrisdakik.com\\\/?p=45203#primaryimage\"},\"thumbnailUrl\":\"https:\\\/\\\/kibrisdakik.com\\\/wp-content\\\/uploads\\\/2024\\\/06\\\/meclis-binasi-740x420.jpeg\",\"articleSection\":[\"G\u00fcndem\"],\"inLanguage\":\"tr\",\"potentialAction\":[{\"@type\":\"CommentAction\",\"name\":\"Comment\",\"target\":[\"https:\\\/\\\/kibrisdakik.com\\\/?p=45203#respond\"]}]},{\"@type\":\"WebPage\",\"@id\":\"https:\\\/\\\/kibrisdakik.com\\\/?p=45203\",\"url\":\"https:\\\/\\\/kibrisdakik.com\\\/?p=45203\",\"name\":\"Meclis Genel Kurulu yar\u0131n Cumhurba\u015fkan\u0131 Tatar\u2019\u0131n kat\u0131l\u0131m\u0131yla ola\u011fan\u00fcst\u00fc toplanacak -\",\"isPartOf\":{\"@id\":\"https:\\\/\\\/kibrisdakik.com\\\/#website\"},\"primaryImageOfPage\":{\"@id\":\"https:\\\/\\\/kibrisdakik.com\\\/?p=45203#primaryimage\"},\"image\":{\"@id\":\"https:\\\/\\\/kibrisdakik.com\\\/?p=45203#primaryimage\"},\"thumbnailUrl\":\"https:\\\/\\\/kibrisdakik.com\\\/wp-content\\\/uploads\\\/2024\\\/06\\\/meclis-binasi-740x420.jpeg\",\"datePublished\":\"2024-06-09T08:52:40+00:00\",\"author\":{\"@id\":\"https:\\\/\\\/kibrisdakik.com\\\/#\\\/schema\\\/person\\\/9cd9d437bbb44f72b73ba127e06d8e79\"},\"breadcrumb\":{\"@id\":\"https:\\\/\\\/kibrisdakik.com\\\/?p=45203#breadcrumb\"},\"inLanguage\":\"tr\",\"potentialAction\":[{\"@type\":\"ReadAction\",\"target\":[\"https:\\\/\\\/kibrisdakik.com\\\/?p=45203\"]}]},{\"@type\":\"ImageObject\",\"inLanguage\":\"tr\",\"@id\":\"https:\\\/\\\/kibrisdakik.com\\\/?p=45203#primaryimage\",\"url\":\"https:\\\/\\\/kibrisdakik.com\\\/wp-content\\\/uploads\\\/2024\\\/06\\\/meclis-binasi-740x420.jpeg\",\"contentUrl\":\"https:\\\/\\\/kibrisdakik.com\\\/wp-content\\\/uploads\\\/2024\\\/06\\\/meclis-binasi-740x420.jpeg\",\"width\":864,\"height\":486},{\"@type\":\"BreadcrumbList\",\"@id\":\"https:\\\/\\\/kibrisdakik.com\\\/?p=45203#breadcrumb\",\"itemListElement\":[{\"@type\":\"ListItem\",\"position\":1,\"name\":\"Home\",\"item\":\"https:\\\/\\\/kibrisdakik.com\\\/\"},{\"@type\":\"ListItem\",\"position\":2,\"name\":\"Meclis Genel Kurulu yar\u0131n Cumhurba\u015fkan\u0131 Tatar\u2019\u0131n kat\u0131l\u0131m\u0131yla ola\u011fan\u00fcst\u00fc toplanacak\"}]},{\"@type\":\"WebSite\",\"@id\":\"https:\\\/\\\/kibrisdakik.com\\\/#website\",\"url\":\"https:\\\/\\\/kibrisdakik.com\\\/\",\"name\":\"\",\"description\":\"Tam vaktinde haber\",\"potentialAction\":[{\"@type\":\"SearchAction\",\"target\":{\"@type\":\"EntryPoint\",\"urlTemplate\":\"https:\\\/\\\/kibrisdakik.com\\\/?s={search_term_string}\"},\"query-input\":{\"@type\":\"PropertyValueSpecification\",\"valueRequired\":true,\"valueName\":\"search_term_string\"}}],\"inLanguage\":\"tr\"},{\"@type\":\"Person\",\"@id\":\"https:\\\/\\\/kibrisdakik.com\\\/#\\\/schema\\\/person\\\/9cd9d437bbb44f72b73ba127e06d8e79\",\"name\":\"admin\",\"image\":{\"@type\":\"ImageObject\",\"inLanguage\":\"tr\",\"@id\":\"https:\\\/\\\/secure.gravatar.com\\\/avatar\\\/ccc17943b9d660506c869530f897617f7cb1c21a4bf30023f252596d83e1f007?s=96&d=mm&r=g\",\"url\":\"https:\\\/\\\/secure.gravatar.com\\\/avatar\\\/ccc17943b9d660506c869530f897617f7cb1c21a4bf30023f252596d83e1f007?s=96&d=mm&r=g\",\"contentUrl\":\"https:\\\/\\\/secure.gravatar.com\\\/avatar\\\/ccc17943b9d660506c869530f897617f7cb1c21a4bf30023f252596d83e1f007?s=96&d=mm&r=g\",\"caption\":\"admin\"},\"sameAs\":[\"https:\\\/\\\/kibrisdakik.com\"],\"url\":\"https:\\\/\\\/kibrisdakik.com\\\/?author=1\"}]}<\/script>\n<!-- \/ Yoast SEO plugin. -->","yoast_head_json":{"title":"Meclis Genel Kurulu yar\u0131n Cumhurba\u015fkan\u0131 Tatar\u2019\u0131n kat\u0131l\u0131m\u0131yla ola\u011fan\u00fcst\u00fc toplanacak -","robots":{"index":"index","follow":"follow","max-snippet":"max-snippet:-1","max-image-preview":"max-image-preview:large","max-video-preview":"max-video-preview:-1"},"canonical":"https:\/\/kibrisdakik.com\/?p=45203","og_locale":"tr_TR","og_type":"article","og_title":"Meclis Genel Kurulu yar\u0131n Cumhurba\u015fkan\u0131 Tatar\u2019\u0131n kat\u0131l\u0131m\u0131yla ola\u011fan\u00fcst\u00fc toplanacak -","og_description":"Cumhuriyet Meclisi Genel Kurulu, yar\u0131n saat 10.00\u2019da \u201cCumhurba\u015fkan\u0131 Ersin Tatar\u2018\u0131n K\u0131br\u0131s konusuyla ilgili bilgilendirmesi\u201d g\u00fcndemiyle ola\u011fan\u00fcst\u00fc toplanacak. Ola\u011fan\u00fcst\u00fc birle\u015fim, Cumhuriyet Meclisi \u0130\u00e7t\u00fcz\u00fc\u011f\u00fcn\u00fcn 60\u2019\u0131nc\u0131 maddesi ikinci f\u0131kras\u0131 uyar\u0131nca Cumhuriyet\u00e7i T\u00fcrk Partisi grubuna ba\u011fl\u0131 baz\u0131 milletvekillerinin istemi \u00fczerine yap\u0131lacak. Genel Kurul\u2019un a\u00e7\u0131l\u0131\u015f\u0131n\u0131n ard\u0131ndan Ba\u015fbakanl\u0131k\u2019tan oturumun kapal\u0131 olmas\u0131 istemiyle g\u00f6nderilen \u00f6nerge oylanacak. \u00d6nergenin kabul edilmesi halinde Cumhurba\u015fkan\u0131 Tatar\u2018\u0131n","og_url":"https:\/\/kibrisdakik.com\/?p=45203","article_published_time":"2024-06-09T08:52:40+00:00","og_image":[{"width":864,"height":486,"url":"https:\/\/kibrisdakik.com\/wp-content\/uploads\/2024\/06\/meclis-binasi-740x420.jpeg","type":"image\/jpeg"}],"author":"admin","twitter_card":"summary_large_image","twitter_misc":{"Yazan:":"admin","Tahmini okuma s\u00fcresi":"1 dakika"},"schema":{"@context":"https:\/\/schema.org","@graph":[{"@type":"Article","@id":"https:\/\/kibrisdakik.com\/?p=45203#article","isPartOf":{"@id":"https:\/\/kibrisdakik.com\/?p=45203"},"author":{"name":"admin","@id":"https:\/\/kibrisdakik.com\/#\/schema\/person\/9cd9d437bbb44f72b73ba127e06d8e79"},"headline":"Meclis Genel Kurulu yar\u0131n Cumhurba\u015fkan\u0131 Tatar\u2019\u0131n kat\u0131l\u0131m\u0131yla ola\u011fan\u00fcst\u00fc toplanacak","datePublished":"2024-06-09T08:52:40+00:00","mainEntityOfPage":{"@id":"https:\/\/kibrisdakik.com\/?p=45203"},"wordCount":145,"commentCount":0,"image":{"@id":"https:\/\/kibrisdakik.com\/?p=45203#primaryimage"},"thumbnailUrl":"https:\/\/kibrisdakik.com\/wp-content\/uploads\/2024\/06\/meclis-binasi-740x420.jpeg","articleSection":["G\u00fcndem"],"inLanguage":"tr","potentialAction":[{"@type":"CommentAction","name":"Comment","target":["https:\/\/kibrisdakik.com\/?p=45203#respond"]}]},{"@type":"WebPage","@id":"https:\/\/kibrisdakik.com\/?p=45203","url":"https:\/\/kibrisdakik.com\/?p=45203","name":"Meclis Genel Kurulu yar\u0131n Cumhurba\u015fkan\u0131 Tatar\u2019\u0131n kat\u0131l\u0131m\u0131yla ola\u011fan\u00fcst\u00fc toplanacak -","isPartOf":{"@id":"https:\/\/kibrisdakik.com\/#website"},"primaryImageOfPage":{"@id":"https:\/\/kibrisdakik.com\/?p=45203#primaryimage"},"image":{"@id":"https:\/\/kibrisdakik.com\/?p=45203#primaryimage"},"thumbnailUrl":"https:\/\/kibrisdakik.com\/wp-content\/uploads\/2024\/06\/meclis-binasi-740x420.jpeg","datePublished":"2024-06-09T08:52:40+00:00","author":{"@id":"https:\/\/kibrisdakik.com\/#\/schema\/person\/9cd9d437bbb44f72b73ba127e06d8e79"},"breadcrumb":{"@id":"https:\/\/kibrisdakik.com\/?p=45203#breadcrumb"},"inLanguage":"tr","potentialAction":[{"@type":"ReadAction","target":["https:\/\/kibrisdakik.com\/?p=45203"]}]},{"@type":"ImageObject","inLanguage":"tr","@id":"https:\/\/kibrisdakik.com\/?p=45203#primaryimage","url":"https:\/\/kibrisdakik.com\/wp-content\/uploads\/2024\/06\/meclis-binasi-740x420.jpeg","contentUrl":"https:\/\/kibrisdakik.com\/wp-content\/uploads\/2024\/06\/meclis-binasi-740x420.jpeg","width":864,"height":486},{"@type":"BreadcrumbList","@id":"https:\/\/kibrisdakik.com\/?p=45203#breadcrumb","itemListElement":[{"@type":"ListItem","position":1,"name":"Home","item":"https:\/\/kibrisdakik.com\/"},{"@type":"ListItem","position":2,"name":"Meclis Genel Kurulu yar\u0131n Cumhurba\u015fkan\u0131 Tatar\u2019\u0131n kat\u0131l\u0131m\u0131yla ola\u011fan\u00fcst\u00fc toplanacak"}]},{"@type":"WebSite","@id":"https:\/\/kibrisdakik.com\/#website","url":"https:\/\/kibrisdakik.com\/","name":"","description":"Tam vaktinde haber","potentialAction":[{"@type":"SearchAction","target":{"@type":"EntryPoint","urlTemplate":"https:\/\/kibrisdakik.com\/?s={search_term_string}"},"query-input":{"@type":"PropertyValueSpecification","valueRequired":true,"valueName":"search_term_string"}}],"inLanguage":"tr"},{"@type":"Person","@id":"https:\/\/kibrisdakik.com\/#\/schema\/person\/9cd9d437bbb44f72b73ba127e06d8e79","name":"admin","image":{"@type":"ImageObject","inLanguage":"tr","@id":"https:\/\/secure.gravatar.com\/avatar\/ccc17943b9d660506c869530f897617f7cb1c21a4bf30023f252596d83e1f007?s=96&d=mm&r=g","url":"https:\/\/secure.gravatar.com\/avatar\/ccc17943b9d660506c869530f897617f7cb1c21a4bf30023f252596d83e1f007?s=96&d=mm&r=g","contentUrl":"https:\/\/secure.gravatar.com\/avatar\/ccc17943b9d660506c869530f897617f7cb1c21a4bf30023f252596d83e1f007?s=96&d=mm&r=g","caption":"admin"},"sameAs":["https:\/\/kibrisdakik.com"],"url":"https:\/\/kibrisdakik.com\/?author=1"}]}},"_links":{"self":[{"href":"https:\/\/kibrisdakik.com\/index.php?rest_route=\/wp\/v2\/posts\/45203","targetHints":{"allow":["GET"]}}],"collection":[{"href":"https:\/\/kibrisdakik.com\/index.php?rest_route=\/wp\/v2\/posts"}],"about":[{"href":"https:\/\/kibrisdakik.com\/index.php?rest_route=\/wp\/v2\/types\/post"}],"author":[{"embeddable":true,"href":"https:\/\/kibrisdakik.com\/index.php?rest_route=\/wp\/v2\/users\/1"}],"replies":[{"embeddable":true,"href":"https:\/\/kibrisdakik.com\/index.php?rest_route=%2Fwp%2Fv2%2Fcomments&post=45203"}],"version-history":[{"count":0,"href":"https:\/\/kibrisdakik.com\/index.php?rest_route=\/wp\/v2\/posts\/45203\/revisions"}],"wp:featuredmedia":[{"embeddable":true,"href":"https:\/\/kibrisdakik.com\/index.php?rest_route=\/wp\/v2\/media\/45204"}],"wp:attachment":[{"href":"https:\/\/kibrisdakik.com\/index.php?rest_route=%2Fwp%2Fv2%2Fmedia&parent=45203"}],"wp:term":[{"taxonomy":"category","embeddable":true,"href":"https:\/\/kibrisdakik.com\/index.php?rest_route=%2Fwp%2Fv2%2Fcategories&post=45203"},{"taxonomy":"post_tag","embeddable":true,"href":"https:\/\/kibrisdakik.com\/index.php?rest_route=%2Fwp%2Fv2%2Ftags&post=45203"}],"curies":[{"name":"wp","href":"https:\/\/api.w.org\/{rel}","templated":true}]}}