{"id":45216,"date":"2024-06-09T10:48:12","date_gmt":"2024-06-09T10:48:12","guid":{"rendered":"https:\/\/kibrisdakik.com\/index.php\/2024\/06\/09\/guneyde-bugun-cifte-secim-var\/"},"modified":"2024-06-09T10:48:12","modified_gmt":"2024-06-09T10:48:12","slug":"guneyde-bugun-cifte-secim-var","status":"publish","type":"post","link":"https:\/\/kibrisdakik.com\/?p=45216","title":{"rendered":"G\u00fcney&#039;de, bug\u00fcn, \u00e7ifte se\u00e7im var"},"content":{"rendered":"<p><img decoding=\"async\" src=\"https:\/\/www.kibristurk.com\/images\/haberler\/2024\/06\/guneyde-bugun-cifte-secim-var-1717928917.webp\" \/><\/p>\n<p>G\u00fcney K\u0131br\u0131s\u2019ta bug\u00fcn, Avrupa Parlamentosu\u2019ndaki (AP) 6 kontenjan ve yerel y\u00f6netimler i\u00e7in se\u00e7im yap\u0131l\u0131yor.&nbsp;\u00c7ifte se\u00e7im tela\u015f\u0131ndaki G\u00fcney K\u0131br\u0131s&#8217;ta olas\u0131 se\u00e7men kar\u0131\u015f\u0131kl\u0131\u011f\u0131, bo\u015f ve ge\u00e7ersiz oy pusulalar\u0131 ve kat\u0131l\u0131m oranlar\u0131na ili\u015fkin endi\u015felerin giderek artt\u0131\u011f\u0131 dikkat \u00e7ekiyor.<\/p>\n<p>S\u00f6z konusu sorunlar\u0131n temelinde ise se\u00e7menlerin 6 ila 10 aras\u0131nda oy pusulas\u0131 kullanmas\u0131n\u0131 gerektiren iki se\u00e7imin ayn\u0131 anda yap\u0131l\u0131yor olmas\u0131 ve hem se\u00e7menleri, hem de adaylar\u0131 zorlayan karma\u015f\u0131k bir yerel y\u00f6netim reformu yat\u0131yor.<\/p>\n<p><strong>KUZEY KIBRIS&#8217;TAN OTOB\u00dcS KALDIRILIYOR&#8230;<\/strong><\/p>\n<p>\u0130nsan Haklar\u0131 Platformu, bug\u00fcn ger\u00e7ekle\u015fecek Avrupa Parlamentosu se\u00e7imleri i\u00e7in ula\u015f\u0131m hizmeti sa\u011flayacak. Platform, \u0130skele \u2013 Derinya, Girne \u2013 Lefko\u015fa ve Lapta \u2013 Bostanc\u0131 rotalar\u0131nda hizmet verecek.<\/p>\n<p>Platform, se\u00e7im merkezlerine sabah ve \u00f6\u011flen seferleri d\u00fczenlenece\u011fini belirtti.<\/p>\n<p>Ula\u015f\u0131m hizmeti sa\u011flanacak g\u00fczergahlar \u015fu \u015fekildedir:<\/p>\n<p><strong>\u0130SKELE \u2013 DER\u0130NYA<\/strong><\/p>\n<p>Derinya Se\u00e7im Merkezi Sabah Seferi<\/p>\n<p>9.00: \u0130skele\u2019den Larnaka Gen\u00e7lerbirli\u011fi Kul\u00fcb\u00fc \u00f6n\u00fcnden hareket<\/p>\n<p>9.10: S\u0131n\u0131r\u00fcst\u00fc Tatl\u0131 Market \u00f6n\u00fc<\/p>\n<p>9.15: Bo\u011fazi\u00e7i k\u00f6y meydan\u0131<\/p>\n<p>9.20: Kuzucuk k\u00f6y meydan\u0131<\/p>\n<p>9.25: \u00d6t\u00fcken k\u00f6y meydan\u0131 kahvehane \u00f6n\u00fc<\/p>\n<p>9.35: Yeni Bo\u011fazi\u00e7i k\u00f6y meydan\u0131 spor kul\u00fcb\u00fc<\/p>\n<p>10:10: Derinya S\u0131n\u0131r Kap\u0131s\u0131<\/p>\n<p>10:15: Derinya Se\u00e7im Merkezi<\/p>\n<p>Derinya Se\u00e7im Merkezi \u00d6\u011flen Seferi<\/p>\n<p>14:00: \u0130skele\u2019den Larnaka Gen\u00e7lerbirli\u011fi Kul\u00fcb\u00fc \u00f6n\u00fcnden hareket<\/p>\n<p>14:10: S\u0131n\u0131r\u00fcst\u00fc Tatl\u0131 Market \u00f6n\u00fc<\/p>\n<p>14.15: Bo\u011fazi\u00e7i k\u00f6y meydan\u0131<\/p>\n<p>14.20: Kuzucuk k\u00f6y meydan\u0131<\/p>\n<p>14.25: \u00d6t\u00fcken k\u00f6y meydan\u0131 kahvehane \u00f6n\u00fc<\/p>\n<p>14.35: Yeni Bo\u011fazi\u00e7i k\u00f6y meydan\u0131 spor kul\u00fcb\u00fc<\/p>\n<p>15:10: Derinya S\u0131n\u0131r Kap\u0131s\u0131<\/p>\n<p>15:15: Derinya Se\u00e7im Merkezi<\/p>\n<p><strong>G\u0130RNE \u2013 LEFKO\u015eA<\/strong><\/p>\n<p>Aydemet Se\u00e7im Merkezi Sabah Seferi<\/p>\n<p>9.00: Girne Belediyesi \u00f6n\u00fcnden hareket<\/p>\n<p>9.15: Bo\u011fazk\u00f6y EMA\u015e S\u00fcpermarket yan\u0131<\/p>\n<p>9.45: Kermiya S\u0131n\u0131r Kap\u0131s\u0131<\/p>\n<p>9.55:Aydemet Se\u00e7im Merkezi<\/p>\n<p>Aydemet Se\u00e7im Merkezi \u00d6\u011flen Seferi<\/p>\n<p>14:00: Girne Belediyesi \u00f6n\u00fcnden hareket<\/p>\n<p>14:15: Bo\u011fazk\u00f6y EMA\u015e S\u00fcpermarket yan\u0131<\/p>\n<p>14.45: Kermiya S\u0131n\u0131r Kap\u0131s\u0131<\/p>\n<p>14.55: Aydemet Se\u00e7im Merkezi<\/p>\n<p><strong>LAPTA \u2013 BOSTANCI<\/strong><\/p>\n<p>Astromeritis Se\u00e7im Merkezi Sabah Seferi<\/p>\n<p>9.00: Lapta Belediyesi \u00f6n\u00fcnden hareket<\/p>\n<p>9.45: G\u00fczelyurt Otob\u00fcs Terminali<\/p>\n<p>10:00: Zodya S\u0131n\u0131r Kap\u0131s\u0131<\/p>\n<p>10:05: Astromeritis Se\u00e7im Merkezi<\/p>\n<p>Astromeritis Se\u00e7im Merkezi \u00d6\u011flen Seferi<\/p>\n<p>14:00: Lapta Belediyesi \u00f6n\u00fcnden hareket<\/p>\n<p>14:45: G\u00fczelyurt Otob\u00fcs Terminali<\/p>\n<p>15.00: Zodya S\u0131n\u0131r Kap\u0131s\u0131<\/p>\n<p>15:05: Astromeritis Se\u00e7im Merkezi<\/p>\n","protected":false},"excerpt":{"rendered":"<p>G\u00fcney K\u0131br\u0131s\u2019ta bug\u00fcn, Avrupa Parlamentosu\u2019ndaki (AP) 6 kontenjan ve yerel y\u00f6netimler i\u00e7in se\u00e7im yap\u0131l\u0131yor.&nbsp;\u00c7ifte se\u00e7im tela\u015f\u0131ndaki G\u00fcney K\u0131br\u0131s&#8217;ta olas\u0131 se\u00e7men kar\u0131\u015f\u0131kl\u0131\u011f\u0131, bo\u015f ve ge\u00e7ersiz oy pusulalar\u0131 ve kat\u0131l\u0131m oranlar\u0131na ili\u015fkin endi\u015felerin giderek artt\u0131\u011f\u0131 dikkat \u00e7ekiyor. S\u00f6z konusu sorunlar\u0131n temelinde ise se\u00e7menlerin 6 ila 10 aras\u0131nda oy pusulas\u0131 kullanmas\u0131n\u0131 gerektiren iki se\u00e7imin ayn\u0131 anda yap\u0131l\u0131yor olmas\u0131<\/p>\n","protected":false},"author":1,"featured_media":45217,"comment_status":"open","ping_status":"open","sticky":false,"template":"","format":"standard","meta":{"footnotes":""},"categories":[85],"tags":[],"class_list":["post-45216","post","type-post","status-publish","format-standard","has-post-thumbnail","hentry","category-spor"],"yoast_head":"<!-- This site is optimized with the Yoast SEO plugin v27.5 - https:\/\/yoast.com\/product\/yoast-seo-wordpress\/ -->\n<title>G\u00fcney&#039;de, bug\u00fcn, \u00e7ifte se\u00e7im var -<\/title>\n<meta name=\"robots\" content=\"index, follow, max-snippet:-1, max-image-preview:large, max-video-preview:-1\" \/>\n<link rel=\"canonical\" href=\"https:\/\/kibrisdakik.com\/?p=45216\" \/>\n<meta property=\"og:locale\" content=\"tr_TR\" \/>\n<meta property=\"og:type\" content=\"article\" \/>\n<meta property=\"og:title\" content=\"G\u00fcney&#039;de, bug\u00fcn, \u00e7ifte se\u00e7im var -\" \/>\n<meta property=\"og:description\" content=\"G\u00fcney K\u0131br\u0131s\u2019ta bug\u00fcn, Avrupa Parlamentosu\u2019ndaki (AP) 6 kontenjan ve yerel y\u00f6netimler i\u00e7in se\u00e7im yap\u0131l\u0131yor.&nbsp;\u00c7ifte se\u00e7im tela\u015f\u0131ndaki G\u00fcney K\u0131br\u0131s&#8217;ta olas\u0131 se\u00e7men kar\u0131\u015f\u0131kl\u0131\u011f\u0131, bo\u015f ve ge\u00e7ersiz oy pusulalar\u0131 ve kat\u0131l\u0131m oranlar\u0131na ili\u015fkin endi\u015felerin giderek artt\u0131\u011f\u0131 dikkat \u00e7ekiyor. S\u00f6z konusu sorunlar\u0131n temelinde ise se\u00e7menlerin 6 ila 10 aras\u0131nda oy pusulas\u0131 kullanmas\u0131n\u0131 gerektiren iki se\u00e7imin ayn\u0131 anda yap\u0131l\u0131yor olmas\u0131\" \/>\n<meta property=\"og:url\" content=\"https:\/\/kibrisdakik.com\/?p=45216\" \/>\n<meta property=\"article:published_time\" content=\"2024-06-09T10:48:12+00:00\" \/>\n<meta property=\"og:image\" content=\"https:\/\/kibrisdakik.com\/wp-content\/uploads\/2024\/06\/guneyde-bugun-cifte-secim-var-1717928917.webp.webp\" \/>\n\t<meta property=\"og:image:width\" content=\"710\" \/>\n\t<meta property=\"og:image:height\" content=\"370\" \/>\n\t<meta property=\"og:image:type\" content=\"image\/webp\" \/>\n<meta name=\"author\" content=\"admin\" \/>\n<meta name=\"twitter:card\" content=\"summary_large_image\" \/>\n<meta name=\"twitter:label1\" content=\"Yazan:\" \/>\n\t<meta name=\"twitter:data1\" content=\"admin\" \/>\n\t<meta name=\"twitter:label2\" content=\"Tahmini okuma s\u00fcresi\" \/>\n\t<meta name=\"twitter:data2\" content=\"2 dakika\" \/>\n<script type=\"application\/ld+json\" class=\"yoast-schema-graph\">{\"@context\":\"https:\\\/\\\/schema.org\",\"@graph\":[{\"@type\":\"Article\",\"@id\":\"https:\\\/\\\/kibrisdakik.com\\\/?p=45216#article\",\"isPartOf\":{\"@id\":\"https:\\\/\\\/kibrisdakik.com\\\/?p=45216\"},\"author\":{\"name\":\"admin\",\"@id\":\"https:\\\/\\\/kibrisdakik.com\\\/#\\\/schema\\\/person\\\/9cd9d437bbb44f72b73ba127e06d8e79\"},\"headline\":\"G\u00fcney&#039;de, bug\u00fcn, \u00e7ifte se\u00e7im var\",\"datePublished\":\"2024-06-09T10:48:12+00:00\",\"mainEntityOfPage\":{\"@id\":\"https:\\\/\\\/kibrisdakik.com\\\/?p=45216\"},\"wordCount\":409,\"commentCount\":0,\"image\":{\"@id\":\"https:\\\/\\\/kibrisdakik.com\\\/?p=45216#primaryimage\"},\"thumbnailUrl\":\"https:\\\/\\\/kibrisdakik.com\\\/wp-content\\\/uploads\\\/2024\\\/06\\\/guneyde-bugun-cifte-secim-var-1717928917.webp.webp\",\"articleSection\":[\"Spor\"],\"inLanguage\":\"tr\",\"potentialAction\":[{\"@type\":\"CommentAction\",\"name\":\"Comment\",\"target\":[\"https:\\\/\\\/kibrisdakik.com\\\/?p=45216#respond\"]}]},{\"@type\":\"WebPage\",\"@id\":\"https:\\\/\\\/kibrisdakik.com\\\/?p=45216\",\"url\":\"https:\\\/\\\/kibrisdakik.com\\\/?p=45216\",\"name\":\"G\u00fcney&#039;de, bug\u00fcn, \u00e7ifte se\u00e7im var -\",\"isPartOf\":{\"@id\":\"https:\\\/\\\/kibrisdakik.com\\\/#website\"},\"primaryImageOfPage\":{\"@id\":\"https:\\\/\\\/kibrisdakik.com\\\/?p=45216#primaryimage\"},\"image\":{\"@id\":\"https:\\\/\\\/kibrisdakik.com\\\/?p=45216#primaryimage\"},\"thumbnailUrl\":\"https:\\\/\\\/kibrisdakik.com\\\/wp-content\\\/uploads\\\/2024\\\/06\\\/guneyde-bugun-cifte-secim-var-1717928917.webp.webp\",\"datePublished\":\"2024-06-09T10:48:12+00:00\",\"author\":{\"@id\":\"https:\\\/\\\/kibrisdakik.com\\\/#\\\/schema\\\/person\\\/9cd9d437bbb44f72b73ba127e06d8e79\"},\"breadcrumb\":{\"@id\":\"https:\\\/\\\/kibrisdakik.com\\\/?p=45216#breadcrumb\"},\"inLanguage\":\"tr\",\"potentialAction\":[{\"@type\":\"ReadAction\",\"target\":[\"https:\\\/\\\/kibrisdakik.com\\\/?p=45216\"]}]},{\"@type\":\"ImageObject\",\"inLanguage\":\"tr\",\"@id\":\"https:\\\/\\\/kibrisdakik.com\\\/?p=45216#primaryimage\",\"url\":\"https:\\\/\\\/kibrisdakik.com\\\/wp-content\\\/uploads\\\/2024\\\/06\\\/guneyde-bugun-cifte-secim-var-1717928917.webp.webp\",\"contentUrl\":\"https:\\\/\\\/kibrisdakik.com\\\/wp-content\\\/uploads\\\/2024\\\/06\\\/guneyde-bugun-cifte-secim-var-1717928917.webp.webp\",\"width\":710,\"height\":370},{\"@type\":\"BreadcrumbList\",\"@id\":\"https:\\\/\\\/kibrisdakik.com\\\/?p=45216#breadcrumb\",\"itemListElement\":[{\"@type\":\"ListItem\",\"position\":1,\"name\":\"Home\",\"item\":\"https:\\\/\\\/kibrisdakik.com\\\/\"},{\"@type\":\"ListItem\",\"position\":2,\"name\":\"G\u00fcney&#039;de, bug\u00fcn, \u00e7ifte se\u00e7im var\"}]},{\"@type\":\"WebSite\",\"@id\":\"https:\\\/\\\/kibrisdakik.com\\\/#website\",\"url\":\"https:\\\/\\\/kibrisdakik.com\\\/\",\"name\":\"\",\"description\":\"Tam vaktinde haber\",\"potentialAction\":[{\"@type\":\"SearchAction\",\"target\":{\"@type\":\"EntryPoint\",\"urlTemplate\":\"https:\\\/\\\/kibrisdakik.com\\\/?s={search_term_string}\"},\"query-input\":{\"@type\":\"PropertyValueSpecification\",\"valueRequired\":true,\"valueName\":\"search_term_string\"}}],\"inLanguage\":\"tr\"},{\"@type\":\"Person\",\"@id\":\"https:\\\/\\\/kibrisdakik.com\\\/#\\\/schema\\\/person\\\/9cd9d437bbb44f72b73ba127e06d8e79\",\"name\":\"admin\",\"image\":{\"@type\":\"ImageObject\",\"inLanguage\":\"tr\",\"@id\":\"https:\\\/\\\/secure.gravatar.com\\\/avatar\\\/ccc17943b9d660506c869530f897617f7cb1c21a4bf30023f252596d83e1f007?s=96&d=mm&r=g\",\"url\":\"https:\\\/\\\/secure.gravatar.com\\\/avatar\\\/ccc17943b9d660506c869530f897617f7cb1c21a4bf30023f252596d83e1f007?s=96&d=mm&r=g\",\"contentUrl\":\"https:\\\/\\\/secure.gravatar.com\\\/avatar\\\/ccc17943b9d660506c869530f897617f7cb1c21a4bf30023f252596d83e1f007?s=96&d=mm&r=g\",\"caption\":\"admin\"},\"sameAs\":[\"https:\\\/\\\/kibrisdakik.com\"],\"url\":\"https:\\\/\\\/kibrisdakik.com\\\/?author=1\"}]}<\/script>\n<!-- \/ Yoast SEO plugin. -->","yoast_head_json":{"title":"G\u00fcney&#039;de, bug\u00fcn, \u00e7ifte se\u00e7im var -","robots":{"index":"index","follow":"follow","max-snippet":"max-snippet:-1","max-image-preview":"max-image-preview:large","max-video-preview":"max-video-preview:-1"},"canonical":"https:\/\/kibrisdakik.com\/?p=45216","og_locale":"tr_TR","og_type":"article","og_title":"G\u00fcney&#039;de, bug\u00fcn, \u00e7ifte se\u00e7im var -","og_description":"G\u00fcney K\u0131br\u0131s\u2019ta bug\u00fcn, Avrupa Parlamentosu\u2019ndaki (AP) 6 kontenjan ve yerel y\u00f6netimler i\u00e7in se\u00e7im yap\u0131l\u0131yor.&nbsp;\u00c7ifte se\u00e7im tela\u015f\u0131ndaki G\u00fcney K\u0131br\u0131s&#8217;ta olas\u0131 se\u00e7men kar\u0131\u015f\u0131kl\u0131\u011f\u0131, bo\u015f ve ge\u00e7ersiz oy pusulalar\u0131 ve kat\u0131l\u0131m oranlar\u0131na ili\u015fkin endi\u015felerin giderek artt\u0131\u011f\u0131 dikkat \u00e7ekiyor. S\u00f6z konusu sorunlar\u0131n temelinde ise se\u00e7menlerin 6 ila 10 aras\u0131nda oy pusulas\u0131 kullanmas\u0131n\u0131 gerektiren iki se\u00e7imin ayn\u0131 anda yap\u0131l\u0131yor olmas\u0131","og_url":"https:\/\/kibrisdakik.com\/?p=45216","article_published_time":"2024-06-09T10:48:12+00:00","og_image":[{"width":710,"height":370,"url":"https:\/\/kibrisdakik.com\/wp-content\/uploads\/2024\/06\/guneyde-bugun-cifte-secim-var-1717928917.webp.webp","type":"image\/webp"}],"author":"admin","twitter_card":"summary_large_image","twitter_misc":{"Yazan:":"admin","Tahmini okuma s\u00fcresi":"2 dakika"},"schema":{"@context":"https:\/\/schema.org","@graph":[{"@type":"Article","@id":"https:\/\/kibrisdakik.com\/?p=45216#article","isPartOf":{"@id":"https:\/\/kibrisdakik.com\/?p=45216"},"author":{"name":"admin","@id":"https:\/\/kibrisdakik.com\/#\/schema\/person\/9cd9d437bbb44f72b73ba127e06d8e79"},"headline":"G\u00fcney&#039;de, bug\u00fcn, \u00e7ifte se\u00e7im var","datePublished":"2024-06-09T10:48:12+00:00","mainEntityOfPage":{"@id":"https:\/\/kibrisdakik.com\/?p=45216"},"wordCount":409,"commentCount":0,"image":{"@id":"https:\/\/kibrisdakik.com\/?p=45216#primaryimage"},"thumbnailUrl":"https:\/\/kibrisdakik.com\/wp-content\/uploads\/2024\/06\/guneyde-bugun-cifte-secim-var-1717928917.webp.webp","articleSection":["Spor"],"inLanguage":"tr","potentialAction":[{"@type":"CommentAction","name":"Comment","target":["https:\/\/kibrisdakik.com\/?p=45216#respond"]}]},{"@type":"WebPage","@id":"https:\/\/kibrisdakik.com\/?p=45216","url":"https:\/\/kibrisdakik.com\/?p=45216","name":"G\u00fcney&#039;de, bug\u00fcn, \u00e7ifte se\u00e7im var -","isPartOf":{"@id":"https:\/\/kibrisdakik.com\/#website"},"primaryImageOfPage":{"@id":"https:\/\/kibrisdakik.com\/?p=45216#primaryimage"},"image":{"@id":"https:\/\/kibrisdakik.com\/?p=45216#primaryimage"},"thumbnailUrl":"https:\/\/kibrisdakik.com\/wp-content\/uploads\/2024\/06\/guneyde-bugun-cifte-secim-var-1717928917.webp.webp","datePublished":"2024-06-09T10:48:12+00:00","author":{"@id":"https:\/\/kibrisdakik.com\/#\/schema\/person\/9cd9d437bbb44f72b73ba127e06d8e79"},"breadcrumb":{"@id":"https:\/\/kibrisdakik.com\/?p=45216#breadcrumb"},"inLanguage":"tr","potentialAction":[{"@type":"ReadAction","target":["https:\/\/kibrisdakik.com\/?p=45216"]}]},{"@type":"ImageObject","inLanguage":"tr","@id":"https:\/\/kibrisdakik.com\/?p=45216#primaryimage","url":"https:\/\/kibrisdakik.com\/wp-content\/uploads\/2024\/06\/guneyde-bugun-cifte-secim-var-1717928917.webp.webp","contentUrl":"https:\/\/kibrisdakik.com\/wp-content\/uploads\/2024\/06\/guneyde-bugun-cifte-secim-var-1717928917.webp.webp","width":710,"height":370},{"@type":"BreadcrumbList","@id":"https:\/\/kibrisdakik.com\/?p=45216#breadcrumb","itemListElement":[{"@type":"ListItem","position":1,"name":"Home","item":"https:\/\/kibrisdakik.com\/"},{"@type":"ListItem","position":2,"name":"G\u00fcney&#039;de, bug\u00fcn, \u00e7ifte se\u00e7im var"}]},{"@type":"WebSite","@id":"https:\/\/kibrisdakik.com\/#website","url":"https:\/\/kibrisdakik.com\/","name":"","description":"Tam vaktinde haber","potentialAction":[{"@type":"SearchAction","target":{"@type":"EntryPoint","urlTemplate":"https:\/\/kibrisdakik.com\/?s={search_term_string}"},"query-input":{"@type":"PropertyValueSpecification","valueRequired":true,"valueName":"search_term_string"}}],"inLanguage":"tr"},{"@type":"Person","@id":"https:\/\/kibrisdakik.com\/#\/schema\/person\/9cd9d437bbb44f72b73ba127e06d8e79","name":"admin","image":{"@type":"ImageObject","inLanguage":"tr","@id":"https:\/\/secure.gravatar.com\/avatar\/ccc17943b9d660506c869530f897617f7cb1c21a4bf30023f252596d83e1f007?s=96&d=mm&r=g","url":"https:\/\/secure.gravatar.com\/avatar\/ccc17943b9d660506c869530f897617f7cb1c21a4bf30023f252596d83e1f007?s=96&d=mm&r=g","contentUrl":"https:\/\/secure.gravatar.com\/avatar\/ccc17943b9d660506c869530f897617f7cb1c21a4bf30023f252596d83e1f007?s=96&d=mm&r=g","caption":"admin"},"sameAs":["https:\/\/kibrisdakik.com"],"url":"https:\/\/kibrisdakik.com\/?author=1"}]}},"_links":{"self":[{"href":"https:\/\/kibrisdakik.com\/index.php?rest_route=\/wp\/v2\/posts\/45216","targetHints":{"allow":["GET"]}}],"collection":[{"href":"https:\/\/kibrisdakik.com\/index.php?rest_route=\/wp\/v2\/posts"}],"about":[{"href":"https:\/\/kibrisdakik.com\/index.php?rest_route=\/wp\/v2\/types\/post"}],"author":[{"embeddable":true,"href":"https:\/\/kibrisdakik.com\/index.php?rest_route=\/wp\/v2\/users\/1"}],"replies":[{"embeddable":true,"href":"https:\/\/kibrisdakik.com\/index.php?rest_route=%2Fwp%2Fv2%2Fcomments&post=45216"}],"version-history":[{"count":0,"href":"https:\/\/kibrisdakik.com\/index.php?rest_route=\/wp\/v2\/posts\/45216\/revisions"}],"wp:featuredmedia":[{"embeddable":true,"href":"https:\/\/kibrisdakik.com\/index.php?rest_route=\/wp\/v2\/media\/45217"}],"wp:attachment":[{"href":"https:\/\/kibrisdakik.com\/index.php?rest_route=%2Fwp%2Fv2%2Fmedia&parent=45216"}],"wp:term":[{"taxonomy":"category","embeddable":true,"href":"https:\/\/kibrisdakik.com\/index.php?rest_route=%2Fwp%2Fv2%2Fcategories&post=45216"},{"taxonomy":"post_tag","embeddable":true,"href":"https:\/\/kibrisdakik.com\/index.php?rest_route=%2Fwp%2Fv2%2Ftags&post=45216"}],"curies":[{"name":"wp","href":"https:\/\/api.w.org\/{rel}","templated":true}]}}