{"id":45272,"date":"2024-06-09T18:02:07","date_gmt":"2024-06-09T18:02:07","guid":{"rendered":"https:\/\/kibrisdakik.com\/index.php\/2024\/06\/09\/polis-halk-kosusunun-ikincisi-yapildi\/"},"modified":"2024-06-09T18:02:07","modified_gmt":"2024-06-09T18:02:07","slug":"polis-halk-kosusunun-ikincisi-yapildi","status":"publish","type":"post","link":"https:\/\/kibrisdakik.com\/?p=45272","title":{"rendered":"\u201cPolis Halk Ko\u015fusu\u201dnun ikincisi yap\u0131ld\u0131"},"content":{"rendered":"<p><\/p>\n<div>\n<div class=\"mariselle-image-container center\">\n                <img loading=\"lazy\" decoding=\"async\" width=\"1600\" height=\"1066\" class=\"lazy-image\" alt=\"\" sizes=\"auto, (max-width: 1600px) 100vw, 1600px\" src=\"https:\/\/brtk.net\/wp-content\/uploads\/2024\/06\/09\/2-polis-halk-kosusu-yapildi-6-.jpeg?ver=9fb44a39a66c45a2458e834c13d175e9\" srcset=\"https:\/\/brtk.net\/wp-content\/uploads\/2024\/06\/09\/2-polis-halk-kosusu-yapildi-6-.jpeg?ver=9fb44a39a66c45a2458e834c13d175e9 1600w, https:\/\/brtk.net\/wp-content\/uploads\/2024\/06\/09\/2-polis-halk-kosusu-yapildi-6--300x200.jpeg?ver=11e4f7e95ac8c0a29ede162c73508e81 300w, https:\/\/brtk.net\/wp-content\/uploads\/2024\/06\/09\/2-polis-halk-kosusu-yapildi-6--1024x682.jpeg?ver=11e4f7e95ac8c0a29ede162c73508e81 1024w, https:\/\/brtk.net\/wp-content\/uploads\/2024\/06\/09\/2-polis-halk-kosusu-yapildi-6--768x512.jpeg?ver=11e4f7e95ac8c0a29ede162c73508e81 768w, https:\/\/brtk.net\/wp-content\/uploads\/2024\/06\/09\/2-polis-halk-kosusu-yapildi-6--1536x1023.jpeg?ver=5316fd2c20654abd1425e28ba36a6e3d 1536w\"\/>                            <\/div>\n<p>Polis \u00f6rg\u00fct\u00fcn\u00fcn 60\u2019\u0131nc\u0131 kurulu\u015f y\u0131l d\u00f6n\u00fcm\u00fc ve \u201cPolis Haftas\u0131\u201d kutlama etkinlikleri\u201d \u00e7er\u00e7evesinde \u201cPolis Halk Ko\u015fusu\u201dnun ikincisi d\u00fczenlendi.<\/p>\n<p>Polis Genel M\u00fcd\u00fcrl\u00fc\u011f\u00fc\u2019nden verilen bilgiye g\u00f6re ko\u015fular, 10 km \u015fehir ko\u015fusu, 3 km halk ko\u015fusu ve 1 km \u00e7ocuk ko\u015fusu \u015feklinde d\u00fczenlendi. T\u00fcm yar\u0131\u015flar, Polis Genel M\u00fcd\u00fcr\u00fc Kas\u0131m Kuni taraf\u0131ndan ba\u015flat\u0131ld\u0131.<\/p>\n<p>Atletizm Federasyonu i\u015f birli\u011finde ger\u00e7ekle\u015ftirilen Polis-Halk Ko\u015fusu\u2019nda, 1 km\u2019lik \u00e7ocuk ko\u015fusu ilk kez d\u00fczenlendi.<\/p>\n<p>Yar\u0131\u015flar\u0131n tamamlamas\u0131n\u0131n ard\u0131ndan, Cimnastik Federasyonu sporcular\u0131 cimnastik g\u00f6sterisi sergiledi.<\/p>\n<p>Polis Genel M\u00fcd\u00fcrl\u00fc\u011f\u00fc\u2019n\u00fcn \u00e7im bah\u00e7esinde \u00e7ocuklar i\u00e7in oyun alan\u0131 kuruldu. 11 kategoride ger\u00e7ekle\u015ftirilen 10 km \u015fehir ko\u015fusunun \u00f6d\u00fcl t\u00f6renine, Polis Genel M\u00fcd\u00fcr\u00fc Kas\u0131m Kuni,  PGM I. Yard\u0131mc\u0131s\u0131 Ali Adal\u0131er, PGM II. Yard\u0131mc\u0131s\u0131 Kaan Resa Sa\u00e7ar ile \u0130l\u00e7e ve PGM-B\u00f6l\u00fcm M\u00fcd\u00fcrleri, Atletizm Federasyonu yetkilileri ve Cimnastik Federasyonu Ba\u015fkan\u0131 Hasan Saps\u0131zo\u011flu da kat\u0131ld\u0131.<\/p>\n<p>\u00d6d\u00fcl t\u00f6reninin tamamlanmas\u0131n\u0131n ard\u0131ndan ko\u015funun ger\u00e7ekle\u015fmesi i\u00e7in katk\u0131 yapan sponsorlara te\u015fekk\u00fcr plaketi takdim edildi.<\/p>\n<\/p><\/div>\n<p><script async\n                    defer\n                    crossorigin=\"anonymous\"\n                    src=\"https:\/\/connect.facebook.net\/tr_TR\/sdk.js#xfbml=1&#038;version=v3.3\"\n            ><\/script><\/p>\n","protected":false},"excerpt":{"rendered":"<p>Polis \u00f6rg\u00fct\u00fcn\u00fcn 60\u2019\u0131nc\u0131 kurulu\u015f y\u0131l d\u00f6n\u00fcm\u00fc ve \u201cPolis Haftas\u0131\u201d kutlama etkinlikleri\u201d \u00e7er\u00e7evesinde \u201cPolis Halk Ko\u015fusu\u201dnun ikincisi d\u00fczenlendi. Polis Genel M\u00fcd\u00fcrl\u00fc\u011f\u00fc\u2019nden verilen bilgiye g\u00f6re ko\u015fular, 10 km \u015fehir ko\u015fusu, 3 km halk ko\u015fusu ve 1 km \u00e7ocuk ko\u015fusu \u015feklinde d\u00fczenlendi. T\u00fcm yar\u0131\u015flar, Polis Genel M\u00fcd\u00fcr\u00fc Kas\u0131m Kuni taraf\u0131ndan ba\u015flat\u0131ld\u0131. Atletizm Federasyonu i\u015f birli\u011finde ger\u00e7ekle\u015ftirilen Polis-Halk Ko\u015fusu\u2019nda,<\/p>\n","protected":false},"author":1,"featured_media":45273,"comment_status":"open","ping_status":"open","sticky":false,"template":"","format":"standard","meta":{"footnotes":""},"categories":[1],"tags":[],"class_list":["post-45272","post","type-post","status-publish","format-standard","has-post-thumbnail","hentry","category-gundem"],"yoast_head":"<!-- This site is optimized with the Yoast SEO plugin v27.5 - https:\/\/yoast.com\/product\/yoast-seo-wordpress\/ -->\n<title>\u201cPolis Halk Ko\u015fusu\u201dnun ikincisi yap\u0131ld\u0131 -<\/title>\n<meta name=\"robots\" content=\"index, follow, max-snippet:-1, max-image-preview:large, max-video-preview:-1\" \/>\n<link rel=\"canonical\" href=\"https:\/\/kibrisdakik.com\/?p=45272\" \/>\n<meta property=\"og:locale\" content=\"tr_TR\" \/>\n<meta property=\"og:type\" content=\"article\" \/>\n<meta property=\"og:title\" content=\"\u201cPolis Halk Ko\u015fusu\u201dnun ikincisi yap\u0131ld\u0131 -\" \/>\n<meta property=\"og:description\" content=\"Polis \u00f6rg\u00fct\u00fcn\u00fcn 60\u2019\u0131nc\u0131 kurulu\u015f y\u0131l d\u00f6n\u00fcm\u00fc ve \u201cPolis Haftas\u0131\u201d kutlama etkinlikleri\u201d \u00e7er\u00e7evesinde \u201cPolis Halk Ko\u015fusu\u201dnun ikincisi d\u00fczenlendi. Polis Genel M\u00fcd\u00fcrl\u00fc\u011f\u00fc\u2019nden verilen bilgiye g\u00f6re ko\u015fular, 10 km \u015fehir ko\u015fusu, 3 km halk ko\u015fusu ve 1 km \u00e7ocuk ko\u015fusu \u015feklinde d\u00fczenlendi. T\u00fcm yar\u0131\u015flar, Polis Genel M\u00fcd\u00fcr\u00fc Kas\u0131m Kuni taraf\u0131ndan ba\u015flat\u0131ld\u0131. Atletizm Federasyonu i\u015f birli\u011finde ger\u00e7ekle\u015ftirilen Polis-Halk Ko\u015fusu\u2019nda,\" \/>\n<meta property=\"og:url\" content=\"https:\/\/kibrisdakik.com\/?p=45272\" \/>\n<meta property=\"article:published_time\" content=\"2024-06-09T18:02:07+00:00\" \/>\n<meta property=\"og:image\" content=\"https:\/\/kibrisdakik.com\/wp-content\/uploads\/2024\/06\/2-polis-halk-kosusu-yapildi-6--740x420.jpeg\" \/>\n\t<meta property=\"og:image:width\" content=\"1600\" \/>\n\t<meta property=\"og:image:height\" content=\"1066\" \/>\n\t<meta property=\"og:image:type\" content=\"image\/jpeg\" \/>\n<meta name=\"author\" content=\"admin\" \/>\n<meta name=\"twitter:card\" content=\"summary_large_image\" \/>\n<meta name=\"twitter:label1\" content=\"Yazan:\" \/>\n\t<meta name=\"twitter:data1\" content=\"admin\" \/>\n\t<meta name=\"twitter:label2\" content=\"Tahmini okuma s\u00fcresi\" \/>\n\t<meta name=\"twitter:data2\" content=\"1 dakika\" \/>\n<script type=\"application\/ld+json\" class=\"yoast-schema-graph\">{\"@context\":\"https:\\\/\\\/schema.org\",\"@graph\":[{\"@type\":\"Article\",\"@id\":\"https:\\\/\\\/kibrisdakik.com\\\/?p=45272#article\",\"isPartOf\":{\"@id\":\"https:\\\/\\\/kibrisdakik.com\\\/?p=45272\"},\"author\":{\"name\":\"admin\",\"@id\":\"https:\\\/\\\/kibrisdakik.com\\\/#\\\/schema\\\/person\\\/9cd9d437bbb44f72b73ba127e06d8e79\"},\"headline\":\"\u201cPolis Halk Ko\u015fusu\u201dnun ikincisi yap\u0131ld\u0131\",\"datePublished\":\"2024-06-09T18:02:07+00:00\",\"mainEntityOfPage\":{\"@id\":\"https:\\\/\\\/kibrisdakik.com\\\/?p=45272\"},\"wordCount\":219,\"commentCount\":0,\"image\":{\"@id\":\"https:\\\/\\\/kibrisdakik.com\\\/?p=45272#primaryimage\"},\"thumbnailUrl\":\"https:\\\/\\\/kibrisdakik.com\\\/wp-content\\\/uploads\\\/2024\\\/06\\\/2-polis-halk-kosusu-yapildi-6--740x420.jpeg\",\"articleSection\":[\"G\u00fcndem\"],\"inLanguage\":\"tr\",\"potentialAction\":[{\"@type\":\"CommentAction\",\"name\":\"Comment\",\"target\":[\"https:\\\/\\\/kibrisdakik.com\\\/?p=45272#respond\"]}]},{\"@type\":\"WebPage\",\"@id\":\"https:\\\/\\\/kibrisdakik.com\\\/?p=45272\",\"url\":\"https:\\\/\\\/kibrisdakik.com\\\/?p=45272\",\"name\":\"\u201cPolis Halk Ko\u015fusu\u201dnun ikincisi yap\u0131ld\u0131 -\",\"isPartOf\":{\"@id\":\"https:\\\/\\\/kibrisdakik.com\\\/#website\"},\"primaryImageOfPage\":{\"@id\":\"https:\\\/\\\/kibrisdakik.com\\\/?p=45272#primaryimage\"},\"image\":{\"@id\":\"https:\\\/\\\/kibrisdakik.com\\\/?p=45272#primaryimage\"},\"thumbnailUrl\":\"https:\\\/\\\/kibrisdakik.com\\\/wp-content\\\/uploads\\\/2024\\\/06\\\/2-polis-halk-kosusu-yapildi-6--740x420.jpeg\",\"datePublished\":\"2024-06-09T18:02:07+00:00\",\"author\":{\"@id\":\"https:\\\/\\\/kibrisdakik.com\\\/#\\\/schema\\\/person\\\/9cd9d437bbb44f72b73ba127e06d8e79\"},\"breadcrumb\":{\"@id\":\"https:\\\/\\\/kibrisdakik.com\\\/?p=45272#breadcrumb\"},\"inLanguage\":\"tr\",\"potentialAction\":[{\"@type\":\"ReadAction\",\"target\":[\"https:\\\/\\\/kibrisdakik.com\\\/?p=45272\"]}]},{\"@type\":\"ImageObject\",\"inLanguage\":\"tr\",\"@id\":\"https:\\\/\\\/kibrisdakik.com\\\/?p=45272#primaryimage\",\"url\":\"https:\\\/\\\/kibrisdakik.com\\\/wp-content\\\/uploads\\\/2024\\\/06\\\/2-polis-halk-kosusu-yapildi-6--740x420.jpeg\",\"contentUrl\":\"https:\\\/\\\/kibrisdakik.com\\\/wp-content\\\/uploads\\\/2024\\\/06\\\/2-polis-halk-kosusu-yapildi-6--740x420.jpeg\",\"width\":1600,\"height\":1066},{\"@type\":\"BreadcrumbList\",\"@id\":\"https:\\\/\\\/kibrisdakik.com\\\/?p=45272#breadcrumb\",\"itemListElement\":[{\"@type\":\"ListItem\",\"position\":1,\"name\":\"Home\",\"item\":\"https:\\\/\\\/kibrisdakik.com\\\/\"},{\"@type\":\"ListItem\",\"position\":2,\"name\":\"\u201cPolis Halk Ko\u015fusu\u201dnun ikincisi yap\u0131ld\u0131\"}]},{\"@type\":\"WebSite\",\"@id\":\"https:\\\/\\\/kibrisdakik.com\\\/#website\",\"url\":\"https:\\\/\\\/kibrisdakik.com\\\/\",\"name\":\"\",\"description\":\"Tam vaktinde haber\",\"potentialAction\":[{\"@type\":\"SearchAction\",\"target\":{\"@type\":\"EntryPoint\",\"urlTemplate\":\"https:\\\/\\\/kibrisdakik.com\\\/?s={search_term_string}\"},\"query-input\":{\"@type\":\"PropertyValueSpecification\",\"valueRequired\":true,\"valueName\":\"search_term_string\"}}],\"inLanguage\":\"tr\"},{\"@type\":\"Person\",\"@id\":\"https:\\\/\\\/kibrisdakik.com\\\/#\\\/schema\\\/person\\\/9cd9d437bbb44f72b73ba127e06d8e79\",\"name\":\"admin\",\"image\":{\"@type\":\"ImageObject\",\"inLanguage\":\"tr\",\"@id\":\"https:\\\/\\\/secure.gravatar.com\\\/avatar\\\/ccc17943b9d660506c869530f897617f7cb1c21a4bf30023f252596d83e1f007?s=96&d=mm&r=g\",\"url\":\"https:\\\/\\\/secure.gravatar.com\\\/avatar\\\/ccc17943b9d660506c869530f897617f7cb1c21a4bf30023f252596d83e1f007?s=96&d=mm&r=g\",\"contentUrl\":\"https:\\\/\\\/secure.gravatar.com\\\/avatar\\\/ccc17943b9d660506c869530f897617f7cb1c21a4bf30023f252596d83e1f007?s=96&d=mm&r=g\",\"caption\":\"admin\"},\"sameAs\":[\"https:\\\/\\\/kibrisdakik.com\"],\"url\":\"https:\\\/\\\/kibrisdakik.com\\\/?author=1\"}]}<\/script>\n<!-- \/ Yoast SEO plugin. -->","yoast_head_json":{"title":"\u201cPolis Halk Ko\u015fusu\u201dnun ikincisi yap\u0131ld\u0131 -","robots":{"index":"index","follow":"follow","max-snippet":"max-snippet:-1","max-image-preview":"max-image-preview:large","max-video-preview":"max-video-preview:-1"},"canonical":"https:\/\/kibrisdakik.com\/?p=45272","og_locale":"tr_TR","og_type":"article","og_title":"\u201cPolis Halk Ko\u015fusu\u201dnun ikincisi yap\u0131ld\u0131 -","og_description":"Polis \u00f6rg\u00fct\u00fcn\u00fcn 60\u2019\u0131nc\u0131 kurulu\u015f y\u0131l d\u00f6n\u00fcm\u00fc ve \u201cPolis Haftas\u0131\u201d kutlama etkinlikleri\u201d \u00e7er\u00e7evesinde \u201cPolis Halk Ko\u015fusu\u201dnun ikincisi d\u00fczenlendi. Polis Genel M\u00fcd\u00fcrl\u00fc\u011f\u00fc\u2019nden verilen bilgiye g\u00f6re ko\u015fular, 10 km \u015fehir ko\u015fusu, 3 km halk ko\u015fusu ve 1 km \u00e7ocuk ko\u015fusu \u015feklinde d\u00fczenlendi. T\u00fcm yar\u0131\u015flar, Polis Genel M\u00fcd\u00fcr\u00fc Kas\u0131m Kuni taraf\u0131ndan ba\u015flat\u0131ld\u0131. Atletizm Federasyonu i\u015f birli\u011finde ger\u00e7ekle\u015ftirilen Polis-Halk Ko\u015fusu\u2019nda,","og_url":"https:\/\/kibrisdakik.com\/?p=45272","article_published_time":"2024-06-09T18:02:07+00:00","og_image":[{"width":1600,"height":1066,"url":"https:\/\/kibrisdakik.com\/wp-content\/uploads\/2024\/06\/2-polis-halk-kosusu-yapildi-6--740x420.jpeg","type":"image\/jpeg"}],"author":"admin","twitter_card":"summary_large_image","twitter_misc":{"Yazan:":"admin","Tahmini okuma s\u00fcresi":"1 dakika"},"schema":{"@context":"https:\/\/schema.org","@graph":[{"@type":"Article","@id":"https:\/\/kibrisdakik.com\/?p=45272#article","isPartOf":{"@id":"https:\/\/kibrisdakik.com\/?p=45272"},"author":{"name":"admin","@id":"https:\/\/kibrisdakik.com\/#\/schema\/person\/9cd9d437bbb44f72b73ba127e06d8e79"},"headline":"\u201cPolis Halk Ko\u015fusu\u201dnun ikincisi yap\u0131ld\u0131","datePublished":"2024-06-09T18:02:07+00:00","mainEntityOfPage":{"@id":"https:\/\/kibrisdakik.com\/?p=45272"},"wordCount":219,"commentCount":0,"image":{"@id":"https:\/\/kibrisdakik.com\/?p=45272#primaryimage"},"thumbnailUrl":"https:\/\/kibrisdakik.com\/wp-content\/uploads\/2024\/06\/2-polis-halk-kosusu-yapildi-6--740x420.jpeg","articleSection":["G\u00fcndem"],"inLanguage":"tr","potentialAction":[{"@type":"CommentAction","name":"Comment","target":["https:\/\/kibrisdakik.com\/?p=45272#respond"]}]},{"@type":"WebPage","@id":"https:\/\/kibrisdakik.com\/?p=45272","url":"https:\/\/kibrisdakik.com\/?p=45272","name":"\u201cPolis Halk Ko\u015fusu\u201dnun ikincisi yap\u0131ld\u0131 -","isPartOf":{"@id":"https:\/\/kibrisdakik.com\/#website"},"primaryImageOfPage":{"@id":"https:\/\/kibrisdakik.com\/?p=45272#primaryimage"},"image":{"@id":"https:\/\/kibrisdakik.com\/?p=45272#primaryimage"},"thumbnailUrl":"https:\/\/kibrisdakik.com\/wp-content\/uploads\/2024\/06\/2-polis-halk-kosusu-yapildi-6--740x420.jpeg","datePublished":"2024-06-09T18:02:07+00:00","author":{"@id":"https:\/\/kibrisdakik.com\/#\/schema\/person\/9cd9d437bbb44f72b73ba127e06d8e79"},"breadcrumb":{"@id":"https:\/\/kibrisdakik.com\/?p=45272#breadcrumb"},"inLanguage":"tr","potentialAction":[{"@type":"ReadAction","target":["https:\/\/kibrisdakik.com\/?p=45272"]}]},{"@type":"ImageObject","inLanguage":"tr","@id":"https:\/\/kibrisdakik.com\/?p=45272#primaryimage","url":"https:\/\/kibrisdakik.com\/wp-content\/uploads\/2024\/06\/2-polis-halk-kosusu-yapildi-6--740x420.jpeg","contentUrl":"https:\/\/kibrisdakik.com\/wp-content\/uploads\/2024\/06\/2-polis-halk-kosusu-yapildi-6--740x420.jpeg","width":1600,"height":1066},{"@type":"BreadcrumbList","@id":"https:\/\/kibrisdakik.com\/?p=45272#breadcrumb","itemListElement":[{"@type":"ListItem","position":1,"name":"Home","item":"https:\/\/kibrisdakik.com\/"},{"@type":"ListItem","position":2,"name":"\u201cPolis Halk Ko\u015fusu\u201dnun ikincisi yap\u0131ld\u0131"}]},{"@type":"WebSite","@id":"https:\/\/kibrisdakik.com\/#website","url":"https:\/\/kibrisdakik.com\/","name":"","description":"Tam vaktinde haber","potentialAction":[{"@type":"SearchAction","target":{"@type":"EntryPoint","urlTemplate":"https:\/\/kibrisdakik.com\/?s={search_term_string}"},"query-input":{"@type":"PropertyValueSpecification","valueRequired":true,"valueName":"search_term_string"}}],"inLanguage":"tr"},{"@type":"Person","@id":"https:\/\/kibrisdakik.com\/#\/schema\/person\/9cd9d437bbb44f72b73ba127e06d8e79","name":"admin","image":{"@type":"ImageObject","inLanguage":"tr","@id":"https:\/\/secure.gravatar.com\/avatar\/ccc17943b9d660506c869530f897617f7cb1c21a4bf30023f252596d83e1f007?s=96&d=mm&r=g","url":"https:\/\/secure.gravatar.com\/avatar\/ccc17943b9d660506c869530f897617f7cb1c21a4bf30023f252596d83e1f007?s=96&d=mm&r=g","contentUrl":"https:\/\/secure.gravatar.com\/avatar\/ccc17943b9d660506c869530f897617f7cb1c21a4bf30023f252596d83e1f007?s=96&d=mm&r=g","caption":"admin"},"sameAs":["https:\/\/kibrisdakik.com"],"url":"https:\/\/kibrisdakik.com\/?author=1"}]}},"_links":{"self":[{"href":"https:\/\/kibrisdakik.com\/index.php?rest_route=\/wp\/v2\/posts\/45272","targetHints":{"allow":["GET"]}}],"collection":[{"href":"https:\/\/kibrisdakik.com\/index.php?rest_route=\/wp\/v2\/posts"}],"about":[{"href":"https:\/\/kibrisdakik.com\/index.php?rest_route=\/wp\/v2\/types\/post"}],"author":[{"embeddable":true,"href":"https:\/\/kibrisdakik.com\/index.php?rest_route=\/wp\/v2\/users\/1"}],"replies":[{"embeddable":true,"href":"https:\/\/kibrisdakik.com\/index.php?rest_route=%2Fwp%2Fv2%2Fcomments&post=45272"}],"version-history":[{"count":0,"href":"https:\/\/kibrisdakik.com\/index.php?rest_route=\/wp\/v2\/posts\/45272\/revisions"}],"wp:featuredmedia":[{"embeddable":true,"href":"https:\/\/kibrisdakik.com\/index.php?rest_route=\/wp\/v2\/media\/45273"}],"wp:attachment":[{"href":"https:\/\/kibrisdakik.com\/index.php?rest_route=%2Fwp%2Fv2%2Fmedia&parent=45272"}],"wp:term":[{"taxonomy":"category","embeddable":true,"href":"https:\/\/kibrisdakik.com\/index.php?rest_route=%2Fwp%2Fv2%2Fcategories&post=45272"},{"taxonomy":"post_tag","embeddable":true,"href":"https:\/\/kibrisdakik.com\/index.php?rest_route=%2Fwp%2Fv2%2Ftags&post=45272"}],"curies":[{"name":"wp","href":"https:\/\/api.w.org\/{rel}","templated":true}]}}