{"id":45327,"date":"2024-06-10T10:17:50","date_gmt":"2024-06-10T10:17:50","guid":{"rendered":"https:\/\/kibrisdakik.com\/index.php\/2024\/06\/10\/3-ulkeden-gelen-isciler-ac-birakildi\/"},"modified":"2024-06-10T10:17:50","modified_gmt":"2024-06-10T10:17:50","slug":"3-ulkeden-gelen-isciler-ac-birakildi","status":"publish","type":"post","link":"https:\/\/kibrisdakik.com\/?p=45327","title":{"rendered":"3. \u00fclkeden gelen i\u015f\u00e7iler a\u00e7 b\u0131rak\u0131ld\u0131"},"content":{"rendered":"<p><img decoding=\"async\" src=\"https:\/\/www.kibristurk.com\/images\/haberler\/2024\/06\/3-ulkeden-gelen-isciler-ac-birakildi-1718010914.webp\" \/><\/p>\n<p>Cumhuriyet\u00e7i T\u00fcrk Partisi G\u00fczelyurt \u0130l\u00e7e Ba\u015fkan\u0131 \u00c7a\u011flar Gulamkadir, 3. \u00fclke vatanda\u015f\u0131 olarak gelip \u00e7al\u0131\u015fan i\u015f\u00e7ilerin k\u00f6le yerine kondu\u011funu ifade etti.<\/p>\n<p>Konuyla ilgili a\u00e7\u0131klamada bulunan Gulamkadir, &#8220;3. \u00fclkeden gelen i\u015f\u00e7iler a\u00e7 b\u0131rak\u0131ld\u0131, kontrakt\u00f6rler bug\u00fcne kadar \u00f6denmedi&#8221; ifadelerini kulland\u0131.<\/p>\n<p><strong>Gulamkadir&#8217;in tam a\u00e7\u0131klamas\u0131 \u015f\u00f6yle:<\/strong><\/p>\n<p>Kendine h\u00fck\u00fcmet diyen yap\u0131 geldikleri g\u00fcnden beri nereye el atsa; kaos, i\u015f bilmezlik, yalan ve beceriksizlikleriyle her kurumda k\u00f6k sald\u0131lar\u2026<\/p>\n<p><strong>3. \u00dcLKEDEN GELEN \u0130\u015e\u00c7\u0130LER A\u00c7 BIRAKILDI, KONTRAKT\u00d6RLER BUG\u00dcNE KADAR \u00d6DENMED\u0130<\/strong><\/p>\n<p>Cypfruvexte olay ya\u015fanmadan g\u00fcn ge\u00e7miyor. B\u00fcy\u00fck tart\u0131\u015fmalar sonucu kesim ekipleri birliklerinin onay\u0131 olmadan 3. \u00fclkelerden getirilen i\u015f\u00e7iler, aylard\u0131r geldikleri g\u00fcnden beri \u00f6denmemi\u015flerdir. Bunun \u00fczerine bug\u00fcn Cypfruvex&#8217;te haklar\u0131n\u0131 aramak i\u00e7in eylem yapm\u0131\u015flard\u0131r. Yap\u0131lan anla\u015fma gere\u011fi kontrakt\u00f6rleri \u00f6demesi gereken Cypfruvex y\u00f6netimi, kontrakt\u00f6r\u00fc \u00f6deyemedi\u011fi i\u00e7in i\u015f\u00e7iler de \u00f6denmemi\u015f, aylard\u0131r paras\u0131z \u00e7al\u0131\u015f\u0131p a\u00e7 yat\u0131p, a\u00e7 kalk\u0131yorlar. Cypfruvex ise kesim ekibi izni olmadan yasalara ayk\u0131r\u0131 ka\u00e7ak kesim ekibi i\u015f\u00e7isi \u00e7al\u0131\u015ft\u0131r\u0131yor.<\/p>\n<p><strong>BU ZUL\u00dcM DE\u011e\u0130L DE NED\u0130R?<\/strong><\/p>\n<p>&#8220;3. \u00fclkelerden devlet eliyle getirilen i\u015f\u00e7ilere, \u00fclkemize gelmeden \u00e7al\u0131\u015fmak i\u00e7in taahh\u00fctte bulunacak ancak aylard\u0131r bir kuru\u015f para vermeden \u00e7al\u0131\u015ft\u0131racaks\u0131n\u0131z. Bu insanlar ne yer, ne i\u00e7er demeden insafs\u0131zca insan haklar\u0131na ayk\u0131r\u0131 \u015fartlarda k\u00f6le gibi devlet eliyle \u00e7al\u0131\u015ft\u0131racaks\u0131n\u0131z. Bunu asla kabul etmiyoruz.<\/p>\n<p><strong>YEN\u0130 \u0130\u015e\u00c7\u0130LER GET\u0130R\u0130L\u0130YOR<\/strong><\/p>\n<p>Yetmezmi\u015f gibi yeni i\u015f\u00e7ilerin getirilece\u011fi ve bunun \u00e7al\u0131\u015fmalar\u0131n\u0131n yap\u0131ld\u0131\u011f\u0131 bilgisini de alm\u0131\u015f bulunmaktay\u0131z. Dal\u0131nda \u00fcr\u00fcn b\u0131rakmayanlar, halen daha i\u015f\u00e7i getirmeye \u00e7al\u0131\u015f\u0131yorlar. Ne yapmaya \u00e7al\u0131\u015f\u0131yorsunuz? Ge\u00e7ti\u011fimiz sezonlarda \u015fu an \u00e7al\u0131\u015fan i\u015f\u00e7i say\u0131s\u0131n\u0131n yar\u0131s\u0131yla i\u015f bitirilirken, \u00e7al\u0131\u015fan say\u0131s\u0131 iki kat\u0131na \u00e7\u0131kart\u0131lmas\u0131na ra\u011fmen, kesim tonlarca \u00fcr\u00fcnle geriden gidiyor, \u00fczerine yeni i\u015f\u00e7ilerde getirilmeye \u00e7al\u0131\u015f\u0131yor. Getirilen i\u015f\u00e7ilerden komisyon al\u0131yor musunuz? alm\u0131yor musunuz? Hemen a\u00e7\u0131klay\u0131n!<\/p>\n<p><strong>KES\u0130M SIRALARINDA VE \u00d6DEMELERDE YANDA\u015eLIK VE HAKSIZLIK<\/strong><\/p>\n<p>Bah\u00e7elerini kesmek isteyenlerin s\u0131ralar\u0131nda kendi yanda\u015flar\u0131na ayr\u0131cal\u0131k yapt\u0131klar\u0131 yetmezmi\u015f gibi \u00f6deme planlar\u0131nda da kendi yanda\u015flar\u0131na \u00f6ncelik veriyor, bah\u00e7esi kesilenler \u00f6denece\u011fi a\u00e7\u0131klan\u0131yor, \u00f6demeler gecikiyor \u00e7ok ge\u00e7 kal\u0131n\u0131yor ve bir miktar \u00f6deme yap\u0131lmaya ba\u015fl\u0131yor. Ge\u00e7 kal\u0131nm\u0131\u015f \u00f6demeler de \u00fcreticinin banka hesaplar\u0131na yap\u0131l\u0131rken, di\u011fer taraftan kendi yanda\u015flar\u0131na Cypfruvex ten \u00e7ek \u00e7\u0131kartarak \u00f6ncelikli \u00f6deme yapt\u0131klar\u0131n\u0131 \u00fcreticilerimiz g\u00f6r\u00fcyor ve s\u00f6yl\u00fcyor.<\/p>\n<p><strong>\u00dcRET\u0130M B\u0130R B\u00dcT\u00dcND\u00dcR<\/strong><\/p>\n<p>Bah\u00e7esi kesilmeyip \u00fcr\u00fcn\u00fc yere d\u00f6k\u00fclenler halen daha \u00f6deme bekliyor. \u00dcrerim maliyetler artm\u0131\u015fken bu y\u00f6netmeme haliyle, \u00fcreticiyi bat\u0131r\u0131p \u00fcretimi bitirmeye \u00e7al\u0131\u015f\u0131yorlar. De\u011ferinin \u00e7ok alt\u0131nda paras\u0131n\u0131 alamayan \u00fcretici gelecek y\u0131l ki \u00fcr\u00fcne nas\u0131l bakacak? H\u00fck\u00fcmet edenler, Tar\u0131m bakanl\u0131\u011f\u0131 ve Cypfruvex yetkilileri s\u00fcrekli bir \u015fekilde propoganda yap\u0131p sorunlara sorun kat\u0131yorlar, \u00fcreticiyi, i\u015f\u00e7iyi ve sekt\u00f6rden ekmek paras\u0131 kazanan herkesi t\u00fcketmeye \u00e7al\u0131\u015f\u0131yorlar.<\/p>\n<p><strong>NARENC\u0130YE SEKT\u00d6R\u00dcN\u00dc G\u00d6ZDEN \u00c7IKARTTILAR<\/strong><\/p>\n<p>M\u00fcjde verdiklerini s\u00f6yleyip Narenciye sekt\u00f6r\u00fcn\u00fc g\u00f6zden \u00e7\u0131kartt\u0131lar. Bir sonraki y\u0131lki \u00fcretimi de bitiriyorlar. So\u011fuk hava deposu m\u00fcjdeleri ile toplumu kand\u0131rmaya \u00e7al\u0131\u015fanlar \u00fcreticinin y\u00fcz\u00fcn\u00fc paketleme yap\u0131p ihra\u00e7 etmeye de\u011fil, \u00fcr\u00fcn\u00fcn de\u011ferinin \u00e7ok alt\u0131nda olan s\u0131kmaya y\u00f6nlendirmeye \u00e7al\u0131\u015f\u0131yor. Bunun \u00fczerine \u00fcreticide umutsuzlu\u011fa kap\u0131l\u0131p \u00fcretimden kopmaya ve bah\u00e7elerini kurutmaya ba\u015fl\u0131yor. Bu \u015fartlarda Kaliteli ve verimli \u00fcr\u00fcn \u00e7\u0131kmas\u0131 i\u00e7in bekleniyor. Gelecek y\u0131l kalite ve rekolte azalacak. Sonrada \u00fcr\u00fcnler kalitesiz verimsizdir denilecek. CTP&#8217; nin&nbsp;tar\u0131m politikalar\u0131n\u0131 bir an \u00f6nce uygulamaya ba\u015flay\u0131n\u0131z. Aksi halde \u00fcretici bitecektir&#8221; dedi.&nbsp;<\/p>\n","protected":false},"excerpt":{"rendered":"<p>Cumhuriyet\u00e7i T\u00fcrk Partisi G\u00fczelyurt \u0130l\u00e7e Ba\u015fkan\u0131 \u00c7a\u011flar Gulamkadir, 3. \u00fclke vatanda\u015f\u0131 olarak gelip \u00e7al\u0131\u015fan i\u015f\u00e7ilerin k\u00f6le yerine kondu\u011funu ifade etti. Konuyla ilgili a\u00e7\u0131klamada bulunan Gulamkadir, &#8220;3. \u00fclkeden gelen i\u015f\u00e7iler a\u00e7 b\u0131rak\u0131ld\u0131, kontrakt\u00f6rler bug\u00fcne kadar \u00f6denmedi&#8221; ifadelerini kulland\u0131. Gulamkadir&#8217;in tam a\u00e7\u0131klamas\u0131 \u015f\u00f6yle: Kendine h\u00fck\u00fcmet diyen yap\u0131 geldikleri g\u00fcnden beri nereye el atsa; kaos, i\u015f bilmezlik, yalan<\/p>\n","protected":false},"author":1,"featured_media":45328,"comment_status":"open","ping_status":"open","sticky":false,"template":"","format":"standard","meta":{"footnotes":""},"categories":[79],"tags":[],"class_list":["post-45327","post","type-post","status-publish","format-standard","has-post-thumbnail","hentry","category-ekonomi"],"yoast_head":"<!-- This site is optimized with the Yoast SEO plugin v27.5 - https:\/\/yoast.com\/product\/yoast-seo-wordpress\/ -->\n<title>3. \u00fclkeden gelen i\u015f\u00e7iler a\u00e7 b\u0131rak\u0131ld\u0131 -<\/title>\n<meta name=\"robots\" content=\"index, follow, max-snippet:-1, max-image-preview:large, max-video-preview:-1\" \/>\n<link rel=\"canonical\" href=\"https:\/\/kibrisdakik.com\/?p=45327\" \/>\n<meta property=\"og:locale\" content=\"tr_TR\" \/>\n<meta property=\"og:type\" content=\"article\" \/>\n<meta property=\"og:title\" content=\"3. \u00fclkeden gelen i\u015f\u00e7iler a\u00e7 b\u0131rak\u0131ld\u0131 -\" \/>\n<meta property=\"og:description\" content=\"Cumhuriyet\u00e7i T\u00fcrk Partisi G\u00fczelyurt \u0130l\u00e7e Ba\u015fkan\u0131 \u00c7a\u011flar Gulamkadir, 3. \u00fclke vatanda\u015f\u0131 olarak gelip \u00e7al\u0131\u015fan i\u015f\u00e7ilerin k\u00f6le yerine kondu\u011funu ifade etti. Konuyla ilgili a\u00e7\u0131klamada bulunan Gulamkadir, &#8220;3. \u00fclkeden gelen i\u015f\u00e7iler a\u00e7 b\u0131rak\u0131ld\u0131, kontrakt\u00f6rler bug\u00fcne kadar \u00f6denmedi&#8221; ifadelerini kulland\u0131. Gulamkadir&#8217;in tam a\u00e7\u0131klamas\u0131 \u015f\u00f6yle: Kendine h\u00fck\u00fcmet diyen yap\u0131 geldikleri g\u00fcnden beri nereye el atsa; kaos, i\u015f bilmezlik, yalan\" \/>\n<meta property=\"og:url\" content=\"https:\/\/kibrisdakik.com\/?p=45327\" \/>\n<meta property=\"article:published_time\" content=\"2024-06-10T10:17:50+00:00\" \/>\n<meta property=\"og:image\" content=\"https:\/\/kibrisdakik.com\/wp-content\/uploads\/2024\/06\/3-ulkeden-gelen-isciler-ac-birakildi-1718010914.webp.webp\" \/>\n\t<meta property=\"og:image:width\" content=\"710\" \/>\n\t<meta property=\"og:image:height\" content=\"370\" \/>\n\t<meta property=\"og:image:type\" content=\"image\/webp\" \/>\n<meta name=\"author\" content=\"admin\" \/>\n<meta name=\"twitter:card\" content=\"summary_large_image\" \/>\n<meta name=\"twitter:label1\" content=\"Yazan:\" \/>\n\t<meta name=\"twitter:data1\" content=\"admin\" \/>\n\t<meta name=\"twitter:label2\" content=\"Tahmini okuma s\u00fcresi\" \/>\n\t<meta name=\"twitter:data2\" content=\"3 dakika\" \/>\n<script type=\"application\/ld+json\" class=\"yoast-schema-graph\">{\"@context\":\"https:\\\/\\\/schema.org\",\"@graph\":[{\"@type\":\"Article\",\"@id\":\"https:\\\/\\\/kibrisdakik.com\\\/?p=45327#article\",\"isPartOf\":{\"@id\":\"https:\\\/\\\/kibrisdakik.com\\\/?p=45327\"},\"author\":{\"name\":\"admin\",\"@id\":\"https:\\\/\\\/kibrisdakik.com\\\/#\\\/schema\\\/person\\\/9cd9d437bbb44f72b73ba127e06d8e79\"},\"headline\":\"3. \u00fclkeden gelen i\u015f\u00e7iler a\u00e7 b\u0131rak\u0131ld\u0131\",\"datePublished\":\"2024-06-10T10:17:50+00:00\",\"mainEntityOfPage\":{\"@id\":\"https:\\\/\\\/kibrisdakik.com\\\/?p=45327\"},\"wordCount\":680,\"commentCount\":0,\"image\":{\"@id\":\"https:\\\/\\\/kibrisdakik.com\\\/?p=45327#primaryimage\"},\"thumbnailUrl\":\"https:\\\/\\\/kibrisdakik.com\\\/wp-content\\\/uploads\\\/2024\\\/06\\\/3-ulkeden-gelen-isciler-ac-birakildi-1718010914.webp.webp\",\"articleSection\":[\"Ekonomi\"],\"inLanguage\":\"tr\",\"potentialAction\":[{\"@type\":\"CommentAction\",\"name\":\"Comment\",\"target\":[\"https:\\\/\\\/kibrisdakik.com\\\/?p=45327#respond\"]}]},{\"@type\":\"WebPage\",\"@id\":\"https:\\\/\\\/kibrisdakik.com\\\/?p=45327\",\"url\":\"https:\\\/\\\/kibrisdakik.com\\\/?p=45327\",\"name\":\"3. \u00fclkeden gelen i\u015f\u00e7iler a\u00e7 b\u0131rak\u0131ld\u0131 -\",\"isPartOf\":{\"@id\":\"https:\\\/\\\/kibrisdakik.com\\\/#website\"},\"primaryImageOfPage\":{\"@id\":\"https:\\\/\\\/kibrisdakik.com\\\/?p=45327#primaryimage\"},\"image\":{\"@id\":\"https:\\\/\\\/kibrisdakik.com\\\/?p=45327#primaryimage\"},\"thumbnailUrl\":\"https:\\\/\\\/kibrisdakik.com\\\/wp-content\\\/uploads\\\/2024\\\/06\\\/3-ulkeden-gelen-isciler-ac-birakildi-1718010914.webp.webp\",\"datePublished\":\"2024-06-10T10:17:50+00:00\",\"author\":{\"@id\":\"https:\\\/\\\/kibrisdakik.com\\\/#\\\/schema\\\/person\\\/9cd9d437bbb44f72b73ba127e06d8e79\"},\"breadcrumb\":{\"@id\":\"https:\\\/\\\/kibrisdakik.com\\\/?p=45327#breadcrumb\"},\"inLanguage\":\"tr\",\"potentialAction\":[{\"@type\":\"ReadAction\",\"target\":[\"https:\\\/\\\/kibrisdakik.com\\\/?p=45327\"]}]},{\"@type\":\"ImageObject\",\"inLanguage\":\"tr\",\"@id\":\"https:\\\/\\\/kibrisdakik.com\\\/?p=45327#primaryimage\",\"url\":\"https:\\\/\\\/kibrisdakik.com\\\/wp-content\\\/uploads\\\/2024\\\/06\\\/3-ulkeden-gelen-isciler-ac-birakildi-1718010914.webp.webp\",\"contentUrl\":\"https:\\\/\\\/kibrisdakik.com\\\/wp-content\\\/uploads\\\/2024\\\/06\\\/3-ulkeden-gelen-isciler-ac-birakildi-1718010914.webp.webp\",\"width\":710,\"height\":370},{\"@type\":\"BreadcrumbList\",\"@id\":\"https:\\\/\\\/kibrisdakik.com\\\/?p=45327#breadcrumb\",\"itemListElement\":[{\"@type\":\"ListItem\",\"position\":1,\"name\":\"Home\",\"item\":\"https:\\\/\\\/kibrisdakik.com\\\/\"},{\"@type\":\"ListItem\",\"position\":2,\"name\":\"3. \u00fclkeden gelen i\u015f\u00e7iler a\u00e7 b\u0131rak\u0131ld\u0131\"}]},{\"@type\":\"WebSite\",\"@id\":\"https:\\\/\\\/kibrisdakik.com\\\/#website\",\"url\":\"https:\\\/\\\/kibrisdakik.com\\\/\",\"name\":\"\",\"description\":\"Tam vaktinde haber\",\"potentialAction\":[{\"@type\":\"SearchAction\",\"target\":{\"@type\":\"EntryPoint\",\"urlTemplate\":\"https:\\\/\\\/kibrisdakik.com\\\/?s={search_term_string}\"},\"query-input\":{\"@type\":\"PropertyValueSpecification\",\"valueRequired\":true,\"valueName\":\"search_term_string\"}}],\"inLanguage\":\"tr\"},{\"@type\":\"Person\",\"@id\":\"https:\\\/\\\/kibrisdakik.com\\\/#\\\/schema\\\/person\\\/9cd9d437bbb44f72b73ba127e06d8e79\",\"name\":\"admin\",\"image\":{\"@type\":\"ImageObject\",\"inLanguage\":\"tr\",\"@id\":\"https:\\\/\\\/secure.gravatar.com\\\/avatar\\\/ccc17943b9d660506c869530f897617f7cb1c21a4bf30023f252596d83e1f007?s=96&d=mm&r=g\",\"url\":\"https:\\\/\\\/secure.gravatar.com\\\/avatar\\\/ccc17943b9d660506c869530f897617f7cb1c21a4bf30023f252596d83e1f007?s=96&d=mm&r=g\",\"contentUrl\":\"https:\\\/\\\/secure.gravatar.com\\\/avatar\\\/ccc17943b9d660506c869530f897617f7cb1c21a4bf30023f252596d83e1f007?s=96&d=mm&r=g\",\"caption\":\"admin\"},\"sameAs\":[\"https:\\\/\\\/kibrisdakik.com\"],\"url\":\"https:\\\/\\\/kibrisdakik.com\\\/?author=1\"}]}<\/script>\n<!-- \/ Yoast SEO plugin. -->","yoast_head_json":{"title":"3. \u00fclkeden gelen i\u015f\u00e7iler a\u00e7 b\u0131rak\u0131ld\u0131 -","robots":{"index":"index","follow":"follow","max-snippet":"max-snippet:-1","max-image-preview":"max-image-preview:large","max-video-preview":"max-video-preview:-1"},"canonical":"https:\/\/kibrisdakik.com\/?p=45327","og_locale":"tr_TR","og_type":"article","og_title":"3. \u00fclkeden gelen i\u015f\u00e7iler a\u00e7 b\u0131rak\u0131ld\u0131 -","og_description":"Cumhuriyet\u00e7i T\u00fcrk Partisi G\u00fczelyurt \u0130l\u00e7e Ba\u015fkan\u0131 \u00c7a\u011flar Gulamkadir, 3. \u00fclke vatanda\u015f\u0131 olarak gelip \u00e7al\u0131\u015fan i\u015f\u00e7ilerin k\u00f6le yerine kondu\u011funu ifade etti. Konuyla ilgili a\u00e7\u0131klamada bulunan Gulamkadir, &#8220;3. \u00fclkeden gelen i\u015f\u00e7iler a\u00e7 b\u0131rak\u0131ld\u0131, kontrakt\u00f6rler bug\u00fcne kadar \u00f6denmedi&#8221; ifadelerini kulland\u0131. Gulamkadir&#8217;in tam a\u00e7\u0131klamas\u0131 \u015f\u00f6yle: Kendine h\u00fck\u00fcmet diyen yap\u0131 geldikleri g\u00fcnden beri nereye el atsa; kaos, i\u015f bilmezlik, yalan","og_url":"https:\/\/kibrisdakik.com\/?p=45327","article_published_time":"2024-06-10T10:17:50+00:00","og_image":[{"width":710,"height":370,"url":"https:\/\/kibrisdakik.com\/wp-content\/uploads\/2024\/06\/3-ulkeden-gelen-isciler-ac-birakildi-1718010914.webp.webp","type":"image\/webp"}],"author":"admin","twitter_card":"summary_large_image","twitter_misc":{"Yazan:":"admin","Tahmini okuma s\u00fcresi":"3 dakika"},"schema":{"@context":"https:\/\/schema.org","@graph":[{"@type":"Article","@id":"https:\/\/kibrisdakik.com\/?p=45327#article","isPartOf":{"@id":"https:\/\/kibrisdakik.com\/?p=45327"},"author":{"name":"admin","@id":"https:\/\/kibrisdakik.com\/#\/schema\/person\/9cd9d437bbb44f72b73ba127e06d8e79"},"headline":"3. \u00fclkeden gelen i\u015f\u00e7iler a\u00e7 b\u0131rak\u0131ld\u0131","datePublished":"2024-06-10T10:17:50+00:00","mainEntityOfPage":{"@id":"https:\/\/kibrisdakik.com\/?p=45327"},"wordCount":680,"commentCount":0,"image":{"@id":"https:\/\/kibrisdakik.com\/?p=45327#primaryimage"},"thumbnailUrl":"https:\/\/kibrisdakik.com\/wp-content\/uploads\/2024\/06\/3-ulkeden-gelen-isciler-ac-birakildi-1718010914.webp.webp","articleSection":["Ekonomi"],"inLanguage":"tr","potentialAction":[{"@type":"CommentAction","name":"Comment","target":["https:\/\/kibrisdakik.com\/?p=45327#respond"]}]},{"@type":"WebPage","@id":"https:\/\/kibrisdakik.com\/?p=45327","url":"https:\/\/kibrisdakik.com\/?p=45327","name":"3. \u00fclkeden gelen i\u015f\u00e7iler a\u00e7 b\u0131rak\u0131ld\u0131 -","isPartOf":{"@id":"https:\/\/kibrisdakik.com\/#website"},"primaryImageOfPage":{"@id":"https:\/\/kibrisdakik.com\/?p=45327#primaryimage"},"image":{"@id":"https:\/\/kibrisdakik.com\/?p=45327#primaryimage"},"thumbnailUrl":"https:\/\/kibrisdakik.com\/wp-content\/uploads\/2024\/06\/3-ulkeden-gelen-isciler-ac-birakildi-1718010914.webp.webp","datePublished":"2024-06-10T10:17:50+00:00","author":{"@id":"https:\/\/kibrisdakik.com\/#\/schema\/person\/9cd9d437bbb44f72b73ba127e06d8e79"},"breadcrumb":{"@id":"https:\/\/kibrisdakik.com\/?p=45327#breadcrumb"},"inLanguage":"tr","potentialAction":[{"@type":"ReadAction","target":["https:\/\/kibrisdakik.com\/?p=45327"]}]},{"@type":"ImageObject","inLanguage":"tr","@id":"https:\/\/kibrisdakik.com\/?p=45327#primaryimage","url":"https:\/\/kibrisdakik.com\/wp-content\/uploads\/2024\/06\/3-ulkeden-gelen-isciler-ac-birakildi-1718010914.webp.webp","contentUrl":"https:\/\/kibrisdakik.com\/wp-content\/uploads\/2024\/06\/3-ulkeden-gelen-isciler-ac-birakildi-1718010914.webp.webp","width":710,"height":370},{"@type":"BreadcrumbList","@id":"https:\/\/kibrisdakik.com\/?p=45327#breadcrumb","itemListElement":[{"@type":"ListItem","position":1,"name":"Home","item":"https:\/\/kibrisdakik.com\/"},{"@type":"ListItem","position":2,"name":"3. \u00fclkeden gelen i\u015f\u00e7iler a\u00e7 b\u0131rak\u0131ld\u0131"}]},{"@type":"WebSite","@id":"https:\/\/kibrisdakik.com\/#website","url":"https:\/\/kibrisdakik.com\/","name":"","description":"Tam vaktinde haber","potentialAction":[{"@type":"SearchAction","target":{"@type":"EntryPoint","urlTemplate":"https:\/\/kibrisdakik.com\/?s={search_term_string}"},"query-input":{"@type":"PropertyValueSpecification","valueRequired":true,"valueName":"search_term_string"}}],"inLanguage":"tr"},{"@type":"Person","@id":"https:\/\/kibrisdakik.com\/#\/schema\/person\/9cd9d437bbb44f72b73ba127e06d8e79","name":"admin","image":{"@type":"ImageObject","inLanguage":"tr","@id":"https:\/\/secure.gravatar.com\/avatar\/ccc17943b9d660506c869530f897617f7cb1c21a4bf30023f252596d83e1f007?s=96&d=mm&r=g","url":"https:\/\/secure.gravatar.com\/avatar\/ccc17943b9d660506c869530f897617f7cb1c21a4bf30023f252596d83e1f007?s=96&d=mm&r=g","contentUrl":"https:\/\/secure.gravatar.com\/avatar\/ccc17943b9d660506c869530f897617f7cb1c21a4bf30023f252596d83e1f007?s=96&d=mm&r=g","caption":"admin"},"sameAs":["https:\/\/kibrisdakik.com"],"url":"https:\/\/kibrisdakik.com\/?author=1"}]}},"_links":{"self":[{"href":"https:\/\/kibrisdakik.com\/index.php?rest_route=\/wp\/v2\/posts\/45327","targetHints":{"allow":["GET"]}}],"collection":[{"href":"https:\/\/kibrisdakik.com\/index.php?rest_route=\/wp\/v2\/posts"}],"about":[{"href":"https:\/\/kibrisdakik.com\/index.php?rest_route=\/wp\/v2\/types\/post"}],"author":[{"embeddable":true,"href":"https:\/\/kibrisdakik.com\/index.php?rest_route=\/wp\/v2\/users\/1"}],"replies":[{"embeddable":true,"href":"https:\/\/kibrisdakik.com\/index.php?rest_route=%2Fwp%2Fv2%2Fcomments&post=45327"}],"version-history":[{"count":0,"href":"https:\/\/kibrisdakik.com\/index.php?rest_route=\/wp\/v2\/posts\/45327\/revisions"}],"wp:featuredmedia":[{"embeddable":true,"href":"https:\/\/kibrisdakik.com\/index.php?rest_route=\/wp\/v2\/media\/45328"}],"wp:attachment":[{"href":"https:\/\/kibrisdakik.com\/index.php?rest_route=%2Fwp%2Fv2%2Fmedia&parent=45327"}],"wp:term":[{"taxonomy":"category","embeddable":true,"href":"https:\/\/kibrisdakik.com\/index.php?rest_route=%2Fwp%2Fv2%2Fcategories&post=45327"},{"taxonomy":"post_tag","embeddable":true,"href":"https:\/\/kibrisdakik.com\/index.php?rest_route=%2Fwp%2Fv2%2Ftags&post=45327"}],"curies":[{"name":"wp","href":"https:\/\/api.w.org\/{rel}","templated":true}]}}