{"id":45349,"date":"2024-06-10T13:24:53","date_gmt":"2024-06-10T13:24:53","guid":{"rendered":"https:\/\/kibrisdakik.com\/index.php\/2024\/06\/10\/naimogullari-her-zaman-diyalogdan-yanayiz-2\/"},"modified":"2024-06-10T13:24:53","modified_gmt":"2024-06-10T13:24:53","slug":"naimogullari-her-zaman-diyalogdan-yanayiz-2","status":"publish","type":"post","link":"https:\/\/kibrisdakik.com\/?p=45349","title":{"rendered":"Naimo\u011fullar\u0131: Her zaman diyalogdan yanay\u0131z"},"content":{"rendered":"<p><\/p>\n<div>\n<div class=\"mariselle-image-container none\">\n                <img loading=\"lazy\" decoding=\"async\" width=\"930\" height=\"429\" class=\"lazy-image\" alt=\"\" sizes=\"auto, (max-width: 930px) 100vw, 930px\" src=\"https:\/\/brtk.net\/wp-content\/uploads\/2024\/06\/10\/12-2-.jpg?ver=29770f67218548a0276e4fab0622500e\" srcset=\"https:\/\/brtk.net\/wp-content\/uploads\/2024\/06\/10\/12-2-.jpg?ver=29770f67218548a0276e4fab0622500e 930w, https:\/\/brtk.net\/wp-content\/uploads\/2024\/06\/10\/12-2--300x138.jpg?ver=29770f67218548a0276e4fab0622500e 300w, https:\/\/brtk.net\/wp-content\/uploads\/2024\/06\/10\/12-2--768x354.jpg?ver=29770f67218548a0276e4fab0622500e 768w\"\/>                            <\/div>\n<p>Hayvan \u00dcreticileri ve Yeti\u015ftiricileri Birli\u011fi Ba\u015fkan\u0131 Mustafa Naimo\u011fullar\u0131, Ad\u0131yaman\u2019da g\u00f6r\u00fc\u015f\u00fclecek \u0130sias Otel davas\u0131 nedeniyle eyleme \u00fc\u00e7 g\u00fcn ara verdiklerini belirtti.<\/p>\n<p>Naimo\u011fullar\u0131, 14 Haziran Cuma g\u00fcn\u00fc yeni yol haritas\u0131n\u0131 belirleyeceklerini ve bir eylem yap\u0131lmas\u0131n\u0131 hedeflediklerini s\u00f6yledi.<\/p>\n<p>Hayvan \u00dcreticileri ve Yeti\u015ftiricileri Birli\u011fi Y\u00f6netim Kurulu, bug\u00fcn saat 12.00\u2019de birlik binas\u0131nda toplant\u0131 ger\u00e7ekle\u015ftirdi.<\/p>\n<p>Birlik Ba\u015fkan\u0131 Naimo\u011fullar\u0131, yakla\u015f\u0131k bir saat s\u00fcren y\u00f6netim kurulu toplant\u0131s\u0131n\u0131n ard\u0131ndan a\u00e7\u0131klamalarda bulundu.<\/p>\n<p>\u2013 \u201c\u0130sias Otel davas\u0131 bizim i\u00e7in \u00e7ok \u00f6nemli bir konudur\u201d<\/p>\n<p>Naimo\u011fullar\u0131, \u201cT\u00fcrkiye\u2019de \u2018\u0130sias Otel\u2019 davas\u0131 g\u00f6r\u00fc\u015f\u00fclecek. Siyasiler, oraya gidecek. Muhataplar\u0131m\u0131z per\u015fembe g\u00fcn\u00fc d\u00f6necek. \u0130sias Otel davas\u0131 bizim i\u00e7in \u00e7ok \u00f6nemli bir konudur. Bu konuya \u00e7ok \u00f6nem veriyoruz.\u201d ifadelerine yer verdi.<\/p>\n<p>Eylemlerine \u2018\u0130sias Otel\u2019 davas\u0131n\u0131n ard\u0131ndan devam edeceklerini ve yol haritas\u0131n\u0131 belirleyeceklerini ifade eden Naimo\u011fullar\u0131, bu s\u00fcre\u00e7te bir \u00e7\u00f6z\u00fcm bulunmas\u0131n\u0131 temenni etti.<\/p>\n<p>\u00c7\u00f6z\u00fcm bulunamayan konular\u0131n \u00e7\u00f6z\u00fclebilece\u011fini umduklar\u0131n\u0131 ifade eden Naimo\u011fullar\u0131, gelinen s\u00fcreci de\u011ferlendirdi.<\/p>\n<p>Ba\u015fbakanl\u0131k\u2019ta ge\u00e7en cuma toplant\u0131 ger\u00e7ekle\u015ftirildi\u011fini kaydeden Naimo\u011fullar\u0131, baz\u0131 konularda uzla\u015f\u0131ya var\u0131ld\u0131\u011f\u0131n\u0131 dile getirdi.<\/p>\n<p>Hayvanc\u0131lar Birli\u011fi\u2019nin mutlak g\u00f6r\u00fc\u015f\u00fc al\u0131nmadan ve onay\u0131 olmadan et ithalinin olmayaca\u011f\u0131n\u0131n kendilerine ifade edildi\u011fini belirten Naimo\u011fullar\u0131, \u201c42 ton etin sadece 21 tonu geldi, tahlilleri yap\u0131ld\u0131 ve ard\u0131ndan da\u011f\u0131t\u0131m\u0131 yap\u0131lacak. Geri kalan i\u00e7in, 21 ton etin, Bayram\u2019dan sonraki s\u00fcre\u00e7te perdeypey da\u011f\u0131t\u0131m\u0131 yap\u0131lmas\u0131 konusunda da hemfikir olundu. Bu konuda protokol haz\u0131rd\u0131r ancak biz b\u00fct\u00fcnl\u00fckl\u00fc olarak sorunlar\u0131 ortaya koyduk.\u201d dedi.<\/p>\n<p>\u2013 \u201cSorunlar\u0131n bir k\u0131sm\u0131 \u00e7\u00f6z\u00fcld\u00fc ama\u2026\u201d<\/p>\n<p>Naimo\u011fullar\u0131, gelinen noktada sorunlar\u0131n bir k\u0131sm\u0131n\u0131n \u00e7\u00f6z\u00fcld\u00fc\u011f\u00fcn\u00fc ancak ortaya koyduklar\u0131 tepkiden dolay\u0131 protokol\u00fcn imzalanmad\u0131\u011f\u0131n\u0131 belirtti.<\/p>\n<p>Ad\u0131yaman\u2019da g\u00f6r\u00fc\u015f\u00fclecek \u0130sias Otel davas\u0131 nedeniyle eyleme \u00fc\u00e7 g\u00fcn ara verdiklerini belirten Naimo\u011fullar\u0131, cuma g\u00fcn\u00fc bir eylem yap\u0131lmas\u0131n\u0131 hedeflediklerini kaydetti.<\/p>\n<p>\u201cBirileri baz\u0131 konularda \u2018kibir\u2019 ve \u2018onur\u2019 yapt\u0131.\u201d diye konu\u015fan Naimo\u011fullar\u0131, s\u00fcre\u00e7 i\u00e7erisinde ciddi kavgalar verdiklerini ifade etti.<\/p>\n<p>Eylemde t\u00fcm ara\u00e7lara ceza kesildi\u011fini belirten Naimo\u011fullar\u0131, \u201cCezalar\u0131 bug\u00fcn \u00f6deyece\u011fiz. Hayvanc\u0131lar olarak duru\u015fumuzu de\u011fi\u015ftirmedik. Her zaman diyalogdan yanay\u0131z ve diyalo\u011fu kurmak i\u00e7in u\u011fra\u015f verece\u011fiz.\u201d dedi.<\/p>\n<p>\u201cBiz, her \u015feyi geride b\u0131rak\u0131yoruz.\u201d diye konu\u015fan Naimo\u011fullar\u0131, birli\u011fe hi\u00e7bir zaman siyaset sokmad\u0131klar\u0131n\u0131 da s\u00f6zlerine ekledi.<\/p>\n<\/p><\/div>\n<p><script async\n                    defer\n                    crossorigin=\"anonymous\"\n                    src=\"https:\/\/connect.facebook.net\/tr_TR\/sdk.js#xfbml=1&#038;version=v3.3\"\n            ><\/script><\/p>\n","protected":false},"excerpt":{"rendered":"<p>Hayvan \u00dcreticileri ve Yeti\u015ftiricileri Birli\u011fi Ba\u015fkan\u0131 Mustafa Naimo\u011fullar\u0131, Ad\u0131yaman\u2019da g\u00f6r\u00fc\u015f\u00fclecek \u0130sias Otel davas\u0131 nedeniyle eyleme \u00fc\u00e7 g\u00fcn ara verdiklerini belirtti. Naimo\u011fullar\u0131, 14 Haziran Cuma g\u00fcn\u00fc yeni yol haritas\u0131n\u0131 belirleyeceklerini ve bir eylem yap\u0131lmas\u0131n\u0131 hedeflediklerini s\u00f6yledi. Hayvan \u00dcreticileri ve Yeti\u015ftiricileri Birli\u011fi Y\u00f6netim Kurulu, bug\u00fcn saat 12.00\u2019de birlik binas\u0131nda toplant\u0131 ger\u00e7ekle\u015ftirdi. Birlik Ba\u015fkan\u0131 Naimo\u011fullar\u0131, yakla\u015f\u0131k bir saat<\/p>\n","protected":false},"author":1,"featured_media":45350,"comment_status":"open","ping_status":"open","sticky":false,"template":"","format":"standard","meta":{"footnotes":""},"categories":[1],"tags":[],"class_list":["post-45349","post","type-post","status-publish","format-standard","has-post-thumbnail","hentry","category-gundem"],"yoast_head":"<!-- This site is optimized with the Yoast SEO plugin v27.5 - https:\/\/yoast.com\/product\/yoast-seo-wordpress\/ -->\n<title>Naimo\u011fullar\u0131: Her zaman diyalogdan yanay\u0131z -<\/title>\n<meta name=\"robots\" content=\"index, follow, max-snippet:-1, max-image-preview:large, max-video-preview:-1\" \/>\n<link rel=\"canonical\" href=\"https:\/\/kibrisdakik.com\/?p=45349\" \/>\n<meta property=\"og:locale\" content=\"tr_TR\" \/>\n<meta property=\"og:type\" content=\"article\" \/>\n<meta property=\"og:title\" content=\"Naimo\u011fullar\u0131: Her zaman diyalogdan yanay\u0131z -\" \/>\n<meta property=\"og:description\" content=\"Hayvan \u00dcreticileri ve Yeti\u015ftiricileri Birli\u011fi Ba\u015fkan\u0131 Mustafa Naimo\u011fullar\u0131, Ad\u0131yaman\u2019da g\u00f6r\u00fc\u015f\u00fclecek \u0130sias Otel davas\u0131 nedeniyle eyleme \u00fc\u00e7 g\u00fcn ara verdiklerini belirtti. Naimo\u011fullar\u0131, 14 Haziran Cuma g\u00fcn\u00fc yeni yol haritas\u0131n\u0131 belirleyeceklerini ve bir eylem yap\u0131lmas\u0131n\u0131 hedeflediklerini s\u00f6yledi. Hayvan \u00dcreticileri ve Yeti\u015ftiricileri Birli\u011fi Y\u00f6netim Kurulu, bug\u00fcn saat 12.00\u2019de birlik binas\u0131nda toplant\u0131 ger\u00e7ekle\u015ftirdi. Birlik Ba\u015fkan\u0131 Naimo\u011fullar\u0131, yakla\u015f\u0131k bir saat\" \/>\n<meta property=\"og:url\" content=\"https:\/\/kibrisdakik.com\/?p=45349\" \/>\n<meta property=\"article:published_time\" content=\"2024-06-10T13:24:53+00:00\" \/>\n<meta property=\"og:image\" content=\"https:\/\/kibrisdakik.com\/wp-content\/uploads\/2024\/06\/12-2--740x420.jpg\" \/>\n\t<meta property=\"og:image:width\" content=\"930\" \/>\n\t<meta property=\"og:image:height\" content=\"429\" \/>\n\t<meta property=\"og:image:type\" content=\"image\/jpeg\" \/>\n<meta name=\"author\" content=\"admin\" \/>\n<meta name=\"twitter:card\" content=\"summary_large_image\" \/>\n<meta name=\"twitter:label1\" content=\"Yazan:\" \/>\n\t<meta name=\"twitter:data1\" content=\"admin\" \/>\n\t<meta name=\"twitter:label2\" content=\"Tahmini okuma s\u00fcresi\" \/>\n\t<meta name=\"twitter:data2\" content=\"2 dakika\" \/>\n<script type=\"application\/ld+json\" class=\"yoast-schema-graph\">{\"@context\":\"https:\\\/\\\/schema.org\",\"@graph\":[{\"@type\":\"Article\",\"@id\":\"https:\\\/\\\/kibrisdakik.com\\\/?p=45349#article\",\"isPartOf\":{\"@id\":\"https:\\\/\\\/kibrisdakik.com\\\/?p=45349\"},\"author\":{\"name\":\"admin\",\"@id\":\"https:\\\/\\\/kibrisdakik.com\\\/#\\\/schema\\\/person\\\/9cd9d437bbb44f72b73ba127e06d8e79\"},\"headline\":\"Naimo\u011fullar\u0131: Her zaman diyalogdan yanay\u0131z\",\"datePublished\":\"2024-06-10T13:24:53+00:00\",\"mainEntityOfPage\":{\"@id\":\"https:\\\/\\\/kibrisdakik.com\\\/?p=45349\"},\"wordCount\":449,\"commentCount\":0,\"image\":{\"@id\":\"https:\\\/\\\/kibrisdakik.com\\\/?p=45349#primaryimage\"},\"thumbnailUrl\":\"https:\\\/\\\/kibrisdakik.com\\\/wp-content\\\/uploads\\\/2024\\\/06\\\/12-2--740x420.jpg\",\"articleSection\":[\"G\u00fcndem\"],\"inLanguage\":\"tr\",\"potentialAction\":[{\"@type\":\"CommentAction\",\"name\":\"Comment\",\"target\":[\"https:\\\/\\\/kibrisdakik.com\\\/?p=45349#respond\"]}]},{\"@type\":\"WebPage\",\"@id\":\"https:\\\/\\\/kibrisdakik.com\\\/?p=45349\",\"url\":\"https:\\\/\\\/kibrisdakik.com\\\/?p=45349\",\"name\":\"Naimo\u011fullar\u0131: Her zaman diyalogdan yanay\u0131z -\",\"isPartOf\":{\"@id\":\"https:\\\/\\\/kibrisdakik.com\\\/#website\"},\"primaryImageOfPage\":{\"@id\":\"https:\\\/\\\/kibrisdakik.com\\\/?p=45349#primaryimage\"},\"image\":{\"@id\":\"https:\\\/\\\/kibrisdakik.com\\\/?p=45349#primaryimage\"},\"thumbnailUrl\":\"https:\\\/\\\/kibrisdakik.com\\\/wp-content\\\/uploads\\\/2024\\\/06\\\/12-2--740x420.jpg\",\"datePublished\":\"2024-06-10T13:24:53+00:00\",\"author\":{\"@id\":\"https:\\\/\\\/kibrisdakik.com\\\/#\\\/schema\\\/person\\\/9cd9d437bbb44f72b73ba127e06d8e79\"},\"breadcrumb\":{\"@id\":\"https:\\\/\\\/kibrisdakik.com\\\/?p=45349#breadcrumb\"},\"inLanguage\":\"tr\",\"potentialAction\":[{\"@type\":\"ReadAction\",\"target\":[\"https:\\\/\\\/kibrisdakik.com\\\/?p=45349\"]}]},{\"@type\":\"ImageObject\",\"inLanguage\":\"tr\",\"@id\":\"https:\\\/\\\/kibrisdakik.com\\\/?p=45349#primaryimage\",\"url\":\"https:\\\/\\\/kibrisdakik.com\\\/wp-content\\\/uploads\\\/2024\\\/06\\\/12-2--740x420.jpg\",\"contentUrl\":\"https:\\\/\\\/kibrisdakik.com\\\/wp-content\\\/uploads\\\/2024\\\/06\\\/12-2--740x420.jpg\",\"width\":930,\"height\":429},{\"@type\":\"BreadcrumbList\",\"@id\":\"https:\\\/\\\/kibrisdakik.com\\\/?p=45349#breadcrumb\",\"itemListElement\":[{\"@type\":\"ListItem\",\"position\":1,\"name\":\"Home\",\"item\":\"https:\\\/\\\/kibrisdakik.com\\\/\"},{\"@type\":\"ListItem\",\"position\":2,\"name\":\"Naimo\u011fullar\u0131: Her zaman diyalogdan yanay\u0131z\"}]},{\"@type\":\"WebSite\",\"@id\":\"https:\\\/\\\/kibrisdakik.com\\\/#website\",\"url\":\"https:\\\/\\\/kibrisdakik.com\\\/\",\"name\":\"\",\"description\":\"Tam vaktinde haber\",\"potentialAction\":[{\"@type\":\"SearchAction\",\"target\":{\"@type\":\"EntryPoint\",\"urlTemplate\":\"https:\\\/\\\/kibrisdakik.com\\\/?s={search_term_string}\"},\"query-input\":{\"@type\":\"PropertyValueSpecification\",\"valueRequired\":true,\"valueName\":\"search_term_string\"}}],\"inLanguage\":\"tr\"},{\"@type\":\"Person\",\"@id\":\"https:\\\/\\\/kibrisdakik.com\\\/#\\\/schema\\\/person\\\/9cd9d437bbb44f72b73ba127e06d8e79\",\"name\":\"admin\",\"image\":{\"@type\":\"ImageObject\",\"inLanguage\":\"tr\",\"@id\":\"https:\\\/\\\/secure.gravatar.com\\\/avatar\\\/ccc17943b9d660506c869530f897617f7cb1c21a4bf30023f252596d83e1f007?s=96&d=mm&r=g\",\"url\":\"https:\\\/\\\/secure.gravatar.com\\\/avatar\\\/ccc17943b9d660506c869530f897617f7cb1c21a4bf30023f252596d83e1f007?s=96&d=mm&r=g\",\"contentUrl\":\"https:\\\/\\\/secure.gravatar.com\\\/avatar\\\/ccc17943b9d660506c869530f897617f7cb1c21a4bf30023f252596d83e1f007?s=96&d=mm&r=g\",\"caption\":\"admin\"},\"sameAs\":[\"https:\\\/\\\/kibrisdakik.com\"],\"url\":\"https:\\\/\\\/kibrisdakik.com\\\/?author=1\"}]}<\/script>\n<!-- \/ Yoast SEO plugin. -->","yoast_head_json":{"title":"Naimo\u011fullar\u0131: Her zaman diyalogdan yanay\u0131z -","robots":{"index":"index","follow":"follow","max-snippet":"max-snippet:-1","max-image-preview":"max-image-preview:large","max-video-preview":"max-video-preview:-1"},"canonical":"https:\/\/kibrisdakik.com\/?p=45349","og_locale":"tr_TR","og_type":"article","og_title":"Naimo\u011fullar\u0131: Her zaman diyalogdan yanay\u0131z -","og_description":"Hayvan \u00dcreticileri ve Yeti\u015ftiricileri Birli\u011fi Ba\u015fkan\u0131 Mustafa Naimo\u011fullar\u0131, Ad\u0131yaman\u2019da g\u00f6r\u00fc\u015f\u00fclecek \u0130sias Otel davas\u0131 nedeniyle eyleme \u00fc\u00e7 g\u00fcn ara verdiklerini belirtti. Naimo\u011fullar\u0131, 14 Haziran Cuma g\u00fcn\u00fc yeni yol haritas\u0131n\u0131 belirleyeceklerini ve bir eylem yap\u0131lmas\u0131n\u0131 hedeflediklerini s\u00f6yledi. Hayvan \u00dcreticileri ve Yeti\u015ftiricileri Birli\u011fi Y\u00f6netim Kurulu, bug\u00fcn saat 12.00\u2019de birlik binas\u0131nda toplant\u0131 ger\u00e7ekle\u015ftirdi. Birlik Ba\u015fkan\u0131 Naimo\u011fullar\u0131, yakla\u015f\u0131k bir saat","og_url":"https:\/\/kibrisdakik.com\/?p=45349","article_published_time":"2024-06-10T13:24:53+00:00","og_image":[{"width":930,"height":429,"url":"https:\/\/kibrisdakik.com\/wp-content\/uploads\/2024\/06\/12-2--740x420.jpg","type":"image\/jpeg"}],"author":"admin","twitter_card":"summary_large_image","twitter_misc":{"Yazan:":"admin","Tahmini okuma s\u00fcresi":"2 dakika"},"schema":{"@context":"https:\/\/schema.org","@graph":[{"@type":"Article","@id":"https:\/\/kibrisdakik.com\/?p=45349#article","isPartOf":{"@id":"https:\/\/kibrisdakik.com\/?p=45349"},"author":{"name":"admin","@id":"https:\/\/kibrisdakik.com\/#\/schema\/person\/9cd9d437bbb44f72b73ba127e06d8e79"},"headline":"Naimo\u011fullar\u0131: Her zaman diyalogdan yanay\u0131z","datePublished":"2024-06-10T13:24:53+00:00","mainEntityOfPage":{"@id":"https:\/\/kibrisdakik.com\/?p=45349"},"wordCount":449,"commentCount":0,"image":{"@id":"https:\/\/kibrisdakik.com\/?p=45349#primaryimage"},"thumbnailUrl":"https:\/\/kibrisdakik.com\/wp-content\/uploads\/2024\/06\/12-2--740x420.jpg","articleSection":["G\u00fcndem"],"inLanguage":"tr","potentialAction":[{"@type":"CommentAction","name":"Comment","target":["https:\/\/kibrisdakik.com\/?p=45349#respond"]}]},{"@type":"WebPage","@id":"https:\/\/kibrisdakik.com\/?p=45349","url":"https:\/\/kibrisdakik.com\/?p=45349","name":"Naimo\u011fullar\u0131: Her zaman diyalogdan yanay\u0131z -","isPartOf":{"@id":"https:\/\/kibrisdakik.com\/#website"},"primaryImageOfPage":{"@id":"https:\/\/kibrisdakik.com\/?p=45349#primaryimage"},"image":{"@id":"https:\/\/kibrisdakik.com\/?p=45349#primaryimage"},"thumbnailUrl":"https:\/\/kibrisdakik.com\/wp-content\/uploads\/2024\/06\/12-2--740x420.jpg","datePublished":"2024-06-10T13:24:53+00:00","author":{"@id":"https:\/\/kibrisdakik.com\/#\/schema\/person\/9cd9d437bbb44f72b73ba127e06d8e79"},"breadcrumb":{"@id":"https:\/\/kibrisdakik.com\/?p=45349#breadcrumb"},"inLanguage":"tr","potentialAction":[{"@type":"ReadAction","target":["https:\/\/kibrisdakik.com\/?p=45349"]}]},{"@type":"ImageObject","inLanguage":"tr","@id":"https:\/\/kibrisdakik.com\/?p=45349#primaryimage","url":"https:\/\/kibrisdakik.com\/wp-content\/uploads\/2024\/06\/12-2--740x420.jpg","contentUrl":"https:\/\/kibrisdakik.com\/wp-content\/uploads\/2024\/06\/12-2--740x420.jpg","width":930,"height":429},{"@type":"BreadcrumbList","@id":"https:\/\/kibrisdakik.com\/?p=45349#breadcrumb","itemListElement":[{"@type":"ListItem","position":1,"name":"Home","item":"https:\/\/kibrisdakik.com\/"},{"@type":"ListItem","position":2,"name":"Naimo\u011fullar\u0131: Her zaman diyalogdan yanay\u0131z"}]},{"@type":"WebSite","@id":"https:\/\/kibrisdakik.com\/#website","url":"https:\/\/kibrisdakik.com\/","name":"","description":"Tam vaktinde haber","potentialAction":[{"@type":"SearchAction","target":{"@type":"EntryPoint","urlTemplate":"https:\/\/kibrisdakik.com\/?s={search_term_string}"},"query-input":{"@type":"PropertyValueSpecification","valueRequired":true,"valueName":"search_term_string"}}],"inLanguage":"tr"},{"@type":"Person","@id":"https:\/\/kibrisdakik.com\/#\/schema\/person\/9cd9d437bbb44f72b73ba127e06d8e79","name":"admin","image":{"@type":"ImageObject","inLanguage":"tr","@id":"https:\/\/secure.gravatar.com\/avatar\/ccc17943b9d660506c869530f897617f7cb1c21a4bf30023f252596d83e1f007?s=96&d=mm&r=g","url":"https:\/\/secure.gravatar.com\/avatar\/ccc17943b9d660506c869530f897617f7cb1c21a4bf30023f252596d83e1f007?s=96&d=mm&r=g","contentUrl":"https:\/\/secure.gravatar.com\/avatar\/ccc17943b9d660506c869530f897617f7cb1c21a4bf30023f252596d83e1f007?s=96&d=mm&r=g","caption":"admin"},"sameAs":["https:\/\/kibrisdakik.com"],"url":"https:\/\/kibrisdakik.com\/?author=1"}]}},"_links":{"self":[{"href":"https:\/\/kibrisdakik.com\/index.php?rest_route=\/wp\/v2\/posts\/45349","targetHints":{"allow":["GET"]}}],"collection":[{"href":"https:\/\/kibrisdakik.com\/index.php?rest_route=\/wp\/v2\/posts"}],"about":[{"href":"https:\/\/kibrisdakik.com\/index.php?rest_route=\/wp\/v2\/types\/post"}],"author":[{"embeddable":true,"href":"https:\/\/kibrisdakik.com\/index.php?rest_route=\/wp\/v2\/users\/1"}],"replies":[{"embeddable":true,"href":"https:\/\/kibrisdakik.com\/index.php?rest_route=%2Fwp%2Fv2%2Fcomments&post=45349"}],"version-history":[{"count":0,"href":"https:\/\/kibrisdakik.com\/index.php?rest_route=\/wp\/v2\/posts\/45349\/revisions"}],"wp:featuredmedia":[{"embeddable":true,"href":"https:\/\/kibrisdakik.com\/index.php?rest_route=\/wp\/v2\/media\/45350"}],"wp:attachment":[{"href":"https:\/\/kibrisdakik.com\/index.php?rest_route=%2Fwp%2Fv2%2Fmedia&parent=45349"}],"wp:term":[{"taxonomy":"category","embeddable":true,"href":"https:\/\/kibrisdakik.com\/index.php?rest_route=%2Fwp%2Fv2%2Fcategories&post=45349"},{"taxonomy":"post_tag","embeddable":true,"href":"https:\/\/kibrisdakik.com\/index.php?rest_route=%2Fwp%2Fv2%2Ftags&post=45349"}],"curies":[{"name":"wp","href":"https:\/\/api.w.org\/{rel}","templated":true}]}}