{"id":45394,"date":"2024-06-10T19:33:22","date_gmt":"2024-06-10T19:33:22","guid":{"rendered":"https:\/\/kibrisdakik.com\/index.php\/2024\/06\/10\/nesiller-bulusuyor-yarismasinda-dereceye-giren-ogrenciler-odullerini-torenle-aldi\/"},"modified":"2024-06-10T19:33:22","modified_gmt":"2024-06-10T19:33:22","slug":"nesiller-bulusuyor-yarismasinda-dereceye-giren-ogrenciler-odullerini-torenle-aldi","status":"publish","type":"post","link":"https:\/\/kibrisdakik.com\/?p=45394","title":{"rendered":"\u201cNesiller Bulu\u015fuyor\u201d yar\u0131\u015fmas\u0131nda dereceye giren \u00f6\u011frenciler \u00f6d\u00fcllerini t\u00f6renle ald\u0131"},"content":{"rendered":"<p><\/p>\n<div>\n<div class=\"mariselle-image-container center\">\n                <img loading=\"lazy\" decoding=\"async\" width=\"1600\" height=\"1058\" class=\"lazy-image\" alt=\"\" sizes=\"auto, (max-width: 1600px) 100vw, 1600px\" src=\"https:\/\/brtk.net\/wp-content\/uploads\/2024\/06\/10\/mes.jpg?ver=5c4725866b6ae7a10ab90f7e7f62ecba\" srcset=\"https:\/\/brtk.net\/wp-content\/uploads\/2024\/06\/10\/mes.jpg?ver=5c4725866b6ae7a10ab90f7e7f62ecba 1600w, https:\/\/brtk.net\/wp-content\/uploads\/2024\/06\/10\/mes-300x198.jpg?ver=5c4725866b6ae7a10ab90f7e7f62ecba 300w, https:\/\/brtk.net\/wp-content\/uploads\/2024\/06\/10\/mes-1024x677.jpg?ver=5c4725866b6ae7a10ab90f7e7f62ecba 1024w, https:\/\/brtk.net\/wp-content\/uploads\/2024\/06\/10\/mes-768x508.jpg?ver=94ccde21d4fdf27b4cc225d10a48fd71 768w, https:\/\/brtk.net\/wp-content\/uploads\/2024\/06\/10\/mes-1536x1016.jpg?ver=94ccde21d4fdf27b4cc225d10a48fd71 1536w\"\/>                            <\/div>\n<p>Milli E\u011fitim Bakanl\u0131\u011f\u0131 ile Tang\u00fcl \u00dcnal \u00c7a\u011f\u0131ner \u00c7ocuklara Yard\u0131m Vakf\u0131 i\u015f birli\u011fiyle bu y\u0131l 3\u2019\u00fcnc\u00fcs\u00fc d\u00fczenlenen \u201cNesiller Bulu\u015fuyor\u201d yar\u0131\u015fmas\u0131nda dereceye giren \u00f6\u011frenciler \u00f6d\u00fcllerini Acapulco Hotel\u2019de d\u00fczenlenen t\u00f6renle ald\u0131.<\/p>\n<div class=\"mariselle-image-container center\">\n                <img loading=\"lazy\" decoding=\"async\" width=\"1600\" height=\"900\" class=\"lazy-image\" alt=\"\" sizes=\"auto, (max-width: 1600px) 100vw, 1600px\" src=\"https:\/\/brtk.net\/wp-content\/uploads\/2024\/06\/10\/266825da-985f-43fc-bc17-003d3bb8f274.jpg?ver=fa547e36e2d73175c3295c850703ca6f\" srcset=\"https:\/\/brtk.net\/wp-content\/uploads\/2024\/06\/10\/266825da-985f-43fc-bc17-003d3bb8f274.jpg?ver=fa547e36e2d73175c3295c850703ca6f 1600w, https:\/\/brtk.net\/wp-content\/uploads\/2024\/06\/10\/266825da-985f-43fc-bc17-003d3bb8f274-300x169.jpg?ver=fa547e36e2d73175c3295c850703ca6f 300w, https:\/\/brtk.net\/wp-content\/uploads\/2024\/06\/10\/266825da-985f-43fc-bc17-003d3bb8f274-1024x576.jpg?ver=fa547e36e2d73175c3295c850703ca6f 1024w, https:\/\/brtk.net\/wp-content\/uploads\/2024\/06\/10\/266825da-985f-43fc-bc17-003d3bb8f274-768x432.jpg?ver=6dcd61e725c570d33422e97a01ef6653 768w, https:\/\/brtk.net\/wp-content\/uploads\/2024\/06\/10\/266825da-985f-43fc-bc17-003d3bb8f274-1536x864.jpg?ver=6dcd61e725c570d33422e97a01ef6653 1536w\"\/>                            <\/div>\n<p>Ortaokul ve lise olmak \u00fczere iki kategoride ger\u00e7ekle\u015ftirilen yar\u0131\u015fmayla \u00f6\u011frencileri b\u00fcy\u00fckleriyle bulu\u015fturularak, unutulmaya y\u00fcz tutmu\u015f gelenek ve g\u00f6reneklerin, sosyal ve k\u00fclt\u00fcrel ya\u015fant\u0131lar\u0131n gen\u00e7 nesillere aktar\u0131lmas\u0131 hedeflendi.<\/p>\n<p>Yar\u0131\u015fmaya, ortaokul kategorisinde 74, lise kategorisinde ise 34 olmak \u00fczere toplamda 108 eser kat\u0131ld\u0131.<\/p>\n<div class=\"mariselle-image-container center\">\n                <img loading=\"lazy\" decoding=\"async\" width=\"940\" height=\"1356\" class=\"lazy-image\" alt=\"\" sizes=\"auto, (max-width: 940px) 100vw, 940px\" src=\"https:\/\/brtk.net\/wp-content\/uploads\/2024\/06\/10\/CCCCCCCCCCC.jpg?ver=26d6b901b8d76feb6b76795ec0d43623\" srcset=\"https:\/\/brtk.net\/wp-content\/uploads\/2024\/06\/10\/CCCCCCCCCCC.jpg?ver=26d6b901b8d76feb6b76795ec0d43623 940w, https:\/\/brtk.net\/wp-content\/uploads\/2024\/06\/10\/CCCCCCCCCCC-208x300.jpg?ver=f73ebc239a2d92b1757f99d7e336ee98 208w, https:\/\/brtk.net\/wp-content\/uploads\/2024\/06\/10\/CCCCCCCCCCC-710x1024.jpg?ver=6f3a2626fa8eaece661d92a79ae95d77 710w, https:\/\/brtk.net\/wp-content\/uploads\/2024\/06\/10\/CCCCCCCCCCC-768x1108.jpg?ver=6f3a2626fa8eaece661d92a79ae95d77 768w\"\/>                            <\/div>\n<p>Tang\u00fcl-\u00dcnal \u00c7a\u011f\u0131ner \u00c7oculara Yard\u0131m Vakf\u0131 Ba\u015fkan\u0131 Vacide G\u00f6ren, bu y\u0131l 3.s\u00fc d\u00fczenlenen, \u201cNesiller Bulu\u015fuyor Yar\u0131\u015fmas\u0131\u201d\u2019n\u0131n K\u0131br\u0131s T\u00fcrk Halk\u0131n\u0131n ge\u00e7mi\u015fi, tecr\u00fcbeleri, an\u0131lar\u0131n\u0131n ve de\u011ferlerinin payla\u015f\u0131ld\u0131\u011f\u0131n\u0131 belirterek, yar\u0131\u015fman\u0131n t\u00fcm bu de\u011ferleri gelece\u011fe ta\u015f\u0131mas\u0131 ad\u0131na b\u00fcy\u00fck \u00f6neme sahip oldu\u011funu s\u00f6yledi.<\/p>\n<div class=\"mariselle-image-container center\">\n                <img loading=\"lazy\" decoding=\"async\" width=\"1401\" height=\"594\" class=\"lazy-image\" alt=\"\" sizes=\"auto, (max-width: 1401px) 100vw, 1401px\" src=\"https:\/\/brtk.net\/wp-content\/uploads\/2024\/06\/10\/1185b921-b6d8-49b6-a3cd-6e54766782d2.jpg?ver=9322b555028a04400f49b23e2f9d0251\" srcset=\"https:\/\/brtk.net\/wp-content\/uploads\/2024\/06\/10\/1185b921-b6d8-49b6-a3cd-6e54766782d2.jpg?ver=9322b555028a04400f49b23e2f9d0251 1401w, https:\/\/brtk.net\/wp-content\/uploads\/2024\/06\/10\/1185b921-b6d8-49b6-a3cd-6e54766782d2-300x127.jpg?ver=9322b555028a04400f49b23e2f9d0251 300w, https:\/\/brtk.net\/wp-content\/uploads\/2024\/06\/10\/1185b921-b6d8-49b6-a3cd-6e54766782d2-1024x434.jpg?ver=9322b555028a04400f49b23e2f9d0251 1024w, https:\/\/brtk.net\/wp-content\/uploads\/2024\/06\/10\/1185b921-b6d8-49b6-a3cd-6e54766782d2-768x326.jpg?ver=14ce2b82a9f17d0e425006dd6c0e89bf 768w\"\/>                            <\/div>\n<p>Genel Orta\u00f6\u011fretim Dairesi M\u00fcd\u00fcr\u00fc Cengiz Topel Uzun nesiller aras\u0131ndaki ileti\u015fim ba\u011flar\u0131n\u0131n teknolojinin geli\u015fmesiyle azald\u0131\u011f\u0131na dikkat \u00e7ekerek, projenin bu ba\u011flar\u0131n geli\u015fmesine katk\u0131 sa\u011flayaca\u011f\u0131n\u0131 dile getirdi.<br \/>K\u0131br\u0131s T\u00fcrk k\u00fclt\u00fcr\u00fc gelenek ve g\u00f6reneklerini gelece\u011fe ta\u015f\u0131may\u0131 hedefleyen yar\u0131\u015fman\u0131n en b\u00fcy\u00fck kazanan\u0131n\u0131n <a href=\"https:\/\/brtk.net\/\">KKTC<\/a> Devleti oldu\u011funu dile getiren Uzun, Milli E\u011fitim Bakanl\u0131\u011f\u2019\u0131n\u0131n sivil toplum \u00f6rg\u00fctleriyle i\u015fbirli\u011fi i\u00e7inde bu gibi projeleri hayata ge\u00e7irmeye devam edece\u011fini s\u00f6yledi.<\/p>\n<div class=\"mariselle-image-container center\">\n                <img loading=\"lazy\" decoding=\"async\" width=\"756\" height=\"1378\" class=\"lazy-image\" alt=\"\" sizes=\"auto, (max-width: 756px) 100vw, 756px\" src=\"https:\/\/brtk.net\/wp-content\/uploads\/2024\/06\/10\/ced98e56-9991-4608-bef6-d06118115fdd.jpg?ver=03b9fe7c4869e8e9a5e19f3ed98ed3b8\" srcset=\"https:\/\/brtk.net\/wp-content\/uploads\/2024\/06\/10\/ced98e56-9991-4608-bef6-d06118115fdd.jpg?ver=03b9fe7c4869e8e9a5e19f3ed98ed3b8 756w, https:\/\/brtk.net\/wp-content\/uploads\/2024\/06\/10\/ced98e56-9991-4608-bef6-d06118115fdd-165x300.jpg?ver=03b9fe7c4869e8e9a5e19f3ed98ed3b8 165w, https:\/\/brtk.net\/wp-content\/uploads\/2024\/06\/10\/ced98e56-9991-4608-bef6-d06118115fdd-562x1024.jpg?ver=ea76518c259082abd4560522bb183f69 562w\"\/>                            <\/div>\n<p>Milli E\u011fitim Bakan\u0131 Naz\u0131m \u00c7avu\u015fo\u011flu da konu\u015fmas\u0131nda, yar\u0131\u015fman\u0131n \u00f6nemine vurgu yaparak, yar\u0131\u015fman\u0131n, K\u0131br\u0131sl\u0131 T\u00fcrklerin , k\u00f6klerine sar\u0131larak vatan topraklar\u0131na gelenek , g\u00f6renek ve k\u00fclt\u00fcr\u00fcne sahip \u00e7\u0131kmas\u0131n\u0131n bir g\u00f6stergesi oldu\u011funu s\u00f6yledi.<\/p>\n<p>Yeni nesillerin k\u00f6klerine ba\u011fl\u0131 olarak yeti\u015fmesinin \u00f6nemine vurgu yapan Bakan \u00c7avu\u015fo\u011flu, yar\u0131\u015fmayla kay\u0131t alt\u0131na al\u0131nan her bir de\u011ferin, gelecekte ara\u015ft\u0131rmac\u0131lara kaynak olu\u015fturaca\u011f\u0131na dikkat \u00e7ekti.<\/p>\n<p>K\u0131br\u0131s T\u00fcrk k\u00fclt\u00fcr\u00fcn\u00fcn ger\u00e7ek ta\u015f\u0131y\u0131c\u0131lar\u0131 olan ve bug\u00fcn ya\u015flar\u0131 80\u2019lere ula\u015fan  nesilden k\u00fclt\u00fcr gelenek ve g\u00f6rene\u011fe ait her t\u00fcrl\u00fc  bilginin kay\u0131t alt\u0131na al\u0131nmas\u0131 gerekti\u011fini vurgulayan \u00c7avu\u015fo\u011flu,  bu organizasyonu hayata ge\u00e7iren Tang\u00fcl-\u00dcnal \u00c7a\u011f\u0131ner \u00c7ocuklara Yard\u0131m Vakf\u0131\u2019n\u0131 kutlad\u0131.<\/p>\n<p>K\u0131br\u0131sl\u0131 T\u00fcrklerin 450 y\u0131l boyunca b\u00f6yle vatansever insanlar sayesinde ayakta kald\u0131\u011f\u0131n\u0131 , bundan sonra da, k\u00fclt\u00fcr\u00fcn\u00fc ya\u015fatmak isteyen vatansever insanlar\u0131n \u00e7abalar\u0131yla ayakta kalmaya devam edece\u011fini s\u00f6yleyen \u00c7avu\u015fo\u011flu, \u201cBiz k\u00f6k\u00fcm\u00fcze ba\u011fland\u0131k\u00e7a y\u00fckselmeye devam edece\u011fiz\u201ddiye konu\u015ftu.<\/p>\n<div class=\"mariselle-image-container center\">\n                <img loading=\"lazy\" decoding=\"async\" width=\"1479\" height=\"562\" class=\"lazy-image\" alt=\"\" sizes=\"auto, (max-width: 1479px) 100vw, 1479px\" src=\"https:\/\/brtk.net\/wp-content\/uploads\/2024\/06\/10\/2eda2787-2e9d-4f4f-b1ad-cf2634708f11.jpg?ver=249c67ef6a238ba193b90cece6f04cb2\" srcset=\"https:\/\/brtk.net\/wp-content\/uploads\/2024\/06\/10\/2eda2787-2e9d-4f4f-b1ad-cf2634708f11.jpg?ver=249c67ef6a238ba193b90cece6f04cb2 1479w, https:\/\/brtk.net\/wp-content\/uploads\/2024\/06\/10\/2eda2787-2e9d-4f4f-b1ad-cf2634708f11-300x114.jpg?ver=249c67ef6a238ba193b90cece6f04cb2 300w, https:\/\/brtk.net\/wp-content\/uploads\/2024\/06\/10\/2eda2787-2e9d-4f4f-b1ad-cf2634708f11-1024x389.jpg?ver=249c67ef6a238ba193b90cece6f04cb2 1024w, https:\/\/brtk.net\/wp-content\/uploads\/2024\/06\/10\/2eda2787-2e9d-4f4f-b1ad-cf2634708f11-768x292.jpg?ver=249c67ef6a238ba193b90cece6f04cb2 768w\"\/>                            <\/div>\n<p>Yar\u0131\u015fmada Ortaokul kategorisinde,T\u00fcrk Maarif Koleji\u2019nden Hasan Zekican birinci, Osman Necat Konuk Ortaokulu\u2019ndan Arif Arnavut \u015eahlan  ikincili\u011fi, \u015eehit H\u00fcseyin Ruso Ortaokulu\u2019ndan Rima \u00d6zduru  \u00fc\u00e7\u00fcnc\u00fcl\u00fc\u011f\u00fc kazan\u0131rken, Tang\u00fcl \u00c7a\u011f\u0131ner \u00d6zel \u00d6d\u00fcl\u00fc \u015eehit Turgut Ortaokulu\u2019ndan Ne\u015fe Baki, \u00dcnal \u00c7a\u011f\u0131ner \u00d6zel \u00d6d\u00fcl\u00fc G\u00fczely\u00fcrt T\u00fcrk Maarif Koleji\u2019nden Deniz \u00d6zk\u0131ra\u00e7 ,Nezihe-Mustafa \u00d6zensoy Onur \u00d6d\u00fcl\u00fc ise   Dipkarpaz Recep Tayyip Erdo\u011fan Ortaokulu\u2019ndan Nejla Arslan\u2019\u0131n oldu.<\/p>\n<div class=\"mariselle-image-container center\">\n                <img loading=\"lazy\" decoding=\"async\" width=\"1484\" height=\"567\" class=\"lazy-image\" alt=\"\" sizes=\"auto, (max-width: 1484px) 100vw, 1484px\" src=\"https:\/\/brtk.net\/wp-content\/uploads\/2024\/06\/10\/WhatsApp-Image-2024-06-10-at-17.36.04.jpeg?ver=c66e71b449eb4509f79f5eb92dd04c1a\" srcset=\"https:\/\/brtk.net\/wp-content\/uploads\/2024\/06\/10\/WhatsApp-Image-2024-06-10-at-17.36.04.jpeg?ver=c66e71b449eb4509f79f5eb92dd04c1a 1484w, https:\/\/brtk.net\/wp-content\/uploads\/2024\/06\/10\/WhatsApp-Image-2024-06-10-at-17.36.04-300x115.jpeg?ver=c66e71b449eb4509f79f5eb92dd04c1a 300w, https:\/\/brtk.net\/wp-content\/uploads\/2024\/06\/10\/WhatsApp-Image-2024-06-10-at-17.36.04-1024x391.jpeg?ver=c66e71b449eb4509f79f5eb92dd04c1a 1024w, https:\/\/brtk.net\/wp-content\/uploads\/2024\/06\/10\/WhatsApp-Image-2024-06-10-at-17.36.04-768x293.jpeg?ver=2363d4add3b8353bde860b015e3269c5 768w\"\/>                            <\/div>\n<p> Lise kategorisinde,G\u00fczelyurt T\u00fcrk Maarif Koleji\u2019nden Dilay \u00d6ks\u00fcz birinci, Haydarpa\u015fa Ticaret Lisesi\u2019nden  Zerni\u015fan Alada\u011f ikinci, 20 Temmuz Fen Lisesi\u2019nden Melisa S Tokp\u0131nar \u00fc\u00e7\u00fcnc\u00fc olurken, Tang\u00fcl \u00c7a\u011f\u0131ner \u00d6zel \u00d6d\u00fcl\u00fc Haydarpa\u015fa Ticaret Lisesi\u2019nden Fato\u015f Y\u00fcr\u00fcn\u2019\u00fcn, \u00dcnal \u00c7a\u011f\u0131ner \u00d6zel \u00d6d\u00fcl\u00fc 20 Temmuz Fen Lisesi\u2019nden Meryem \u0130rem Tutar\u2019\u0131n, Nezihe \u2013 Mustafa \u00d6zensoy Onur \u00d6d\u00fcl\u00fc ise 20 Temmuz  Fen Lisesinden  Ahmet Bolat\u2019\u0131n oldu.<\/p>\n<p>brt<\/p>\n<\/p><\/div>\n<p><script async\n                    defer\n                    crossorigin=\"anonymous\"\n                    src=\"https:\/\/connect.facebook.net\/tr_TR\/sdk.js#xfbml=1&#038;version=v3.3\"\n            ><\/script><\/p>\n","protected":false},"excerpt":{"rendered":"<p>Milli E\u011fitim Bakanl\u0131\u011f\u0131 ile Tang\u00fcl \u00dcnal \u00c7a\u011f\u0131ner \u00c7ocuklara Yard\u0131m Vakf\u0131 i\u015f birli\u011fiyle bu y\u0131l 3\u2019\u00fcnc\u00fcs\u00fc d\u00fczenlenen \u201cNesiller Bulu\u015fuyor\u201d yar\u0131\u015fmas\u0131nda dereceye giren \u00f6\u011frenciler \u00f6d\u00fcllerini Acapulco Hotel\u2019de d\u00fczenlenen t\u00f6renle ald\u0131. Ortaokul ve lise olmak \u00fczere iki kategoride ger\u00e7ekle\u015ftirilen yar\u0131\u015fmayla \u00f6\u011frencileri b\u00fcy\u00fckleriyle bulu\u015fturularak, unutulmaya y\u00fcz tutmu\u015f gelenek ve g\u00f6reneklerin, sosyal ve k\u00fclt\u00fcrel ya\u015fant\u0131lar\u0131n gen\u00e7 nesillere aktar\u0131lmas\u0131 hedeflendi. Yar\u0131\u015fmaya,<\/p>\n","protected":false},"author":1,"featured_media":45395,"comment_status":"open","ping_status":"open","sticky":false,"template":"","format":"standard","meta":{"footnotes":""},"categories":[1],"tags":[],"class_list":["post-45394","post","type-post","status-publish","format-standard","has-post-thumbnail","hentry","category-gundem"],"yoast_head":"<!-- This site is optimized with the Yoast SEO plugin v27.5 - https:\/\/yoast.com\/product\/yoast-seo-wordpress\/ -->\n<title>\u201cNesiller Bulu\u015fuyor\u201d yar\u0131\u015fmas\u0131nda dereceye giren \u00f6\u011frenciler \u00f6d\u00fcllerini t\u00f6renle ald\u0131 -<\/title>\n<meta name=\"robots\" content=\"index, follow, max-snippet:-1, max-image-preview:large, max-video-preview:-1\" \/>\n<link rel=\"canonical\" href=\"https:\/\/kibrisdakik.com\/?p=45394\" \/>\n<meta property=\"og:locale\" content=\"tr_TR\" \/>\n<meta property=\"og:type\" content=\"article\" \/>\n<meta property=\"og:title\" content=\"\u201cNesiller Bulu\u015fuyor\u201d yar\u0131\u015fmas\u0131nda dereceye giren \u00f6\u011frenciler \u00f6d\u00fcllerini t\u00f6renle ald\u0131 -\" \/>\n<meta property=\"og:description\" content=\"Milli E\u011fitim Bakanl\u0131\u011f\u0131 ile Tang\u00fcl \u00dcnal \u00c7a\u011f\u0131ner \u00c7ocuklara Yard\u0131m Vakf\u0131 i\u015f birli\u011fiyle bu y\u0131l 3\u2019\u00fcnc\u00fcs\u00fc d\u00fczenlenen \u201cNesiller Bulu\u015fuyor\u201d yar\u0131\u015fmas\u0131nda dereceye giren \u00f6\u011frenciler \u00f6d\u00fcllerini Acapulco Hotel\u2019de d\u00fczenlenen t\u00f6renle ald\u0131. Ortaokul ve lise olmak \u00fczere iki kategoride ger\u00e7ekle\u015ftirilen yar\u0131\u015fmayla \u00f6\u011frencileri b\u00fcy\u00fckleriyle bulu\u015fturularak, unutulmaya y\u00fcz tutmu\u015f gelenek ve g\u00f6reneklerin, sosyal ve k\u00fclt\u00fcrel ya\u015fant\u0131lar\u0131n gen\u00e7 nesillere aktar\u0131lmas\u0131 hedeflendi. Yar\u0131\u015fmaya,\" \/>\n<meta property=\"og:url\" content=\"https:\/\/kibrisdakik.com\/?p=45394\" \/>\n<meta property=\"article:published_time\" content=\"2024-06-10T19:33:22+00:00\" \/>\n<meta property=\"og:image\" content=\"https:\/\/kibrisdakik.com\/wp-content\/uploads\/2024\/06\/WhatsApp-Image-2024-06-10-at-17.36.04-740x420.jpeg\" \/>\n\t<meta property=\"og:image:width\" content=\"1484\" \/>\n\t<meta property=\"og:image:height\" content=\"567\" \/>\n\t<meta property=\"og:image:type\" content=\"image\/jpeg\" \/>\n<meta name=\"author\" content=\"admin\" \/>\n<meta name=\"twitter:card\" content=\"summary_large_image\" \/>\n<meta name=\"twitter:label1\" content=\"Yazan:\" \/>\n\t<meta name=\"twitter:data1\" content=\"admin\" \/>\n\t<meta name=\"twitter:label2\" content=\"Tahmini okuma s\u00fcresi\" \/>\n\t<meta name=\"twitter:data2\" content=\"3 dakika\" \/>\n<script type=\"application\/ld+json\" class=\"yoast-schema-graph\">{\"@context\":\"https:\\\/\\\/schema.org\",\"@graph\":[{\"@type\":\"Article\",\"@id\":\"https:\\\/\\\/kibrisdakik.com\\\/?p=45394#article\",\"isPartOf\":{\"@id\":\"https:\\\/\\\/kibrisdakik.com\\\/?p=45394\"},\"author\":{\"name\":\"admin\",\"@id\":\"https:\\\/\\\/kibrisdakik.com\\\/#\\\/schema\\\/person\\\/9cd9d437bbb44f72b73ba127e06d8e79\"},\"headline\":\"\u201cNesiller Bulu\u015fuyor\u201d yar\u0131\u015fmas\u0131nda dereceye giren \u00f6\u011frenciler \u00f6d\u00fcllerini t\u00f6renle ald\u0131\",\"datePublished\":\"2024-06-10T19:33:22+00:00\",\"mainEntityOfPage\":{\"@id\":\"https:\\\/\\\/kibrisdakik.com\\\/?p=45394\"},\"wordCount\":660,\"commentCount\":0,\"image\":{\"@id\":\"https:\\\/\\\/kibrisdakik.com\\\/?p=45394#primaryimage\"},\"thumbnailUrl\":\"https:\\\/\\\/kibrisdakik.com\\\/wp-content\\\/uploads\\\/2024\\\/06\\\/WhatsApp-Image-2024-06-10-at-17.36.04-740x420.jpeg\",\"articleSection\":[\"G\u00fcndem\"],\"inLanguage\":\"tr\",\"potentialAction\":[{\"@type\":\"CommentAction\",\"name\":\"Comment\",\"target\":[\"https:\\\/\\\/kibrisdakik.com\\\/?p=45394#respond\"]}]},{\"@type\":\"WebPage\",\"@id\":\"https:\\\/\\\/kibrisdakik.com\\\/?p=45394\",\"url\":\"https:\\\/\\\/kibrisdakik.com\\\/?p=45394\",\"name\":\"\u201cNesiller Bulu\u015fuyor\u201d yar\u0131\u015fmas\u0131nda dereceye giren \u00f6\u011frenciler \u00f6d\u00fcllerini t\u00f6renle ald\u0131 -\",\"isPartOf\":{\"@id\":\"https:\\\/\\\/kibrisdakik.com\\\/#website\"},\"primaryImageOfPage\":{\"@id\":\"https:\\\/\\\/kibrisdakik.com\\\/?p=45394#primaryimage\"},\"image\":{\"@id\":\"https:\\\/\\\/kibrisdakik.com\\\/?p=45394#primaryimage\"},\"thumbnailUrl\":\"https:\\\/\\\/kibrisdakik.com\\\/wp-content\\\/uploads\\\/2024\\\/06\\\/WhatsApp-Image-2024-06-10-at-17.36.04-740x420.jpeg\",\"datePublished\":\"2024-06-10T19:33:22+00:00\",\"author\":{\"@id\":\"https:\\\/\\\/kibrisdakik.com\\\/#\\\/schema\\\/person\\\/9cd9d437bbb44f72b73ba127e06d8e79\"},\"breadcrumb\":{\"@id\":\"https:\\\/\\\/kibrisdakik.com\\\/?p=45394#breadcrumb\"},\"inLanguage\":\"tr\",\"potentialAction\":[{\"@type\":\"ReadAction\",\"target\":[\"https:\\\/\\\/kibrisdakik.com\\\/?p=45394\"]}]},{\"@type\":\"ImageObject\",\"inLanguage\":\"tr\",\"@id\":\"https:\\\/\\\/kibrisdakik.com\\\/?p=45394#primaryimage\",\"url\":\"https:\\\/\\\/kibrisdakik.com\\\/wp-content\\\/uploads\\\/2024\\\/06\\\/WhatsApp-Image-2024-06-10-at-17.36.04-740x420.jpeg\",\"contentUrl\":\"https:\\\/\\\/kibrisdakik.com\\\/wp-content\\\/uploads\\\/2024\\\/06\\\/WhatsApp-Image-2024-06-10-at-17.36.04-740x420.jpeg\",\"width\":1484,\"height\":567},{\"@type\":\"BreadcrumbList\",\"@id\":\"https:\\\/\\\/kibrisdakik.com\\\/?p=45394#breadcrumb\",\"itemListElement\":[{\"@type\":\"ListItem\",\"position\":1,\"name\":\"Home\",\"item\":\"https:\\\/\\\/kibrisdakik.com\\\/\"},{\"@type\":\"ListItem\",\"position\":2,\"name\":\"\u201cNesiller Bulu\u015fuyor\u201d yar\u0131\u015fmas\u0131nda dereceye giren \u00f6\u011frenciler \u00f6d\u00fcllerini t\u00f6renle ald\u0131\"}]},{\"@type\":\"WebSite\",\"@id\":\"https:\\\/\\\/kibrisdakik.com\\\/#website\",\"url\":\"https:\\\/\\\/kibrisdakik.com\\\/\",\"name\":\"\",\"description\":\"Tam vaktinde haber\",\"potentialAction\":[{\"@type\":\"SearchAction\",\"target\":{\"@type\":\"EntryPoint\",\"urlTemplate\":\"https:\\\/\\\/kibrisdakik.com\\\/?s={search_term_string}\"},\"query-input\":{\"@type\":\"PropertyValueSpecification\",\"valueRequired\":true,\"valueName\":\"search_term_string\"}}],\"inLanguage\":\"tr\"},{\"@type\":\"Person\",\"@id\":\"https:\\\/\\\/kibrisdakik.com\\\/#\\\/schema\\\/person\\\/9cd9d437bbb44f72b73ba127e06d8e79\",\"name\":\"admin\",\"image\":{\"@type\":\"ImageObject\",\"inLanguage\":\"tr\",\"@id\":\"https:\\\/\\\/secure.gravatar.com\\\/avatar\\\/ccc17943b9d660506c869530f897617f7cb1c21a4bf30023f252596d83e1f007?s=96&d=mm&r=g\",\"url\":\"https:\\\/\\\/secure.gravatar.com\\\/avatar\\\/ccc17943b9d660506c869530f897617f7cb1c21a4bf30023f252596d83e1f007?s=96&d=mm&r=g\",\"contentUrl\":\"https:\\\/\\\/secure.gravatar.com\\\/avatar\\\/ccc17943b9d660506c869530f897617f7cb1c21a4bf30023f252596d83e1f007?s=96&d=mm&r=g\",\"caption\":\"admin\"},\"sameAs\":[\"https:\\\/\\\/kibrisdakik.com\"],\"url\":\"https:\\\/\\\/kibrisdakik.com\\\/?author=1\"}]}<\/script>\n<!-- \/ Yoast SEO plugin. -->","yoast_head_json":{"title":"\u201cNesiller Bulu\u015fuyor\u201d yar\u0131\u015fmas\u0131nda dereceye giren \u00f6\u011frenciler \u00f6d\u00fcllerini t\u00f6renle ald\u0131 -","robots":{"index":"index","follow":"follow","max-snippet":"max-snippet:-1","max-image-preview":"max-image-preview:large","max-video-preview":"max-video-preview:-1"},"canonical":"https:\/\/kibrisdakik.com\/?p=45394","og_locale":"tr_TR","og_type":"article","og_title":"\u201cNesiller Bulu\u015fuyor\u201d yar\u0131\u015fmas\u0131nda dereceye giren \u00f6\u011frenciler \u00f6d\u00fcllerini t\u00f6renle ald\u0131 -","og_description":"Milli E\u011fitim Bakanl\u0131\u011f\u0131 ile Tang\u00fcl \u00dcnal \u00c7a\u011f\u0131ner \u00c7ocuklara Yard\u0131m Vakf\u0131 i\u015f birli\u011fiyle bu y\u0131l 3\u2019\u00fcnc\u00fcs\u00fc d\u00fczenlenen \u201cNesiller Bulu\u015fuyor\u201d yar\u0131\u015fmas\u0131nda dereceye giren \u00f6\u011frenciler \u00f6d\u00fcllerini Acapulco Hotel\u2019de d\u00fczenlenen t\u00f6renle ald\u0131. Ortaokul ve lise olmak \u00fczere iki kategoride ger\u00e7ekle\u015ftirilen yar\u0131\u015fmayla \u00f6\u011frencileri b\u00fcy\u00fckleriyle bulu\u015fturularak, unutulmaya y\u00fcz tutmu\u015f gelenek ve g\u00f6reneklerin, sosyal ve k\u00fclt\u00fcrel ya\u015fant\u0131lar\u0131n gen\u00e7 nesillere aktar\u0131lmas\u0131 hedeflendi. Yar\u0131\u015fmaya,","og_url":"https:\/\/kibrisdakik.com\/?p=45394","article_published_time":"2024-06-10T19:33:22+00:00","og_image":[{"width":1484,"height":567,"url":"https:\/\/kibrisdakik.com\/wp-content\/uploads\/2024\/06\/WhatsApp-Image-2024-06-10-at-17.36.04-740x420.jpeg","type":"image\/jpeg"}],"author":"admin","twitter_card":"summary_large_image","twitter_misc":{"Yazan:":"admin","Tahmini okuma s\u00fcresi":"3 dakika"},"schema":{"@context":"https:\/\/schema.org","@graph":[{"@type":"Article","@id":"https:\/\/kibrisdakik.com\/?p=45394#article","isPartOf":{"@id":"https:\/\/kibrisdakik.com\/?p=45394"},"author":{"name":"admin","@id":"https:\/\/kibrisdakik.com\/#\/schema\/person\/9cd9d437bbb44f72b73ba127e06d8e79"},"headline":"\u201cNesiller Bulu\u015fuyor\u201d yar\u0131\u015fmas\u0131nda dereceye giren \u00f6\u011frenciler \u00f6d\u00fcllerini t\u00f6renle ald\u0131","datePublished":"2024-06-10T19:33:22+00:00","mainEntityOfPage":{"@id":"https:\/\/kibrisdakik.com\/?p=45394"},"wordCount":660,"commentCount":0,"image":{"@id":"https:\/\/kibrisdakik.com\/?p=45394#primaryimage"},"thumbnailUrl":"https:\/\/kibrisdakik.com\/wp-content\/uploads\/2024\/06\/WhatsApp-Image-2024-06-10-at-17.36.04-740x420.jpeg","articleSection":["G\u00fcndem"],"inLanguage":"tr","potentialAction":[{"@type":"CommentAction","name":"Comment","target":["https:\/\/kibrisdakik.com\/?p=45394#respond"]}]},{"@type":"WebPage","@id":"https:\/\/kibrisdakik.com\/?p=45394","url":"https:\/\/kibrisdakik.com\/?p=45394","name":"\u201cNesiller Bulu\u015fuyor\u201d yar\u0131\u015fmas\u0131nda dereceye giren \u00f6\u011frenciler \u00f6d\u00fcllerini t\u00f6renle ald\u0131 -","isPartOf":{"@id":"https:\/\/kibrisdakik.com\/#website"},"primaryImageOfPage":{"@id":"https:\/\/kibrisdakik.com\/?p=45394#primaryimage"},"image":{"@id":"https:\/\/kibrisdakik.com\/?p=45394#primaryimage"},"thumbnailUrl":"https:\/\/kibrisdakik.com\/wp-content\/uploads\/2024\/06\/WhatsApp-Image-2024-06-10-at-17.36.04-740x420.jpeg","datePublished":"2024-06-10T19:33:22+00:00","author":{"@id":"https:\/\/kibrisdakik.com\/#\/schema\/person\/9cd9d437bbb44f72b73ba127e06d8e79"},"breadcrumb":{"@id":"https:\/\/kibrisdakik.com\/?p=45394#breadcrumb"},"inLanguage":"tr","potentialAction":[{"@type":"ReadAction","target":["https:\/\/kibrisdakik.com\/?p=45394"]}]},{"@type":"ImageObject","inLanguage":"tr","@id":"https:\/\/kibrisdakik.com\/?p=45394#primaryimage","url":"https:\/\/kibrisdakik.com\/wp-content\/uploads\/2024\/06\/WhatsApp-Image-2024-06-10-at-17.36.04-740x420.jpeg","contentUrl":"https:\/\/kibrisdakik.com\/wp-content\/uploads\/2024\/06\/WhatsApp-Image-2024-06-10-at-17.36.04-740x420.jpeg","width":1484,"height":567},{"@type":"BreadcrumbList","@id":"https:\/\/kibrisdakik.com\/?p=45394#breadcrumb","itemListElement":[{"@type":"ListItem","position":1,"name":"Home","item":"https:\/\/kibrisdakik.com\/"},{"@type":"ListItem","position":2,"name":"\u201cNesiller Bulu\u015fuyor\u201d yar\u0131\u015fmas\u0131nda dereceye giren \u00f6\u011frenciler \u00f6d\u00fcllerini t\u00f6renle ald\u0131"}]},{"@type":"WebSite","@id":"https:\/\/kibrisdakik.com\/#website","url":"https:\/\/kibrisdakik.com\/","name":"","description":"Tam vaktinde haber","potentialAction":[{"@type":"SearchAction","target":{"@type":"EntryPoint","urlTemplate":"https:\/\/kibrisdakik.com\/?s={search_term_string}"},"query-input":{"@type":"PropertyValueSpecification","valueRequired":true,"valueName":"search_term_string"}}],"inLanguage":"tr"},{"@type":"Person","@id":"https:\/\/kibrisdakik.com\/#\/schema\/person\/9cd9d437bbb44f72b73ba127e06d8e79","name":"admin","image":{"@type":"ImageObject","inLanguage":"tr","@id":"https:\/\/secure.gravatar.com\/avatar\/ccc17943b9d660506c869530f897617f7cb1c21a4bf30023f252596d83e1f007?s=96&d=mm&r=g","url":"https:\/\/secure.gravatar.com\/avatar\/ccc17943b9d660506c869530f897617f7cb1c21a4bf30023f252596d83e1f007?s=96&d=mm&r=g","contentUrl":"https:\/\/secure.gravatar.com\/avatar\/ccc17943b9d660506c869530f897617f7cb1c21a4bf30023f252596d83e1f007?s=96&d=mm&r=g","caption":"admin"},"sameAs":["https:\/\/kibrisdakik.com"],"url":"https:\/\/kibrisdakik.com\/?author=1"}]}},"_links":{"self":[{"href":"https:\/\/kibrisdakik.com\/index.php?rest_route=\/wp\/v2\/posts\/45394","targetHints":{"allow":["GET"]}}],"collection":[{"href":"https:\/\/kibrisdakik.com\/index.php?rest_route=\/wp\/v2\/posts"}],"about":[{"href":"https:\/\/kibrisdakik.com\/index.php?rest_route=\/wp\/v2\/types\/post"}],"author":[{"embeddable":true,"href":"https:\/\/kibrisdakik.com\/index.php?rest_route=\/wp\/v2\/users\/1"}],"replies":[{"embeddable":true,"href":"https:\/\/kibrisdakik.com\/index.php?rest_route=%2Fwp%2Fv2%2Fcomments&post=45394"}],"version-history":[{"count":0,"href":"https:\/\/kibrisdakik.com\/index.php?rest_route=\/wp\/v2\/posts\/45394\/revisions"}],"wp:featuredmedia":[{"embeddable":true,"href":"https:\/\/kibrisdakik.com\/index.php?rest_route=\/wp\/v2\/media\/45395"}],"wp:attachment":[{"href":"https:\/\/kibrisdakik.com\/index.php?rest_route=%2Fwp%2Fv2%2Fmedia&parent=45394"}],"wp:term":[{"taxonomy":"category","embeddable":true,"href":"https:\/\/kibrisdakik.com\/index.php?rest_route=%2Fwp%2Fv2%2Fcategories&post=45394"},{"taxonomy":"post_tag","embeddable":true,"href":"https:\/\/kibrisdakik.com\/index.php?rest_route=%2Fwp%2Fv2%2Ftags&post=45394"}],"curies":[{"name":"wp","href":"https:\/\/api.w.org\/{rel}","templated":true}]}}