{"id":45474,"date":"2024-06-11T10:51:45","date_gmt":"2024-06-11T10:51:45","guid":{"rendered":"https:\/\/kibrisdakik.com\/index.php\/2024\/06\/11\/el-senden-aciklama14-haziran-cuma-gunu-ercan-havalimaninin-elektrigini-kesecegiz\/"},"modified":"2024-06-11T10:51:45","modified_gmt":"2024-06-11T10:51:45","slug":"el-senden-aciklama14-haziran-cuma-gunu-ercan-havalimaninin-elektrigini-kesecegiz","status":"publish","type":"post","link":"https:\/\/kibrisdakik.com\/?p=45474","title":{"rendered":"El-Sen\u2019den a\u00e7\u0131klama:14 Haziran Cuma g\u00fcn\u00fc Ercan Havaliman\u0131\u2019n\u0131n elektri\u011fini kesece\u011fiz"},"content":{"rendered":"<p><\/p>\n<div>\n<div class=\"mariselle-image-container center\">\n                <img loading=\"lazy\" decoding=\"async\" width=\"864\" height=\"486\" class=\"lazy-image\" alt=\"\" sizes=\"auto, (max-width: 864px) 100vw, 864px\" src=\"https:\/\/brtk.net\/wp-content\/uploads\/2023\/09\/22\/ercan2.jpg?ver=8f07630666501a5d1f4d00e0b8594cd3\" srcset=\"https:\/\/brtk.net\/wp-content\/uploads\/2023\/09\/22\/ercan2.jpg?ver=8f07630666501a5d1f4d00e0b8594cd3 864w, https:\/\/brtk.net\/wp-content\/uploads\/2023\/09\/22\/ercan2-300x169.jpg?ver=8f07630666501a5d1f4d00e0b8594cd3 300w, https:\/\/brtk.net\/wp-content\/uploads\/2023\/09\/22\/ercan2-768x432.jpg?ver=8f07630666501a5d1f4d00e0b8594cd3 768w\"\/>                            <\/div>\n<p>K\u0131br\u0131s T\u00fcrk Elektrik Kurumu \u00c7al\u0131\u015fanlar\u0131 Sendikas\u0131 (El-Sen), Cuma g\u00fcn\u00fc Ercan Havaliman\u0131\u2019n\u0131n elektri\u011fini kesece\u011fini a\u00e7\u0131klad\u0131..<\/p>\n<p>El-Sen\u2019den yap\u0131lan a\u00e7\u0131klamada, T&amp;T \u015eirketi\u2019nin Ercan Havaliman\u0131\u2019nda birikmi\u015f 92 milyon TL tutar\u0131nda elektrik borcu oldu\u011fu iddia edilerek, \u201cO borcu derh\u00e2l tahsil edin ve halk\u0131n mal\u0131 olan kurumun kasas\u0131nda olu\u015fturdu\u011fu a\u00e7\u0131\u011f\u0131 kapat\u0131n\u201d \u00e7a\u011fr\u0131s\u0131 yap\u0131ld\u0131.<\/p>\n<p>A\u00e7\u0131klamada, \u201cEL-SEN olarak 14 Haziran Cuma g\u00fcn\u00fc b\u00f6lgeye giderek Ercan Havaliman\u0131\u2019n\u0131n elektri\u011fini kesece\u011fiz\u201d denildi..<\/p>\n<\/p><\/div>\n<p><script async\n                    defer\n                    crossorigin=\"anonymous\"\n                    src=\"https:\/\/connect.facebook.net\/tr_TR\/sdk.js#xfbml=1&#038;version=v3.3\"\n            ><\/script><\/p>\n","protected":false},"excerpt":{"rendered":"<p>K\u0131br\u0131s T\u00fcrk Elektrik Kurumu \u00c7al\u0131\u015fanlar\u0131 Sendikas\u0131 (El-Sen), Cuma g\u00fcn\u00fc Ercan Havaliman\u0131\u2019n\u0131n elektri\u011fini kesece\u011fini a\u00e7\u0131klad\u0131.. El-Sen\u2019den yap\u0131lan a\u00e7\u0131klamada, T&amp;T \u015eirketi\u2019nin Ercan Havaliman\u0131\u2019nda birikmi\u015f 92 milyon TL tutar\u0131nda elektrik borcu oldu\u011fu iddia edilerek, \u201cO borcu derh\u00e2l tahsil edin ve halk\u0131n mal\u0131 olan kurumun kasas\u0131nda olu\u015fturdu\u011fu a\u00e7\u0131\u011f\u0131 kapat\u0131n\u201d \u00e7a\u011fr\u0131s\u0131 yap\u0131ld\u0131. A\u00e7\u0131klamada, \u201cEL-SEN olarak 14 Haziran Cuma g\u00fcn\u00fc b\u00f6lgeye<\/p>\n","protected":false},"author":1,"featured_media":14320,"comment_status":"open","ping_status":"open","sticky":false,"template":"","format":"standard","meta":{"footnotes":""},"categories":[1],"tags":[],"class_list":["post-45474","post","type-post","status-publish","format-standard","has-post-thumbnail","hentry","category-gundem"],"yoast_head":"<!-- This site is optimized with the Yoast SEO plugin v27.5 - https:\/\/yoast.com\/product\/yoast-seo-wordpress\/ -->\n<title>El-Sen\u2019den a\u00e7\u0131klama:14 Haziran Cuma g\u00fcn\u00fc Ercan Havaliman\u0131\u2019n\u0131n elektri\u011fini kesece\u011fiz -<\/title>\n<meta name=\"robots\" content=\"index, follow, max-snippet:-1, max-image-preview:large, max-video-preview:-1\" \/>\n<link rel=\"canonical\" href=\"https:\/\/kibrisdakik.com\/?p=45474\" \/>\n<meta property=\"og:locale\" content=\"tr_TR\" \/>\n<meta property=\"og:type\" content=\"article\" \/>\n<meta property=\"og:title\" content=\"El-Sen\u2019den a\u00e7\u0131klama:14 Haziran Cuma g\u00fcn\u00fc Ercan Havaliman\u0131\u2019n\u0131n elektri\u011fini kesece\u011fiz -\" \/>\n<meta property=\"og:description\" content=\"K\u0131br\u0131s T\u00fcrk Elektrik Kurumu \u00c7al\u0131\u015fanlar\u0131 Sendikas\u0131 (El-Sen), Cuma g\u00fcn\u00fc Ercan Havaliman\u0131\u2019n\u0131n elektri\u011fini kesece\u011fini a\u00e7\u0131klad\u0131.. El-Sen\u2019den yap\u0131lan a\u00e7\u0131klamada, T&amp;T \u015eirketi\u2019nin Ercan Havaliman\u0131\u2019nda birikmi\u015f 92 milyon TL tutar\u0131nda elektrik borcu oldu\u011fu iddia edilerek, \u201cO borcu derh\u00e2l tahsil edin ve halk\u0131n mal\u0131 olan kurumun kasas\u0131nda olu\u015fturdu\u011fu a\u00e7\u0131\u011f\u0131 kapat\u0131n\u201d \u00e7a\u011fr\u0131s\u0131 yap\u0131ld\u0131. A\u00e7\u0131klamada, \u201cEL-SEN olarak 14 Haziran Cuma g\u00fcn\u00fc b\u00f6lgeye\" \/>\n<meta property=\"og:url\" content=\"https:\/\/kibrisdakik.com\/?p=45474\" \/>\n<meta property=\"article:published_time\" content=\"2024-06-11T10:51:45+00:00\" \/>\n<meta property=\"og:image\" content=\"https:\/\/kibrisdakik.com\/wp-content\/uploads\/2023\/09\/ercan2-740x420.jpg\" \/>\n\t<meta property=\"og:image:width\" content=\"864\" \/>\n\t<meta property=\"og:image:height\" content=\"486\" \/>\n\t<meta property=\"og:image:type\" content=\"image\/jpeg\" \/>\n<meta name=\"author\" content=\"admin\" \/>\n<meta name=\"twitter:card\" content=\"summary_large_image\" \/>\n<meta name=\"twitter:label1\" content=\"Yazan:\" \/>\n\t<meta name=\"twitter:data1\" content=\"admin\" \/>\n<script type=\"application\/ld+json\" class=\"yoast-schema-graph\">{\"@context\":\"https:\\\/\\\/schema.org\",\"@graph\":[{\"@type\":\"Article\",\"@id\":\"https:\\\/\\\/kibrisdakik.com\\\/?p=45474#article\",\"isPartOf\":{\"@id\":\"https:\\\/\\\/kibrisdakik.com\\\/?p=45474\"},\"author\":{\"name\":\"admin\",\"@id\":\"https:\\\/\\\/kibrisdakik.com\\\/#\\\/schema\\\/person\\\/9cd9d437bbb44f72b73ba127e06d8e79\"},\"headline\":\"El-Sen\u2019den a\u00e7\u0131klama:14 Haziran Cuma g\u00fcn\u00fc Ercan Havaliman\u0131\u2019n\u0131n elektri\u011fini kesece\u011fiz\",\"datePublished\":\"2024-06-11T10:51:45+00:00\",\"mainEntityOfPage\":{\"@id\":\"https:\\\/\\\/kibrisdakik.com\\\/?p=45474\"},\"wordCount\":110,\"commentCount\":0,\"image\":{\"@id\":\"https:\\\/\\\/kibrisdakik.com\\\/?p=45474#primaryimage\"},\"thumbnailUrl\":\"https:\\\/\\\/kibrisdakik.com\\\/wp-content\\\/uploads\\\/2023\\\/09\\\/ercan2-740x420.jpg\",\"articleSection\":[\"G\u00fcndem\"],\"inLanguage\":\"tr\",\"potentialAction\":[{\"@type\":\"CommentAction\",\"name\":\"Comment\",\"target\":[\"https:\\\/\\\/kibrisdakik.com\\\/?p=45474#respond\"]}]},{\"@type\":\"WebPage\",\"@id\":\"https:\\\/\\\/kibrisdakik.com\\\/?p=45474\",\"url\":\"https:\\\/\\\/kibrisdakik.com\\\/?p=45474\",\"name\":\"El-Sen\u2019den a\u00e7\u0131klama:14 Haziran Cuma g\u00fcn\u00fc Ercan Havaliman\u0131\u2019n\u0131n elektri\u011fini kesece\u011fiz -\",\"isPartOf\":{\"@id\":\"https:\\\/\\\/kibrisdakik.com\\\/#website\"},\"primaryImageOfPage\":{\"@id\":\"https:\\\/\\\/kibrisdakik.com\\\/?p=45474#primaryimage\"},\"image\":{\"@id\":\"https:\\\/\\\/kibrisdakik.com\\\/?p=45474#primaryimage\"},\"thumbnailUrl\":\"https:\\\/\\\/kibrisdakik.com\\\/wp-content\\\/uploads\\\/2023\\\/09\\\/ercan2-740x420.jpg\",\"datePublished\":\"2024-06-11T10:51:45+00:00\",\"author\":{\"@id\":\"https:\\\/\\\/kibrisdakik.com\\\/#\\\/schema\\\/person\\\/9cd9d437bbb44f72b73ba127e06d8e79\"},\"breadcrumb\":{\"@id\":\"https:\\\/\\\/kibrisdakik.com\\\/?p=45474#breadcrumb\"},\"inLanguage\":\"tr\",\"potentialAction\":[{\"@type\":\"ReadAction\",\"target\":[\"https:\\\/\\\/kibrisdakik.com\\\/?p=45474\"]}]},{\"@type\":\"ImageObject\",\"inLanguage\":\"tr\",\"@id\":\"https:\\\/\\\/kibrisdakik.com\\\/?p=45474#primaryimage\",\"url\":\"https:\\\/\\\/kibrisdakik.com\\\/wp-content\\\/uploads\\\/2023\\\/09\\\/ercan2-740x420.jpg\",\"contentUrl\":\"https:\\\/\\\/kibrisdakik.com\\\/wp-content\\\/uploads\\\/2023\\\/09\\\/ercan2-740x420.jpg\",\"width\":864,\"height\":486},{\"@type\":\"BreadcrumbList\",\"@id\":\"https:\\\/\\\/kibrisdakik.com\\\/?p=45474#breadcrumb\",\"itemListElement\":[{\"@type\":\"ListItem\",\"position\":1,\"name\":\"Home\",\"item\":\"https:\\\/\\\/kibrisdakik.com\\\/\"},{\"@type\":\"ListItem\",\"position\":2,\"name\":\"El-Sen\u2019den a\u00e7\u0131klama:14 Haziran Cuma g\u00fcn\u00fc Ercan Havaliman\u0131\u2019n\u0131n elektri\u011fini kesece\u011fiz\"}]},{\"@type\":\"WebSite\",\"@id\":\"https:\\\/\\\/kibrisdakik.com\\\/#website\",\"url\":\"https:\\\/\\\/kibrisdakik.com\\\/\",\"name\":\"\",\"description\":\"Tam vaktinde haber\",\"potentialAction\":[{\"@type\":\"SearchAction\",\"target\":{\"@type\":\"EntryPoint\",\"urlTemplate\":\"https:\\\/\\\/kibrisdakik.com\\\/?s={search_term_string}\"},\"query-input\":{\"@type\":\"PropertyValueSpecification\",\"valueRequired\":true,\"valueName\":\"search_term_string\"}}],\"inLanguage\":\"tr\"},{\"@type\":\"Person\",\"@id\":\"https:\\\/\\\/kibrisdakik.com\\\/#\\\/schema\\\/person\\\/9cd9d437bbb44f72b73ba127e06d8e79\",\"name\":\"admin\",\"image\":{\"@type\":\"ImageObject\",\"inLanguage\":\"tr\",\"@id\":\"https:\\\/\\\/secure.gravatar.com\\\/avatar\\\/ccc17943b9d660506c869530f897617f7cb1c21a4bf30023f252596d83e1f007?s=96&d=mm&r=g\",\"url\":\"https:\\\/\\\/secure.gravatar.com\\\/avatar\\\/ccc17943b9d660506c869530f897617f7cb1c21a4bf30023f252596d83e1f007?s=96&d=mm&r=g\",\"contentUrl\":\"https:\\\/\\\/secure.gravatar.com\\\/avatar\\\/ccc17943b9d660506c869530f897617f7cb1c21a4bf30023f252596d83e1f007?s=96&d=mm&r=g\",\"caption\":\"admin\"},\"sameAs\":[\"https:\\\/\\\/kibrisdakik.com\"],\"url\":\"https:\\\/\\\/kibrisdakik.com\\\/?author=1\"}]}<\/script>\n<!-- \/ Yoast SEO plugin. -->","yoast_head_json":{"title":"El-Sen\u2019den a\u00e7\u0131klama:14 Haziran Cuma g\u00fcn\u00fc Ercan Havaliman\u0131\u2019n\u0131n elektri\u011fini kesece\u011fiz -","robots":{"index":"index","follow":"follow","max-snippet":"max-snippet:-1","max-image-preview":"max-image-preview:large","max-video-preview":"max-video-preview:-1"},"canonical":"https:\/\/kibrisdakik.com\/?p=45474","og_locale":"tr_TR","og_type":"article","og_title":"El-Sen\u2019den a\u00e7\u0131klama:14 Haziran Cuma g\u00fcn\u00fc Ercan Havaliman\u0131\u2019n\u0131n elektri\u011fini kesece\u011fiz -","og_description":"K\u0131br\u0131s T\u00fcrk Elektrik Kurumu \u00c7al\u0131\u015fanlar\u0131 Sendikas\u0131 (El-Sen), Cuma g\u00fcn\u00fc Ercan Havaliman\u0131\u2019n\u0131n elektri\u011fini kesece\u011fini a\u00e7\u0131klad\u0131.. El-Sen\u2019den yap\u0131lan a\u00e7\u0131klamada, T&amp;T \u015eirketi\u2019nin Ercan Havaliman\u0131\u2019nda birikmi\u015f 92 milyon TL tutar\u0131nda elektrik borcu oldu\u011fu iddia edilerek, \u201cO borcu derh\u00e2l tahsil edin ve halk\u0131n mal\u0131 olan kurumun kasas\u0131nda olu\u015fturdu\u011fu a\u00e7\u0131\u011f\u0131 kapat\u0131n\u201d \u00e7a\u011fr\u0131s\u0131 yap\u0131ld\u0131. A\u00e7\u0131klamada, \u201cEL-SEN olarak 14 Haziran Cuma g\u00fcn\u00fc b\u00f6lgeye","og_url":"https:\/\/kibrisdakik.com\/?p=45474","article_published_time":"2024-06-11T10:51:45+00:00","og_image":[{"width":864,"height":486,"url":"https:\/\/kibrisdakik.com\/wp-content\/uploads\/2023\/09\/ercan2-740x420.jpg","type":"image\/jpeg"}],"author":"admin","twitter_card":"summary_large_image","twitter_misc":{"Yazan:":"admin"},"schema":{"@context":"https:\/\/schema.org","@graph":[{"@type":"Article","@id":"https:\/\/kibrisdakik.com\/?p=45474#article","isPartOf":{"@id":"https:\/\/kibrisdakik.com\/?p=45474"},"author":{"name":"admin","@id":"https:\/\/kibrisdakik.com\/#\/schema\/person\/9cd9d437bbb44f72b73ba127e06d8e79"},"headline":"El-Sen\u2019den a\u00e7\u0131klama:14 Haziran Cuma g\u00fcn\u00fc Ercan Havaliman\u0131\u2019n\u0131n elektri\u011fini kesece\u011fiz","datePublished":"2024-06-11T10:51:45+00:00","mainEntityOfPage":{"@id":"https:\/\/kibrisdakik.com\/?p=45474"},"wordCount":110,"commentCount":0,"image":{"@id":"https:\/\/kibrisdakik.com\/?p=45474#primaryimage"},"thumbnailUrl":"https:\/\/kibrisdakik.com\/wp-content\/uploads\/2023\/09\/ercan2-740x420.jpg","articleSection":["G\u00fcndem"],"inLanguage":"tr","potentialAction":[{"@type":"CommentAction","name":"Comment","target":["https:\/\/kibrisdakik.com\/?p=45474#respond"]}]},{"@type":"WebPage","@id":"https:\/\/kibrisdakik.com\/?p=45474","url":"https:\/\/kibrisdakik.com\/?p=45474","name":"El-Sen\u2019den a\u00e7\u0131klama:14 Haziran Cuma g\u00fcn\u00fc Ercan Havaliman\u0131\u2019n\u0131n elektri\u011fini kesece\u011fiz -","isPartOf":{"@id":"https:\/\/kibrisdakik.com\/#website"},"primaryImageOfPage":{"@id":"https:\/\/kibrisdakik.com\/?p=45474#primaryimage"},"image":{"@id":"https:\/\/kibrisdakik.com\/?p=45474#primaryimage"},"thumbnailUrl":"https:\/\/kibrisdakik.com\/wp-content\/uploads\/2023\/09\/ercan2-740x420.jpg","datePublished":"2024-06-11T10:51:45+00:00","author":{"@id":"https:\/\/kibrisdakik.com\/#\/schema\/person\/9cd9d437bbb44f72b73ba127e06d8e79"},"breadcrumb":{"@id":"https:\/\/kibrisdakik.com\/?p=45474#breadcrumb"},"inLanguage":"tr","potentialAction":[{"@type":"ReadAction","target":["https:\/\/kibrisdakik.com\/?p=45474"]}]},{"@type":"ImageObject","inLanguage":"tr","@id":"https:\/\/kibrisdakik.com\/?p=45474#primaryimage","url":"https:\/\/kibrisdakik.com\/wp-content\/uploads\/2023\/09\/ercan2-740x420.jpg","contentUrl":"https:\/\/kibrisdakik.com\/wp-content\/uploads\/2023\/09\/ercan2-740x420.jpg","width":864,"height":486},{"@type":"BreadcrumbList","@id":"https:\/\/kibrisdakik.com\/?p=45474#breadcrumb","itemListElement":[{"@type":"ListItem","position":1,"name":"Home","item":"https:\/\/kibrisdakik.com\/"},{"@type":"ListItem","position":2,"name":"El-Sen\u2019den a\u00e7\u0131klama:14 Haziran Cuma g\u00fcn\u00fc Ercan Havaliman\u0131\u2019n\u0131n elektri\u011fini kesece\u011fiz"}]},{"@type":"WebSite","@id":"https:\/\/kibrisdakik.com\/#website","url":"https:\/\/kibrisdakik.com\/","name":"","description":"Tam vaktinde haber","potentialAction":[{"@type":"SearchAction","target":{"@type":"EntryPoint","urlTemplate":"https:\/\/kibrisdakik.com\/?s={search_term_string}"},"query-input":{"@type":"PropertyValueSpecification","valueRequired":true,"valueName":"search_term_string"}}],"inLanguage":"tr"},{"@type":"Person","@id":"https:\/\/kibrisdakik.com\/#\/schema\/person\/9cd9d437bbb44f72b73ba127e06d8e79","name":"admin","image":{"@type":"ImageObject","inLanguage":"tr","@id":"https:\/\/secure.gravatar.com\/avatar\/ccc17943b9d660506c869530f897617f7cb1c21a4bf30023f252596d83e1f007?s=96&d=mm&r=g","url":"https:\/\/secure.gravatar.com\/avatar\/ccc17943b9d660506c869530f897617f7cb1c21a4bf30023f252596d83e1f007?s=96&d=mm&r=g","contentUrl":"https:\/\/secure.gravatar.com\/avatar\/ccc17943b9d660506c869530f897617f7cb1c21a4bf30023f252596d83e1f007?s=96&d=mm&r=g","caption":"admin"},"sameAs":["https:\/\/kibrisdakik.com"],"url":"https:\/\/kibrisdakik.com\/?author=1"}]}},"_links":{"self":[{"href":"https:\/\/kibrisdakik.com\/index.php?rest_route=\/wp\/v2\/posts\/45474","targetHints":{"allow":["GET"]}}],"collection":[{"href":"https:\/\/kibrisdakik.com\/index.php?rest_route=\/wp\/v2\/posts"}],"about":[{"href":"https:\/\/kibrisdakik.com\/index.php?rest_route=\/wp\/v2\/types\/post"}],"author":[{"embeddable":true,"href":"https:\/\/kibrisdakik.com\/index.php?rest_route=\/wp\/v2\/users\/1"}],"replies":[{"embeddable":true,"href":"https:\/\/kibrisdakik.com\/index.php?rest_route=%2Fwp%2Fv2%2Fcomments&post=45474"}],"version-history":[{"count":0,"href":"https:\/\/kibrisdakik.com\/index.php?rest_route=\/wp\/v2\/posts\/45474\/revisions"}],"wp:featuredmedia":[{"embeddable":true,"href":"https:\/\/kibrisdakik.com\/index.php?rest_route=\/wp\/v2\/media\/14320"}],"wp:attachment":[{"href":"https:\/\/kibrisdakik.com\/index.php?rest_route=%2Fwp%2Fv2%2Fmedia&parent=45474"}],"wp:term":[{"taxonomy":"category","embeddable":true,"href":"https:\/\/kibrisdakik.com\/index.php?rest_route=%2Fwp%2Fv2%2Fcategories&post=45474"},{"taxonomy":"post_tag","embeddable":true,"href":"https:\/\/kibrisdakik.com\/index.php?rest_route=%2Fwp%2Fv2%2Ftags&post=45474"}],"curies":[{"name":"wp","href":"https:\/\/api.w.org\/{rel}","templated":true}]}}