{"id":45599,"date":"2024-06-12T06:16:48","date_gmt":"2024-06-12T06:16:48","guid":{"rendered":"https:\/\/kibrisdakik.com\/index.php\/2024\/06\/12\/tore-girne-universitesi-2023-24-akademik-yili-mezuniyet-torenine-katildi\/"},"modified":"2024-06-12T06:16:48","modified_gmt":"2024-06-12T06:16:48","slug":"tore-girne-universitesi-2023-24-akademik-yili-mezuniyet-torenine-katildi","status":"publish","type":"post","link":"https:\/\/kibrisdakik.com\/?p=45599","title":{"rendered":"T\u00f6re,  Girne \u00dcniversitesi 2023-24 Akademik Y\u0131l\u0131 Mezuniyet T\u00f6reni\u2019ne kat\u0131ld\u0131"},"content":{"rendered":"<p><\/p>\n<div>\n<div class=\"mariselle-image-container center\">\n                <img loading=\"lazy\" decoding=\"async\" width=\"1558\" height=\"694\" class=\"lazy-image\" alt=\"\" sizes=\"auto, (max-width: 1558px) 100vw, 1558px\" src=\"https:\/\/brtk.net\/wp-content\/uploads\/2024\/06\/12\/a78c7509-bc79-46d8-957b-434c23c76c46.jpg?ver=b0eb1ae2832828e0ccd94735a60f4610\" srcset=\"https:\/\/brtk.net\/wp-content\/uploads\/2024\/06\/12\/a78c7509-bc79-46d8-957b-434c23c76c46.jpg?ver=b0eb1ae2832828e0ccd94735a60f4610 1558w, https:\/\/brtk.net\/wp-content\/uploads\/2024\/06\/12\/a78c7509-bc79-46d8-957b-434c23c76c46-300x134.jpg?ver=b0eb1ae2832828e0ccd94735a60f4610 300w, https:\/\/brtk.net\/wp-content\/uploads\/2024\/06\/12\/a78c7509-bc79-46d8-957b-434c23c76c46-1024x456.jpg?ver=b7fcba9ee0d8192359e2830c7cebb460 1024w, https:\/\/brtk.net\/wp-content\/uploads\/2024\/06\/12\/a78c7509-bc79-46d8-957b-434c23c76c46-768x342.jpg?ver=b7fcba9ee0d8192359e2830c7cebb460 768w, https:\/\/brtk.net\/wp-content\/uploads\/2024\/06\/12\/a78c7509-bc79-46d8-957b-434c23c76c46-1536x684.jpg?ver=b7fcba9ee0d8192359e2830c7cebb460 1536w\"\/>                            <\/div>\n<p>Cumhuriyet Meclisi Ba\u015fkan\u0131 Zorlu T\u00f6re,  Girne \u00dcniversitesi 2023-24 Akademik Y\u0131l\u0131 Mezuniyet T\u00f6reni\u2019ne kat\u0131ld\u0131.<\/p>\n<p>\u00dcniversitenin Girne yerle\u015fkesinde ger\u00e7ekle\u015fen t\u00f6rende konu\u015fan Ba\u015fkan T\u00f6re, gen\u00e7lerin aras\u0131nda olmaktan memnuniyet duydu\u011funu belirterek, akademik kadroya ve \u00f6\u011frencilere ba\u015far\u0131lar diledi.<\/p>\n<p>Hayatta en \u00f6nemli olgunun sa\u011fl\u0131k oldu\u011funu kaydeden T\u00f6re, \u00fcniversiteden mezun olduktan sonra herkesin kendi alan\u0131nda i\u015f hayat\u0131na at\u0131laca\u011f\u0131n\u0131 ifade etti.<br \/>T\u00f6re, \u00fcniversitelerin hem akademik hem de bilimsel olarak \u00e7ok \u00f6nemli g\u00f6revler \u00fcstlendi\u011fini, kendisinin de bu a\u00e7\u0131dan da mezuniyet t\u00f6renlerine kat\u0131lmaya dikkat etti\u011fini s\u00f6yledi.<\/p>\n<p>Filistin\u2019de ya\u015fanan katliama da dikkat \u00e7eken T\u00f6re, bar\u0131\u015f\u0131n ve ho\u015fg\u00f6r\u00fcn\u00fcn sahip oldu\u011fu bir d\u00fcnya istedi\u011fini ancak emperyalist g\u00fc\u00e7lerin buna izin vermedi\u011fini dile getirdi.<br \/>Ya\u015fam\u0131n ve sevginin k\u0131ymetinin bilinmesini isteyen T\u00f6re, \u201cAldanmadan Kuzey K\u0131br\u0131s T\u00fcrk Cumhuriyeti\u2019ne d\u00f6rt elle sar\u0131lmam\u0131z gerekir\u201d dedi.<\/p>\n<p>Kuzey K\u0131br\u0131s T\u00fcrk Cumhuriyeti\u2019nin ambargolar alt\u0131nda m\u00fccadele verdi\u011fini belirten T\u00f6re, izolasyonlar\u0131 a\u015fmak i\u00e7in gen\u00e7lerden birer fahri el\u00e7i olmalar\u0131n\u0131 istedi.<br \/>Cumhuriyet Meclisi Ba\u015fkan\u0131 Zorlu T\u00f6re konu\u015fmas\u0131n\u0131n sonunda \u00f6\u011frencilerin, ailelerin ve akademik kadronun Kurban Bayram\u0131\u2019n\u0131 kutlad\u0131.<\/p>\n<p>Girne \u00dcniversitesi 2023-2024 Akademik Y\u0131l\u0131 Mezuniyet T\u00f6reni; Derecelendirmeye giren t\u00fcm mezunlar\u0131n s\u0131rayla diploma belgelerini almas\u0131 ve sonras\u0131nda \u201ckep atma\u201d gelene\u011fi ile tamamland\u0131.<\/p>\n<\/p><\/div>\n<p><script async\n                    defer\n                    crossorigin=\"anonymous\"\n                    src=\"https:\/\/connect.facebook.net\/tr_TR\/sdk.js#xfbml=1&#038;version=v3.3\"\n            ><\/script><\/p>\n","protected":false},"excerpt":{"rendered":"<p>Cumhuriyet Meclisi Ba\u015fkan\u0131 Zorlu T\u00f6re, Girne \u00dcniversitesi 2023-24 Akademik Y\u0131l\u0131 Mezuniyet T\u00f6reni\u2019ne kat\u0131ld\u0131. \u00dcniversitenin Girne yerle\u015fkesinde ger\u00e7ekle\u015fen t\u00f6rende konu\u015fan Ba\u015fkan T\u00f6re, gen\u00e7lerin aras\u0131nda olmaktan memnuniyet duydu\u011funu belirterek, akademik kadroya ve \u00f6\u011frencilere ba\u015far\u0131lar diledi. Hayatta en \u00f6nemli olgunun sa\u011fl\u0131k oldu\u011funu kaydeden T\u00f6re, \u00fcniversiteden mezun olduktan sonra herkesin kendi alan\u0131nda i\u015f hayat\u0131na at\u0131laca\u011f\u0131n\u0131 ifade etti.T\u00f6re, \u00fcniversitelerin hem<\/p>\n","protected":false},"author":1,"featured_media":45600,"comment_status":"open","ping_status":"open","sticky":false,"template":"","format":"standard","meta":{"footnotes":""},"categories":[1],"tags":[],"class_list":["post-45599","post","type-post","status-publish","format-standard","has-post-thumbnail","hentry","category-gundem"],"yoast_head":"<!-- This site is optimized with the Yoast SEO plugin v27.4 - https:\/\/yoast.com\/product\/yoast-seo-wordpress\/ -->\n<title>T\u00f6re, Girne \u00dcniversitesi 2023-24 Akademik Y\u0131l\u0131 Mezuniyet T\u00f6reni\u2019ne kat\u0131ld\u0131 -<\/title>\n<meta name=\"robots\" content=\"index, follow, max-snippet:-1, max-image-preview:large, max-video-preview:-1\" \/>\n<link rel=\"canonical\" href=\"https:\/\/kibrisdakik.com\/?p=45599\" \/>\n<meta property=\"og:locale\" content=\"tr_TR\" \/>\n<meta property=\"og:type\" content=\"article\" \/>\n<meta property=\"og:title\" content=\"T\u00f6re, Girne \u00dcniversitesi 2023-24 Akademik Y\u0131l\u0131 Mezuniyet T\u00f6reni\u2019ne kat\u0131ld\u0131 -\" \/>\n<meta property=\"og:description\" content=\"Cumhuriyet Meclisi Ba\u015fkan\u0131 Zorlu T\u00f6re, Girne \u00dcniversitesi 2023-24 Akademik Y\u0131l\u0131 Mezuniyet T\u00f6reni\u2019ne kat\u0131ld\u0131. \u00dcniversitenin Girne yerle\u015fkesinde ger\u00e7ekle\u015fen t\u00f6rende konu\u015fan Ba\u015fkan T\u00f6re, gen\u00e7lerin aras\u0131nda olmaktan memnuniyet duydu\u011funu belirterek, akademik kadroya ve \u00f6\u011frencilere ba\u015far\u0131lar diledi. Hayatta en \u00f6nemli olgunun sa\u011fl\u0131k oldu\u011funu kaydeden T\u00f6re, \u00fcniversiteden mezun olduktan sonra herkesin kendi alan\u0131nda i\u015f hayat\u0131na at\u0131laca\u011f\u0131n\u0131 ifade etti.T\u00f6re, \u00fcniversitelerin hem\" \/>\n<meta property=\"og:url\" content=\"https:\/\/kibrisdakik.com\/?p=45599\" \/>\n<meta property=\"article:published_time\" content=\"2024-06-12T06:16:48+00:00\" \/>\n<meta property=\"og:image\" content=\"https:\/\/kibrisdakik.com\/wp-content\/uploads\/2024\/06\/a78c7509-bc79-46d8-957b-434c23c76c46-740x420.jpg\" \/>\n\t<meta property=\"og:image:width\" content=\"1558\" \/>\n\t<meta property=\"og:image:height\" content=\"694\" \/>\n\t<meta property=\"og:image:type\" content=\"image\/jpeg\" \/>\n<meta name=\"author\" content=\"admin\" \/>\n<meta name=\"twitter:card\" content=\"summary_large_image\" \/>\n<meta name=\"twitter:label1\" content=\"Yazan:\" \/>\n\t<meta name=\"twitter:data1\" content=\"admin\" \/>\n\t<meta name=\"twitter:label2\" content=\"Tahmini okuma s\u00fcresi\" \/>\n\t<meta name=\"twitter:data2\" content=\"1 dakika\" \/>\n<script type=\"application\/ld+json\" class=\"yoast-schema-graph\">{\"@context\":\"https:\\\/\\\/schema.org\",\"@graph\":[{\"@type\":\"Article\",\"@id\":\"https:\\\/\\\/kibrisdakik.com\\\/?p=45599#article\",\"isPartOf\":{\"@id\":\"https:\\\/\\\/kibrisdakik.com\\\/?p=45599\"},\"author\":{\"name\":\"admin\",\"@id\":\"https:\\\/\\\/kibrisdakik.com\\\/#\\\/schema\\\/person\\\/9cd9d437bbb44f72b73ba127e06d8e79\"},\"headline\":\"T\u00f6re, Girne \u00dcniversitesi 2023-24 Akademik Y\u0131l\u0131 Mezuniyet T\u00f6reni\u2019ne kat\u0131ld\u0131\",\"datePublished\":\"2024-06-12T06:16:48+00:00\",\"mainEntityOfPage\":{\"@id\":\"https:\\\/\\\/kibrisdakik.com\\\/?p=45599\"},\"wordCount\":270,\"commentCount\":0,\"image\":{\"@id\":\"https:\\\/\\\/kibrisdakik.com\\\/?p=45599#primaryimage\"},\"thumbnailUrl\":\"https:\\\/\\\/kibrisdakik.com\\\/wp-content\\\/uploads\\\/2024\\\/06\\\/a78c7509-bc79-46d8-957b-434c23c76c46-740x420.jpg\",\"articleSection\":[\"G\u00fcndem\"],\"inLanguage\":\"tr\",\"potentialAction\":[{\"@type\":\"CommentAction\",\"name\":\"Comment\",\"target\":[\"https:\\\/\\\/kibrisdakik.com\\\/?p=45599#respond\"]}]},{\"@type\":\"WebPage\",\"@id\":\"https:\\\/\\\/kibrisdakik.com\\\/?p=45599\",\"url\":\"https:\\\/\\\/kibrisdakik.com\\\/?p=45599\",\"name\":\"T\u00f6re, Girne \u00dcniversitesi 2023-24 Akademik Y\u0131l\u0131 Mezuniyet T\u00f6reni\u2019ne kat\u0131ld\u0131 -\",\"isPartOf\":{\"@id\":\"https:\\\/\\\/kibrisdakik.com\\\/#website\"},\"primaryImageOfPage\":{\"@id\":\"https:\\\/\\\/kibrisdakik.com\\\/?p=45599#primaryimage\"},\"image\":{\"@id\":\"https:\\\/\\\/kibrisdakik.com\\\/?p=45599#primaryimage\"},\"thumbnailUrl\":\"https:\\\/\\\/kibrisdakik.com\\\/wp-content\\\/uploads\\\/2024\\\/06\\\/a78c7509-bc79-46d8-957b-434c23c76c46-740x420.jpg\",\"datePublished\":\"2024-06-12T06:16:48+00:00\",\"author\":{\"@id\":\"https:\\\/\\\/kibrisdakik.com\\\/#\\\/schema\\\/person\\\/9cd9d437bbb44f72b73ba127e06d8e79\"},\"breadcrumb\":{\"@id\":\"https:\\\/\\\/kibrisdakik.com\\\/?p=45599#breadcrumb\"},\"inLanguage\":\"tr\",\"potentialAction\":[{\"@type\":\"ReadAction\",\"target\":[\"https:\\\/\\\/kibrisdakik.com\\\/?p=45599\"]}]},{\"@type\":\"ImageObject\",\"inLanguage\":\"tr\",\"@id\":\"https:\\\/\\\/kibrisdakik.com\\\/?p=45599#primaryimage\",\"url\":\"https:\\\/\\\/kibrisdakik.com\\\/wp-content\\\/uploads\\\/2024\\\/06\\\/a78c7509-bc79-46d8-957b-434c23c76c46-740x420.jpg\",\"contentUrl\":\"https:\\\/\\\/kibrisdakik.com\\\/wp-content\\\/uploads\\\/2024\\\/06\\\/a78c7509-bc79-46d8-957b-434c23c76c46-740x420.jpg\",\"width\":1558,\"height\":694},{\"@type\":\"BreadcrumbList\",\"@id\":\"https:\\\/\\\/kibrisdakik.com\\\/?p=45599#breadcrumb\",\"itemListElement\":[{\"@type\":\"ListItem\",\"position\":1,\"name\":\"Home\",\"item\":\"https:\\\/\\\/kibrisdakik.com\\\/\"},{\"@type\":\"ListItem\",\"position\":2,\"name\":\"T\u00f6re, Girne \u00dcniversitesi 2023-24 Akademik Y\u0131l\u0131 Mezuniyet T\u00f6reni\u2019ne kat\u0131ld\u0131\"}]},{\"@type\":\"WebSite\",\"@id\":\"https:\\\/\\\/kibrisdakik.com\\\/#website\",\"url\":\"https:\\\/\\\/kibrisdakik.com\\\/\",\"name\":\"\",\"description\":\"Tam vaktinde haber\",\"potentialAction\":[{\"@type\":\"SearchAction\",\"target\":{\"@type\":\"EntryPoint\",\"urlTemplate\":\"https:\\\/\\\/kibrisdakik.com\\\/?s={search_term_string}\"},\"query-input\":{\"@type\":\"PropertyValueSpecification\",\"valueRequired\":true,\"valueName\":\"search_term_string\"}}],\"inLanguage\":\"tr\"},{\"@type\":\"Person\",\"@id\":\"https:\\\/\\\/kibrisdakik.com\\\/#\\\/schema\\\/person\\\/9cd9d437bbb44f72b73ba127e06d8e79\",\"name\":\"admin\",\"image\":{\"@type\":\"ImageObject\",\"inLanguage\":\"tr\",\"@id\":\"https:\\\/\\\/secure.gravatar.com\\\/avatar\\\/ccc17943b9d660506c869530f897617f7cb1c21a4bf30023f252596d83e1f007?s=96&d=mm&r=g\",\"url\":\"https:\\\/\\\/secure.gravatar.com\\\/avatar\\\/ccc17943b9d660506c869530f897617f7cb1c21a4bf30023f252596d83e1f007?s=96&d=mm&r=g\",\"contentUrl\":\"https:\\\/\\\/secure.gravatar.com\\\/avatar\\\/ccc17943b9d660506c869530f897617f7cb1c21a4bf30023f252596d83e1f007?s=96&d=mm&r=g\",\"caption\":\"admin\"},\"sameAs\":[\"https:\\\/\\\/kibrisdakik.com\"],\"url\":\"https:\\\/\\\/kibrisdakik.com\\\/?author=1\"}]}<\/script>\n<!-- \/ Yoast SEO plugin. -->","yoast_head_json":{"title":"T\u00f6re, Girne \u00dcniversitesi 2023-24 Akademik Y\u0131l\u0131 Mezuniyet T\u00f6reni\u2019ne kat\u0131ld\u0131 -","robots":{"index":"index","follow":"follow","max-snippet":"max-snippet:-1","max-image-preview":"max-image-preview:large","max-video-preview":"max-video-preview:-1"},"canonical":"https:\/\/kibrisdakik.com\/?p=45599","og_locale":"tr_TR","og_type":"article","og_title":"T\u00f6re, Girne \u00dcniversitesi 2023-24 Akademik Y\u0131l\u0131 Mezuniyet T\u00f6reni\u2019ne kat\u0131ld\u0131 -","og_description":"Cumhuriyet Meclisi Ba\u015fkan\u0131 Zorlu T\u00f6re, Girne \u00dcniversitesi 2023-24 Akademik Y\u0131l\u0131 Mezuniyet T\u00f6reni\u2019ne kat\u0131ld\u0131. \u00dcniversitenin Girne yerle\u015fkesinde ger\u00e7ekle\u015fen t\u00f6rende konu\u015fan Ba\u015fkan T\u00f6re, gen\u00e7lerin aras\u0131nda olmaktan memnuniyet duydu\u011funu belirterek, akademik kadroya ve \u00f6\u011frencilere ba\u015far\u0131lar diledi. Hayatta en \u00f6nemli olgunun sa\u011fl\u0131k oldu\u011funu kaydeden T\u00f6re, \u00fcniversiteden mezun olduktan sonra herkesin kendi alan\u0131nda i\u015f hayat\u0131na at\u0131laca\u011f\u0131n\u0131 ifade etti.T\u00f6re, \u00fcniversitelerin hem","og_url":"https:\/\/kibrisdakik.com\/?p=45599","article_published_time":"2024-06-12T06:16:48+00:00","og_image":[{"width":1558,"height":694,"url":"https:\/\/kibrisdakik.com\/wp-content\/uploads\/2024\/06\/a78c7509-bc79-46d8-957b-434c23c76c46-740x420.jpg","type":"image\/jpeg"}],"author":"admin","twitter_card":"summary_large_image","twitter_misc":{"Yazan:":"admin","Tahmini okuma s\u00fcresi":"1 dakika"},"schema":{"@context":"https:\/\/schema.org","@graph":[{"@type":"Article","@id":"https:\/\/kibrisdakik.com\/?p=45599#article","isPartOf":{"@id":"https:\/\/kibrisdakik.com\/?p=45599"},"author":{"name":"admin","@id":"https:\/\/kibrisdakik.com\/#\/schema\/person\/9cd9d437bbb44f72b73ba127e06d8e79"},"headline":"T\u00f6re, Girne \u00dcniversitesi 2023-24 Akademik Y\u0131l\u0131 Mezuniyet T\u00f6reni\u2019ne kat\u0131ld\u0131","datePublished":"2024-06-12T06:16:48+00:00","mainEntityOfPage":{"@id":"https:\/\/kibrisdakik.com\/?p=45599"},"wordCount":270,"commentCount":0,"image":{"@id":"https:\/\/kibrisdakik.com\/?p=45599#primaryimage"},"thumbnailUrl":"https:\/\/kibrisdakik.com\/wp-content\/uploads\/2024\/06\/a78c7509-bc79-46d8-957b-434c23c76c46-740x420.jpg","articleSection":["G\u00fcndem"],"inLanguage":"tr","potentialAction":[{"@type":"CommentAction","name":"Comment","target":["https:\/\/kibrisdakik.com\/?p=45599#respond"]}]},{"@type":"WebPage","@id":"https:\/\/kibrisdakik.com\/?p=45599","url":"https:\/\/kibrisdakik.com\/?p=45599","name":"T\u00f6re, Girne \u00dcniversitesi 2023-24 Akademik Y\u0131l\u0131 Mezuniyet T\u00f6reni\u2019ne kat\u0131ld\u0131 -","isPartOf":{"@id":"https:\/\/kibrisdakik.com\/#website"},"primaryImageOfPage":{"@id":"https:\/\/kibrisdakik.com\/?p=45599#primaryimage"},"image":{"@id":"https:\/\/kibrisdakik.com\/?p=45599#primaryimage"},"thumbnailUrl":"https:\/\/kibrisdakik.com\/wp-content\/uploads\/2024\/06\/a78c7509-bc79-46d8-957b-434c23c76c46-740x420.jpg","datePublished":"2024-06-12T06:16:48+00:00","author":{"@id":"https:\/\/kibrisdakik.com\/#\/schema\/person\/9cd9d437bbb44f72b73ba127e06d8e79"},"breadcrumb":{"@id":"https:\/\/kibrisdakik.com\/?p=45599#breadcrumb"},"inLanguage":"tr","potentialAction":[{"@type":"ReadAction","target":["https:\/\/kibrisdakik.com\/?p=45599"]}]},{"@type":"ImageObject","inLanguage":"tr","@id":"https:\/\/kibrisdakik.com\/?p=45599#primaryimage","url":"https:\/\/kibrisdakik.com\/wp-content\/uploads\/2024\/06\/a78c7509-bc79-46d8-957b-434c23c76c46-740x420.jpg","contentUrl":"https:\/\/kibrisdakik.com\/wp-content\/uploads\/2024\/06\/a78c7509-bc79-46d8-957b-434c23c76c46-740x420.jpg","width":1558,"height":694},{"@type":"BreadcrumbList","@id":"https:\/\/kibrisdakik.com\/?p=45599#breadcrumb","itemListElement":[{"@type":"ListItem","position":1,"name":"Home","item":"https:\/\/kibrisdakik.com\/"},{"@type":"ListItem","position":2,"name":"T\u00f6re, Girne \u00dcniversitesi 2023-24 Akademik Y\u0131l\u0131 Mezuniyet T\u00f6reni\u2019ne kat\u0131ld\u0131"}]},{"@type":"WebSite","@id":"https:\/\/kibrisdakik.com\/#website","url":"https:\/\/kibrisdakik.com\/","name":"","description":"Tam vaktinde haber","potentialAction":[{"@type":"SearchAction","target":{"@type":"EntryPoint","urlTemplate":"https:\/\/kibrisdakik.com\/?s={search_term_string}"},"query-input":{"@type":"PropertyValueSpecification","valueRequired":true,"valueName":"search_term_string"}}],"inLanguage":"tr"},{"@type":"Person","@id":"https:\/\/kibrisdakik.com\/#\/schema\/person\/9cd9d437bbb44f72b73ba127e06d8e79","name":"admin","image":{"@type":"ImageObject","inLanguage":"tr","@id":"https:\/\/secure.gravatar.com\/avatar\/ccc17943b9d660506c869530f897617f7cb1c21a4bf30023f252596d83e1f007?s=96&d=mm&r=g","url":"https:\/\/secure.gravatar.com\/avatar\/ccc17943b9d660506c869530f897617f7cb1c21a4bf30023f252596d83e1f007?s=96&d=mm&r=g","contentUrl":"https:\/\/secure.gravatar.com\/avatar\/ccc17943b9d660506c869530f897617f7cb1c21a4bf30023f252596d83e1f007?s=96&d=mm&r=g","caption":"admin"},"sameAs":["https:\/\/kibrisdakik.com"],"url":"https:\/\/kibrisdakik.com\/?author=1"}]}},"_links":{"self":[{"href":"https:\/\/kibrisdakik.com\/index.php?rest_route=\/wp\/v2\/posts\/45599","targetHints":{"allow":["GET"]}}],"collection":[{"href":"https:\/\/kibrisdakik.com\/index.php?rest_route=\/wp\/v2\/posts"}],"about":[{"href":"https:\/\/kibrisdakik.com\/index.php?rest_route=\/wp\/v2\/types\/post"}],"author":[{"embeddable":true,"href":"https:\/\/kibrisdakik.com\/index.php?rest_route=\/wp\/v2\/users\/1"}],"replies":[{"embeddable":true,"href":"https:\/\/kibrisdakik.com\/index.php?rest_route=%2Fwp%2Fv2%2Fcomments&post=45599"}],"version-history":[{"count":0,"href":"https:\/\/kibrisdakik.com\/index.php?rest_route=\/wp\/v2\/posts\/45599\/revisions"}],"wp:featuredmedia":[{"embeddable":true,"href":"https:\/\/kibrisdakik.com\/index.php?rest_route=\/wp\/v2\/media\/45600"}],"wp:attachment":[{"href":"https:\/\/kibrisdakik.com\/index.php?rest_route=%2Fwp%2Fv2%2Fmedia&parent=45599"}],"wp:term":[{"taxonomy":"category","embeddable":true,"href":"https:\/\/kibrisdakik.com\/index.php?rest_route=%2Fwp%2Fv2%2Fcategories&post=45599"},{"taxonomy":"post_tag","embeddable":true,"href":"https:\/\/kibrisdakik.com\/index.php?rest_route=%2Fwp%2Fv2%2Ftags&post=45599"}],"curies":[{"name":"wp","href":"https:\/\/api.w.org\/{rel}","templated":true}]}}