{"id":45661,"date":"2024-06-12T15:06:13","date_gmt":"2024-06-12T15:06:13","guid":{"rendered":"https:\/\/kibrisdakik.com\/index.php\/2024\/06\/12\/polis-basin-bulteni-kafe-bahcesine-torpil-atan-kisiler-tutuklandi\/"},"modified":"2024-06-12T15:06:13","modified_gmt":"2024-06-12T15:06:13","slug":"polis-basin-bulteni-kafe-bahcesine-torpil-atan-kisiler-tutuklandi","status":"publish","type":"post","link":"https:\/\/kibrisdakik.com\/?p=45661","title":{"rendered":"Polis Bas\u0131n B\u00fclteni\u2026 Kafe bah\u00e7esine torpil atan ki\u015filer tutukland\u0131"},"content":{"rendered":"<p><\/p>\n<div>\n<div class=\"mariselle-image-container center\">\n                <img loading=\"lazy\" decoding=\"async\" width=\"407\" height=\"413\" class=\"lazy-image\" alt=\"\" sizes=\"auto, (max-width: 407px) 100vw, 407px\" src=\"https:\/\/brtk.net\/wp-content\/uploads\/2024\/06\/12\/polis-logo-son68.jpg?ver=7ddde2d46bcc12e9e8bfe2be85dc8a0c\" srcset=\"https:\/\/brtk.net\/wp-content\/uploads\/2024\/06\/12\/polis-logo-son68.jpg?ver=7ddde2d46bcc12e9e8bfe2be85dc8a0c 407w, https:\/\/brtk.net\/wp-content\/uploads\/2024\/06\/12\/polis-logo-son68-296x300.jpg?ver=7ddde2d46bcc12e9e8bfe2be85dc8a0c 296w\"\/>                            <\/div>\n<p>\nLefko\u015fa\u2019da 9 Haziran 23.00 s\u0131ralar\u0131nda, bir kafenin d\u0131\u015f\u0131nda masalar\u0131n oldu\u011fu alana torpil att\u0131\u011f\u0131 tespit edilen N.G. (E-25) ve N.\u015e. (E-24) tutukland\u0131. Polis Bas\u0131n B\u00fclteni\u2019ne g\u00f6re N.\u015e.\u2019nin ikametgah\u0131nda yap\u0131lan aramada, kanunsuz patlay\u0131c\u0131 madde s\u0131n\u0131f\u0131na giren bir adet torpil bulundu. Soru\u015fturma devam ediyor.<\/p>\n<p>-Lefke\u2019de ani \u00f6l\u00fcm<\/p>\n<p>Lefke\u2019de ya\u015fayan \u015eerif Melda Polili (K-62) d\u00fcn 11.30 s\u0131ralar\u0131nda ikametgah\u0131nda aniden rahats\u0131zlanarak ya\u015fam\u0131n\u0131 yitirdi. Doktor taraf\u0131ndan yap\u0131lan d\u0131\u015f muayenede, darp ve cebir izine rastlanmad\u0131. \u00d6l\u00fcm sebebi yap\u0131lacak otopsi sonucunda belirlenecek. Soru\u015fturma devam ediyor.<\/p>\n<p>-Lefko\u015fa\u2019da h\u0131rs\u0131zl\u0131k<\/p>\n<p>Lefko\u015fa\u2019da d\u00fcn 01.00 s\u0131ralar\u0131nda G\u00f6\u00e7men Evleri b\u00f6lgesindeki bir ikametgah\u0131n mutfak kap\u0131s\u0131 hasara u\u011frat\u0131larak a\u00e7\u0131ld\u0131 ve i\u00e7eriye girildikten sonra, ikametgahtan av t\u00fcfe\u011fi, iki cep telefonu, para kasas\u0131 ve \u00e7e\u015fitli beyaz e\u015fyalar \u00e7al\u0131nd\u0131. Polisin y\u00fcr\u00fctt\u00fc\u011f\u00fc ileri soru\u015fturmada, zanl\u0131 olarak g\u00f6r\u00fclen H.T. (E-42) tespit edilerek tutukland\u0131. Soru\u015fturma devam ediyor.<\/p>\n<p>-Emanet\u00e7i taraf\u0131ndan h\u0131rs\u0131zl\u0131k<\/p>\n<p>Kas\u0131m 2023 ile Nisan 2024 aylar\u0131 aras\u0131nda, G.\u00c7. (K-35), Lefko\u015fa\u2019da bulunan 14 apartman dairesinin kira \u00fccreti olan toplam 14 bin 700 <a href=\"https:\/\/brtk.net\/\">Sterlin<\/a> nakit paray\u0131, mal sahibinin direktifi ile kirac\u0131lardan toplad\u0131ktan sonra, mal sahibine vermeyerek tasarrufuna ge\u00e7irdi. Olay\u0131n polisin bilgisine gelmesi \u00fczerine G.\u00c7. bug\u00fcn tutukland\u0131. Soru\u015fturma devam ediyor.<\/p>\n<p>-Gazima\u011fusa\u2019da telefon h\u0131rs\u0131zl\u0131\u011f\u0131<\/p>\n<p>Gazima\u011fusa\u2019da 7 Haziran 19:00 s\u0131ralar\u0131nda, A.U. (E-19), A.C.M.\u2019ye ait cep telefonunu kullanmak i\u00e7in ald\u0131ktan sonra geri teslim etmeyip tasarrufuna ge\u00e7irdi. Olay\u0131n polisin bilgisine gelmesi \u00fczerine, A.U. tespit edilerek tutukland\u0131. Soru\u015fturma devam ediyor.<\/p>\n<p>-\u0130kamet izinsiz 3 ki\u015fi tutukland\u0131<\/p>\n<p>\u00dclke genelinde d\u00fcn polis ekipleri taraf\u0131ndan ger\u00e7ekle\u015ftirilen denetimlerde, yasal stat\u00fcs\u00fc olmad\u0131\u011f\u0131 halde ikamet eden toplam \u00fc\u00e7 ki\u015fi tespit edilerek tutukland\u0131. Soru\u015fturma devam ediyor.<\/p>\n<p>-Yetkili makamdan izinsiz alkoll\u00fc i\u00e7ki tasarrufu, satmak ve m\u00fczik yay\u0131n\u0131 yapmak\u2026<\/p>\n<p>Girne\u2019de d\u00fcn 21:30 s\u0131ralar\u0131nda bir restoranda polis ekipleri taraf\u0131ndan yap\u0131lan kontrolde, yetkili makamdan al\u0131nm\u0131\u015f m\u00fczik yay\u0131n izni olmadan ses y\u00fckseltici alet kullan\u0131larak m\u00fczik yay\u0131n\u0131 yap\u0131ld\u0131\u011f\u0131 ve ge\u00e7erli alkoll\u00fc i\u00e7ki sat\u0131\u015f ruhsat\u0131 olmadan izinsiz olarak alkoll\u00fc i\u00e7ki bulundurulup sat\u0131\u015fa sunuldu\u011fu tespit edildi. Restoran i\u015fletmecisi hakk\u0131nda yasal i\u015flem ba\u015flat\u0131ld\u0131. Soru\u015fturma devam ediyor.<\/p>\n<p>-Bafra\u2019da i\u015f kazas\u0131<\/p>\n<p>Bafra\u2019da bir otelin mutfa\u011f\u0131nda \u00e7al\u0131\u015fan Do\u011fukan \u00dcst\u00fcnda\u011f (E-20) d\u00fcn 20.30 s\u0131ralar\u0131nda malzeme ta\u015f\u0131d\u0131\u011f\u0131 s\u0131rada yerde bulunan tahtan\u0131n, \u00fczerine basmas\u0131yla y\u00fcz\u00fcne \u00e7arpmas\u0131 sonucu burnundan yaraland\u0131. \u00dcst\u00fcnda\u011f, kald\u0131r\u0131ld\u0131\u011f\u0131 Gazima\u011fusa Devlet Hastanesi\u2019nde tedavi alt\u0131na al\u0131nd\u0131. Soru\u015fturma devam ediyor.<\/p>\n<\/p><\/div>\n<p><script async\n                    defer\n                    crossorigin=\"anonymous\"\n                    src=\"https:\/\/connect.facebook.net\/tr_TR\/sdk.js#xfbml=1&#038;version=v3.3\"\n            ><\/script><\/p>\n","protected":false},"excerpt":{"rendered":"<p>Lefko\u015fa\u2019da 9 Haziran 23.00 s\u0131ralar\u0131nda, bir kafenin d\u0131\u015f\u0131nda masalar\u0131n oldu\u011fu alana torpil att\u0131\u011f\u0131 tespit edilen N.G. (E-25) ve N.\u015e. (E-24) tutukland\u0131. Polis Bas\u0131n B\u00fclteni\u2019ne g\u00f6re N.\u015e.\u2019nin ikametgah\u0131nda yap\u0131lan aramada, kanunsuz patlay\u0131c\u0131 madde s\u0131n\u0131f\u0131na giren bir adet torpil bulundu. Soru\u015fturma devam ediyor. -Lefke\u2019de ani \u00f6l\u00fcm Lefke\u2019de ya\u015fayan \u015eerif Melda Polili (K-62) d\u00fcn 11.30 s\u0131ralar\u0131nda ikametgah\u0131nda aniden<\/p>\n","protected":false},"author":1,"featured_media":45662,"comment_status":"open","ping_status":"open","sticky":false,"template":"","format":"standard","meta":{"footnotes":""},"categories":[1],"tags":[],"class_list":["post-45661","post","type-post","status-publish","format-standard","has-post-thumbnail","hentry","category-gundem"],"yoast_head":"<!-- This site is optimized with the Yoast SEO plugin v27.5 - https:\/\/yoast.com\/product\/yoast-seo-wordpress\/ -->\n<title>Polis Bas\u0131n B\u00fclteni\u2026 Kafe bah\u00e7esine torpil atan ki\u015filer tutukland\u0131 -<\/title>\n<meta name=\"robots\" content=\"index, follow, max-snippet:-1, max-image-preview:large, max-video-preview:-1\" \/>\n<link rel=\"canonical\" href=\"https:\/\/kibrisdakik.com\/?p=45661\" \/>\n<meta property=\"og:locale\" content=\"tr_TR\" \/>\n<meta property=\"og:type\" content=\"article\" \/>\n<meta property=\"og:title\" content=\"Polis Bas\u0131n B\u00fclteni\u2026 Kafe bah\u00e7esine torpil atan ki\u015filer tutukland\u0131 -\" \/>\n<meta property=\"og:description\" content=\"Lefko\u015fa\u2019da 9 Haziran 23.00 s\u0131ralar\u0131nda, bir kafenin d\u0131\u015f\u0131nda masalar\u0131n oldu\u011fu alana torpil att\u0131\u011f\u0131 tespit edilen N.G. (E-25) ve N.\u015e. (E-24) tutukland\u0131. Polis Bas\u0131n B\u00fclteni\u2019ne g\u00f6re N.\u015e.\u2019nin ikametgah\u0131nda yap\u0131lan aramada, kanunsuz patlay\u0131c\u0131 madde s\u0131n\u0131f\u0131na giren bir adet torpil bulundu. Soru\u015fturma devam ediyor. -Lefke\u2019de ani \u00f6l\u00fcm Lefke\u2019de ya\u015fayan \u015eerif Melda Polili (K-62) d\u00fcn 11.30 s\u0131ralar\u0131nda ikametgah\u0131nda aniden\" \/>\n<meta property=\"og:url\" content=\"https:\/\/kibrisdakik.com\/?p=45661\" \/>\n<meta property=\"article:published_time\" content=\"2024-06-12T15:06:13+00:00\" \/>\n<meta property=\"og:image\" content=\"https:\/\/kibrisdakik.com\/wp-content\/uploads\/2024\/06\/polis-logo-son68.jpg\" \/>\n\t<meta property=\"og:image:width\" content=\"407\" \/>\n\t<meta property=\"og:image:height\" content=\"413\" \/>\n\t<meta property=\"og:image:type\" content=\"image\/jpeg\" \/>\n<meta name=\"author\" content=\"admin\" \/>\n<meta name=\"twitter:card\" content=\"summary_large_image\" \/>\n<meta name=\"twitter:label1\" content=\"Yazan:\" \/>\n\t<meta name=\"twitter:data1\" content=\"admin\" \/>\n\t<meta name=\"twitter:label2\" content=\"Tahmini okuma s\u00fcresi\" \/>\n\t<meta name=\"twitter:data2\" content=\"2 dakika\" \/>\n<script type=\"application\/ld+json\" class=\"yoast-schema-graph\">{\"@context\":\"https:\\\/\\\/schema.org\",\"@graph\":[{\"@type\":\"Article\",\"@id\":\"https:\\\/\\\/kibrisdakik.com\\\/?p=45661#article\",\"isPartOf\":{\"@id\":\"https:\\\/\\\/kibrisdakik.com\\\/?p=45661\"},\"author\":{\"name\":\"admin\",\"@id\":\"https:\\\/\\\/kibrisdakik.com\\\/#\\\/schema\\\/person\\\/9cd9d437bbb44f72b73ba127e06d8e79\"},\"headline\":\"Polis Bas\u0131n B\u00fclteni\u2026 Kafe bah\u00e7esine torpil atan ki\u015filer tutukland\u0131\",\"datePublished\":\"2024-06-12T15:06:13+00:00\",\"mainEntityOfPage\":{\"@id\":\"https:\\\/\\\/kibrisdakik.com\\\/?p=45661\"},\"wordCount\":494,\"commentCount\":0,\"image\":{\"@id\":\"https:\\\/\\\/kibrisdakik.com\\\/?p=45661#primaryimage\"},\"thumbnailUrl\":\"https:\\\/\\\/kibrisdakik.com\\\/wp-content\\\/uploads\\\/2024\\\/06\\\/polis-logo-son68.jpg\",\"articleSection\":[\"G\u00fcndem\"],\"inLanguage\":\"tr\",\"potentialAction\":[{\"@type\":\"CommentAction\",\"name\":\"Comment\",\"target\":[\"https:\\\/\\\/kibrisdakik.com\\\/?p=45661#respond\"]}]},{\"@type\":\"WebPage\",\"@id\":\"https:\\\/\\\/kibrisdakik.com\\\/?p=45661\",\"url\":\"https:\\\/\\\/kibrisdakik.com\\\/?p=45661\",\"name\":\"Polis Bas\u0131n B\u00fclteni\u2026 Kafe bah\u00e7esine torpil atan ki\u015filer tutukland\u0131 -\",\"isPartOf\":{\"@id\":\"https:\\\/\\\/kibrisdakik.com\\\/#website\"},\"primaryImageOfPage\":{\"@id\":\"https:\\\/\\\/kibrisdakik.com\\\/?p=45661#primaryimage\"},\"image\":{\"@id\":\"https:\\\/\\\/kibrisdakik.com\\\/?p=45661#primaryimage\"},\"thumbnailUrl\":\"https:\\\/\\\/kibrisdakik.com\\\/wp-content\\\/uploads\\\/2024\\\/06\\\/polis-logo-son68.jpg\",\"datePublished\":\"2024-06-12T15:06:13+00:00\",\"author\":{\"@id\":\"https:\\\/\\\/kibrisdakik.com\\\/#\\\/schema\\\/person\\\/9cd9d437bbb44f72b73ba127e06d8e79\"},\"breadcrumb\":{\"@id\":\"https:\\\/\\\/kibrisdakik.com\\\/?p=45661#breadcrumb\"},\"inLanguage\":\"tr\",\"potentialAction\":[{\"@type\":\"ReadAction\",\"target\":[\"https:\\\/\\\/kibrisdakik.com\\\/?p=45661\"]}]},{\"@type\":\"ImageObject\",\"inLanguage\":\"tr\",\"@id\":\"https:\\\/\\\/kibrisdakik.com\\\/?p=45661#primaryimage\",\"url\":\"https:\\\/\\\/kibrisdakik.com\\\/wp-content\\\/uploads\\\/2024\\\/06\\\/polis-logo-son68.jpg\",\"contentUrl\":\"https:\\\/\\\/kibrisdakik.com\\\/wp-content\\\/uploads\\\/2024\\\/06\\\/polis-logo-son68.jpg\",\"width\":407,\"height\":413},{\"@type\":\"BreadcrumbList\",\"@id\":\"https:\\\/\\\/kibrisdakik.com\\\/?p=45661#breadcrumb\",\"itemListElement\":[{\"@type\":\"ListItem\",\"position\":1,\"name\":\"Home\",\"item\":\"https:\\\/\\\/kibrisdakik.com\\\/\"},{\"@type\":\"ListItem\",\"position\":2,\"name\":\"Polis Bas\u0131n B\u00fclteni\u2026 Kafe bah\u00e7esine torpil atan ki\u015filer tutukland\u0131\"}]},{\"@type\":\"WebSite\",\"@id\":\"https:\\\/\\\/kibrisdakik.com\\\/#website\",\"url\":\"https:\\\/\\\/kibrisdakik.com\\\/\",\"name\":\"\",\"description\":\"Tam vaktinde haber\",\"potentialAction\":[{\"@type\":\"SearchAction\",\"target\":{\"@type\":\"EntryPoint\",\"urlTemplate\":\"https:\\\/\\\/kibrisdakik.com\\\/?s={search_term_string}\"},\"query-input\":{\"@type\":\"PropertyValueSpecification\",\"valueRequired\":true,\"valueName\":\"search_term_string\"}}],\"inLanguage\":\"tr\"},{\"@type\":\"Person\",\"@id\":\"https:\\\/\\\/kibrisdakik.com\\\/#\\\/schema\\\/person\\\/9cd9d437bbb44f72b73ba127e06d8e79\",\"name\":\"admin\",\"image\":{\"@type\":\"ImageObject\",\"inLanguage\":\"tr\",\"@id\":\"https:\\\/\\\/secure.gravatar.com\\\/avatar\\\/ccc17943b9d660506c869530f897617f7cb1c21a4bf30023f252596d83e1f007?s=96&d=mm&r=g\",\"url\":\"https:\\\/\\\/secure.gravatar.com\\\/avatar\\\/ccc17943b9d660506c869530f897617f7cb1c21a4bf30023f252596d83e1f007?s=96&d=mm&r=g\",\"contentUrl\":\"https:\\\/\\\/secure.gravatar.com\\\/avatar\\\/ccc17943b9d660506c869530f897617f7cb1c21a4bf30023f252596d83e1f007?s=96&d=mm&r=g\",\"caption\":\"admin\"},\"sameAs\":[\"https:\\\/\\\/kibrisdakik.com\"],\"url\":\"https:\\\/\\\/kibrisdakik.com\\\/?author=1\"}]}<\/script>\n<!-- \/ Yoast SEO plugin. -->","yoast_head_json":{"title":"Polis Bas\u0131n B\u00fclteni\u2026 Kafe bah\u00e7esine torpil atan ki\u015filer tutukland\u0131 -","robots":{"index":"index","follow":"follow","max-snippet":"max-snippet:-1","max-image-preview":"max-image-preview:large","max-video-preview":"max-video-preview:-1"},"canonical":"https:\/\/kibrisdakik.com\/?p=45661","og_locale":"tr_TR","og_type":"article","og_title":"Polis Bas\u0131n B\u00fclteni\u2026 Kafe bah\u00e7esine torpil atan ki\u015filer tutukland\u0131 -","og_description":"Lefko\u015fa\u2019da 9 Haziran 23.00 s\u0131ralar\u0131nda, bir kafenin d\u0131\u015f\u0131nda masalar\u0131n oldu\u011fu alana torpil att\u0131\u011f\u0131 tespit edilen N.G. (E-25) ve N.\u015e. (E-24) tutukland\u0131. Polis Bas\u0131n B\u00fclteni\u2019ne g\u00f6re N.\u015e.\u2019nin ikametgah\u0131nda yap\u0131lan aramada, kanunsuz patlay\u0131c\u0131 madde s\u0131n\u0131f\u0131na giren bir adet torpil bulundu. Soru\u015fturma devam ediyor. -Lefke\u2019de ani \u00f6l\u00fcm Lefke\u2019de ya\u015fayan \u015eerif Melda Polili (K-62) d\u00fcn 11.30 s\u0131ralar\u0131nda ikametgah\u0131nda aniden","og_url":"https:\/\/kibrisdakik.com\/?p=45661","article_published_time":"2024-06-12T15:06:13+00:00","og_image":[{"width":407,"height":413,"url":"https:\/\/kibrisdakik.com\/wp-content\/uploads\/2024\/06\/polis-logo-son68.jpg","type":"image\/jpeg"}],"author":"admin","twitter_card":"summary_large_image","twitter_misc":{"Yazan:":"admin","Tahmini okuma s\u00fcresi":"2 dakika"},"schema":{"@context":"https:\/\/schema.org","@graph":[{"@type":"Article","@id":"https:\/\/kibrisdakik.com\/?p=45661#article","isPartOf":{"@id":"https:\/\/kibrisdakik.com\/?p=45661"},"author":{"name":"admin","@id":"https:\/\/kibrisdakik.com\/#\/schema\/person\/9cd9d437bbb44f72b73ba127e06d8e79"},"headline":"Polis Bas\u0131n B\u00fclteni\u2026 Kafe bah\u00e7esine torpil atan ki\u015filer tutukland\u0131","datePublished":"2024-06-12T15:06:13+00:00","mainEntityOfPage":{"@id":"https:\/\/kibrisdakik.com\/?p=45661"},"wordCount":494,"commentCount":0,"image":{"@id":"https:\/\/kibrisdakik.com\/?p=45661#primaryimage"},"thumbnailUrl":"https:\/\/kibrisdakik.com\/wp-content\/uploads\/2024\/06\/polis-logo-son68.jpg","articleSection":["G\u00fcndem"],"inLanguage":"tr","potentialAction":[{"@type":"CommentAction","name":"Comment","target":["https:\/\/kibrisdakik.com\/?p=45661#respond"]}]},{"@type":"WebPage","@id":"https:\/\/kibrisdakik.com\/?p=45661","url":"https:\/\/kibrisdakik.com\/?p=45661","name":"Polis Bas\u0131n B\u00fclteni\u2026 Kafe bah\u00e7esine torpil atan ki\u015filer tutukland\u0131 -","isPartOf":{"@id":"https:\/\/kibrisdakik.com\/#website"},"primaryImageOfPage":{"@id":"https:\/\/kibrisdakik.com\/?p=45661#primaryimage"},"image":{"@id":"https:\/\/kibrisdakik.com\/?p=45661#primaryimage"},"thumbnailUrl":"https:\/\/kibrisdakik.com\/wp-content\/uploads\/2024\/06\/polis-logo-son68.jpg","datePublished":"2024-06-12T15:06:13+00:00","author":{"@id":"https:\/\/kibrisdakik.com\/#\/schema\/person\/9cd9d437bbb44f72b73ba127e06d8e79"},"breadcrumb":{"@id":"https:\/\/kibrisdakik.com\/?p=45661#breadcrumb"},"inLanguage":"tr","potentialAction":[{"@type":"ReadAction","target":["https:\/\/kibrisdakik.com\/?p=45661"]}]},{"@type":"ImageObject","inLanguage":"tr","@id":"https:\/\/kibrisdakik.com\/?p=45661#primaryimage","url":"https:\/\/kibrisdakik.com\/wp-content\/uploads\/2024\/06\/polis-logo-son68.jpg","contentUrl":"https:\/\/kibrisdakik.com\/wp-content\/uploads\/2024\/06\/polis-logo-son68.jpg","width":407,"height":413},{"@type":"BreadcrumbList","@id":"https:\/\/kibrisdakik.com\/?p=45661#breadcrumb","itemListElement":[{"@type":"ListItem","position":1,"name":"Home","item":"https:\/\/kibrisdakik.com\/"},{"@type":"ListItem","position":2,"name":"Polis Bas\u0131n B\u00fclteni\u2026 Kafe bah\u00e7esine torpil atan ki\u015filer tutukland\u0131"}]},{"@type":"WebSite","@id":"https:\/\/kibrisdakik.com\/#website","url":"https:\/\/kibrisdakik.com\/","name":"","description":"Tam vaktinde haber","potentialAction":[{"@type":"SearchAction","target":{"@type":"EntryPoint","urlTemplate":"https:\/\/kibrisdakik.com\/?s={search_term_string}"},"query-input":{"@type":"PropertyValueSpecification","valueRequired":true,"valueName":"search_term_string"}}],"inLanguage":"tr"},{"@type":"Person","@id":"https:\/\/kibrisdakik.com\/#\/schema\/person\/9cd9d437bbb44f72b73ba127e06d8e79","name":"admin","image":{"@type":"ImageObject","inLanguage":"tr","@id":"https:\/\/secure.gravatar.com\/avatar\/ccc17943b9d660506c869530f897617f7cb1c21a4bf30023f252596d83e1f007?s=96&d=mm&r=g","url":"https:\/\/secure.gravatar.com\/avatar\/ccc17943b9d660506c869530f897617f7cb1c21a4bf30023f252596d83e1f007?s=96&d=mm&r=g","contentUrl":"https:\/\/secure.gravatar.com\/avatar\/ccc17943b9d660506c869530f897617f7cb1c21a4bf30023f252596d83e1f007?s=96&d=mm&r=g","caption":"admin"},"sameAs":["https:\/\/kibrisdakik.com"],"url":"https:\/\/kibrisdakik.com\/?author=1"}]}},"_links":{"self":[{"href":"https:\/\/kibrisdakik.com\/index.php?rest_route=\/wp\/v2\/posts\/45661","targetHints":{"allow":["GET"]}}],"collection":[{"href":"https:\/\/kibrisdakik.com\/index.php?rest_route=\/wp\/v2\/posts"}],"about":[{"href":"https:\/\/kibrisdakik.com\/index.php?rest_route=\/wp\/v2\/types\/post"}],"author":[{"embeddable":true,"href":"https:\/\/kibrisdakik.com\/index.php?rest_route=\/wp\/v2\/users\/1"}],"replies":[{"embeddable":true,"href":"https:\/\/kibrisdakik.com\/index.php?rest_route=%2Fwp%2Fv2%2Fcomments&post=45661"}],"version-history":[{"count":0,"href":"https:\/\/kibrisdakik.com\/index.php?rest_route=\/wp\/v2\/posts\/45661\/revisions"}],"wp:featuredmedia":[{"embeddable":true,"href":"https:\/\/kibrisdakik.com\/index.php?rest_route=\/wp\/v2\/media\/45662"}],"wp:attachment":[{"href":"https:\/\/kibrisdakik.com\/index.php?rest_route=%2Fwp%2Fv2%2Fmedia&parent=45661"}],"wp:term":[{"taxonomy":"category","embeddable":true,"href":"https:\/\/kibrisdakik.com\/index.php?rest_route=%2Fwp%2Fv2%2Fcategories&post=45661"},{"taxonomy":"post_tag","embeddable":true,"href":"https:\/\/kibrisdakik.com\/index.php?rest_route=%2Fwp%2Fv2%2Ftags&post=45661"}],"curies":[{"name":"wp","href":"https:\/\/api.w.org\/{rel}","templated":true}]}}