{"id":45675,"date":"2024-06-12T17:17:31","date_gmt":"2024-06-12T17:17:31","guid":{"rendered":"https:\/\/kibrisdakik.com\/index.php\/2024\/06\/12\/yarin-ve-cuma-gunu-1200-1600-arasi-disarida-acikta-gunes-altinda-calisma-yapilmasi-yasaklandi\/"},"modified":"2024-06-12T17:17:31","modified_gmt":"2024-06-12T17:17:31","slug":"yarin-ve-cuma-gunu-1200-1600-arasi-disarida-acikta-gunes-altinda-calisma-yapilmasi-yasaklandi","status":"publish","type":"post","link":"https:\/\/kibrisdakik.com\/?p=45675","title":{"rendered":"Yar\u0131n ve cuma g\u00fcn\u00fc 12:00 -16:00 aras\u0131 d\u0131\u015far\u0131da, a\u00e7\u0131kta (g\u00fcne\u015f alt\u0131nda) \u00e7al\u0131\u015fma yap\u0131lmas\u0131 yasakland\u0131"},"content":{"rendered":"<p><img decoding=\"async\" src=\"https:\/\/www.kibristurk.com\/images\/haberler\/2024\/06\/yarin-ve-cuma-gunu-1200-1600-arasi-disarida-acikta-gunes-altinda-calisma-yapilmasi-yasaklandi-1718210915.webp\" \/><\/p>\n<p style=\"text-align:left\"><span style=\"font-size:16px\"><span style=\"color:#000000\"><span style=\"font-family:Merriweather,serif !important\">\u00c7al\u0131\u015fma ve Sosyal G\u00fcvenlik Bakanl\u0131\u011f\u0131, KKTC Meteoroloji Dairesi&#8217;nin hava s\u0131cakl\u0131klar\u0131n\u0131n mevsim normalleri \u00fczerinde seyredece\u011fi tahminlerini g\u00f6z \u00f6n\u00fcnde bulundurarak s\u00fcrekli olarak d\u0131\u015farda g\u00fcne\u015f alt\u0131nda \u00e7al\u0131\u015fan i\u015f\u00e7ilerin korunabilmesi amac\u0131yla yeni bir karar daha ald\u0131.<\/span><\/span><\/span><\/p>\n<p style=\"text-align:left\"><span style=\"font-size:16px\"><span style=\"color:#000000\"><span style=\"font-family:Merriweather,serif !important\">Bakanl\u0131ktan verilen bilgiye g\u00f6re, \u00c7al\u0131\u015fma ve Sosyal G\u00fcvenlik&nbsp; Bakanl\u0131\u011f\u0131 \u0130\u015f Sa\u011fl\u0131\u011f\u0131 G\u00fcvenli\u011fi Yasa ve T\u00fcz\u00fckleri kapsam\u0131nda, y\u00fckselen hava s\u0131cakl\u0131\u011f\u0131 alt\u0131nda d\u0131\u015far\u0131da \u00e7al\u0131\u015fma tehlikesini dikkate alarak, yar\u0131n ve cuma g\u00fcn\u00fc, s\u00fcrekli olarak d\u0131\u015farda g\u00fcne\u015f alt\u0131nda \u00e7al\u0131\u015fan i\u015f\u00e7ilerin korunabilmesi amac\u0131yla, 22\/1992 Say\u0131l\u0131 \u0130\u015f Yasas\u0131\u2019n\u0131n 36. Maddesi\u2019nin \u00c7al\u0131\u015fma ve Sosyal G\u00fcvenlik Bakanl\u0131\u011f\u0131&#8217; na verdi\u011fi yetkiye dayanarak; saat 12:00 ile 16:00 aras\u0131nda d\u0131\u015far\u0131da, a\u00e7\u0131kta (g\u00fcne\u015f alt\u0131nda) \u00e7al\u0131\u015fma yap\u0131lmas\u0131n\u0131 yasaklad\u0131.<\/span><\/span><\/span><\/p>\n<p style=\"text-align:left\">&nbsp;<\/p>\n<p style=\"text-align:left\"><span style=\"font-size:16px\"><span style=\"color:#000000\"><span style=\"font-family:Merriweather,serif !important\">Meskun mahal d\u0131\u015f\u0131nda yap\u0131lacak olan Tar\u0131m ve \u0130n\u015faat sekt\u00f6r\u00fc i\u00e7in i\u015fe ba\u015flama saatleri, i\u015fverenler taraf\u0131ndan belirlenebilir; erken i\u015fe ba\u015flama kapsam\u0131nda in\u015faat i\u015finin bulundu\u011fu yere agrega, haz\u0131r beton, di\u011fer in\u015faat malzemesi ve i\u015f makinesi ta\u015f\u0131nmas\u0131 i\u00e7in erken&nbsp; i\u015fe ba\u015flama saati kapsam\u0131nda uygulama yap\u0131labilir.<\/span><\/span><\/span><\/p>\n","protected":false},"excerpt":{"rendered":"<p>\u00c7al\u0131\u015fma ve Sosyal G\u00fcvenlik Bakanl\u0131\u011f\u0131, KKTC Meteoroloji Dairesi&#8217;nin hava s\u0131cakl\u0131klar\u0131n\u0131n mevsim normalleri \u00fczerinde seyredece\u011fi tahminlerini g\u00f6z \u00f6n\u00fcnde bulundurarak s\u00fcrekli olarak d\u0131\u015farda g\u00fcne\u015f alt\u0131nda \u00e7al\u0131\u015fan i\u015f\u00e7ilerin korunabilmesi amac\u0131yla yeni bir karar daha ald\u0131. Bakanl\u0131ktan verilen bilgiye g\u00f6re, \u00c7al\u0131\u015fma ve Sosyal G\u00fcvenlik&nbsp; Bakanl\u0131\u011f\u0131 \u0130\u015f Sa\u011fl\u0131\u011f\u0131 G\u00fcvenli\u011fi Yasa ve T\u00fcz\u00fckleri kapsam\u0131nda, y\u00fckselen hava s\u0131cakl\u0131\u011f\u0131 alt\u0131nda d\u0131\u015far\u0131da \u00e7al\u0131\u015fma tehlikesini<\/p>\n","protected":false},"author":1,"featured_media":45676,"comment_status":"open","ping_status":"open","sticky":false,"template":"","format":"standard","meta":{"footnotes":""},"categories":[85],"tags":[],"class_list":["post-45675","post","type-post","status-publish","format-standard","has-post-thumbnail","hentry","category-spor"],"yoast_head":"<!-- This site is optimized with the Yoast SEO plugin v27.5 - https:\/\/yoast.com\/product\/yoast-seo-wordpress\/ -->\n<title>Yar\u0131n ve cuma g\u00fcn\u00fc 12:00 -16:00 aras\u0131 d\u0131\u015far\u0131da, a\u00e7\u0131kta (g\u00fcne\u015f alt\u0131nda) \u00e7al\u0131\u015fma yap\u0131lmas\u0131 yasakland\u0131 -<\/title>\n<meta name=\"robots\" content=\"index, follow, max-snippet:-1, max-image-preview:large, max-video-preview:-1\" \/>\n<link rel=\"canonical\" href=\"https:\/\/kibrisdakik.com\/?p=45675\" \/>\n<meta property=\"og:locale\" content=\"tr_TR\" \/>\n<meta property=\"og:type\" content=\"article\" \/>\n<meta property=\"og:title\" content=\"Yar\u0131n ve cuma g\u00fcn\u00fc 12:00 -16:00 aras\u0131 d\u0131\u015far\u0131da, a\u00e7\u0131kta (g\u00fcne\u015f alt\u0131nda) \u00e7al\u0131\u015fma yap\u0131lmas\u0131 yasakland\u0131 -\" \/>\n<meta property=\"og:description\" content=\"\u00c7al\u0131\u015fma ve Sosyal G\u00fcvenlik Bakanl\u0131\u011f\u0131, KKTC Meteoroloji Dairesi&#8217;nin hava s\u0131cakl\u0131klar\u0131n\u0131n mevsim normalleri \u00fczerinde seyredece\u011fi tahminlerini g\u00f6z \u00f6n\u00fcnde bulundurarak s\u00fcrekli olarak d\u0131\u015farda g\u00fcne\u015f alt\u0131nda \u00e7al\u0131\u015fan i\u015f\u00e7ilerin korunabilmesi amac\u0131yla yeni bir karar daha ald\u0131. Bakanl\u0131ktan verilen bilgiye g\u00f6re, \u00c7al\u0131\u015fma ve Sosyal G\u00fcvenlik&nbsp; Bakanl\u0131\u011f\u0131 \u0130\u015f Sa\u011fl\u0131\u011f\u0131 G\u00fcvenli\u011fi Yasa ve T\u00fcz\u00fckleri kapsam\u0131nda, y\u00fckselen hava s\u0131cakl\u0131\u011f\u0131 alt\u0131nda d\u0131\u015far\u0131da \u00e7al\u0131\u015fma tehlikesini\" \/>\n<meta property=\"og:url\" content=\"https:\/\/kibrisdakik.com\/?p=45675\" \/>\n<meta property=\"article:published_time\" content=\"2024-06-12T17:17:31+00:00\" \/>\n<meta property=\"og:image\" content=\"https:\/\/kibrisdakik.com\/wp-content\/uploads\/2024\/06\/yarin-ve-cuma-gunu-1200-1600-arasi-disarida-acikta-gunes-altinda-calisma-yapilmasi-yasaklandi-1718210915.webp.webp\" \/>\n\t<meta property=\"og:image:width\" content=\"710\" \/>\n\t<meta property=\"og:image:height\" content=\"370\" \/>\n\t<meta property=\"og:image:type\" content=\"image\/webp\" \/>\n<meta name=\"author\" content=\"admin\" \/>\n<meta name=\"twitter:card\" content=\"summary_large_image\" \/>\n<meta name=\"twitter:label1\" content=\"Yazan:\" \/>\n\t<meta name=\"twitter:data1\" content=\"admin\" \/>\n\t<meta name=\"twitter:label2\" content=\"Tahmini okuma s\u00fcresi\" \/>\n\t<meta name=\"twitter:data2\" content=\"1 dakika\" \/>\n<script type=\"application\/ld+json\" class=\"yoast-schema-graph\">{\"@context\":\"https:\\\/\\\/schema.org\",\"@graph\":[{\"@type\":\"Article\",\"@id\":\"https:\\\/\\\/kibrisdakik.com\\\/?p=45675#article\",\"isPartOf\":{\"@id\":\"https:\\\/\\\/kibrisdakik.com\\\/?p=45675\"},\"author\":{\"name\":\"admin\",\"@id\":\"https:\\\/\\\/kibrisdakik.com\\\/#\\\/schema\\\/person\\\/9cd9d437bbb44f72b73ba127e06d8e79\"},\"headline\":\"Yar\u0131n ve cuma g\u00fcn\u00fc 12:00 -16:00 aras\u0131 d\u0131\u015far\u0131da, a\u00e7\u0131kta (g\u00fcne\u015f alt\u0131nda) \u00e7al\u0131\u015fma yap\u0131lmas\u0131 yasakland\u0131\",\"datePublished\":\"2024-06-12T17:17:31+00:00\",\"mainEntityOfPage\":{\"@id\":\"https:\\\/\\\/kibrisdakik.com\\\/?p=45675\"},\"wordCount\":241,\"commentCount\":0,\"image\":{\"@id\":\"https:\\\/\\\/kibrisdakik.com\\\/?p=45675#primaryimage\"},\"thumbnailUrl\":\"https:\\\/\\\/kibrisdakik.com\\\/wp-content\\\/uploads\\\/2024\\\/06\\\/yarin-ve-cuma-gunu-1200-1600-arasi-disarida-acikta-gunes-altinda-calisma-yapilmasi-yasaklandi-1718210915.webp.webp\",\"articleSection\":[\"Spor\"],\"inLanguage\":\"tr\",\"potentialAction\":[{\"@type\":\"CommentAction\",\"name\":\"Comment\",\"target\":[\"https:\\\/\\\/kibrisdakik.com\\\/?p=45675#respond\"]}]},{\"@type\":\"WebPage\",\"@id\":\"https:\\\/\\\/kibrisdakik.com\\\/?p=45675\",\"url\":\"https:\\\/\\\/kibrisdakik.com\\\/?p=45675\",\"name\":\"Yar\u0131n ve cuma g\u00fcn\u00fc 12:00 -16:00 aras\u0131 d\u0131\u015far\u0131da, a\u00e7\u0131kta (g\u00fcne\u015f alt\u0131nda) \u00e7al\u0131\u015fma yap\u0131lmas\u0131 yasakland\u0131 -\",\"isPartOf\":{\"@id\":\"https:\\\/\\\/kibrisdakik.com\\\/#website\"},\"primaryImageOfPage\":{\"@id\":\"https:\\\/\\\/kibrisdakik.com\\\/?p=45675#primaryimage\"},\"image\":{\"@id\":\"https:\\\/\\\/kibrisdakik.com\\\/?p=45675#primaryimage\"},\"thumbnailUrl\":\"https:\\\/\\\/kibrisdakik.com\\\/wp-content\\\/uploads\\\/2024\\\/06\\\/yarin-ve-cuma-gunu-1200-1600-arasi-disarida-acikta-gunes-altinda-calisma-yapilmasi-yasaklandi-1718210915.webp.webp\",\"datePublished\":\"2024-06-12T17:17:31+00:00\",\"author\":{\"@id\":\"https:\\\/\\\/kibrisdakik.com\\\/#\\\/schema\\\/person\\\/9cd9d437bbb44f72b73ba127e06d8e79\"},\"breadcrumb\":{\"@id\":\"https:\\\/\\\/kibrisdakik.com\\\/?p=45675#breadcrumb\"},\"inLanguage\":\"tr\",\"potentialAction\":[{\"@type\":\"ReadAction\",\"target\":[\"https:\\\/\\\/kibrisdakik.com\\\/?p=45675\"]}]},{\"@type\":\"ImageObject\",\"inLanguage\":\"tr\",\"@id\":\"https:\\\/\\\/kibrisdakik.com\\\/?p=45675#primaryimage\",\"url\":\"https:\\\/\\\/kibrisdakik.com\\\/wp-content\\\/uploads\\\/2024\\\/06\\\/yarin-ve-cuma-gunu-1200-1600-arasi-disarida-acikta-gunes-altinda-calisma-yapilmasi-yasaklandi-1718210915.webp.webp\",\"contentUrl\":\"https:\\\/\\\/kibrisdakik.com\\\/wp-content\\\/uploads\\\/2024\\\/06\\\/yarin-ve-cuma-gunu-1200-1600-arasi-disarida-acikta-gunes-altinda-calisma-yapilmasi-yasaklandi-1718210915.webp.webp\",\"width\":710,\"height\":370},{\"@type\":\"BreadcrumbList\",\"@id\":\"https:\\\/\\\/kibrisdakik.com\\\/?p=45675#breadcrumb\",\"itemListElement\":[{\"@type\":\"ListItem\",\"position\":1,\"name\":\"Home\",\"item\":\"https:\\\/\\\/kibrisdakik.com\\\/\"},{\"@type\":\"ListItem\",\"position\":2,\"name\":\"Yar\u0131n ve cuma g\u00fcn\u00fc 12:00 -16:00 aras\u0131 d\u0131\u015far\u0131da, a\u00e7\u0131kta (g\u00fcne\u015f alt\u0131nda) \u00e7al\u0131\u015fma yap\u0131lmas\u0131 yasakland\u0131\"}]},{\"@type\":\"WebSite\",\"@id\":\"https:\\\/\\\/kibrisdakik.com\\\/#website\",\"url\":\"https:\\\/\\\/kibrisdakik.com\\\/\",\"name\":\"\",\"description\":\"Tam vaktinde haber\",\"potentialAction\":[{\"@type\":\"SearchAction\",\"target\":{\"@type\":\"EntryPoint\",\"urlTemplate\":\"https:\\\/\\\/kibrisdakik.com\\\/?s={search_term_string}\"},\"query-input\":{\"@type\":\"PropertyValueSpecification\",\"valueRequired\":true,\"valueName\":\"search_term_string\"}}],\"inLanguage\":\"tr\"},{\"@type\":\"Person\",\"@id\":\"https:\\\/\\\/kibrisdakik.com\\\/#\\\/schema\\\/person\\\/9cd9d437bbb44f72b73ba127e06d8e79\",\"name\":\"admin\",\"image\":{\"@type\":\"ImageObject\",\"inLanguage\":\"tr\",\"@id\":\"https:\\\/\\\/secure.gravatar.com\\\/avatar\\\/ccc17943b9d660506c869530f897617f7cb1c21a4bf30023f252596d83e1f007?s=96&d=mm&r=g\",\"url\":\"https:\\\/\\\/secure.gravatar.com\\\/avatar\\\/ccc17943b9d660506c869530f897617f7cb1c21a4bf30023f252596d83e1f007?s=96&d=mm&r=g\",\"contentUrl\":\"https:\\\/\\\/secure.gravatar.com\\\/avatar\\\/ccc17943b9d660506c869530f897617f7cb1c21a4bf30023f252596d83e1f007?s=96&d=mm&r=g\",\"caption\":\"admin\"},\"sameAs\":[\"https:\\\/\\\/kibrisdakik.com\"],\"url\":\"https:\\\/\\\/kibrisdakik.com\\\/?author=1\"}]}<\/script>\n<!-- \/ Yoast SEO plugin. -->","yoast_head_json":{"title":"Yar\u0131n ve cuma g\u00fcn\u00fc 12:00 -16:00 aras\u0131 d\u0131\u015far\u0131da, a\u00e7\u0131kta (g\u00fcne\u015f alt\u0131nda) \u00e7al\u0131\u015fma yap\u0131lmas\u0131 yasakland\u0131 -","robots":{"index":"index","follow":"follow","max-snippet":"max-snippet:-1","max-image-preview":"max-image-preview:large","max-video-preview":"max-video-preview:-1"},"canonical":"https:\/\/kibrisdakik.com\/?p=45675","og_locale":"tr_TR","og_type":"article","og_title":"Yar\u0131n ve cuma g\u00fcn\u00fc 12:00 -16:00 aras\u0131 d\u0131\u015far\u0131da, a\u00e7\u0131kta (g\u00fcne\u015f alt\u0131nda) \u00e7al\u0131\u015fma yap\u0131lmas\u0131 yasakland\u0131 -","og_description":"\u00c7al\u0131\u015fma ve Sosyal G\u00fcvenlik Bakanl\u0131\u011f\u0131, KKTC Meteoroloji Dairesi&#8217;nin hava s\u0131cakl\u0131klar\u0131n\u0131n mevsim normalleri \u00fczerinde seyredece\u011fi tahminlerini g\u00f6z \u00f6n\u00fcnde bulundurarak s\u00fcrekli olarak d\u0131\u015farda g\u00fcne\u015f alt\u0131nda \u00e7al\u0131\u015fan i\u015f\u00e7ilerin korunabilmesi amac\u0131yla yeni bir karar daha ald\u0131. Bakanl\u0131ktan verilen bilgiye g\u00f6re, \u00c7al\u0131\u015fma ve Sosyal G\u00fcvenlik&nbsp; Bakanl\u0131\u011f\u0131 \u0130\u015f Sa\u011fl\u0131\u011f\u0131 G\u00fcvenli\u011fi Yasa ve T\u00fcz\u00fckleri kapsam\u0131nda, y\u00fckselen hava s\u0131cakl\u0131\u011f\u0131 alt\u0131nda d\u0131\u015far\u0131da \u00e7al\u0131\u015fma tehlikesini","og_url":"https:\/\/kibrisdakik.com\/?p=45675","article_published_time":"2024-06-12T17:17:31+00:00","og_image":[{"width":710,"height":370,"url":"https:\/\/kibrisdakik.com\/wp-content\/uploads\/2024\/06\/yarin-ve-cuma-gunu-1200-1600-arasi-disarida-acikta-gunes-altinda-calisma-yapilmasi-yasaklandi-1718210915.webp.webp","type":"image\/webp"}],"author":"admin","twitter_card":"summary_large_image","twitter_misc":{"Yazan:":"admin","Tahmini okuma s\u00fcresi":"1 dakika"},"schema":{"@context":"https:\/\/schema.org","@graph":[{"@type":"Article","@id":"https:\/\/kibrisdakik.com\/?p=45675#article","isPartOf":{"@id":"https:\/\/kibrisdakik.com\/?p=45675"},"author":{"name":"admin","@id":"https:\/\/kibrisdakik.com\/#\/schema\/person\/9cd9d437bbb44f72b73ba127e06d8e79"},"headline":"Yar\u0131n ve cuma g\u00fcn\u00fc 12:00 -16:00 aras\u0131 d\u0131\u015far\u0131da, a\u00e7\u0131kta (g\u00fcne\u015f alt\u0131nda) \u00e7al\u0131\u015fma yap\u0131lmas\u0131 yasakland\u0131","datePublished":"2024-06-12T17:17:31+00:00","mainEntityOfPage":{"@id":"https:\/\/kibrisdakik.com\/?p=45675"},"wordCount":241,"commentCount":0,"image":{"@id":"https:\/\/kibrisdakik.com\/?p=45675#primaryimage"},"thumbnailUrl":"https:\/\/kibrisdakik.com\/wp-content\/uploads\/2024\/06\/yarin-ve-cuma-gunu-1200-1600-arasi-disarida-acikta-gunes-altinda-calisma-yapilmasi-yasaklandi-1718210915.webp.webp","articleSection":["Spor"],"inLanguage":"tr","potentialAction":[{"@type":"CommentAction","name":"Comment","target":["https:\/\/kibrisdakik.com\/?p=45675#respond"]}]},{"@type":"WebPage","@id":"https:\/\/kibrisdakik.com\/?p=45675","url":"https:\/\/kibrisdakik.com\/?p=45675","name":"Yar\u0131n ve cuma g\u00fcn\u00fc 12:00 -16:00 aras\u0131 d\u0131\u015far\u0131da, a\u00e7\u0131kta (g\u00fcne\u015f alt\u0131nda) \u00e7al\u0131\u015fma yap\u0131lmas\u0131 yasakland\u0131 -","isPartOf":{"@id":"https:\/\/kibrisdakik.com\/#website"},"primaryImageOfPage":{"@id":"https:\/\/kibrisdakik.com\/?p=45675#primaryimage"},"image":{"@id":"https:\/\/kibrisdakik.com\/?p=45675#primaryimage"},"thumbnailUrl":"https:\/\/kibrisdakik.com\/wp-content\/uploads\/2024\/06\/yarin-ve-cuma-gunu-1200-1600-arasi-disarida-acikta-gunes-altinda-calisma-yapilmasi-yasaklandi-1718210915.webp.webp","datePublished":"2024-06-12T17:17:31+00:00","author":{"@id":"https:\/\/kibrisdakik.com\/#\/schema\/person\/9cd9d437bbb44f72b73ba127e06d8e79"},"breadcrumb":{"@id":"https:\/\/kibrisdakik.com\/?p=45675#breadcrumb"},"inLanguage":"tr","potentialAction":[{"@type":"ReadAction","target":["https:\/\/kibrisdakik.com\/?p=45675"]}]},{"@type":"ImageObject","inLanguage":"tr","@id":"https:\/\/kibrisdakik.com\/?p=45675#primaryimage","url":"https:\/\/kibrisdakik.com\/wp-content\/uploads\/2024\/06\/yarin-ve-cuma-gunu-1200-1600-arasi-disarida-acikta-gunes-altinda-calisma-yapilmasi-yasaklandi-1718210915.webp.webp","contentUrl":"https:\/\/kibrisdakik.com\/wp-content\/uploads\/2024\/06\/yarin-ve-cuma-gunu-1200-1600-arasi-disarida-acikta-gunes-altinda-calisma-yapilmasi-yasaklandi-1718210915.webp.webp","width":710,"height":370},{"@type":"BreadcrumbList","@id":"https:\/\/kibrisdakik.com\/?p=45675#breadcrumb","itemListElement":[{"@type":"ListItem","position":1,"name":"Home","item":"https:\/\/kibrisdakik.com\/"},{"@type":"ListItem","position":2,"name":"Yar\u0131n ve cuma g\u00fcn\u00fc 12:00 -16:00 aras\u0131 d\u0131\u015far\u0131da, a\u00e7\u0131kta (g\u00fcne\u015f alt\u0131nda) \u00e7al\u0131\u015fma yap\u0131lmas\u0131 yasakland\u0131"}]},{"@type":"WebSite","@id":"https:\/\/kibrisdakik.com\/#website","url":"https:\/\/kibrisdakik.com\/","name":"","description":"Tam vaktinde haber","potentialAction":[{"@type":"SearchAction","target":{"@type":"EntryPoint","urlTemplate":"https:\/\/kibrisdakik.com\/?s={search_term_string}"},"query-input":{"@type":"PropertyValueSpecification","valueRequired":true,"valueName":"search_term_string"}}],"inLanguage":"tr"},{"@type":"Person","@id":"https:\/\/kibrisdakik.com\/#\/schema\/person\/9cd9d437bbb44f72b73ba127e06d8e79","name":"admin","image":{"@type":"ImageObject","inLanguage":"tr","@id":"https:\/\/secure.gravatar.com\/avatar\/ccc17943b9d660506c869530f897617f7cb1c21a4bf30023f252596d83e1f007?s=96&d=mm&r=g","url":"https:\/\/secure.gravatar.com\/avatar\/ccc17943b9d660506c869530f897617f7cb1c21a4bf30023f252596d83e1f007?s=96&d=mm&r=g","contentUrl":"https:\/\/secure.gravatar.com\/avatar\/ccc17943b9d660506c869530f897617f7cb1c21a4bf30023f252596d83e1f007?s=96&d=mm&r=g","caption":"admin"},"sameAs":["https:\/\/kibrisdakik.com"],"url":"https:\/\/kibrisdakik.com\/?author=1"}]}},"_links":{"self":[{"href":"https:\/\/kibrisdakik.com\/index.php?rest_route=\/wp\/v2\/posts\/45675","targetHints":{"allow":["GET"]}}],"collection":[{"href":"https:\/\/kibrisdakik.com\/index.php?rest_route=\/wp\/v2\/posts"}],"about":[{"href":"https:\/\/kibrisdakik.com\/index.php?rest_route=\/wp\/v2\/types\/post"}],"author":[{"embeddable":true,"href":"https:\/\/kibrisdakik.com\/index.php?rest_route=\/wp\/v2\/users\/1"}],"replies":[{"embeddable":true,"href":"https:\/\/kibrisdakik.com\/index.php?rest_route=%2Fwp%2Fv2%2Fcomments&post=45675"}],"version-history":[{"count":0,"href":"https:\/\/kibrisdakik.com\/index.php?rest_route=\/wp\/v2\/posts\/45675\/revisions"}],"wp:featuredmedia":[{"embeddable":true,"href":"https:\/\/kibrisdakik.com\/index.php?rest_route=\/wp\/v2\/media\/45676"}],"wp:attachment":[{"href":"https:\/\/kibrisdakik.com\/index.php?rest_route=%2Fwp%2Fv2%2Fmedia&parent=45675"}],"wp:term":[{"taxonomy":"category","embeddable":true,"href":"https:\/\/kibrisdakik.com\/index.php?rest_route=%2Fwp%2Fv2%2Fcategories&post=45675"},{"taxonomy":"post_tag","embeddable":true,"href":"https:\/\/kibrisdakik.com\/index.php?rest_route=%2Fwp%2Fv2%2Ftags&post=45675"}],"curies":[{"name":"wp","href":"https:\/\/api.w.org\/{rel}","templated":true}]}}